{"id":8747,"date":"2026-06-02T11:15:36","date_gmt":"2026-06-02T14:15:36","guid":{"rendered":"https:\/\/comunidadeemacao.com.br\/site\/?p=8747"},"modified":"2026-06-01T17:22:06","modified_gmt":"2026-06-01T20:22:06","slug":"explosao-na-busca-por-tratamento-para-parar-de-fumar-no-sus-em-2025","status":"publish","type":"post","link":"https:\/\/comunidadeemacao.com.br\/site\/explosao-na-busca-por-tratamento-para-parar-de-fumar-no-sus-em-2025\/","title":{"rendered":"Explos\u00e3o na Busca por Tratamento para Parar de Fumar no SUS em 2025"},"content":{"rendered":"\r\n<h2 class=\"wp-block-heading\">Aumento Significativo na Procura por Tratamentos<\/h2>\r\n\r\n\r\n\r\n<p class=\"wp-block-paragraph\">O ano de 2025 registrou um marco significativo na luta contra o tabagismo no Brasil. Mais de 2,5 milh\u00f5es de brasileiros buscaram, de forma volunt\u00e1ria, tratamento no Sistema \u00danico de Sa\u00fade (SUS) para parar de fumar. Esse n\u00famero impressionante representa um aumento de 95% em rela\u00e7\u00e3o a 2022, quando 1,2 milh\u00e3o de pessoas procuraram o servi\u00e7o.<\/p>\r\n\r\n\r\n\r\n<p class=\"wp-block-paragraph\">O crescimento expressivo na busca por ajuda para cessa\u00e7\u00e3o do tabagismo ocorre em um momento em que o governo tem investido cada vez mais em a\u00e7\u00f5es de preven\u00e7\u00e3o e tratamento na rede p\u00fablica. O aumento tamb\u00e9m reflete uma preocupa\u00e7\u00e3o crescente com o uso de cigarros eletr\u00f4nicos entre jovens, que t\u00eam atra\u00eddo a aten\u00e7\u00e3o das autoridades de sa\u00fade.<\/p>\r\n\r\n\r\n\r\n<h2 class=\"wp-block-heading\">Expans\u00e3o das A\u00e7\u00f5es Educativas e de Apoio<\/h2>\r\n\r\n\r\n\r\n<p class=\"wp-block-paragraph\">As Unidades B\u00e1sicas de Sa\u00fade (UBS) t\u00eam desempenhado um papel crucial na promo\u00e7\u00e3o de atividades coletivas direcionadas a usu\u00e1rios de tabaco. Essas atividades incluem rodas de conversa, a\u00e7\u00f5es educativas e encontros conduzidos por profissionais de sa\u00fade, que visam orientar a popula\u00e7\u00e3o sobre os perigos do tabagismo.<\/p>\r\n\r\n\r\n\r\n<p class=\"wp-block-paragraph\">Entre 2022 e 2025, o n\u00famero de a\u00e7\u00f5es registradas saltou de 61,9 mil para 157,1 mil, e o total de participantes mais que dobrou, passando de 1 milh\u00e3o para 2,1 milh\u00f5es. Esses dados demonstram n\u00e3o apenas o aumento das estrat\u00e9gias de preven\u00e7\u00e3o e orienta\u00e7\u00e3o, mas tamb\u00e9m o crescente apoio dispon\u00edvel para aqueles que desejam parar de fumar.<\/p>\r\n\r\n\r\n\r\n<h2 class=\"wp-block-heading\">Aumento na Capilaridade dos Servi\u00e7os de Sa\u00fade<\/h2>\r\n\r\n\r\n\r\n<p class=\"wp-block-paragraph\">De acordo com o ministro da Sa\u00fade, Alexandre Padilha, \u201campliar o acesso ao tratamento do tabagismo \u00e9 salvar vidas\u201d. Ele destaca que o SUS est\u00e1 preparado para atender a essa demanda crescente, com equipes treinadas, acompanhamento cont\u00ednuo e medicamentos gratuitos.<\/p>\r\n\r\n\r\n\r\n<p class=\"wp-block-paragraph\">O fortalecimento da Aten\u00e7\u00e3o Prim\u00e1ria \u00e0 Sa\u00fade tem sido vital para esse crescimento. Em dezembro de 2022, o Brasil contava com 82,5 mil equipes e servi\u00e7os com cofinanciamento federal. Atualmente, esse n\u00famero subiu para 104,3 mil. Esse aumento inclui a expans\u00e3o das equipes de Sa\u00fade da Fam\u00edlia e a introdu\u00e7\u00e3o de novas equipes multiprofissionais, que refor\u00e7aram a capacidade de cuidado em todo o pa\u00eds.<\/p>\r\n\r\n\r\n\r\n<h2 class=\"wp-block-heading\">Preocupa\u00e7\u00e3o com o Uso de Cigarros Eletr\u00f4nicos entre Jovens<\/h2>\r\n\r\n\r\n\r\n<p class=\"wp-block-paragraph\">O Minist\u00e9rio da Sa\u00fade emitiu um alerta sobre o crescente uso de Dispositivos Eletr\u00f4nicos para Fumar (DEF) e produtos com nicotina sint\u00e9tica, especialmente entre os jovens. Com seus designs atraentes e sabores variados, esses dispositivos t\u00eam enganado o p\u00fablico jovem, criando uma falsa no\u00e7\u00e3o de seguran\u00e7a.<\/p>\r\n\r\n\r\n\r\n<p class=\"wp-block-paragraph\">Embora muitas vezes apresentados como alternativas menos nocivas aos cigarros tradicionais, os DEFs s\u00e3o prejudiciais \u00e0 sa\u00fade. Estudos indicam que eles podem causar depend\u00eancia, problemas respirat\u00f3rios, queimaduras, convuls\u00f5es e les\u00f5es pulmonares graves. Al\u00e9m disso, h\u00e1 efeitos imediatos no sistema cardiovascular, como aumento da frequ\u00eancia card\u00edaca e press\u00e3o arterial.<\/p>\r\n\r\n\r\n\r\n<h2 class=\"wp-block-heading\">Dados Alarmantes sobre o Consumo de Produtos Eletr\u00f4nicos<\/h2>\r\n\r\n\r\n\r\n<p class=\"wp-block-paragraph\">O relat\u00f3rio Vigitel 2024 revelou um aumento no consumo de produtos eletr\u00f4nicos para fumar no Brasil. O uso entre adultos subiu de 11,3% em 2019 para 13,1% em 2024. Entre jovens de 18 a 24 anos, a taxa chegou a 10,1%, o maior percentual registrado na s\u00e9rie hist\u00f3rica para essa faixa et\u00e1ria.<\/p>\r\n\r\n\r\n\r\n<p class=\"wp-block-paragraph\">Esses dados destacam a necessidade urgente de intensificar as a\u00e7\u00f5es de conscientiza\u00e7\u00e3o e preven\u00e7\u00e3o, especialmente entre os jovens, que s\u00e3o mais suscet\u00edveis \u00e0s estrat\u00e9gias de marketing desses produtos.<\/p>\r\n\r\n\r\n\r\n<h2 class=\"wp-block-heading\">O Papel do SUS na Luta contra o Tabagismo<\/h2>\r\n\r\n\r\n\r\n<p class=\"wp-block-paragraph\">O Sistema \u00danico de Sa\u00fade oferece atendimento gratuito para aqueles que desejam parar de fumar. Nas UBS, o tratamento \u00e9 realizado por profissionais capacitados e pode incluir atendimentos individuais ou em grupo, com abordagens baseadas na terapia cognitivo-comportamental.<\/p>\r\n\r\n\r\n\r\n<p class=\"wp-block-paragraph\">Al\u00e9m disso, o tratamento pode ser complementado com medicamentos gratuitos, como adesivos, gomas ou pastilhas de nicotina, al\u00e9m de bupropiona. As pr\u00e1ticas integrativas e complementares em sa\u00fade tamb\u00e9m s\u00e3o oferecidas como suporte adicional. A combina\u00e7\u00e3o de terapia e medica\u00e7\u00e3o \u00e9 comprovadamente eficaz para aumentar as chances de sucesso na cessa\u00e7\u00e3o do tabagismo.<\/p>\r\n\r\n\r\n\r\n<h2 class=\"wp-block-heading\">Campanha Global para Combate ao Tabagismo<\/h2>\r\n\r\n\r\n\r\n<p class=\"wp-block-paragraph\">Neste ano, a campanha do Dia Mundial Sem Tabaco, promovida pela Organiza\u00e7\u00e3o Mundial da Sa\u00fade (OMS), tem como tema \u201cDesmascarando o apelo \u2013 combatendo a depend\u00eancia de nicotina e tabaco\u201d. A campanha visa alertar sobre as t\u00e1ticas de marketing que utilizam sabores, design moderno e apelo tecnol\u00f3gico para fisgar novos consumidores, especialmente entre crian\u00e7as e jovens.<\/p>\r\n\r\n\r\n\r\n<p class=\"wp-block-paragraph\">No Brasil, as a\u00e7\u00f5es s\u00e3o coordenadas pelo Instituto Nacional de C\u00e2ncer (Inca), em parceria com secretarias de sa\u00fade e educa\u00e7\u00e3o, tanto estaduais quanto municipais, al\u00e9m de outras \u00e1reas do Minist\u00e9rio da Sa\u00fade e \u00f3rg\u00e3os do governo federal. A campanha refor\u00e7a a import\u00e2ncia de manter a vigil\u00e2ncia e o combate ao tabagismo como prioridade de sa\u00fade p\u00fablica.<\/p>\r\n\r\n\r\n\r\n<blockquote class=\"wp-block-quote is-layout-flow wp-block-quote-is-layout-flow\">\r\n<p><strong><em>Ampliar o acesso ao tratamento do tabagismo \u00e9 salvar vidas.<\/em><\/strong><\/p>\r\n<\/blockquote>\r\n\r\n\r\n\r\n<figure class=\"wp-block-table\">\r\n<table class=\"wp-block-table\">\r\n<tbody>\r\n<tr>\r\n<th>Ano<\/th>\r\n<th>N\u00famero de Atendimentos<\/th>\r\n<th>A\u00e7\u00f5es Coletivas<\/th>\r\n<th>Participantes<\/th>\r\n<\/tr>\r\n<tr>\r\n<td>2022<\/td>\r\n<td>1,2 milh\u00e3o<\/td>\r\n<td>61,9 mil<\/td>\r\n<td>1 milh\u00e3o<\/td>\r\n<\/tr>\r\n<tr>\r\n<td>2025<\/td>\r\n<td>2,5 milh\u00f5es<\/td>\r\n<td>157,1 mil<\/td>\r\n<td>2,1 milh\u00f5es<\/td>\r\n<\/tr>\r\n<\/tbody>\r\n<\/table>\r\n<\/figure>\r\n\r\n\r\n\r\n<p class=\"wp-block-paragraph\">&nbsp;<\/p>\r\n","protected":false},"excerpt":{"rendered":"Aumento Significativo na Procura por Tratamentos O ano de 2025 registrou um marco significativo na luta contra o tabagismo no Brasil. Mais de 2,5 milh\u00f5es [&hellip;]","protected":false},"author":1,"featured_media":8748,"comment_status":"closed","ping_status":"closed","sticky":false,"template":"","format":"standard","meta":{"episode_type":"audio","audio_file":"","podmotor_file_id":"","podmotor_episode_id":"","cover_image":"","cover_image_id":"","duration":"","filesize":"","filesize_raw":"","date_recorded":"","explicit":"","block":"","_jetpack_newsletter_access":"","_jetpack_dont_email_post_to_subs":false,"_jetpack_newsletter_tier_id":0,"_jetpack_memberships_contains_paywalled_content":false,"_jetpack_feature_clip_id":0,"_jetpack_memberships_contains_paid_content":false,"footnotes":"","jetpack_post_was_ever_published":false},"categories":[114],"tags":[2492,374,627,2491],"series":[1406],"class_list":["post-8747","post","type-post","status-publish","format-standard","has-post-thumbnail","hentry","category-saude","tag-cigarroeletronico","tag-comunidadeemacao","tag-jornaldebairro","tag-parardefumar","series-comunidade-em-acao"],"episode_featured_image":"https:\/\/comunidadeemacao.com.br\/site\/wp-content\/uploads\/2026\/06\/8d6e128a-2f41-42cd-869b-91cc5fbfdf75.jpg","episode_player_image":"https:\/\/i0.wp.com\/comunidadeemacao.com.br\/site\/wp-content\/uploads\/2025\/07\/Logo-Fala-Zona-Norte-1400-pix1.jpg?fit=1400%2C1400&ssl=1","download_link":"","player_link":"","audio_player":false,"episode_data":{"playerMode":"light","subscribeUrls":{"youtube":{"key":"youtube","url":"https:\/\/www.youtube.com\/@znbhplay\/podcasts","label":"YouTube","class":"youtube","icon":"youtube.png"}},"rssFeedUrl":"https:\/\/comunidadeemacao.com.br\/site\/feed\/podcast\/comunidade-em-acao","embedCode":"<blockquote class=\"wp-embedded-content\" data-secret=\"VA2G2JfFSK\"><a href=\"https:\/\/comunidadeemacao.com.br\/site\/explosao-na-busca-por-tratamento-para-parar-de-fumar-no-sus-em-2025\/\">Explos\u00e3o na Busca por Tratamento para Parar de Fumar no SUS em 2025<\/a><\/blockquote><iframe sandbox=\"allow-scripts\" security=\"restricted\" src=\"https:\/\/comunidadeemacao.com.br\/site\/explosao-na-busca-por-tratamento-para-parar-de-fumar-no-sus-em-2025\/embed\/#?secret=VA2G2JfFSK\" width=\"500\" height=\"350\" title=\"&#8220;Explos\u00e3o na Busca por Tratamento para Parar de Fumar no SUS em 2025&#8221; &#8212; COMUNIDADE EM A\u00c7\u00c3O\" data-secret=\"VA2G2JfFSK\" frameborder=\"0\" marginwidth=\"0\" marginheight=\"0\" scrolling=\"no\" class=\"wp-embedded-content\"><\/iframe><script>\n\/*! This file is auto-generated *\/\n!function(d,l){\"use strict\";l.querySelector&&d.addEventListener&&\"undefined\"!=typeof URL&&(d.wp=d.wp||{},d.wp.receiveEmbedMessage||(d.wp.receiveEmbedMessage=function(e){var t=e.data;if((t||t.secret||t.message||t.value)&&!\/[^a-zA-Z0-9]\/.test(t.secret)){for(var s,r,n,a=l.querySelectorAll('iframe[data-secret=\"'+t.secret+'\"]'),o=l.querySelectorAll('blockquote[data-secret=\"'+t.secret+'\"]'),c=new RegExp(\"^https?:$\",\"i\"),i=0;i<o.length;i++)o[i].style.display=\"none\";for(i=0;i<a.length;i++)s=a[i],e.source===s.contentWindow&&(s.removeAttribute(\"style\"),\"height\"===t.message?(1e3<(r=parseInt(t.value,10))?r=1e3:~~r<200&&(r=200),s.height=r):\"link\"===t.message&&(r=new URL(s.getAttribute(\"src\")),n=new URL(t.value),c.test(n.protocol))&&n.host===r.host&&l.activeElement===s&&(d.top.location.href=t.value))}},d.addEventListener(\"message\",d.wp.receiveEmbedMessage,!1),l.addEventListener(\"DOMContentLoaded\",function(){for(var e,t,s=l.querySelectorAll(\"iframe.wp-embedded-content\"),r=0;r<s.length;r++)(t=(e=s[r]).getAttribute(\"data-secret\"))||(t=Math.random().toString(36).substring(2,12),e.src+=\"#?secret=\"+t,e.setAttribute(\"data-secret\",t)),e.contentWindow.postMessage({message:\"ready\",secret:t},\"*\")},!1)))}(window,document);\n\/\/# sourceURL=https:\/\/comunidadeemacao.com.br\/site\/wp-includes\/js\/wp-embed.min.js\n<\/script>\n"},"jetpack_sharing_enabled":true,"jetpack_likes_enabled":true,"jetpack-related-posts":[{"id":10283,"url":"https:\/\/comunidadeemacao.com.br\/site\/ministerio-da-saude-lanca-campanha-para-coletar-historias-sobre-os-desafios-de-parar-de-fumar\/","url_meta":{"origin":8747,"position":0},"title":"Minist\u00e9rio da Sa\u00fade lan\u00e7a campanha para coletar hist\u00f3rias sobre os desafios de parar de fumar","author":"Marcos Silva","date":"27 de agosto de 2026","format":false,"excerpt":"Uma nova abordagem para combater o tabagismo O Minist\u00e9rio da Sa\u00fade lan\u00e7ou uma iniciativa inovadora que busca ouvir diretamente da popula\u00e7\u00e3o as experi\u00eancias pessoais relacionadas aos desafios de parar de fumar. A campanha, intitulada 'Conte o que o cigarro n\u00e3o mostra', convida fumantes, ex-fumantes e seus familiares a compartilharem suas\u2026","rel":"","context":"Em &quot;Sa\u00fade&quot;","block_context":{"text":"Sa\u00fade","link":"https:\/\/comunidadeemacao.com.br\/site\/category\/noticiasdacomunidaede\/saude\/"},"img":{"alt_text":"Relatos de fumantes, ex-fumantes e pessoas que convivem com o tabagismo v\u00e3o ajudar a definir novas imagens e mensagens para as embalagens de cigarros e aprimorar pol\u00edticas p\u00fablicas de combate ao tabagismo","src":"https:\/\/i0.wp.com\/comunidadeemacao.com.br\/site\/wp-content\/uploads\/2026\/08\/9196798d-9c27-4432-8a26-8507a2562d75.png?fit=768%2C353&ssl=1&resize=350%2C200","width":350,"height":200,"srcset":"https:\/\/i0.wp.com\/comunidadeemacao.com.br\/site\/wp-content\/uploads\/2026\/08\/9196798d-9c27-4432-8a26-8507a2562d75.png?fit=768%2C353&ssl=1&resize=350%2C200 1x, https:\/\/i0.wp.com\/comunidadeemacao.com.br\/site\/wp-content\/uploads\/2026\/08\/9196798d-9c27-4432-8a26-8507a2562d75.png?fit=768%2C353&ssl=1&resize=525%2C300 1.5x, https:\/\/i0.wp.com\/comunidadeemacao.com.br\/site\/wp-content\/uploads\/2026\/08\/9196798d-9c27-4432-8a26-8507a2562d75.png?fit=768%2C353&ssl=1&resize=700%2C400 2x"},"classes":[]},{"id":10322,"url":"https:\/\/comunidadeemacao.com.br\/site\/tratamento-para-parar-de-fumar-e-oferecido-gratuitamente-em-154-centros-de-saude-de-bh\/","url_meta":{"origin":8747,"position":1},"title":"Tratamento para parar de fumar \u00e9 oferecido gratuitamente em 154 centros de sa\u00fade de BH","author":"Marcos Silva","date":"28 de agosto de 2026","format":false,"excerpt":"Programa de Controle do Tabagismo da PBH oferece acompanhamento especializado, atividades em grupo e, quando necess\u00e1rio, medicamentos para quem deseja abandonar o cigarro Quem deseja parar de fumar pode contar com tratamento e acompanhamento gratuito oferecidos pela Prefeitura de Belo Horizonte (PBH). O Programa de Controle do Tabagismo est\u00e1 dispon\u00edvel\u2026","rel":"","context":"Em &quot;Sa\u00fade&quot;","block_context":{"text":"Sa\u00fade","link":"https:\/\/comunidadeemacao.com.br\/site\/category\/noticiasdacomunidaede\/saude\/"},"img":{"alt_text":"parar de fumar","src":"https:\/\/i0.wp.com\/comunidadeemacao.com.br\/site\/wp-content\/uploads\/2026\/08\/conscientizacao-contra-tabaco.jpg?fit=770%2C513&ssl=1&resize=350%2C200","width":350,"height":200,"srcset":"https:\/\/i0.wp.com\/comunidadeemacao.com.br\/site\/wp-content\/uploads\/2026\/08\/conscientizacao-contra-tabaco.jpg?fit=770%2C513&ssl=1&resize=350%2C200 1x, https:\/\/i0.wp.com\/comunidadeemacao.com.br\/site\/wp-content\/uploads\/2026\/08\/conscientizacao-contra-tabaco.jpg?fit=770%2C513&ssl=1&resize=525%2C300 1.5x, https:\/\/i0.wp.com\/comunidadeemacao.com.br\/site\/wp-content\/uploads\/2026\/08\/conscientizacao-contra-tabaco.jpg?fit=770%2C513&ssl=1&resize=700%2C400 2x"},"classes":[]},{"id":5218,"url":"https:\/\/comunidadeemacao.com.br\/site\/brasil-gasta-cinco-vezes-mais-com-doencas-do-tabaco-do-que-arrecada-com-a-venda-de-cigarros\/","url_meta":{"origin":8747,"position":2},"title":"Brasil gasta cinco vezes mais com doen\u00e7as do tabaco do que arrecada com a venda de cigarros","author":"Marcos Silva","date":"29 de maio de 2025","format":false,"excerpt":"Para cada real de lucro obtido pela ind\u00fastria do tabaco, o Brasil perde R$ 5 com os custos associados \u00e0s doen\u00e7as provocadas pelo cigarro. A revela\u00e7\u00e3o faz parte do estudo A Conta que a Ind\u00fastria do Tabaco N\u00e3o Conta, divulgado nesta quarta-feira (28) pelo Instituto Nacional de C\u00e2ncer (Inca) em\u2026","rel":"","context":"Em &quot;Dia A Dia&quot;","block_context":{"text":"Dia A Dia","link":"https:\/\/comunidadeemacao.com.br\/site\/category\/dia-a-dia\/"},"img":{"alt_text":"tabagismo no Brasil,","src":"https:\/\/i0.wp.com\/comunidadeemacao.com.br\/site\/wp-content\/uploads\/2025\/05\/tobacco-2692246.webp?fit=1170%2C700&ssl=1&resize=350%2C200","width":350,"height":200,"srcset":"https:\/\/i0.wp.com\/comunidadeemacao.com.br\/site\/wp-content\/uploads\/2025\/05\/tobacco-2692246.webp?fit=1170%2C700&ssl=1&resize=350%2C200 1x, https:\/\/i0.wp.com\/comunidadeemacao.com.br\/site\/wp-content\/uploads\/2025\/05\/tobacco-2692246.webp?fit=1170%2C700&ssl=1&resize=525%2C300 1.5x, https:\/\/i0.wp.com\/comunidadeemacao.com.br\/site\/wp-content\/uploads\/2025\/05\/tobacco-2692246.webp?fit=1170%2C700&ssl=1&resize=700%2C400 2x, https:\/\/i0.wp.com\/comunidadeemacao.com.br\/site\/wp-content\/uploads\/2025\/05\/tobacco-2692246.webp?fit=1170%2C700&ssl=1&resize=1050%2C600 3x"},"classes":[]},{"id":10099,"url":"https:\/\/comunidadeemacao.com.br\/site\/inovadora-pesquisa-com-polipilula-brasileira-busca-voluntarios-para-prevenir-avc\/","url_meta":{"origin":8747,"position":3},"title":"Inovadora Pesquisa com Polip\u00edlula Brasileira Busca Volunt\u00e1rios para Prevenir AVC","author":"Marcos Silva","date":"16 de agosto de 2026","format":false,"excerpt":"Recrutamento de Volunt\u00e1rios para Estudo Revolucion\u00e1rio Pesquisadores brasileiros est\u00e3o em busca de volunt\u00e1rios para participarem de uma pesquisa inovadora, que promete revolucionar a preven\u00e7\u00e3o de acidentes vasculares cerebrais (AVC) e outras doen\u00e7as cardiovasculares. A pesquisa \u00e9 conduzida pelo Hospital Moinhos de Vento, em Porto Alegre, em colabora\u00e7\u00e3o com o Minist\u00e9rio\u2026","rel":"","context":"Em &quot;Sa\u00fade&quot;","block_context":{"text":"Sa\u00fade","link":"https:\/\/comunidadeemacao.com.br\/site\/category\/noticiasdacomunidaede\/saude\/"},"img":{"alt_text":"Participantes receber\u00e3o acompanhamento por at\u00e9 quatro anos","src":"https:\/\/i0.wp.com\/comunidadeemacao.com.br\/site\/wp-content\/uploads\/2026\/08\/pressao_alta_2.webp?fit=1170%2C700&ssl=1&resize=350%2C200","width":350,"height":200,"srcset":"https:\/\/i0.wp.com\/comunidadeemacao.com.br\/site\/wp-content\/uploads\/2026\/08\/pressao_alta_2.webp?fit=1170%2C700&ssl=1&resize=350%2C200 1x, https:\/\/i0.wp.com\/comunidadeemacao.com.br\/site\/wp-content\/uploads\/2026\/08\/pressao_alta_2.webp?fit=1170%2C700&ssl=1&resize=525%2C300 1.5x, https:\/\/i0.wp.com\/comunidadeemacao.com.br\/site\/wp-content\/uploads\/2026\/08\/pressao_alta_2.webp?fit=1170%2C700&ssl=1&resize=700%2C400 2x, https:\/\/i0.wp.com\/comunidadeemacao.com.br\/site\/wp-content\/uploads\/2026\/08\/pressao_alta_2.webp?fit=1170%2C700&ssl=1&resize=1050%2C600 3x"},"classes":[]},{"id":7468,"url":"https:\/\/comunidadeemacao.com.br\/site\/satisfacao-dos-brasileiros-com-o-sus-cresce-e-supera-media-da-america-latina-aponta-ocde\/","url_meta":{"origin":8747,"position":4},"title":"Satisfa\u00e7\u00e3o dos brasileiros com o SUS cresce e supera m\u00e9dia da Am\u00e9rica Latina, aponta OCDE","author":"Marcos Silva","date":"23 de fevereiro de 2026","format":false,"excerpt":"Aumento na Satisfa\u00e7\u00e3o com o SUS A recente pesquisa da Organiza\u00e7\u00e3o para a Coopera\u00e7\u00e3o e Desenvolvimento Econ\u00f4mico (OCDE) revelou dados animadores sobre a percep\u00e7\u00e3o dos brasileiros em rela\u00e7\u00e3o ao Sistema \u00danico de Sa\u00fade (SUS). Entre 2022 e 2025, a satisfa\u00e7\u00e3o dos brasileiros com o sistema cresceu de 34% para 45%,\u2026","rel":"","context":"Em &quot;Sa\u00fade&quot;","block_context":{"text":"Sa\u00fade","link":"https:\/\/comunidadeemacao.com.br\/site\/category\/noticiasdacomunidaede\/saude\/"},"img":{"alt_text":"\u00cdndice de satisfa\u00e7\u00e3o do SUS","src":"https:\/\/i0.wp.com\/comunidadeemacao.com.br\/site\/wp-content\/uploads\/2026\/02\/06134b54-1baf-49ae-a413-4553d9fb0580.jpg?fit=768%2C354&ssl=1&resize=350%2C200","width":350,"height":200,"srcset":"https:\/\/i0.wp.com\/comunidadeemacao.com.br\/site\/wp-content\/uploads\/2026\/02\/06134b54-1baf-49ae-a413-4553d9fb0580.jpg?fit=768%2C354&ssl=1&resize=350%2C200 1x, https:\/\/i0.wp.com\/comunidadeemacao.com.br\/site\/wp-content\/uploads\/2026\/02\/06134b54-1baf-49ae-a413-4553d9fb0580.jpg?fit=768%2C354&ssl=1&resize=525%2C300 1.5x, https:\/\/i0.wp.com\/comunidadeemacao.com.br\/site\/wp-content\/uploads\/2026\/02\/06134b54-1baf-49ae-a413-4553d9fb0580.jpg?fit=768%2C354&ssl=1&resize=700%2C400 2x"},"classes":[]},{"id":10472,"url":"https:\/\/comunidadeemacao.com.br\/site\/sus-amplia-oferta-de-tromboliticos-para-infarto-e-avc-isquemico-em-todo-o-pais\/","url_meta":{"origin":8747,"position":5},"title":"SUS amplia oferta de trombol\u00edticos para infarto e AVC isqu\u00eamico em todo o pa\u00eds","author":"Marcos Silva","date":"6 de setembro de 2026","format":false,"excerpt":"Nova medida amplia o acesso a medicamentos nas UPAs e no Samu 192 para casos de emerg\u00eancia cardiovascular e cerebral O Sistema \u00danico de Sa\u00fade (SUS)\u00a0vai ampliar a oferta de <strong>trombol\u00edticos<\/strong> na rede p\u00fablica de urg\u00eancia e emerg\u00eancia, incluindo Unidades de Pronto Atendimento (UPAs) e o Servi\u00e7o de Atendimento M\u00f3vel\u2026","rel":"","context":"Em &quot;Sa\u00fade&quot;","block_context":{"text":"Sa\u00fade","link":"https:\/\/comunidadeemacao.com.br\/site\/category\/noticiasdacomunidaede\/saude\/"},"img":{"alt_text":"Rapidez no uso do medicamento reduz \u00f3bitos e risco de sequelas","src":"https:\/\/i0.wp.com\/comunidadeemacao.com.br\/site\/wp-content\/uploads\/2026\/09\/03.02.2017_mcmag-0083.webp?fit=1170%2C700&ssl=1&resize=350%2C200","width":350,"height":200,"srcset":"https:\/\/i0.wp.com\/comunidadeemacao.com.br\/site\/wp-content\/uploads\/2026\/09\/03.02.2017_mcmag-0083.webp?fit=1170%2C700&ssl=1&resize=350%2C200 1x, https:\/\/i0.wp.com\/comunidadeemacao.com.br\/site\/wp-content\/uploads\/2026\/09\/03.02.2017_mcmag-0083.webp?fit=1170%2C700&ssl=1&resize=525%2C300 1.5x, https:\/\/i0.wp.com\/comunidadeemacao.com.br\/site\/wp-content\/uploads\/2026\/09\/03.02.2017_mcmag-0083.webp?fit=1170%2C700&ssl=1&resize=700%2C400 2x, https:\/\/i0.wp.com\/comunidadeemacao.com.br\/site\/wp-content\/uploads\/2026\/09\/03.02.2017_mcmag-0083.webp?fit=1170%2C700&ssl=1&resize=1050%2C600 3x"},"classes":[]}],"jetpack_featured_media_url":"https:\/\/i0.wp.com\/comunidadeemacao.com.br\/site\/wp-content\/uploads\/2026\/06\/8d6e128a-2f41-42cd-869b-91cc5fbfdf75.jpg?fit=768%2C354&ssl=1","_links":{"self":[{"href":"https:\/\/comunidadeemacao.com.br\/site\/wp-json\/wp\/v2\/posts\/8747","targetHints":{"allow":["GET"]}}],"collection":[{"href":"https:\/\/comunidadeemacao.com.br\/site\/wp-json\/wp\/v2\/posts"}],"about":[{"href":"https:\/\/comunidadeemacao.com.br\/site\/wp-json\/wp\/v2\/types\/post"}],"author":[{"embeddable":true,"href":"https:\/\/comunidadeemacao.com.br\/site\/wp-json\/wp\/v2\/users\/1"}],"replies":[{"embeddable":true,"href":"https:\/\/comunidadeemacao.com.br\/site\/wp-json\/wp\/v2\/comments?post=8747"}],"version-history":[{"count":2,"href":"https:\/\/comunidadeemacao.com.br\/site\/wp-json\/wp\/v2\/posts\/8747\/revisions"}],"predecessor-version":[{"id":8750,"href":"https:\/\/comunidadeemacao.com.br\/site\/wp-json\/wp\/v2\/posts\/8747\/revisions\/8750"}],"wp:featuredmedia":[{"embeddable":true,"href":"https:\/\/comunidadeemacao.com.br\/site\/wp-json\/wp\/v2\/media\/8748"}],"wp:attachment":[{"href":"https:\/\/comunidadeemacao.com.br\/site\/wp-json\/wp\/v2\/media?parent=8747"}],"wp:term":[{"taxonomy":"category","embeddable":true,"href":"https:\/\/comunidadeemacao.com.br\/site\/wp-json\/wp\/v2\/categories?post=8747"},{"taxonomy":"post_tag","embeddable":true,"href":"https:\/\/comunidadeemacao.com.br\/site\/wp-json\/wp\/v2\/tags?post=8747"},{"taxonomy":"series","embeddable":true,"href":"https:\/\/comunidadeemacao.com.br\/site\/wp-json\/wp\/v2\/series?post=8747"}],"curies":[{"name":"wp","href":"https:\/\/api.w.org\/{rel}","templated":true}]}}