{"id":811,"date":"2020-01-02T12:33:00","date_gmt":"2020-01-02T15:33:00","guid":{"rendered":"http:\/\/comunidadeemacao.com.br\/site\/?p=811"},"modified":"2020-03-05T17:06:06","modified_gmt":"2020-03-05T20:06:06","slug":"pratica-sustentavel-aquecimento-e-energia-solar","status":"publish","type":"post","link":"https:\/\/comunidadeemacao.com.br\/site\/pratica-sustentavel-aquecimento-e-energia-solar\/","title":{"rendered":"Pr\u00e1tica Sustent\u00e1vel Aquecimento e energia solar"},"content":{"rendered":"\n<figure class=\"wp-block-image size-medium\"><img data-recalc-dims=\"1\" fetchpriority=\"high\" decoding=\"async\" width=\"300\" height=\"225\" src=\"https:\/\/i0.wp.com\/comunidadeemacao.com.br\/site\/wp-content\/uploads\/2019\/11\/Foto-HM-foto-01-300x225.jpg?resize=300%2C225\" alt=\"\" class=\"wp-image-296\" srcset=\"https:\/\/i0.wp.com\/comunidadeemacao.com.br\/site\/wp-content\/uploads\/2019\/11\/Foto-HM-foto-01.jpg?resize=300%2C225&amp;ssl=1 300w, https:\/\/i0.wp.com\/comunidadeemacao.com.br\/site\/wp-content\/uploads\/2019\/11\/Foto-HM-foto-01.jpg?resize=768%2C576&amp;ssl=1 768w, https:\/\/i0.wp.com\/comunidadeemacao.com.br\/site\/wp-content\/uploads\/2019\/11\/Foto-HM-foto-01.jpg?w=960&amp;ssl=1 960w\" sizes=\"(max-width: 300px) 100vw, 300px\" \/><figcaption><em><strong>O uso do aquecedor solar proporciona economia nas contas de luz <\/strong><\/em><\/figcaption><\/figure>\n\n\n\n<h3 class=\"has-very-dark-gray-color has-text-color wp-block-heading\">Aquecimento e energia solar oferecem mais economia<\/h3>\n\n\n\n<p class=\"has-text-color has-very-dark-gray-color wp-block-paragraph\">As\nconstantes altera\u00e7\u00f5es nos pre\u00e7os e cobran\u00e7a extra de bandeiras\ntarif\u00e1rias tem assustado \u00e0 popula\u00e7\u00e3o no que se refere ao custo de\nenergia el\u00e9trica.<\/p>\n\n\n\n<p class=\"has-text-color has-very-dark-gray-color wp-block-paragraph\">As alternativas t\u00eam sido adotar aquecimento e energia solar para conseguir economia na conta de luz.    <\/p>\n\n\n\n<p class=\"has-text-color has-very-dark-gray-color wp-block-paragraph\">As\nconstantes altera\u00e7\u00f5es nos pre\u00e7os e cobran\u00e7as extras de bandeiras\ntarif\u00e1rias t\u00eam assustado a popula\u00e7\u00e3o no que se refere ao custo de\nenergia el\u00e9trica. No dia 25 de outubro, a Ag\u00eancia Nacional de\nEnergia El\u00e9trica &#8211; (ANEEL) anunciou que as contas de luz passaram\npara patamar 1, bandeira tarif\u00e1ria vermelha. A cada 100 quilowatts\nser\u00e3o somados mais R$ 4,19 de taxa extra. Anteriormente vigorava a\nbandeira amarela que com a taxa R$1,50 a cada 100 kWh hora\nconsumidos.<\/p>\n\n\n\n<p class=\"has-text-color has-very-dark-gray-color wp-block-paragraph\">A\nANEEL informou que o regime de chuvas regulares tem se revelado\nsignificativamente abaixo do padr\u00e3o hist\u00f3rico, o que repercute\ndiretamente na capacidade de produ\u00e7\u00e3o das hidrel\u00e9tricas. Essa\nconjuntura demanda eleva\u00e7\u00e3o do acionamento do parque termel\u00e9trico,\ncom consequ\u00eancias diretas sobre o pre\u00e7o da energia.<\/p>\n\n\n\n<p class=\"has-text-color has-very-dark-gray-color wp-block-paragraph\">A\nalternativa para reduzir o custo de energia el\u00e9trica \u00e9 o\naquecimento e a energia solar, que tem conquistado os consumidores. O\nferrovi\u00e1rio aposentado Rui Santana recorreu ao aquecedor solar para\nminimizar as despesas da casa no consumo da conta de luz. Ele optou\npelo sistema de banho que est\u00e1 instalado h\u00e1 seis meses na casa\ndele. \u201cA minha conta de luz passou para R$ 70,00 por m\u00eas desde que\ninstalei o aquecedor\u201d, diz o morador do bairro Tupi ressaltando que\nvaleu o investimento. \n<\/p>\n\n\n\n<p class=\"has-text-color has-very-dark-gray-color wp-block-paragraph\">Outro morador do Tupi\nque viu a redu\u00e7\u00e3o no consumo de energia na sua resid\u00eancia foi\nSelvio de Paula. Ele\nconta que o valor da conta da sua casa caiu 30% no pre\u00e7o final.\nSelvio aproveitou o embalo da economia e trocou as l\u00e2mpadas\nincandescentes da casa para de LED, para diminuir mais um pouco o\nconsumo de energia. \n<\/p>\n\n\n\n<p class=\"has-text-color has-medium-font-size has-very-dark-gray-color wp-block-paragraph\">Pr\u00e1tica Sustent\u00e1vel<\/p>\n\n\n\n<p class=\"has-text-color has-very-dark-gray-color wp-block-paragraph\">Al\u00e9m de ben\u00e9fica para\no bolso dos consumidores, a iniciativa de uso da energia ou\naquecimento solar \u00e9 considerada uma pr\u00e1tica sustent\u00e1vel. \u00c9\nimportante ressaltar que energia solar e aquecimento solar s\u00e3o\nsistemas diferentes, explica Henrique Evandro Martins, diretor da <em>HM\nAquecedores<\/em> que est\u00e1 no mercado h\u00e1 nove anos. \u201cA energia\nsolar ser\u00e1 gerada em usinas fotovoltaicas e aquecimento solar, tem o\nnome t\u00e9cnico de Energia T\u00e9rmica, que aquece a \u00e1gua mantida em\nreservat\u00f3rio t\u00e9rmico.\u201d Ambas s\u00e3o geradas de forma limpa e\nrenov\u00e1vel, reduzindo eventuais danos ao meio ambiente e diminuindo\nsignificativamente a emiss\u00e3o de CO2 na atmosfera. O cuidado com o\nmeio ambiente \u00e9 um compromisso da sociedade de um modo geral.<\/p>\n\n\n\n<p class=\"has-text-color has-very-dark-gray-color wp-block-paragraph\">Para instalar o equipamento de aquecimento solar requer um procedimento tranquilo com pouqu\u00edssima interven\u00e7\u00e3o de obras no banheiro, o que \u00e9 mais usado, mas pode ser distribu\u00edda para cozinha ou lavanderia. A parte hidr\u00e1ulica \u00e9 especial para receber a \u00e1gua quente porem n\u00e3o tem quebradeira na parede do banheiro.  A maior parte do servi\u00e7o de instala\u00e7\u00e3o \u00e9 feita na parte externa da casa. Henrique d\u00e1 uma dica para quem pretende construir ou reformar o banheiro, que \u00e9 j\u00e1 fazer a instala\u00e7\u00e3o hidr\u00e1ulica para \u00e1gua quente<em> \u201cmesmo que n\u00e3o vai instalar o equipamento agora, n\u00f3s damos todas as orienta\u00e7\u00f5es t\u00e9cnicas, facilita o trabalho depois\u201d.  <\/em><\/p>\n\n\n\n<figure class=\"wp-block-image size-medium\"><img data-recalc-dims=\"1\" decoding=\"async\" width=\"300\" height=\"225\" src=\"https:\/\/i0.wp.com\/comunidadeemacao.com.br\/site\/wp-content\/uploads\/2020\/01\/Foto-HM-foto-03-300x225.jpg?resize=300%2C225\" alt=\"\" class=\"wp-image-812\" srcset=\"https:\/\/i0.wp.com\/comunidadeemacao.com.br\/site\/wp-content\/uploads\/2020\/01\/Foto-HM-foto-03.jpg?resize=300%2C225&amp;ssl=1 300w, https:\/\/i0.wp.com\/comunidadeemacao.com.br\/site\/wp-content\/uploads\/2020\/01\/Foto-HM-foto-03.jpg?resize=768%2C576&amp;ssl=1 768w, https:\/\/i0.wp.com\/comunidadeemacao.com.br\/site\/wp-content\/uploads\/2020\/01\/Foto-HM-foto-03.jpg?resize=820%2C615&amp;ssl=1 820w, https:\/\/i0.wp.com\/comunidadeemacao.com.br\/site\/wp-content\/uploads\/2020\/01\/Foto-HM-foto-03.jpg?w=960&amp;ssl=1 960w\" sizes=\"(max-width: 300px) 100vw, 300px\" \/><figcaption>Economia no consumo de energia<\/figcaption><\/figure>\n\n\n\n<p class=\"has-text-color has-very-dark-gray-color wp-block-paragraph\">Henrique recomenda\naten\u00e7\u00e3o na hora da escolha dos equipamentos e da empresa que vai\nexecutar o servi\u00e7o. Importante conferir se \u00e9 certificado pelo\nINMETRO, Procel e QualiSol, \u00f3rg\u00e3o este que certifica os\nequipamentos do setor. A durabilidade dos equipamentos \u00e9 de at\u00e9 20\nanos, com as devidas manuten\u00e7\u00f5es, mas as garantias s\u00e3o de cinco\nanos, j\u00e1 os servi\u00e7os de instala\u00e7\u00e3o t\u00eam garantia de seis meses.\nPara instalar um equipamento em uma resid\u00eancia s\u00e3o dois dias em\nm\u00e9dia.<\/p>\n","protected":false},"excerpt":{"rendered":"Aquecimento e energia solar oferecem mais economia As constantes altera\u00e7\u00f5es nos pre\u00e7os e cobran\u00e7a extra de bandeiras tarif\u00e1rias tem assustado \u00e0 popula\u00e7\u00e3o no que se [&hellip;]","protected":false},"author":1,"featured_media":812,"comment_status":"open","ping_status":"open","sticky":false,"template":"","format":"standard","meta":{"episode_type":"","audio_file":"","podmotor_file_id":"","podmotor_episode_id":"","cover_image":"","cover_image_id":"","duration":"","filesize":"","filesize_raw":"","date_recorded":"","explicit":"","block":"","_jetpack_newsletter_access":"","_jetpack_dont_email_post_to_subs":false,"_jetpack_newsletter_tier_id":0,"_jetpack_memberships_contains_paywalled_content":false,"_jetpack_feature_clip_id":0,"_jetpack_memberships_contains_paid_content":false,"footnotes":"","jetpack_post_was_ever_published":false},"categories":[66],"tags":[],"series":[1406],"class_list":["post-811","post","type-post","status-publish","format-standard","has-post-thumbnail","hentry","category-especial-publicidade","series-comunidade-em-acao"],"episode_featured_image":"https:\/\/comunidadeemacao.com.br\/site\/wp-content\/uploads\/2020\/01\/Foto-HM-foto-03.jpg","episode_player_image":"https:\/\/i0.wp.com\/comunidadeemacao.com.br\/site\/wp-content\/uploads\/2025\/07\/Logo-Fala-Zona-Norte-1400-pix1.jpg?fit=1400%2C1400&ssl=1","download_link":"","player_link":"","audio_player":false,"episode_data":{"playerMode":"light","subscribeUrls":{"youtube":{"key":"youtube","url":"https:\/\/www.youtube.com\/@znbhplay\/podcasts","label":"YouTube","class":"youtube","icon":"youtube.png"}},"rssFeedUrl":"https:\/\/comunidadeemacao.com.br\/site\/feed\/podcast\/comunidade-em-acao","embedCode":"<blockquote class=\"wp-embedded-content\" data-secret=\"g18DdAxiSr\"><a href=\"https:\/\/comunidadeemacao.com.br\/site\/pratica-sustentavel-aquecimento-e-energia-solar\/\">Pr\u00e1tica Sustent\u00e1vel Aquecimento e energia solar<\/a><\/blockquote><iframe sandbox=\"allow-scripts\" security=\"restricted\" src=\"https:\/\/comunidadeemacao.com.br\/site\/pratica-sustentavel-aquecimento-e-energia-solar\/embed\/#?secret=g18DdAxiSr\" width=\"500\" height=\"350\" title=\"&#8220;Pr\u00e1tica Sustent\u00e1vel Aquecimento e energia solar&#8221; &#8212; COMUNIDADE EM A\u00c7\u00c3O\" data-secret=\"g18DdAxiSr\" frameborder=\"0\" marginwidth=\"0\" marginheight=\"0\" scrolling=\"no\" class=\"wp-embedded-content\"><\/iframe><script>\n\/*! This file is auto-generated *\/\n!function(d,l){\"use strict\";l.querySelector&&d.addEventListener&&\"undefined\"!=typeof URL&&(d.wp=d.wp||{},d.wp.receiveEmbedMessage||(d.wp.receiveEmbedMessage=function(e){var t=e.data;if((t||t.secret||t.message||t.value)&&!\/[^a-zA-Z0-9]\/.test(t.secret)){for(var s,r,n,a=l.querySelectorAll('iframe[data-secret=\"'+t.secret+'\"]'),o=l.querySelectorAll('blockquote[data-secret=\"'+t.secret+'\"]'),c=new RegExp(\"^https?:$\",\"i\"),i=0;i<o.length;i++)o[i].style.display=\"none\";for(i=0;i<a.length;i++)s=a[i],e.source===s.contentWindow&&(s.removeAttribute(\"style\"),\"height\"===t.message?(1e3<(r=parseInt(t.value,10))?r=1e3:~~r<200&&(r=200),s.height=r):\"link\"===t.message&&(r=new URL(s.getAttribute(\"src\")),n=new URL(t.value),c.test(n.protocol))&&n.host===r.host&&l.activeElement===s&&(d.top.location.href=t.value))}},d.addEventListener(\"message\",d.wp.receiveEmbedMessage,!1),l.addEventListener(\"DOMContentLoaded\",function(){for(var e,t,s=l.querySelectorAll(\"iframe.wp-embedded-content\"),r=0;r<s.length;r++)(t=(e=s[r]).getAttribute(\"data-secret\"))||(t=Math.random().toString(36).substring(2,12),e.src+=\"#?secret=\"+t,e.setAttribute(\"data-secret\",t)),e.contentWindow.postMessage({message:\"ready\",secret:t},\"*\")},!1)))}(window,document);\n\/\/# sourceURL=https:\/\/comunidadeemacao.com.br\/site\/wp-includes\/js\/wp-embed.min.js\n<\/script>\n"},"jetpack_sharing_enabled":true,"jetpack_likes_enabled":true,"jetpack-related-posts":[{"id":4921,"url":"https:\/\/comunidadeemacao.com.br\/site\/pbh-oferece-curso-gratuito-de-instalacao-de-energia-solar-fotovoltaica\/","url_meta":{"origin":811,"position":0},"title":"PBH oferece curso gratuito de instala\u00e7\u00e3o de energia solar fotovoltaica","author":"Marcos Silva","date":"2 de abril de 2025","format":false,"excerpt":"A Prefeitura de Belo Horizonte (PBH) est\u00e1 com inscri\u00e7\u00f5es abertas para o Curso de Qualifica\u00e7\u00e3o B\u00e1sico em Instala\u00e7\u00e3o de Energia Solar Fotovoltaica. S\u00e3o 20 vagas dispon\u00edveis, com aulas iniciando em 9 de abril na Escola Profissionalizante Raimunda da Silva Soares, localizada na Pedreira Prado Lopes, regi\u00e3o Noroeste da capital. O\u2026","rel":"","context":"Em &quot;Dicas &amp; Sugest\u00f5es&quot;","block_context":{"text":"Dicas &amp; Sugest\u00f5es","link":"https:\/\/comunidadeemacao.com.br\/site\/category\/dicas-sugestoes\/"},"img":{"alt_text":"Instala\u00e7\u00e3o de placas de capta\u00e7\u00e3o de energia solar","src":"https:\/\/i0.wp.com\/comunidadeemacao.com.br\/site\/wp-content\/uploads\/2025\/04\/fotovoltaica.jpg?fit=770%2C420&ssl=1&resize=350%2C200","width":350,"height":200,"srcset":"https:\/\/i0.wp.com\/comunidadeemacao.com.br\/site\/wp-content\/uploads\/2025\/04\/fotovoltaica.jpg?fit=770%2C420&ssl=1&resize=350%2C200 1x, https:\/\/i0.wp.com\/comunidadeemacao.com.br\/site\/wp-content\/uploads\/2025\/04\/fotovoltaica.jpg?fit=770%2C420&ssl=1&resize=525%2C300 1.5x, https:\/\/i0.wp.com\/comunidadeemacao.com.br\/site\/wp-content\/uploads\/2025\/04\/fotovoltaica.jpg?fit=770%2C420&ssl=1&resize=700%2C400 2x"},"classes":[]},{"id":9757,"url":"https:\/\/comunidadeemacao.com.br\/site\/curso-de-instalacao-de-energia-solar-fotovoltaica-abre-30-vagas-para-qualificacao\/","url_meta":{"origin":811,"position":1},"title":"Curso de instala\u00e7\u00e3o de energia solar fotovoltaica abre 30 vagas para qualifica\u00e7\u00e3o","author":"Marcos Silva","date":"29 de julho de 2026","format":false,"excerpt":"Inscri\u00e7\u00f5es est\u00e3o abertas para curso de energia solar fotovoltaica e el\u00e9trica b\u00e1sica voltado a jovens que buscam qualifica\u00e7\u00e3o profissional e novas oportunidades no mercado de trabalho A Prefeitura est\u00e1 com inscri\u00e7\u00f5es abertas para uma nova turma do curso de Instala\u00e7\u00e3o de Energia Solar Fotovoltaica e Introdu\u00e7\u00e3o em El\u00e9trica B\u00e1sica. Ao\u2026","rel":"","context":"Em &quot;Dia A Dia&quot;","block_context":{"text":"Dia A Dia","link":"https:\/\/comunidadeemacao.com.br\/site\/category\/dia-a-dia\/"},"img":{"alt_text":"Inscri\u00e7\u00f5es abertas para nova turma do curso de instala\u00e7\u00e3o de energia solar fotovoltaica","src":"https:\/\/i0.wp.com\/comunidadeemacao.com.br\/site\/wp-content\/uploads\/2026\/07\/fotovoltaica_rodrigo_clemente_pbh.jpg?fit=770%2C513&ssl=1&resize=350%2C200","width":350,"height":200,"srcset":"https:\/\/i0.wp.com\/comunidadeemacao.com.br\/site\/wp-content\/uploads\/2026\/07\/fotovoltaica_rodrigo_clemente_pbh.jpg?fit=770%2C513&ssl=1&resize=350%2C200 1x, https:\/\/i0.wp.com\/comunidadeemacao.com.br\/site\/wp-content\/uploads\/2026\/07\/fotovoltaica_rodrigo_clemente_pbh.jpg?fit=770%2C513&ssl=1&resize=525%2C300 1.5x, https:\/\/i0.wp.com\/comunidadeemacao.com.br\/site\/wp-content\/uploads\/2026\/07\/fotovoltaica_rodrigo_clemente_pbh.jpg?fit=770%2C513&ssl=1&resize=700%2C400 2x"},"classes":[]},{"id":10065,"url":"https:\/\/comunidadeemacao.com.br\/site\/consumidores-poderao-escolher-fornecedores-de-energia-a-partir-de-2027\/","url_meta":{"origin":811,"position":2},"title":"Consumidores poder\u00e3o escolher fornecedores de energia a partir de 2027","author":"Marcos Silva","date":"14 de agosto de 2026","format":false,"excerpt":"Liberdade de escolha no fornecimento de energia Em um movimento significativo para o setor de energia no Brasil, o presidente Luiz In\u00e1cio Lula da Silva sancionou um decreto nesta quarta-feira (12) que promete transformar a din\u00e2mica do consumo el\u00e9trico no pa\u00eds. A partir de 2027, os consumidores ter\u00e3o a liberdade\u2026","rel":"","context":"Em &quot;Dia A Dia&quot;","block_context":{"text":"Dia A Dia","link":"https:\/\/comunidadeemacao.com.br\/site\/category\/dia-a-dia\/"},"img":{"alt_text":"Decreto assinado hoje regulamenta o mercado livre de energia el\u00e9trica","src":"https:\/\/i0.wp.com\/comunidadeemacao.com.br\/site\/wp-content\/uploads\/2026\/08\/rbr1067.webp?fit=1170%2C700&ssl=1&resize=350%2C200","width":350,"height":200,"srcset":"https:\/\/i0.wp.com\/comunidadeemacao.com.br\/site\/wp-content\/uploads\/2026\/08\/rbr1067.webp?fit=1170%2C700&ssl=1&resize=350%2C200 1x, https:\/\/i0.wp.com\/comunidadeemacao.com.br\/site\/wp-content\/uploads\/2026\/08\/rbr1067.webp?fit=1170%2C700&ssl=1&resize=525%2C300 1.5x, https:\/\/i0.wp.com\/comunidadeemacao.com.br\/site\/wp-content\/uploads\/2026\/08\/rbr1067.webp?fit=1170%2C700&ssl=1&resize=700%2C400 2x, https:\/\/i0.wp.com\/comunidadeemacao.com.br\/site\/wp-content\/uploads\/2026\/08\/rbr1067.webp?fit=1170%2C700&ssl=1&resize=1050%2C600 3x"},"classes":[]},{"id":6246,"url":"https:\/\/comunidadeemacao.com.br\/site\/%e2%9c%a8-horoscopo-de-16-11-2025-energia-cosmica-e-decisoes-no-ar\/","url_meta":{"origin":811,"position":3},"title":"\u2728 Hor\u00f3scopo de 16\/11\/2025 \u2014 Energia c\u00f3smica e decis\u00f5es no ar","author":"Marcos Silva","date":"16 de novembro de 2025","format":false,"excerpt":"Hoje, os astros est\u00e3o numa dan\u00e7a poderosa: o Sol ingressa em Escorpi\u00e3o, trazendo uma onda de intensidade emocional, transforma\u00e7\u00f5es e autoconhecimento. Ao mesmo tempo, a Lua em Virgem incentiva voc\u00ea a refletir, organizar e ser mais pr\u00e1tico nas escolhas. Temos tamb\u00e9m uma fase de Merc\u00fario retr\u00f3grado, o que pede aten\u00e7\u00e3o\u2026","rel":"","context":"Em &quot;Divers\u00e3o&quot;","block_context":{"text":"Divers\u00e3o","link":"https:\/\/comunidadeemacao.com.br\/site\/category\/diversao\/"},"img":{"alt_text":"Hor\u00f3scopo para dia 16\/ 11","src":"https:\/\/i0.wp.com\/comunidadeemacao.com.br\/site\/wp-content\/uploads\/2025\/11\/16-de-nov.-de-2025-10_02_19.jpg?fit=800%2C1200&ssl=1&resize=350%2C200","width":350,"height":200,"srcset":"https:\/\/i0.wp.com\/comunidadeemacao.com.br\/site\/wp-content\/uploads\/2025\/11\/16-de-nov.-de-2025-10_02_19.jpg?fit=800%2C1200&ssl=1&resize=350%2C200 1x, https:\/\/i0.wp.com\/comunidadeemacao.com.br\/site\/wp-content\/uploads\/2025\/11\/16-de-nov.-de-2025-10_02_19.jpg?fit=800%2C1200&ssl=1&resize=525%2C300 1.5x, https:\/\/i0.wp.com\/comunidadeemacao.com.br\/site\/wp-content\/uploads\/2025\/11\/16-de-nov.-de-2025-10_02_19.jpg?fit=800%2C1200&ssl=1&resize=700%2C400 2x"},"classes":[]},{"id":10130,"url":"https:\/\/comunidadeemacao.com.br\/site\/previsao-do-tempo-em-bh-para-17-de-agosto-sol-e-ate-26c\/","url_meta":{"origin":811,"position":4},"title":"Previs\u00e3o do tempo em BH para 17 de agosto: sol e at\u00e9 26\u00b0C","author":"Marcos Silva","date":"17 de agosto de 2026","format":false,"excerpt":"BH ter\u00e1 segunda-feira de tempo firme, com poucas nuvens e sem previs\u00e3o de chuva; umidade pode cair para 49% durante o dia Belo Horizonte ter\u00e1 uma segunda-feira (17) de tempo firme, temperaturas amenas pela manh\u00e3 e aquecimento durante a tarde. As previs\u00f5es consultadas indicam predom\u00ednio de sol entre nuvens, aus\u00eancia\u2026","rel":"","context":"Em &quot;Mateorologia&quot;","block_context":{"text":"Mateorologia","link":"https:\/\/comunidadeemacao.com.br\/site\/category\/dia-a-dia\/mateorologia\/"},"img":{"alt_text":"Previs\u00e3o do Tempo em Belo Horizonte","src":"https:\/\/i0.wp.com\/comunidadeemacao.com.br\/site\/wp-content\/uploads\/2026\/08\/ChatGPT-Image-16-de-ago.-de-2026-18_26_57.png?fit=1200%2C600&ssl=1&resize=350%2C200","width":350,"height":200,"srcset":"https:\/\/i0.wp.com\/comunidadeemacao.com.br\/site\/wp-content\/uploads\/2026\/08\/ChatGPT-Image-16-de-ago.-de-2026-18_26_57.png?fit=1200%2C600&ssl=1&resize=350%2C200 1x, https:\/\/i0.wp.com\/comunidadeemacao.com.br\/site\/wp-content\/uploads\/2026\/08\/ChatGPT-Image-16-de-ago.-de-2026-18_26_57.png?fit=1200%2C600&ssl=1&resize=525%2C300 1.5x, https:\/\/i0.wp.com\/comunidadeemacao.com.br\/site\/wp-content\/uploads\/2026\/08\/ChatGPT-Image-16-de-ago.-de-2026-18_26_57.png?fit=1200%2C600&ssl=1&resize=700%2C400 2x, https:\/\/i0.wp.com\/comunidadeemacao.com.br\/site\/wp-content\/uploads\/2026\/08\/ChatGPT-Image-16-de-ago.-de-2026-18_26_57.png?fit=1200%2C600&ssl=1&resize=1050%2C600 3x"},"classes":[]},{"id":6757,"url":"https:\/\/comunidadeemacao.com.br\/site\/horoscopo-27-12-2025-energia-de-capricornio-e-acao-com-a-lua-em-aries-previsoes-e-alertas-para-fechar-2025-com-clareza\/","url_meta":{"origin":811,"position":5},"title":"Hor\u00f3scopo 27\/12\/2025: energia de Capric\u00f3rnio e a\u00e7\u00e3o com a lua em \u00c1ries \u2013 previs\u00f5es e alertas para fechar 2025 com clareza","author":"Marcos Silva","date":"27 de dezembro de 2025","format":false,"excerpt":"\ud83c\udf1f Estamos caminhando para o final de 2025, momento perfeito para reflex\u00e3o sobre o que vivemos e para come\u00e7ar a tra\u00e7ar inten\u00e7\u00f5es para 2026. No c\u00e9u astrol\u00f3gico de 27 de dezembro, o Sol, V\u00eanus e Marte em Capric\u00f3rnio conversam com a energia pr\u00e1tica e direcionada do signo do \u201cfazer acontecer\u201d,\u2026","rel":"","context":"Em &quot;Divers\u00e3o&quot;","block_context":{"text":"Divers\u00e3o","link":"https:\/\/comunidadeemacao.com.br\/site\/category\/diversao\/"},"img":{"alt_text":"Horoscopo-Fim-de-ano-2026","src":"https:\/\/i0.wp.com\/comunidadeemacao.com.br\/site\/wp-content\/uploads\/2025\/12\/Horoscopo-Fim-de-ano-2026.jpg?fit=1200%2C800&ssl=1&resize=350%2C200","width":350,"height":200,"srcset":"https:\/\/i0.wp.com\/comunidadeemacao.com.br\/site\/wp-content\/uploads\/2025\/12\/Horoscopo-Fim-de-ano-2026.jpg?fit=1200%2C800&ssl=1&resize=350%2C200 1x, https:\/\/i0.wp.com\/comunidadeemacao.com.br\/site\/wp-content\/uploads\/2025\/12\/Horoscopo-Fim-de-ano-2026.jpg?fit=1200%2C800&ssl=1&resize=525%2C300 1.5x, https:\/\/i0.wp.com\/comunidadeemacao.com.br\/site\/wp-content\/uploads\/2025\/12\/Horoscopo-Fim-de-ano-2026.jpg?fit=1200%2C800&ssl=1&resize=700%2C400 2x, https:\/\/i0.wp.com\/comunidadeemacao.com.br\/site\/wp-content\/uploads\/2025\/12\/Horoscopo-Fim-de-ano-2026.jpg?fit=1200%2C800&ssl=1&resize=1050%2C600 3x"},"classes":[]}],"jetpack_featured_media_url":"https:\/\/i0.wp.com\/comunidadeemacao.com.br\/site\/wp-content\/uploads\/2020\/01\/Foto-HM-foto-03.jpg?fit=960%2C720&ssl=1","_links":{"self":[{"href":"https:\/\/comunidadeemacao.com.br\/site\/wp-json\/wp\/v2\/posts\/811","targetHints":{"allow":["GET"]}}],"collection":[{"href":"https:\/\/comunidadeemacao.com.br\/site\/wp-json\/wp\/v2\/posts"}],"about":[{"href":"https:\/\/comunidadeemacao.com.br\/site\/wp-json\/wp\/v2\/types\/post"}],"author":[{"embeddable":true,"href":"https:\/\/comunidadeemacao.com.br\/site\/wp-json\/wp\/v2\/users\/1"}],"replies":[{"embeddable":true,"href":"https:\/\/comunidadeemacao.com.br\/site\/wp-json\/wp\/v2\/comments?post=811"}],"version-history":[{"count":1,"href":"https:\/\/comunidadeemacao.com.br\/site\/wp-json\/wp\/v2\/posts\/811\/revisions"}],"predecessor-version":[{"id":813,"href":"https:\/\/comunidadeemacao.com.br\/site\/wp-json\/wp\/v2\/posts\/811\/revisions\/813"}],"wp:featuredmedia":[{"embeddable":true,"href":"https:\/\/comunidadeemacao.com.br\/site\/wp-json\/wp\/v2\/media\/812"}],"wp:attachment":[{"href":"https:\/\/comunidadeemacao.com.br\/site\/wp-json\/wp\/v2\/media?parent=811"}],"wp:term":[{"taxonomy":"category","embeddable":true,"href":"https:\/\/comunidadeemacao.com.br\/site\/wp-json\/wp\/v2\/categories?post=811"},{"taxonomy":"post_tag","embeddable":true,"href":"https:\/\/comunidadeemacao.com.br\/site\/wp-json\/wp\/v2\/tags?post=811"},{"taxonomy":"series","embeddable":true,"href":"https:\/\/comunidadeemacao.com.br\/site\/wp-json\/wp\/v2\/series?post=811"}],"curies":[{"name":"wp","href":"https:\/\/api.w.org\/{rel}","templated":true}]}}