{"id":7764,"date":"2026-03-26T10:51:29","date_gmt":"2026-03-26T13:51:29","guid":{"rendered":"https:\/\/comunidadeemacao.com.br\/site\/?p=7764"},"modified":"2026-03-25T17:01:47","modified_gmt":"2026-03-25T20:01:47","slug":"faculdade-deve-indenizar-aluna-apos-encerrar-curso-de-radiologia-em-mg","status":"publish","type":"post","link":"https:\/\/comunidadeemacao.com.br\/site\/faculdade-deve-indenizar-aluna-apos-encerrar-curso-de-radiologia-em-mg\/","title":{"rendered":"Faculdade deve indenizar aluna ap\u00f3s encerrar curso de radiologia em MG"},"content":{"rendered":"<div id=\"model-response-message-contentr_2f72a3fee6c66ac8\" class=\"markdown markdown-main-panel stronger enable-updated-hr-color\" dir=\"ltr\" aria-live=\"polite\" aria-busy=\"false\">\n<h2 data-path-to-node=\"1\"><strong><em>Decis\u00e3o do TJMG eleva indeniza\u00e7\u00e3o por danos morais para estudante que teve gradua\u00e7\u00e3o interrompida antes da formatura<\/em><\/strong><\/h2>\n<p data-path-to-node=\"2\">A 11\u00aa C\u00e2mara C\u00edvel do Tribunal de Justi\u00e7a de Minas Gerais (TJMG) modificou uma senten\u00e7a da Comarca de Bom Despacho, na regi\u00e3o Central do Estado, para garantir o direito de uma estudante \u00e0 repara\u00e7\u00e3o por danos morais. O caso envolve o encerramento inesperado de um curso de tecn\u00f3logo em Radiologia, o que impediu a conclus\u00e3o da gradua\u00e7\u00e3o pela aluna que j\u00e1 estava devidamente matriculada e frequentando as aulas.<\/p>\n<p data-path-to-node=\"3\">Segundo o processo, a institui\u00e7\u00e3o de ensino extinguiu o curso antes que a turma pudesse se formar, frustrando as expectativas acad\u00eamicas e profissionais da jovem. Diante da falha na presta\u00e7\u00e3o do servi\u00e7o e do descumprimento do dever de informa\u00e7\u00e3o, a justi\u00e7a mineira decidiu elevar o valor da indeniza\u00e7\u00e3o para R$ 10 mil, refor\u00e7ando que a autonomia universit\u00e1ria n\u00e3o permite o abandono de alunos no meio da jornada acad\u00eamica.<\/p>\n<h3 data-path-to-node=\"4\">O impacto do encerramento inesperado<\/h3>\n<p data-path-to-node=\"5\">A estudante relatou que o encerramento ocorreu de forma informal e inesperada, o que gerou um impacto direto em seu projeto de vida e carreira. Ao ingressar com a a\u00e7\u00e3o judicial, ela pleiteou n\u00e3o apenas a compensa\u00e7\u00e3o pelo abalo emocional, mas tamb\u00e9m a devolu\u00e7\u00e3o das mensalidades pagas ao longo do per\u00edodo cursado.<\/p>\n<p data-path-to-node=\"6\">Em primeira inst\u00e2ncia, o juiz havia fixado a indeniza\u00e7\u00e3o em um valor menor. Contudo, ambas as partes recorreram da decis\u00e3o. A institui\u00e7\u00e3o de ensino argumentou que possui autonomia administrativa e pedag\u00f3gica para decidir sobre a manuten\u00e7\u00e3o de seus cursos, enquanto a aluna buscou a majora\u00e7\u00e3o da quantia e o ressarcimento financeiro dos valores investidos na faculdade.<\/p>\n<h3 data-path-to-node=\"7\">Decis\u00e3o do TJMG sobre autonomia e boa-f\u00e9<\/h3>\n<p data-path-to-node=\"8\">Ao analisar o recurso, o relator do caso destacou que, embora as institui\u00e7\u00f5es de ensino superior gozem de autonomia para criar ou extinguir cursos, essa prerrogativa n\u00e3o \u00e9 absoluta. De acordo com o entendimento do magistrado, as faculdades t\u00eam o dever de garantir a formatura dos alunos que j\u00e1 est\u00e3o matriculados ou, no m\u00ednimo, oferecer alternativas vi\u00e1veis e comunica\u00e7\u00f5es pr\u00e9vias adequadas que n\u00e3o prejudiquem o corpo discente.<\/p>\n<blockquote>\n<p data-path-to-node=\"9\">&#8220;A autonomia universit\u00e1ria n\u00e3o pode ser utilizada como escudo para lesar o consumidor. A partir do momento em que se celebra um contrato de presta\u00e7\u00e3o de servi\u00e7os educacionais, cria-se uma leg\u00edtima expectativa de conclus\u00e3o daquela etapa&#8221;, pontuou a decis\u00e3o. O colegiado considerou que a situa\u00e7\u00e3o vivenciada pela aluna ultrapassou o &#8220;mero aborrecimento&#8221;, configurando dano moral pass\u00edvel de repara\u00e7\u00e3o mais expressiva.<\/p>\n<\/blockquote>\n<h3 data-path-to-node=\"10\">Mensalidades e aproveitamento de estudos<\/h3>\n<p data-path-to-node=\"11\">Um ponto importante da senten\u00e7a mantido pelo TJMG foi o indeferimento do pedido de devolu\u00e7\u00e3o das mensalidades. Os desembargadores Shirley Fenzi Bert\u00e3o e Rui de Almeida Magalh\u00e3es, que acompanharam o voto do relator, entenderam que as aulas foram efetivamente ministradas durante o per\u00edodo em que o curso esteve ativo.<\/p>\n<p data-path-to-node=\"12\">Como a aluna p\u00f4de aproveitar as disciplinas j\u00e1 cursadas em outra institui\u00e7\u00e3o de ensino, a justi\u00e7a considerou que o servi\u00e7o foi prestado at\u00e9 o momento da interrup\u00e7\u00e3o. Determinar a restitui\u00e7\u00e3o total dos valores, segundo o entendimento jur\u00eddico, poderia causar um enriquecimento il\u00edcito, uma vez que o conhecimento e os cr\u00e9ditos acad\u00eamicos foram adquiridos pela estudante.<\/p>\n<h3 data-path-to-node=\"13\">Direitos do consumidor na educa\u00e7\u00e3o<\/h3>\n<p data-path-to-node=\"14\">Este caso serve como um importante precedente para estudantes que enfrentam situa\u00e7\u00f5es semelhantes. Especialistas em direito do consumidor refor\u00e7am que a transpar\u00eancia \u00e9 um pilar fundamental nas rela\u00e7\u00f5es entre alunos e faculdades. A falta de aviso pr\u00e9vio e a aus\u00eancia de um plano de transi\u00e7\u00e3o para os estudantes s\u00e3o os principais fatores que levam \u00e0 condena\u00e7\u00e3o das institui\u00e7\u00f5es de ensino.<\/p>\n<p data-path-to-node=\"15\">A decis\u00e3o refor\u00e7a que o descumprimento do dever de colabora\u00e7\u00e3o e de informa\u00e7\u00e3o gera responsabilidade civil. O processo tramitou sob o n\u00famero 1.0000.25.419110-9\/001 e a decis\u00e3o final buscou equilibrar o respeito \u00e0 autonomia das entidades de ensino com a prote\u00e7\u00e3o indispens\u00e1vel aos direitos dos alunos.<\/p>\n<p data-path-to-node=\"16\">\n<\/div>\n","protected":false},"excerpt":{"rendered":"Decis\u00e3o do TJMG eleva indeniza\u00e7\u00e3o por danos morais para estudante que teve gradua\u00e7\u00e3o interrompida antes da formatura A 11\u00aa C\u00e2mara C\u00edvel do Tribunal de Justi\u00e7a [&hellip;]","protected":false},"author":1,"featured_media":7765,"comment_status":"closed","ping_status":"closed","sticky":false,"template":"","format":"standard","meta":{"episode_type":"audio","audio_file":"","podmotor_file_id":"","podmotor_episode_id":"","cover_image":"","cover_image_id":"","duration":"","filesize":"","filesize_raw":"","date_recorded":"","explicit":"","block":"","_jetpack_newsletter_access":"","_jetpack_dont_email_post_to_subs":false,"_jetpack_newsletter_tier_id":0,"_jetpack_memberships_contains_paywalled_content":false,"_jetpack_feature_clip_id":0,"_jetpack_memberships_contains_paid_content":false,"footnotes":"","jetpack_post_was_ever_published":false},"categories":[54],"tags":[374,2237,2235,2236],"series":[1406],"class_list":["post-7764","post","type-post","status-publish","format-standard","has-post-thumbnail","hentry","category-dia-a-dia","tag-comunidadeemacao","tag-cursoradiologia","tag-faculadadeindenizacao","tag-radiologia","series-comunidade-em-acao"],"episode_featured_image":"https:\/\/comunidadeemacao.com.br\/site\/wp-content\/uploads\/2026\/03\/unnamed-6.jpg","episode_player_image":"https:\/\/i0.wp.com\/comunidadeemacao.com.br\/site\/wp-content\/uploads\/2025\/07\/Logo-Fala-Zona-Norte-1400-pix1.jpg?fit=1400%2C1400&ssl=1","download_link":"","player_link":"","audio_player":false,"episode_data":{"playerMode":"light","subscribeUrls":{"youtube":{"key":"youtube","url":"https:\/\/www.youtube.com\/@znbhplay\/podcasts","label":"YouTube","class":"youtube","icon":"youtube.png"}},"rssFeedUrl":"https:\/\/comunidadeemacao.com.br\/site\/feed\/podcast\/comunidade-em-acao","embedCode":"<blockquote class=\"wp-embedded-content\" data-secret=\"R9FhlNtxoW\"><a href=\"https:\/\/comunidadeemacao.com.br\/site\/faculdade-deve-indenizar-aluna-apos-encerrar-curso-de-radiologia-em-mg\/\">Faculdade deve indenizar aluna ap\u00f3s encerrar curso de radiologia em MG<\/a><\/blockquote><iframe sandbox=\"allow-scripts\" security=\"restricted\" src=\"https:\/\/comunidadeemacao.com.br\/site\/faculdade-deve-indenizar-aluna-apos-encerrar-curso-de-radiologia-em-mg\/embed\/#?secret=R9FhlNtxoW\" width=\"500\" height=\"350\" title=\"&#8220;Faculdade deve indenizar aluna ap\u00f3s encerrar curso de radiologia em MG&#8221; &#8212; COMUNIDADE EM A\u00c7\u00c3O\" data-secret=\"R9FhlNtxoW\" frameborder=\"0\" marginwidth=\"0\" marginheight=\"0\" scrolling=\"no\" class=\"wp-embedded-content\"><\/iframe><script>\n\/*! This file is auto-generated *\/\n!function(d,l){\"use strict\";l.querySelector&&d.addEventListener&&\"undefined\"!=typeof URL&&(d.wp=d.wp||{},d.wp.receiveEmbedMessage||(d.wp.receiveEmbedMessage=function(e){var t=e.data;if((t||t.secret||t.message||t.value)&&!\/[^a-zA-Z0-9]\/.test(t.secret)){for(var s,r,n,a=l.querySelectorAll('iframe[data-secret=\"'+t.secret+'\"]'),o=l.querySelectorAll('blockquote[data-secret=\"'+t.secret+'\"]'),c=new RegExp(\"^https?:$\",\"i\"),i=0;i<o.length;i++)o[i].style.display=\"none\";for(i=0;i<a.length;i++)s=a[i],e.source===s.contentWindow&&(s.removeAttribute(\"style\"),\"height\"===t.message?(1e3<(r=parseInt(t.value,10))?r=1e3:~~r<200&&(r=200),s.height=r):\"link\"===t.message&&(r=new URL(s.getAttribute(\"src\")),n=new URL(t.value),c.test(n.protocol))&&n.host===r.host&&l.activeElement===s&&(d.top.location.href=t.value))}},d.addEventListener(\"message\",d.wp.receiveEmbedMessage,!1),l.addEventListener(\"DOMContentLoaded\",function(){for(var e,t,s=l.querySelectorAll(\"iframe.wp-embedded-content\"),r=0;r<s.length;r++)(t=(e=s[r]).getAttribute(\"data-secret\"))||(t=Math.random().toString(36).substring(2,12),e.src+=\"#?secret=\"+t,e.setAttribute(\"data-secret\",t)),e.contentWindow.postMessage({message:\"ready\",secret:t},\"*\")},!1)))}(window,document);\n\/\/# sourceURL=https:\/\/comunidadeemacao.com.br\/site\/wp-includes\/js\/wp-embed.min.js\n<\/script>\n"},"jetpack_sharing_enabled":true,"jetpack_likes_enabled":true,"jetpack-related-posts":[{"id":5670,"url":"https:\/\/comunidadeemacao.com.br\/site\/pitagoras-e-condenada-por-atraso-em-certificado-de-pos-justica-determina-indenizacao-por-danos-morais\/","url_meta":{"origin":7764,"position":0},"title":"Pit\u00e1goras \u00e9 Condenada por Atraso em Certificado de P\u00f3s: Justi\u00e7a Determina Indeniza\u00e7\u00e3o por Danos Morais","author":"Marcos Silva","date":"8 de agosto de 2025","format":false,"excerpt":"Justi\u00e7a confirma condena\u00e7\u00e3o da faculdade Pit\u00e1goras por atraso de 3 anos na emiss\u00e3o de certificado de p\u00f3s-gradua\u00e7\u00e3o. Estudante ser\u00e1 indenizada em R$ 6 mil por danos morais, ap\u00f3s ter sua carreira profissional prejudicada. Entenda o caso. A 18\u00aa C\u00e2mara C\u00edvel do Tribunal de Justi\u00e7a de Minas Gerais (TJMG) manteve a\u2026","rel":"","context":"Em &quot;Dia A Dia&quot;","block_context":{"text":"Dia A Dia","link":"https:\/\/comunidadeemacao.com.br\/site\/category\/dia-a-dia\/"},"img":{"alt_text":"Atraso na emiss\u00e3o de certificado de p\u00f3s-gradua\u00e7\u00e3o prejudicou estudante Imagem ilustrativa | BHZ Comunica\u00e7\u00e3o","src":"https:\/\/i0.wp.com\/comunidadeemacao.com.br\/site\/wp-content\/uploads\/2025\/08\/Tribunal-de-Justica-IA.jpg?fit=1024%2C1024&ssl=1&resize=350%2C200","width":350,"height":200,"srcset":"https:\/\/i0.wp.com\/comunidadeemacao.com.br\/site\/wp-content\/uploads\/2025\/08\/Tribunal-de-Justica-IA.jpg?fit=1024%2C1024&ssl=1&resize=350%2C200 1x, https:\/\/i0.wp.com\/comunidadeemacao.com.br\/site\/wp-content\/uploads\/2025\/08\/Tribunal-de-Justica-IA.jpg?fit=1024%2C1024&ssl=1&resize=525%2C300 1.5x, https:\/\/i0.wp.com\/comunidadeemacao.com.br\/site\/wp-content\/uploads\/2025\/08\/Tribunal-de-Justica-IA.jpg?fit=1024%2C1024&ssl=1&resize=700%2C400 2x"},"classes":[]},{"id":6700,"url":"https:\/\/comunidadeemacao.com.br\/site\/ofensas-em-grupo-de-aplicativo-geram-indenizacao-maior-por-danos-morais-em-minas-gerais\/","url_meta":{"origin":7764,"position":1},"title":"Ofensas em grupo de aplicativo geram indeniza\u00e7\u00e3o maior por danos morais em Minas Gerais","author":"Marcos Silva","date":"24 de dezembro de 2025","format":"quote","excerpt":"Decis\u00e3o da 17\u00aa C\u00e2mara C\u00edvel do TJMG eleva valor ap\u00f3s ataques \u00e0 honra em aplicativo demensagens A 17\u00aa C\u00e2mara C\u00edvel do Tribunal de Justi\u00e7a de Minas Gerais (TJMG) decidiu, de forma un\u00e2nime, aumentar o valor da indeniza\u00e7\u00e3o por danos morais devida a um vendedor aut\u00f4nomo que foi alvo de ofensas\u2026","rel":"","context":"Em &quot;Dia A Dia&quot;","block_context":{"text":"Dia A Dia","link":"https:\/\/comunidadeemacao.com.br\/site\/category\/dia-a-dia\/"},"img":{"alt_text":"","src":"https:\/\/i0.wp.com\/comunidadeemacao.com.br\/site\/wp-content\/uploads\/2025\/12\/Ofencas-Zap.jpg?fit=1000%2C667&ssl=1&resize=350%2C200","width":350,"height":200,"srcset":"https:\/\/i0.wp.com\/comunidadeemacao.com.br\/site\/wp-content\/uploads\/2025\/12\/Ofencas-Zap.jpg?fit=1000%2C667&ssl=1&resize=350%2C200 1x, https:\/\/i0.wp.com\/comunidadeemacao.com.br\/site\/wp-content\/uploads\/2025\/12\/Ofencas-Zap.jpg?fit=1000%2C667&ssl=1&resize=525%2C300 1.5x, https:\/\/i0.wp.com\/comunidadeemacao.com.br\/site\/wp-content\/uploads\/2025\/12\/Ofencas-Zap.jpg?fit=1000%2C667&ssl=1&resize=700%2C400 2x"},"classes":[]},{"id":5534,"url":"https:\/\/comunidadeemacao.com.br\/site\/dentista-e-clinica-odontologica-condenadas-por-morte-apos-cirurgia-justica-de-mg-mantem-indenizacao-de-r-70-mil\/","url_meta":{"origin":7764,"position":2},"title":"Dentista e Cl\u00ednica Odontol\u00f3gica Condenadas por Morte Ap\u00f3s Cirurgia: Justi\u00e7a de MG Mant\u00e9m Indeniza\u00e7\u00e3o de R$ 70 Mil","author":"Marcos Silva","date":"22 de julho de 2025","format":false,"excerpt":"A 11\u00aa C\u00e2mara C\u00edvel do Tribunal de Justi\u00e7a de Minas Gerais (TJMG) manteve a condena\u00e7\u00e3o de uma dentista e de uma cl\u00ednica odontol\u00f3gica de Minas Gerais pela morte de uma jovem de 25 anos, ocorrida ap\u00f3s uma cirurgia de extra\u00e7\u00e3o dent\u00e1ria. A decis\u00e3o obriga ambas a indenizarem a m\u00e3e da\u2026","rel":"","context":"Em &quot;Cidade&quot;","block_context":{"text":"Cidade","link":"https:\/\/comunidadeemacao.com.br\/site\/category\/cidade\/"},"img":{"alt_text":"Dentista e Cl\u00ednica Odontol\u00f3gica Condenadas por Morte Ap\u00f3s Cirurgia:","src":"https:\/\/i0.wp.com\/comunidadeemacao.com.br\/site\/wp-content\/uploads\/2025\/07\/ChatGPT-Image-20-de-jul.-de-2025-11_52_43.jpg?fit=1024%2C1024&ssl=1&resize=350%2C200","width":350,"height":200,"srcset":"https:\/\/i0.wp.com\/comunidadeemacao.com.br\/site\/wp-content\/uploads\/2025\/07\/ChatGPT-Image-20-de-jul.-de-2025-11_52_43.jpg?fit=1024%2C1024&ssl=1&resize=350%2C200 1x, https:\/\/i0.wp.com\/comunidadeemacao.com.br\/site\/wp-content\/uploads\/2025\/07\/ChatGPT-Image-20-de-jul.-de-2025-11_52_43.jpg?fit=1024%2C1024&ssl=1&resize=525%2C300 1.5x, https:\/\/i0.wp.com\/comunidadeemacao.com.br\/site\/wp-content\/uploads\/2025\/07\/ChatGPT-Image-20-de-jul.-de-2025-11_52_43.jpg?fit=1024%2C1024&ssl=1&resize=700%2C400 2x"},"classes":[]},{"id":9378,"url":"https:\/\/comunidadeemacao.com.br\/site\/indenizacao-por-cirurgias-plasticas-justica-confirma-condenacao-de-medico-e-clinica-em-mg\/","url_meta":{"origin":7764,"position":3},"title":"Indeniza\u00e7\u00e3o por cirurgias pl\u00e1sticas: Justi\u00e7a confirma condena\u00e7\u00e3o de m\u00e9dico e cl\u00ednica em MG","author":"Marcos Silva","date":"9 de julho de 2026","format":false,"excerpt":"Decis\u00e3o do TJMG reconhece culpa concorrente da paciente por manter o tabagismo, mas responsabiliza m\u00e9dico e cl\u00ednica pelas complica\u00e7\u00f5es ap\u00f3s procedimentos est\u00e9ticos A Justi\u00e7a de Minas Gerais confirmou a condena\u00e7\u00e3o de um m\u00e9dico e de uma cl\u00ednica de Uberl\u00e2ndia, no Tri\u00e2ngulo Mineiro, ao pagamento de indeniza\u00e7\u00e3o a uma paciente que\u2026","rel":"","context":"Em &quot;Dia A Dia&quot;","block_context":{"text":"Dia A Dia","link":"https:\/\/comunidadeemacao.com.br\/site\/category\/dia-a-dia\/"},"img":{"alt_text":"Justi\u00e7a reconheceu culpa concorrente, j\u00e1 que a mulher n\u00e3o manteve o tabagismo","src":"https:\/\/i0.wp.com\/comunidadeemacao.com.br\/site\/wp-content\/uploads\/2026\/07\/unnamed-16.jpg?fit=1000%2C667&ssl=1&resize=350%2C200","width":350,"height":200,"srcset":"https:\/\/i0.wp.com\/comunidadeemacao.com.br\/site\/wp-content\/uploads\/2026\/07\/unnamed-16.jpg?fit=1000%2C667&ssl=1&resize=350%2C200 1x, https:\/\/i0.wp.com\/comunidadeemacao.com.br\/site\/wp-content\/uploads\/2026\/07\/unnamed-16.jpg?fit=1000%2C667&ssl=1&resize=525%2C300 1.5x, https:\/\/i0.wp.com\/comunidadeemacao.com.br\/site\/wp-content\/uploads\/2026\/07\/unnamed-16.jpg?fit=1000%2C667&ssl=1&resize=700%2C400 2x"},"classes":[]},{"id":9086,"url":"https:\/\/comunidadeemacao.com.br\/site\/pe-diabetico-tjmg-confirma-indenizacao-apos-paciente-ter-perna-amputada-em-belo-horizonte\/","url_meta":{"origin":7764,"position":4},"title":"P\u00e9 diab\u00e9tico: TJMG confirma indeniza\u00e7\u00e3o ap\u00f3s paciente ter perna amputada em Belo Horizonte","author":"Marcos Silva","date":"24 de junho de 2026","format":false,"excerpt":"O Tribunal de Justi\u00e7a de Minas Gerais (TJMG) manteve a condena\u00e7\u00e3o do Munic\u00edpio de Belo Horizonte ao pagamento de indeniza\u00e7\u00e3o a um pedreiro que teve a perna esquerda amputada ap\u00f3s falhas no atendimento prestado por um Centro de Sa\u00fade da rede p\u00fablica. A decis\u00e3o da 3\u00aa C\u00e2mara C\u00edvel confirmou o\u2026","rel":"","context":"Em &quot;Not\u00edcias&quot;","block_context":{"text":"Not\u00edcias","link":"https:\/\/comunidadeemacao.com.br\/site\/category\/noticiasdacomunidaede\/"},"img":{"alt_text":"P\u00e9 diabetico","src":"https:\/\/i0.wp.com\/comunidadeemacao.com.br\/site\/wp-content\/uploads\/2026\/06\/Pe-diabetico.jpg?fit=1000%2C667&ssl=1&resize=350%2C200","width":350,"height":200,"srcset":"https:\/\/i0.wp.com\/comunidadeemacao.com.br\/site\/wp-content\/uploads\/2026\/06\/Pe-diabetico.jpg?fit=1000%2C667&ssl=1&resize=350%2C200 1x, https:\/\/i0.wp.com\/comunidadeemacao.com.br\/site\/wp-content\/uploads\/2026\/06\/Pe-diabetico.jpg?fit=1000%2C667&ssl=1&resize=525%2C300 1.5x, https:\/\/i0.wp.com\/comunidadeemacao.com.br\/site\/wp-content\/uploads\/2026\/06\/Pe-diabetico.jpg?fit=1000%2C667&ssl=1&resize=700%2C400 2x"},"classes":[]},{"id":10029,"url":"https:\/\/comunidadeemacao.com.br\/site\/condominio-deve-indenizar-moradora-apos-cao-de-rua-atacar-pet\/","url_meta":{"origin":7764,"position":5},"title":"Condom\u00ednio deve indenizar moradora ap\u00f3s c\u00e3o de rua atacar pet","author":"Marcos Silva","date":"13 de agosto de 2026","format":false,"excerpt":"TJMG manteve condena\u00e7\u00e3o por falha na vigil\u00e2ncia e reconheceu responsabilidade do pr\u00e9dio em risco conhecido O condom\u00ednio deve indenizar uma moradora que teve o c\u00e3o de estima\u00e7\u00e3o atacado por um cachorro de rua nas \u00e1reas comuns do pr\u00e9dio, em Contagem, na Regi\u00e3o Metropolitana de Belo Horizonte. A decis\u00e3o foi mantida\u2026","rel":"","context":"Em &quot;Dia A Dia&quot;","block_context":{"text":"Dia A Dia","link":"https:\/\/comunidadeemacao.com.br\/site\/category\/dia-a-dia\/"},"img":{"alt_text":"Condom\u00ednio deve indenizar moradora que teve o pet atacado por c\u00e3o de rua","src":"https:\/\/i0.wp.com\/comunidadeemacao.com.br\/site\/wp-content\/uploads\/2026\/08\/unnamed-4.png?fit=1000%2C671&ssl=1&resize=350%2C200","width":350,"height":200,"srcset":"https:\/\/i0.wp.com\/comunidadeemacao.com.br\/site\/wp-content\/uploads\/2026\/08\/unnamed-4.png?fit=1000%2C671&ssl=1&resize=350%2C200 1x, https:\/\/i0.wp.com\/comunidadeemacao.com.br\/site\/wp-content\/uploads\/2026\/08\/unnamed-4.png?fit=1000%2C671&ssl=1&resize=525%2C300 1.5x, https:\/\/i0.wp.com\/comunidadeemacao.com.br\/site\/wp-content\/uploads\/2026\/08\/unnamed-4.png?fit=1000%2C671&ssl=1&resize=700%2C400 2x"},"classes":[]}],"jetpack_featured_media_url":"https:\/\/i0.wp.com\/comunidadeemacao.com.br\/site\/wp-content\/uploads\/2026\/03\/unnamed-6.jpg?fit=1000%2C667&ssl=1","_links":{"self":[{"href":"https:\/\/comunidadeemacao.com.br\/site\/wp-json\/wp\/v2\/posts\/7764","targetHints":{"allow":["GET"]}}],"collection":[{"href":"https:\/\/comunidadeemacao.com.br\/site\/wp-json\/wp\/v2\/posts"}],"about":[{"href":"https:\/\/comunidadeemacao.com.br\/site\/wp-json\/wp\/v2\/types\/post"}],"author":[{"embeddable":true,"href":"https:\/\/comunidadeemacao.com.br\/site\/wp-json\/wp\/v2\/users\/1"}],"replies":[{"embeddable":true,"href":"https:\/\/comunidadeemacao.com.br\/site\/wp-json\/wp\/v2\/comments?post=7764"}],"version-history":[{"count":3,"href":"https:\/\/comunidadeemacao.com.br\/site\/wp-json\/wp\/v2\/posts\/7764\/revisions"}],"predecessor-version":[{"id":7768,"href":"https:\/\/comunidadeemacao.com.br\/site\/wp-json\/wp\/v2\/posts\/7764\/revisions\/7768"}],"wp:featuredmedia":[{"embeddable":true,"href":"https:\/\/comunidadeemacao.com.br\/site\/wp-json\/wp\/v2\/media\/7765"}],"wp:attachment":[{"href":"https:\/\/comunidadeemacao.com.br\/site\/wp-json\/wp\/v2\/media?parent=7764"}],"wp:term":[{"taxonomy":"category","embeddable":true,"href":"https:\/\/comunidadeemacao.com.br\/site\/wp-json\/wp\/v2\/categories?post=7764"},{"taxonomy":"post_tag","embeddable":true,"href":"https:\/\/comunidadeemacao.com.br\/site\/wp-json\/wp\/v2\/tags?post=7764"},{"taxonomy":"series","embeddable":true,"href":"https:\/\/comunidadeemacao.com.br\/site\/wp-json\/wp\/v2\/series?post=7764"}],"curies":[{"name":"wp","href":"https:\/\/api.w.org\/{rel}","templated":true}]}}