{"id":7498,"date":"2026-02-26T09:35:39","date_gmt":"2026-02-26T12:35:39","guid":{"rendered":"https:\/\/comunidadeemacao.com.br\/site\/?p=7498"},"modified":"2026-02-25T19:46:47","modified_gmt":"2026-02-25T22:46:47","slug":"tribunal-de-justica-de-minas-gerais-ordena-prisao-de-acusado-de-estupro-de-menor","status":"publish","type":"post","link":"https:\/\/comunidadeemacao.com.br\/site\/tribunal-de-justica-de-minas-gerais-ordena-prisao-de-acusado-de-estupro-de-menor\/","title":{"rendered":"Tribunal de Justi\u00e7a de Minas Gerais ordena pris\u00e3o de acusado de estupro de menor"},"content":{"rendered":"\r\n<h2 class=\"wp-block-heading\">Decis\u00e3o judicial reverte absolvi\u00e7\u00e3o anterior<\/h2>\r\n\r\n\r\n\r\n<p class=\"wp-block-paragraph\">O Tribunal de Justi\u00e7a de Minas Gerais (TJMG) ordenou a pris\u00e3o de um homem de 35 anos, acusado de estuprar uma menina de 12 anos. A decis\u00e3o foi tomada ap\u00f3s o Minist\u00e9rio P\u00fablico apresentar embargos de declara\u00e7\u00e3o, resultando na restaura\u00e7\u00e3o da condena\u00e7\u00e3o do r\u00e9u pelo crime de estupro de vulner\u00e1vel. A ordem de pris\u00e3o tamb\u00e9m se estende \u00e0 m\u00e3e da adolescente, que foi acusada de coniv\u00eancia com o crime.<\/p>\r\n\r\n\r\n\r\n<p class=\"wp-block-paragraph\">O caso foi avaliado pelo desembargador Magid Nauef L\u00e1uar, da 9\u00aa C\u00e2mara Criminal do TJMG, que decidiu reverter a senten\u00e7a de segunda inst\u00e2ncia. Anteriormente, essa decis\u00e3o havia absolvido tanto o homem quanto a m\u00e3e da crian\u00e7a, sob a alega\u00e7\u00e3o de que existia um v\u00ednculo afetivo consensual entre o r\u00e9u e a adolescente.<\/p>\r\n\r\n\r\n\r\n<h2 class=\"wp-block-heading\">Relembre o caso<\/h2>\r\n\r\n\r\n\r\n<p class=\"wp-block-paragraph\">As investiga\u00e7\u00f5es iniciais revelaram que a menina, de apenas 12 anos, morava com o homem com a permiss\u00e3o da m\u00e3e. Ela havia deixado de frequentar a escola, e o acusado possu\u00eda antecedentes criminais, incluindo homic\u00eddio e tr\u00e1fico de drogas. Em 8 de abril de 2024, ele foi preso em flagrante na companhia da v\u00edtima, ocasi\u00e3o em que admitiu manter rela\u00e7\u00f5es sexuais com a adolescente.<\/p>\r\n\r\n\r\n\r\n<p class=\"wp-block-paragraph\">O julgamento em primeira inst\u00e2ncia resultou na condena\u00e7\u00e3o do homem e da m\u00e3e da v\u00edtima, ambos sentenciados pelo crime de estupro de vulner\u00e1vel. Entretanto, a 9\u00aa C\u00e2mara Criminal do TJMG absolveu inicialmente os r\u00e9us, alegando que havia um relacionamento consensual entre o homem e a menina, al\u00e9m do fato de ela j\u00e1 ter tido outras experi\u00eancias sexuais.<\/p>\r\n\r\n\r\n\r\n<h2 class=\"wp-block-heading\">Interpreta\u00e7\u00e3o do C\u00f3digo Penal e rea\u00e7\u00e3o do Minist\u00e9rio P\u00fablico<\/h2>\r\n\r\n\r\n\r\n<p class=\"wp-block-paragraph\">De acordo com o C\u00f3digo Penal brasileiro, qualquer conjun\u00e7\u00e3o carnal ou ato libidinoso com menores de 14 anos \u00e9 classificado como estupro de vulner\u00e1vel. Importante destacar que uma s\u00famula do Superior Tribunal de Justi\u00e7a (STJ) refor\u00e7a que o consentimento da v\u00edtima ou qualquer rela\u00e7\u00e3o afetiva n\u00e3o altera a caracteriza\u00e7\u00e3o do crime.<\/p>\r\n\r\n\r\n\r\n<p class=\"wp-block-paragraph\">Graciele de Rezende Almeida, coordenadora do Centro de Apoio Operacional das Promotorias de Justi\u00e7a de Defesa da Crian\u00e7a e do Adolescente (CAO-DCA), expressou al\u00edvio e satisfa\u00e7\u00e3o ao receber a not\u00edcia da reforma da decis\u00e3o.<\/p>\r\n<blockquote>\r\n<p>&#8216;A sociedade e os \u00f3rg\u00e3os de defesa dos direitos da crian\u00e7a e do adolescente uniram-se ao Minist\u00e9rio P\u00fablico em uma s\u00f3 voz, que foi ouvida pelo Poder Judici\u00e1rio&#8217;, declarou Almeida.<\/p>\r\n<\/blockquote>\r\n\r\n\r\n\r\n<h2 class=\"wp-block-heading\">Import\u00e2ncia da prote\u00e7\u00e3o de menores<\/h2>\r\n\r\n\r\n\r\n<p class=\"wp-block-paragraph\">A decis\u00e3o do TJMG foi vista como uma importante reafirma\u00e7\u00e3o do compromisso do sistema judici\u00e1rio brasileiro em proteger crian\u00e7as e adolescentes de abusos. A coordenadora Graciele de Rezende Almeida destacou que a sociedade brasileira se beneficiou com a reafirma\u00e7\u00e3o do dever de proteger os jovens contra abusos, viol\u00eancia e neglig\u00eancia, sempre com prioridade absoluta.<\/p>\r\n\r\n\r\n\r\n<p class=\"wp-block-paragraph\">A medida refor\u00e7a a responsabilidade do sistema judicial em garantir que os direitos das crian\u00e7as e adolescentes sejam respeitados e que os perpetuadores de crimes contra jovens sejam devidamente punidos.<\/p>\r\n\r\n\r\n\r\n<blockquote class=\"wp-block-quote is-layout-flow wp-block-quote-is-layout-flow\">\r\n<p><strong><em>Temos muito a celebrar. Ganha a sociedade brasileira que reafirma o dever de proteger crian\u00e7as e adolescentes contra qualquer forma de abuso, viol\u00eancia e neglig\u00eancia com prioridade absoluta.<\/em><\/strong><\/p>\r\n<\/blockquote>\r\n\r\n\r\n\r\n<p class=\"wp-block-paragraph\">&nbsp;<\/p>\r\n","protected":false},"excerpt":{"rendered":"Decis\u00e3o judicial reverte absolvi\u00e7\u00e3o anterior O Tribunal de Justi\u00e7a de Minas Gerais (TJMG) ordenou a pris\u00e3o de um homem de 35 anos, acusado de estuprar [&hellip;]","protected":false},"author":1,"featured_media":7499,"comment_status":"closed","ping_status":"closed","sticky":false,"template":"","format":"standard","meta":{"episode_type":"audio","audio_file":"","podmotor_file_id":"","podmotor_episode_id":"","cover_image":"","cover_image_id":"","duration":"","filesize":"","filesize_raw":"","date_recorded":"","explicit":"","block":"","_jetpack_newsletter_access":"","_jetpack_dont_email_post_to_subs":false,"_jetpack_newsletter_tier_id":0,"_jetpack_memberships_contains_paywalled_content":false,"_jetpack_feature_clip_id":0,"_jetpack_memberships_contains_paid_content":false,"footnotes":"","jetpack_post_was_ever_published":false},"categories":[57],"tags":[374,2144],"series":[1406],"class_list":["post-7498","post","type-post","status-publish","format-standard","has-post-thumbnail","hentry","category-cidade","tag-comunidadeemacao","tag-estuprodemenor","series-comunidade-em-acao"],"episode_featured_image":"https:\/\/comunidadeemacao.com.br\/site\/wp-content\/uploads\/2026\/02\/prisao_ameaca_deputadas_noticia1-1.webp","episode_player_image":"https:\/\/i0.wp.com\/comunidadeemacao.com.br\/site\/wp-content\/uploads\/2025\/07\/Logo-Fala-Zona-Norte-1400-pix1.jpg?fit=1400%2C1400&ssl=1","download_link":"","player_link":"","audio_player":false,"episode_data":{"playerMode":"light","subscribeUrls":{"youtube":{"key":"youtube","url":"https:\/\/www.youtube.com\/@znbhplay\/podcasts","label":"YouTube","class":"youtube","icon":"youtube.png"}},"rssFeedUrl":"https:\/\/comunidadeemacao.com.br\/site\/feed\/podcast\/comunidade-em-acao","embedCode":"<blockquote class=\"wp-embedded-content\" data-secret=\"oKJBPz5lCY\"><a href=\"https:\/\/comunidadeemacao.com.br\/site\/tribunal-de-justica-de-minas-gerais-ordena-prisao-de-acusado-de-estupro-de-menor\/\">Tribunal de Justi\u00e7a de Minas Gerais ordena pris\u00e3o de acusado de estupro de menor<\/a><\/blockquote><iframe sandbox=\"allow-scripts\" security=\"restricted\" src=\"https:\/\/comunidadeemacao.com.br\/site\/tribunal-de-justica-de-minas-gerais-ordena-prisao-de-acusado-de-estupro-de-menor\/embed\/#?secret=oKJBPz5lCY\" width=\"500\" height=\"350\" title=\"&#8220;Tribunal de Justi\u00e7a de Minas Gerais ordena pris\u00e3o de acusado de estupro de menor&#8221; &#8212; COMUNIDADE EM A\u00c7\u00c3O\" data-secret=\"oKJBPz5lCY\" frameborder=\"0\" marginwidth=\"0\" marginheight=\"0\" scrolling=\"no\" class=\"wp-embedded-content\"><\/iframe><script>\n\/*! This file is auto-generated *\/\n!function(d,l){\"use strict\";l.querySelector&&d.addEventListener&&\"undefined\"!=typeof URL&&(d.wp=d.wp||{},d.wp.receiveEmbedMessage||(d.wp.receiveEmbedMessage=function(e){var t=e.data;if((t||t.secret||t.message||t.value)&&!\/[^a-zA-Z0-9]\/.test(t.secret)){for(var s,r,n,a=l.querySelectorAll('iframe[data-secret=\"'+t.secret+'\"]'),o=l.querySelectorAll('blockquote[data-secret=\"'+t.secret+'\"]'),c=new RegExp(\"^https?:$\",\"i\"),i=0;i<o.length;i++)o[i].style.display=\"none\";for(i=0;i<a.length;i++)s=a[i],e.source===s.contentWindow&&(s.removeAttribute(\"style\"),\"height\"===t.message?(1e3<(r=parseInt(t.value,10))?r=1e3:~~r<200&&(r=200),s.height=r):\"link\"===t.message&&(r=new URL(s.getAttribute(\"src\")),n=new URL(t.value),c.test(n.protocol))&&n.host===r.host&&l.activeElement===s&&(d.top.location.href=t.value))}},d.addEventListener(\"message\",d.wp.receiveEmbedMessage,!1),l.addEventListener(\"DOMContentLoaded\",function(){for(var e,t,s=l.querySelectorAll(\"iframe.wp-embedded-content\"),r=0;r<s.length;r++)(t=(e=s[r]).getAttribute(\"data-secret\"))||(t=Math.random().toString(36).substring(2,12),e.src+=\"#?secret=\"+t,e.setAttribute(\"data-secret\",t)),e.contentWindow.postMessage({message:\"ready\",secret:t},\"*\")},!1)))}(window,document);\n\/\/# sourceURL=https:\/\/comunidadeemacao.com.br\/site\/wp-includes\/js\/wp-embed.min.js\n<\/script>\n"},"jetpack_sharing_enabled":true,"jetpack_likes_enabled":true,"jetpack-related-posts":[{"id":7460,"url":"https:\/\/comunidadeemacao.com.br\/site\/conselheiros-tutelares-de-bh-consideram-inadmissivel-absolvicao-em-caso-de-estupro-de-vulneravel\/","url_meta":{"origin":7498,"position":0},"title":"Conselheiros Tutelares de BH Consideram &#8216;Inadmiss\u00edvel&#8217; Absolvi\u00e7\u00e3o em Caso de Estupro de Vulner\u00e1vel","author":"Marcos Silva","date":"22 de fevereiro de 2026","format":false,"excerpt":"Conselheiros Criticam Absolvi\u00e7\u00e3o de Acusado de Estupro A recente decis\u00e3o do Tribunal de Justi\u00e7a de Minas Gerais (TJMG), que absolveu um homem de 35 anos acusado de estupro de vulner\u00e1vel, causou uma enxurrada de cr\u00edticas por parte dos conselheiros tutelares de Belo Horizonte. O caso envolve uma adolescente de apenas\u2026","rel":"","context":"Em &quot;Dia A Dia&quot;","block_context":{"text":"Dia A Dia","link":"https:\/\/comunidadeemacao.com.br\/site\/category\/dia-a-dia\/"},"img":{"alt_text":"Fachada-sede-TJMG","src":"https:\/\/i0.wp.com\/comunidadeemacao.com.br\/site\/wp-content\/uploads\/2026\/02\/Not-Fachada-sede-TJMG4.jpg?fit=1000%2C667&ssl=1&resize=350%2C200","width":350,"height":200,"srcset":"https:\/\/i0.wp.com\/comunidadeemacao.com.br\/site\/wp-content\/uploads\/2026\/02\/Not-Fachada-sede-TJMG4.jpg?fit=1000%2C667&ssl=1&resize=350%2C200 1x, https:\/\/i0.wp.com\/comunidadeemacao.com.br\/site\/wp-content\/uploads\/2026\/02\/Not-Fachada-sede-TJMG4.jpg?fit=1000%2C667&ssl=1&resize=525%2C300 1.5x, https:\/\/i0.wp.com\/comunidadeemacao.com.br\/site\/wp-content\/uploads\/2026\/02\/Not-Fachada-sede-TJMG4.jpg?fit=1000%2C667&ssl=1&resize=700%2C400 2x"},"classes":[]},{"id":9251,"url":"https:\/\/comunidadeemacao.com.br\/site\/homem-que-matou-meia-irma-e-escondeu-corpo-em-cisterna-e-condenado-a-20-anos-de-prisao-em-bh\/","url_meta":{"origin":7498,"position":1},"title":"Homem que matou meia-irm\u00e3 e escondeu corpo em cisterna \u00e9 condenado a 20 anos de pris\u00e3o em BH","author":"Marcos Silva","date":"2 de julho de 2026","format":false,"excerpt":"Condena\u00e7\u00e3o por homic\u00eddio qualificado e oculta\u00e7\u00e3o de cad\u00e1ver encerra julgamento de um dos acusados do crime ocorrido no bairro Candel\u00e1ria, em Venda Nova, enquanto processos de outras denunciadas seguem em andamento. O homem que matou a meia-irm\u00e3 e escondeu o corpo em uma cisterna foi condenado a 20 anos de\u2026","rel":"","context":"Em &quot;Not\u00edcias&quot;","block_context":{"text":"Not\u00edcias","link":"https:\/\/comunidadeemacao.com.br\/site\/category\/noticiasdacomunidaede\/"},"img":{"alt_text":"Em plen\u00e1rio, o r\u00e9u confessou ter matado a mulher e admitiu que escondeu o corpo em uma cisterna (Cr\u00e9dito: Bel Ferraz \/ TJMG)","src":"https:\/\/i0.wp.com\/comunidadeemacao.com.br\/site\/wp-content\/uploads\/2026\/07\/TJMG-unnamed-16.jpg?fit=1000%2C666&ssl=1&resize=350%2C200","width":350,"height":200,"srcset":"https:\/\/i0.wp.com\/comunidadeemacao.com.br\/site\/wp-content\/uploads\/2026\/07\/TJMG-unnamed-16.jpg?fit=1000%2C666&ssl=1&resize=350%2C200 1x, https:\/\/i0.wp.com\/comunidadeemacao.com.br\/site\/wp-content\/uploads\/2026\/07\/TJMG-unnamed-16.jpg?fit=1000%2C666&ssl=1&resize=525%2C300 1.5x, https:\/\/i0.wp.com\/comunidadeemacao.com.br\/site\/wp-content\/uploads\/2026\/07\/TJMG-unnamed-16.jpg?fit=1000%2C666&ssl=1&resize=700%2C400 2x"},"classes":[]},{"id":9934,"url":"https:\/\/comunidadeemacao.com.br\/site\/feminicidio-filho-e-condenado-a-48-anos-de-prisao-por-matar-a-propria-mae\/","url_meta":{"origin":7498,"position":2},"title":"Feminic\u00eddio: filho \u00e9 condenado a 48 anos de pris\u00e3o por matar a pr\u00f3pria m\u00e3e","author":"Marcos Silva","date":"7 de agosto de 2026","format":false,"excerpt":"Crime ocorreu em outubro de 2024, no bairro Silveira, em Belo Horizonte; r\u00e9u tinha medida protetiva contra ele Um homem foi condenado a 48 anos, um m\u00eas e 15 dias de pris\u00e3o pelo feminic\u00eddio da pr\u00f3pria m\u00e3e, morta a facadas no apartamento onde morava, no bairro Silveira, Regi\u00e3o Nordeste de\u2026","rel":"","context":"Em &quot;Dia A Dia&quot;","block_context":{"text":"Dia A Dia","link":"https:\/\/comunidadeemacao.com.br\/site\/category\/dia-a-dia\/"},"img":{"alt_text":"Jo\u00e3o Victor Silveira Vila\u00e7a foi julgado pelo 1\u00ba Tribunal do J\u00fari da Comarca de Belo Horizonte nesta quinta-feira (6\/8).","src":"https:\/\/i0.wp.com\/comunidadeemacao.com.br\/site\/wp-content\/uploads\/2026\/08\/unnamed-18.jpg?fit=1000%2C667&ssl=1&resize=350%2C200","width":350,"height":200,"srcset":"https:\/\/i0.wp.com\/comunidadeemacao.com.br\/site\/wp-content\/uploads\/2026\/08\/unnamed-18.jpg?fit=1000%2C667&ssl=1&resize=350%2C200 1x, https:\/\/i0.wp.com\/comunidadeemacao.com.br\/site\/wp-content\/uploads\/2026\/08\/unnamed-18.jpg?fit=1000%2C667&ssl=1&resize=525%2C300 1.5x, https:\/\/i0.wp.com\/comunidadeemacao.com.br\/site\/wp-content\/uploads\/2026\/08\/unnamed-18.jpg?fit=1000%2C667&ssl=1&resize=700%2C400 2x"},"classes":[]},{"id":10409,"url":"https:\/\/comunidadeemacao.com.br\/site\/lojas-de-bh-podem-abrir-no-feriado-de-7-de-setembro-confira-as-regras\/","url_meta":{"origin":7498,"position":3},"title":"Sargento vira r\u00e9u por feminic\u00eddio de capit\u00e3 da PM em Belo Horizonte","author":"Marcos Silva","date":"2 de setembro de 2026","format":false,"excerpt":"Justi\u00e7a aceita den\u00fancia contra Eduardo Abner e mant\u00e9m pris\u00e3o preventiva por crime ocorrido em apartamento do casal A Justi\u00e7a aceitou a den\u00fancia contra o sargento Eduardo Abner Pereira de Oliveira, acusado de feminic\u00eddio contra uma capit\u00e3 da Pol\u00edcia Militar, e manteve a pris\u00e3o preventiva do r\u00e9u. A decis\u00e3o foi tomada\u2026","rel":"","context":"Em &quot;Cidade&quot;","block_context":{"text":"Cidade","link":"https:\/\/comunidadeemacao.com.br\/site\/category\/cidade\/"},"img":{"alt_text":"Sargento vira r\u00e9u por feminic\u00eddio de capit\u00e3 da PM em Belo Horizonte","src":"https:\/\/comunidadeemacao.com.br\/site\/wp-content\/uploads\/2026\/09\/blank-2-grids-collage-3-.avif","width":350,"height":200,"srcset":"https:\/\/comunidadeemacao.com.br\/site\/wp-content\/uploads\/2026\/09\/blank-2-grids-collage-3-.avif 1x, https:\/\/comunidadeemacao.com.br\/site\/wp-content\/uploads\/2026\/09\/blank-2-grids-collage-3-.avif 1.5x, https:\/\/comunidadeemacao.com.br\/site\/wp-content\/uploads\/2026\/09\/blank-2-grids-collage-3-.avif 2x"},"classes":[]},{"id":9181,"url":"https:\/\/comunidadeemacao.com.br\/site\/policial-penal-vai-a-juri-popular-por-feminicidio-da-namorada-em-bh\/","url_meta":{"origin":7498,"position":4},"title":"Policial penal vai a j\u00fari popular por feminic\u00eddio da namorada em BH","author":"Marcos Silva","date":"29 de junho de 2026","format":false,"excerpt":"O policial penal Rodrigo Caldas Fonseca ser\u00e1 submetido a j\u00fari popular pelo feminic\u00eddio da namorada, crime ocorrido em agosto de 2025, no bairro Padre Eust\u00e1quio, na regi\u00e3o Noroeste de Belo Horizonte. A decis\u00e3o foi proferida pela ju\u00edza Ana Carolina Rauen Lopes de Souza, do Tribunal do J\u00fari \u2013 1\u00ba Sumariante\u2026","rel":"","context":"Em &quot;Not\u00edcias&quot;","block_context":{"text":"Not\u00edcias","link":"https:\/\/comunidadeemacao.com.br\/site\/category\/noticiasdacomunidaede\/"},"img":{"alt_text":"Senten\u00e7a de pron\u00fancia \u00e9 da ju\u00edza Ana Carolina Rauen Lopes de Souza, do Tribunal do J\u00fari - 1\u00ba Sumariante de Belo Horizonte (Cr\u00e9dito: TJMG \/ Divulga\u00e7\u00e3o)","src":"https:\/\/i0.wp.com\/comunidadeemacao.com.br\/site\/wp-content\/uploads\/2026\/06\/unnamed-15.jpg?fit=1000%2C666&ssl=1&resize=350%2C200","width":350,"height":200,"srcset":"https:\/\/i0.wp.com\/comunidadeemacao.com.br\/site\/wp-content\/uploads\/2026\/06\/unnamed-15.jpg?fit=1000%2C666&ssl=1&resize=350%2C200 1x, https:\/\/i0.wp.com\/comunidadeemacao.com.br\/site\/wp-content\/uploads\/2026\/06\/unnamed-15.jpg?fit=1000%2C666&ssl=1&resize=525%2C300 1.5x, https:\/\/i0.wp.com\/comunidadeemacao.com.br\/site\/wp-content\/uploads\/2026\/06\/unnamed-15.jpg?fit=1000%2C666&ssl=1&resize=700%2C400 2x"},"classes":[]},{"id":8725,"url":"https:\/\/comunidadeemacao.com.br\/site\/homem-que-jogou-tijolo-de-viaduto-em-bh-vai-a-juri-popular-por-tentativa-de-homicidio\/","url_meta":{"origin":7498,"position":5},"title":"Homem que jogou tijolo de viaduto em BH vai a j\u00fari popular por tentativa de homic\u00eddio","author":"Marcos Silva","date":"31 de maio de 2026","format":false,"excerpt":"O homem acusado de arremessar um tijolo de concreto do alto de um viaduto em Belo Horizonte e atingir um carro ocupado por uma fam\u00edlia ser\u00e1 submetido a j\u00fari popular. A decis\u00e3o foi proferida pela ju\u00edza Ana Carolina Rauen Lopes de Souza, do Tribunal do J\u00fari \u2013 1\u00ba Sumariante da\u2026","rel":"","context":"Em &quot;Not\u00edcias&quot;","block_context":{"text":"Not\u00edcias","link":"https:\/\/comunidadeemacao.com.br\/site\/category\/noticiasdacomunidaede\/"},"img":{"alt_text":"Decis\u00e3o \u00e9 da ju\u00edza Ana Carolina Rauen Lopes de Souza, do Tribunal do J\u00fari - 1\u00ba Sumariante da comarca de Belo Horizonte (Cr\u00e9dito: Divulga\u00e7\u00e3o \/ TJMG)","src":"https:\/\/i0.wp.com\/comunidadeemacao.com.br\/site\/wp-content\/uploads\/2026\/05\/unnamed-9.jpg?fit=1000%2C667&ssl=1&resize=350%2C200","width":350,"height":200,"srcset":"https:\/\/i0.wp.com\/comunidadeemacao.com.br\/site\/wp-content\/uploads\/2026\/05\/unnamed-9.jpg?fit=1000%2C667&ssl=1&resize=350%2C200 1x, https:\/\/i0.wp.com\/comunidadeemacao.com.br\/site\/wp-content\/uploads\/2026\/05\/unnamed-9.jpg?fit=1000%2C667&ssl=1&resize=525%2C300 1.5x, https:\/\/i0.wp.com\/comunidadeemacao.com.br\/site\/wp-content\/uploads\/2026\/05\/unnamed-9.jpg?fit=1000%2C667&ssl=1&resize=700%2C400 2x"},"classes":[]}],"jetpack_featured_media_url":"https:\/\/i0.wp.com\/comunidadeemacao.com.br\/site\/wp-content\/uploads\/2026\/02\/prisao_ameaca_deputadas_noticia1-1.webp?fit=1170%2C700&ssl=1","_links":{"self":[{"href":"https:\/\/comunidadeemacao.com.br\/site\/wp-json\/wp\/v2\/posts\/7498","targetHints":{"allow":["GET"]}}],"collection":[{"href":"https:\/\/comunidadeemacao.com.br\/site\/wp-json\/wp\/v2\/posts"}],"about":[{"href":"https:\/\/comunidadeemacao.com.br\/site\/wp-json\/wp\/v2\/types\/post"}],"author":[{"embeddable":true,"href":"https:\/\/comunidadeemacao.com.br\/site\/wp-json\/wp\/v2\/users\/1"}],"replies":[{"embeddable":true,"href":"https:\/\/comunidadeemacao.com.br\/site\/wp-json\/wp\/v2\/comments?post=7498"}],"version-history":[{"count":1,"href":"https:\/\/comunidadeemacao.com.br\/site\/wp-json\/wp\/v2\/posts\/7498\/revisions"}],"predecessor-version":[{"id":7500,"href":"https:\/\/comunidadeemacao.com.br\/site\/wp-json\/wp\/v2\/posts\/7498\/revisions\/7500"}],"wp:featuredmedia":[{"embeddable":true,"href":"https:\/\/comunidadeemacao.com.br\/site\/wp-json\/wp\/v2\/media\/7499"}],"wp:attachment":[{"href":"https:\/\/comunidadeemacao.com.br\/site\/wp-json\/wp\/v2\/media?parent=7498"}],"wp:term":[{"taxonomy":"category","embeddable":true,"href":"https:\/\/comunidadeemacao.com.br\/site\/wp-json\/wp\/v2\/categories?post=7498"},{"taxonomy":"post_tag","embeddable":true,"href":"https:\/\/comunidadeemacao.com.br\/site\/wp-json\/wp\/v2\/tags?post=7498"},{"taxonomy":"series","embeddable":true,"href":"https:\/\/comunidadeemacao.com.br\/site\/wp-json\/wp\/v2\/series?post=7498"}],"curies":[{"name":"wp","href":"https:\/\/api.w.org\/{rel}","templated":true}]}}