{"id":5565,"date":"2025-07-25T09:00:35","date_gmt":"2025-07-25T12:00:35","guid":{"rendered":"https:\/\/comunidadeemacao.com.br\/site\/?p=5565"},"modified":"2025-07-25T09:00:35","modified_gmt":"2025-07-25T12:00:35","slug":"prefeitura-de-bh-abre-vagas-em-cursos-gratuitos-de-gastronomia-no-senac","status":"publish","type":"post","link":"https:\/\/comunidadeemacao.com.br\/site\/prefeitura-de-bh-abre-vagas-em-cursos-gratuitos-de-gastronomia-no-senac\/","title":{"rendered":"Prefeitura de BH abre vagas em cursos gratuitos de gastronomia no Senac"},"content":{"rendered":"<p>A Prefeitura de Belo Horizonte est\u00e1 com inscri\u00e7\u00f5es abertas para cursos gratuitos de gastronomia, uma oportunidade valiosa para quem deseja se capacitar no setor de alimenta\u00e7\u00e3o. A a\u00e7\u00e3o \u00e9 realizada pela Secretaria Municipal de Desenvolvimento Econ\u00f4mico, Trabalho e Rela\u00e7\u00f5es Internacionais, em parceria com o Senac Minas.<\/p>\n<p>S\u00e3o 100 vagas no total, distribu\u00eddas em cinco cursos diferentes, com 20 vagas para cada turma. As aulas acontecem na unidade do Senac Minas no Barro Preto, em Belo Horizonte.<\/p>\n<figure id=\"attachment_5567\" aria-describedby=\"caption-attachment-5567\" style=\"width: 402px\" class=\"wp-caption aligncenter\"><img data-recalc-dims=\"1\" fetchpriority=\"high\" decoding=\"async\" class=\" wp-image-5567\" src=\"https:\/\/i0.wp.com\/comunidadeemacao.com.br\/site\/wp-content\/uploads\/2025\/07\/Curso-de-Gastronomia-25-de-jul.-de-2025-08_40_58.jpg?resize=402%2C603&#038;ssl=1\" alt=\"Infogr\u00e1fico: BHZ Comunica\u00e7\u00e3o\" width=\"402\" height=\"603\" srcset=\"https:\/\/i0.wp.com\/comunidadeemacao.com.br\/site\/wp-content\/uploads\/2025\/07\/Curso-de-Gastronomia-25-de-jul.-de-2025-08_40_58.jpg?resize=200%2C300&amp;ssl=1 200w, https:\/\/i0.wp.com\/comunidadeemacao.com.br\/site\/wp-content\/uploads\/2025\/07\/Curso-de-Gastronomia-25-de-jul.-de-2025-08_40_58.jpg?resize=683%2C1024&amp;ssl=1 683w, https:\/\/i0.wp.com\/comunidadeemacao.com.br\/site\/wp-content\/uploads\/2025\/07\/Curso-de-Gastronomia-25-de-jul.-de-2025-08_40_58.jpg?resize=768%2C1152&amp;ssl=1 768w, https:\/\/i0.wp.com\/comunidadeemacao.com.br\/site\/wp-content\/uploads\/2025\/07\/Curso-de-Gastronomia-25-de-jul.-de-2025-08_40_58.jpg?resize=820%2C1230&amp;ssl=1 820w, https:\/\/i0.wp.com\/comunidadeemacao.com.br\/site\/wp-content\/uploads\/2025\/07\/Curso-de-Gastronomia-25-de-jul.-de-2025-08_40_58.jpg?resize=150%2C225&amp;ssl=1 150w, https:\/\/i0.wp.com\/comunidadeemacao.com.br\/site\/wp-content\/uploads\/2025\/07\/Curso-de-Gastronomia-25-de-jul.-de-2025-08_40_58.jpg?w=1024&amp;ssl=1 1024w\" sizes=\"(max-width: 402px) 100vw, 402px\" \/><figcaption id=\"caption-attachment-5567\" class=\"wp-caption-text\"><strong><em>Infogr\u00e1fico: BHZ Comunica\u00e7\u00e3o<\/em><\/strong><\/figcaption><\/figure>\n<p><span dir=\"auto\" style=\"vertical-align: inherit;\"><span dir=\"auto\" style=\"vertical-align: inherit;\">As inscri\u00e7\u00f5es s\u00e3o gratuitas e podem ser feitas <\/span><\/span><strong><em><span dir=\"auto\" style=\"vertical-align: inherit;\"><span dir=\"auto\" style=\"vertical-align: inherit;\">pelo e-mail<\/span><\/span><\/em><\/strong><span dir=\"auto\" style=\"vertical-align: inherit;\"><span dir=\"auto\" style=\"vertical-align: inherit;\"> smde@pbh.gov.br. As vagas ser\u00e3o preenchidas por ordem de envio, e o prazo se encerra automaticamente quando o limite de participantes for atingido.<\/span><\/span><\/p>\n<h4><span style=\"color: #0000ff;\"><strong><em><a style=\"color: #0000ff;\" href=\"https:\/\/www.instagram.com\/comunidadeemacao\" target=\"_blank\" rel=\"noopener nofollow\">\u2705\u00a0Siga o nosso Instagram: @comunidadeemacao<\/a><\/em><\/strong><\/span><\/h4>\n<h4><span style=\"color: #0000ff;\"><strong><em><a style=\"color: #0000ff;\" href=\"https:\/\/www.whatsapp.com\/channel\/0029Va9Qx46KrWQowqqyQN0j\" target=\"_blank\" rel=\"noopener nofollow\">\u2705\u00a0Siga o Canal COMUNIDADE EM A\u00c7\u00c3O ON\u00a0<\/a><a style=\"color: #0000ff;\" href=\"https:\/\/www.whatsapp.com\/channel\/0029Va9Qx46KrWQowqqyQN0j\" target=\"_blank\" rel=\"noopener nofollow\">no WhtasApp t\u00eam not\u00edcias da\u00a0 ZN<\/a><\/em><\/strong><\/span><\/h4>\n<p><em><strong>Local do Curso: Rua dos Goitacazes, 1.159, Barro Preto.<\/strong><\/em><\/p>\n<p style=\"text-align: right;\"><span style=\"color: #0000ff;\"><strong><em>Da Redac\u00e3o | redacao1@comunidadeemacao.com.br<\/em><\/strong><\/span><\/p>\n","protected":false},"excerpt":{"rendered":"A Prefeitura de Belo Horizonte est\u00e1 com inscri\u00e7\u00f5es abertas para cursos gratuitos de gastronomia, uma oportunidade valiosa para quem deseja se capacitar no setor de [&hellip;]","protected":false},"author":1,"featured_media":5566,"comment_status":"closed","ping_status":"closed","sticky":false,"template":"","format":"standard","meta":{"episode_type":"audio","audio_file":"","podmotor_file_id":"","podmotor_episode_id":"","cover_image":"","cover_image_id":"","duration":"","filesize":"","filesize_raw":"","date_recorded":"","explicit":"","block":"","_jetpack_newsletter_access":"","_jetpack_dont_email_post_to_subs":false,"_jetpack_newsletter_tier_id":0,"_jetpack_memberships_contains_paywalled_content":false,"_jetpack_feature_clip_id":0,"_jetpack_memberships_contains_paid_content":false,"footnotes":"","jetpack_post_was_ever_published":false},"categories":[54,59],"tags":[1486,1484,1485,1482,1487,1483],"series":[1406],"class_list":["post-5565","post","type-post","status-publish","format-standard","has-post-thumbnail","hentry","category-dia-a-dia","category-dicas-sugestoes","tag-capacitacaoprofissionalbh","tag-cursodeculinariagratuito","tag-cursodegastronomiaembelohorizonte","tag-cursosgratuitosdegastronomiaembh","tag-inscricoesabertascursosenacbh","tag-senacbhcursos2025","series-comunidade-em-acao"],"episode_featured_image":"https:\/\/comunidadeemacao.com.br\/site\/wp-content\/uploads\/2025\/07\/qu4rto-studio-divulgacao.jpg","episode_player_image":"https:\/\/i0.wp.com\/comunidadeemacao.com.br\/site\/wp-content\/uploads\/2025\/07\/Logo-Fala-Zona-Norte-1400-pix1.jpg?fit=1400%2C1400&ssl=1","download_link":"","player_link":"","audio_player":false,"episode_data":{"playerMode":"light","subscribeUrls":{"youtube":{"key":"youtube","url":"https:\/\/www.youtube.com\/@znbhplay\/podcasts","label":"YouTube","class":"youtube","icon":"youtube.png"}},"rssFeedUrl":"https:\/\/comunidadeemacao.com.br\/site\/feed\/podcast\/comunidade-em-acao","embedCode":"<blockquote class=\"wp-embedded-content\" data-secret=\"4C2XBSxswV\"><a href=\"https:\/\/comunidadeemacao.com.br\/site\/prefeitura-de-bh-abre-vagas-em-cursos-gratuitos-de-gastronomia-no-senac\/\">Prefeitura de BH abre vagas em cursos gratuitos de gastronomia no Senac<\/a><\/blockquote><iframe sandbox=\"allow-scripts\" security=\"restricted\" src=\"https:\/\/comunidadeemacao.com.br\/site\/prefeitura-de-bh-abre-vagas-em-cursos-gratuitos-de-gastronomia-no-senac\/embed\/#?secret=4C2XBSxswV\" width=\"500\" height=\"350\" title=\"&#8220;Prefeitura de BH abre vagas em cursos gratuitos de gastronomia no Senac&#8221; &#8212; COMUNIDADE EM A\u00c7\u00c3O\" data-secret=\"4C2XBSxswV\" frameborder=\"0\" marginwidth=\"0\" marginheight=\"0\" scrolling=\"no\" class=\"wp-embedded-content\"><\/iframe><script>\n\/*! This file is auto-generated *\/\n!function(d,l){\"use strict\";l.querySelector&&d.addEventListener&&\"undefined\"!=typeof URL&&(d.wp=d.wp||{},d.wp.receiveEmbedMessage||(d.wp.receiveEmbedMessage=function(e){var t=e.data;if((t||t.secret||t.message||t.value)&&!\/[^a-zA-Z0-9]\/.test(t.secret)){for(var s,r,n,a=l.querySelectorAll('iframe[data-secret=\"'+t.secret+'\"]'),o=l.querySelectorAll('blockquote[data-secret=\"'+t.secret+'\"]'),c=new RegExp(\"^https?:$\",\"i\"),i=0;i<o.length;i++)o[i].style.display=\"none\";for(i=0;i<a.length;i++)s=a[i],e.source===s.contentWindow&&(s.removeAttribute(\"style\"),\"height\"===t.message?(1e3<(r=parseInt(t.value,10))?r=1e3:~~r<200&&(r=200),s.height=r):\"link\"===t.message&&(r=new URL(s.getAttribute(\"src\")),n=new URL(t.value),c.test(n.protocol))&&n.host===r.host&&l.activeElement===s&&(d.top.location.href=t.value))}},d.addEventListener(\"message\",d.wp.receiveEmbedMessage,!1),l.addEventListener(\"DOMContentLoaded\",function(){for(var e,t,s=l.querySelectorAll(\"iframe.wp-embedded-content\"),r=0;r<s.length;r++)(t=(e=s[r]).getAttribute(\"data-secret\"))||(t=Math.random().toString(36).substring(2,12),e.src+=\"#?secret=\"+t,e.setAttribute(\"data-secret\",t)),e.contentWindow.postMessage({message:\"ready\",secret:t},\"*\")},!1)))}(window,document);\n\/\/# sourceURL=https:\/\/comunidadeemacao.com.br\/site\/wp-includes\/js\/wp-embed.min.js\n<\/script>\n"},"jetpack_sharing_enabled":true,"jetpack_likes_enabled":true,"jetpack-related-posts":[{"id":7577,"url":"https:\/\/comunidadeemacao.com.br\/site\/cursos-gratuitos-de-gastronomia-em-bh-abrem-60-vagas-para-comida-de-boteco-e-panificacao\/","url_meta":{"origin":5565,"position":0},"title":"Cursos gratuitos de gastronomia em BH abrem 60 vagas para Comida de Boteco e Panifica\u00e7\u00e3o","author":"Marcos Silva","date":"8 de mar\u00e7o de 2026","format":false,"excerpt":"Programa Trilhas da Gastronomia oferece cursos de Comida de Boteco, Panifica\u00e7\u00e3o Caseira e Bolos Decorados com foco em gera\u00e7\u00e3o de renda A Prefeitura de Belo Horizonte abre nesta segunda-feira (9) as inscri\u00e7\u00f5es para 60 vagas em cursos gratuitos de gastronomia por meio do programa Trilhas da Gastronomia. As oportunidades s\u00e3o\u2026","rel":"","context":"Em &quot;Mesa de Boteco&quot;","block_context":{"text":"Mesa de Boteco","link":"https:\/\/comunidadeemacao.com.br\/site\/category\/mesa-de-boteco\/"},"img":{"alt_text":"Cursos de Comida de Boteco","src":"https:\/\/i0.wp.com\/comunidadeemacao.com.br\/site\/wp-content\/uploads\/2026\/03\/comida-de-boteco-divulgacao.jpg?fit=770%2C420&ssl=1&resize=350%2C200","width":350,"height":200,"srcset":"https:\/\/i0.wp.com\/comunidadeemacao.com.br\/site\/wp-content\/uploads\/2026\/03\/comida-de-boteco-divulgacao.jpg?fit=770%2C420&ssl=1&resize=350%2C200 1x, https:\/\/i0.wp.com\/comunidadeemacao.com.br\/site\/wp-content\/uploads\/2026\/03\/comida-de-boteco-divulgacao.jpg?fit=770%2C420&ssl=1&resize=525%2C300 1.5x, https:\/\/i0.wp.com\/comunidadeemacao.com.br\/site\/wp-content\/uploads\/2026\/03\/comida-de-boteco-divulgacao.jpg?fit=770%2C420&ssl=1&resize=700%2C400 2x"},"classes":[]},{"id":8289,"url":"https:\/\/comunidadeemacao.com.br\/site\/aberta-inscricoes-para-cursos-gratuitos-de-gastronomia-com-60-vagas\/","url_meta":{"origin":5565,"position":1},"title":"Aberta inscri\u00e7\u00f5es para cursos gratuitos de gastronomia com 60 vagas","author":"Marcos Silva","date":"2 de maio de 2026","format":false,"excerpt":"Programa Trilhas da Gastronomia oferece cursos de culin\u00e1ria vegetariana, panifica\u00e7\u00e3o e salgados em BH A Prefeitura de Belo Horizonte (PBH) abriu inscri\u00e7\u00f5es para cursos gratuitos de qualifica\u00e7\u00e3o profissional na \u00e1rea gastron\u00f4mica por meio do Programa Trilhas da Gastronomia. Ao todo, s\u00e3o oferecidas 60 vagas distribu\u00eddas entre tr\u00eas forma\u00e7\u00f5es: culin\u00e1ria vegetariana\u2026","rel":"","context":"Em &quot;Dicas &amp; Sugest\u00f5es&quot;","block_context":{"text":"Dicas &amp; Sugest\u00f5es","link":"https:\/\/comunidadeemacao.com.br\/site\/category\/dicas-sugestoes\/"},"img":{"alt_text":"trilhas-da-gastronomia-divulgacao","src":"https:\/\/i0.wp.com\/comunidadeemacao.com.br\/site\/wp-content\/uploads\/2026\/05\/trilhas-da-gastronomia-divulgacao.jpg?fit=770%2C420&ssl=1&resize=350%2C200","width":350,"height":200,"srcset":"https:\/\/i0.wp.com\/comunidadeemacao.com.br\/site\/wp-content\/uploads\/2026\/05\/trilhas-da-gastronomia-divulgacao.jpg?fit=770%2C420&ssl=1&resize=350%2C200 1x, https:\/\/i0.wp.com\/comunidadeemacao.com.br\/site\/wp-content\/uploads\/2026\/05\/trilhas-da-gastronomia-divulgacao.jpg?fit=770%2C420&ssl=1&resize=525%2C300 1.5x, https:\/\/i0.wp.com\/comunidadeemacao.com.br\/site\/wp-content\/uploads\/2026\/05\/trilhas-da-gastronomia-divulgacao.jpg?fit=770%2C420&ssl=1&resize=700%2C400 2x"},"classes":[]},{"id":8554,"url":"https:\/\/comunidadeemacao.com.br\/site\/prefeitura-de-bh-abre-6-mil-vagas-para-cursos-gratuitos-de-tecnologia\/","url_meta":{"origin":5565,"position":2},"title":"Prefeitura de BH abre 6 mil vagas para cursos gratuitos de tecnologia","author":"Marcos Silva","date":"19 de maio de 2026","format":false,"excerpt":"Programa de Inclus\u00e3o Digital da PBH oferece capacita\u00e7\u00f5es presenciais e on-line em intelig\u00eancia artificial, inform\u00e1tica b\u00e1sica e empreendedorismo digital A Prefeitura de Belo Horizonte disponibilizou 6 mil vagas para cursos gratuitos de tecnologia por meio do Programa de Inclus\u00e3o Digital. As capacita\u00e7\u00f5es ser\u00e3o oferecidas nas modalidades presencial e a dist\u00e2ncia,\u2026","rel":"","context":"Em &quot;Dia A Dia&quot;","block_context":{"text":"Dia A Dia","link":"https:\/\/comunidadeemacao.com.br\/site\/category\/dia-a-dia\/"},"img":{"alt_text":"","src":"https:\/\/i0.wp.com\/comunidadeemacao.com.br\/site\/wp-content\/uploads\/2026\/05\/image-2-1_0.jpg?fit=770%2C420&ssl=1&resize=350%2C200","width":350,"height":200,"srcset":"https:\/\/i0.wp.com\/comunidadeemacao.com.br\/site\/wp-content\/uploads\/2026\/05\/image-2-1_0.jpg?fit=770%2C420&ssl=1&resize=350%2C200 1x, https:\/\/i0.wp.com\/comunidadeemacao.com.br\/site\/wp-content\/uploads\/2026\/05\/image-2-1_0.jpg?fit=770%2C420&ssl=1&resize=525%2C300 1.5x, https:\/\/i0.wp.com\/comunidadeemacao.com.br\/site\/wp-content\/uploads\/2026\/05\/image-2-1_0.jpg?fit=770%2C420&ssl=1&resize=700%2C400 2x"},"classes":[]},{"id":10448,"url":"https:\/\/comunidadeemacao.com.br\/site\/cursos-gratuitos-de-gastronomia-abrem-60-vagas-em-bh-a-partir-do-dia-8\/","url_meta":{"origin":5565,"position":3},"title":"Cursos gratuitos de gastronomia abrem 60 vagas em BH a partir do dia 8","author":"Marcos Silva","date":"4 de setembro de 2026","format":false,"excerpt":"Trilhas da Gastronomia oferece treinamento gratuito em massas frescas, quitandas, bombons, trufas e bolos no pote A Prefeitura de Belo Horizonte abrir\u00e1, entre os dias 8 e 21 de setembro, as inscri\u00e7\u00f5es para tr\u00eas novos cursos gratuitos de gastronomia do programa Trilhas da Gastronomia. Ao todo, ser\u00e3o disponibilizadas 60 vagas,\u2026","rel":"","context":"Em &quot;Dicas &amp; Sugest\u00f5es&quot;","block_context":{"text":"Dicas &amp; Sugest\u00f5es","link":"https:\/\/comunidadeemacao.com.br\/site\/category\/dicas-sugestoes\/"},"img":{"alt_text":"Inscri\u00e7\u00f5es para cursos gratuitos de massas, quitandas e doces do Trilhas da Gastronomia","src":"https:\/\/i0.wp.com\/comunidadeemacao.com.br\/site\/wp-content\/uploads\/2026\/09\/captura-de-tela-2026-09-03-114938.jpg?fit=770%2C513&ssl=1&resize=350%2C200","width":350,"height":200,"srcset":"https:\/\/i0.wp.com\/comunidadeemacao.com.br\/site\/wp-content\/uploads\/2026\/09\/captura-de-tela-2026-09-03-114938.jpg?fit=770%2C513&ssl=1&resize=350%2C200 1x, https:\/\/i0.wp.com\/comunidadeemacao.com.br\/site\/wp-content\/uploads\/2026\/09\/captura-de-tela-2026-09-03-114938.jpg?fit=770%2C513&ssl=1&resize=525%2C300 1.5x, https:\/\/i0.wp.com\/comunidadeemacao.com.br\/site\/wp-content\/uploads\/2026\/09\/captura-de-tela-2026-09-03-114938.jpg?fit=770%2C513&ssl=1&resize=700%2C400 2x"},"classes":[]},{"id":9989,"url":"https:\/\/comunidadeemacao.com.br\/site\/trilhas-da-gastronomia-abre-60-vagas-gratuitas-para-cursos-em-bh\/","url_meta":{"origin":5565,"position":4},"title":"Trilhas da Gastronomia abre 60 vagas gratuitas para cursos em BH","author":"Marcos Silva","date":"11 de agosto de 2026","format":false,"excerpt":"Inscri\u00e7\u00f5es seguem at\u00e9 23 de agosto para forma\u00e7\u00f5es em Comida de Boteco, Pizzaiolo e Bolos Decorados no Cresan Mercado da Lagoinha A Prefeitura abriu nesta segunda-feira (10) 60 vagas gratuitas para tr\u00eas cursos de gastronomia no Centro de Refer\u00eancia em Seguran\u00e7a Alimentar e Nutricional (Cresan) Mercado da Lagoinha, em Belo\u2026","rel":"","context":"Em &quot;Dia A Dia&quot;","block_context":{"text":"Dia A Dia","link":"https:\/\/comunidadeemacao.com.br\/site\/category\/dia-a-dia\/"},"img":{"alt_text":"Inscri\u00e7\u00f5es abertas para cursos gratuitos de Gastronomia","src":"https:\/\/i0.wp.com\/comunidadeemacao.com.br\/site\/wp-content\/uploads\/2026\/08\/bolo-trilhas.jpg?fit=770%2C513&ssl=1&resize=350%2C200","width":350,"height":200,"srcset":"https:\/\/i0.wp.com\/comunidadeemacao.com.br\/site\/wp-content\/uploads\/2026\/08\/bolo-trilhas.jpg?fit=770%2C513&ssl=1&resize=350%2C200 1x, https:\/\/i0.wp.com\/comunidadeemacao.com.br\/site\/wp-content\/uploads\/2026\/08\/bolo-trilhas.jpg?fit=770%2C513&ssl=1&resize=525%2C300 1.5x, https:\/\/i0.wp.com\/comunidadeemacao.com.br\/site\/wp-content\/uploads\/2026\/08\/bolo-trilhas.jpg?fit=770%2C513&ssl=1&resize=700%2C400 2x"},"classes":[]},{"id":7897,"url":"https:\/\/comunidadeemacao.com.br\/site\/curso-gratis-em-belo-horizonte-amplia-chances-de-emprego-imediato\/","url_meta":{"origin":5565,"position":5},"title":"Curso gr\u00e1tis em Belo Horizonte amplia chances de emprego imediato","author":"Marcos Silva","date":"7 de abril de 2026","format":false,"excerpt":"Iniciativa da Prefeitura oferece curso gr\u00e1tis com inscri\u00e7\u00f5es presenciais e vagas limitadas, voltadas para gera\u00e7\u00e3o de renda na capital mineira Cursos gratuitos de qualifica\u00e7\u00e3o profissional est\u00e3o sendo oferecidos pela Prefeitura de Belo Horizonte, nesta semana, na Capital Mineira.. A iniciativa ocorre por meio de unidades da assist\u00eancia social, com inscri\u00e7\u00f5es\u2026","rel":"","context":"Em &quot;Dia A Dia&quot;","block_context":{"text":"Dia A Dia","link":"https:\/\/comunidadeemacao.com.br\/site\/category\/dia-a-dia\/"},"img":{"alt_text":"","src":"https:\/\/i0.wp.com\/comunidadeemacao.com.br\/site\/wp-content\/uploads\/2026\/04\/img_3605.jpg?fit=770%2C420&ssl=1&resize=350%2C200","width":350,"height":200,"srcset":"https:\/\/i0.wp.com\/comunidadeemacao.com.br\/site\/wp-content\/uploads\/2026\/04\/img_3605.jpg?fit=770%2C420&ssl=1&resize=350%2C200 1x, https:\/\/i0.wp.com\/comunidadeemacao.com.br\/site\/wp-content\/uploads\/2026\/04\/img_3605.jpg?fit=770%2C420&ssl=1&resize=525%2C300 1.5x, https:\/\/i0.wp.com\/comunidadeemacao.com.br\/site\/wp-content\/uploads\/2026\/04\/img_3605.jpg?fit=770%2C420&ssl=1&resize=700%2C400 2x"},"classes":[]}],"jetpack_featured_media_url":"https:\/\/i0.wp.com\/comunidadeemacao.com.br\/site\/wp-content\/uploads\/2025\/07\/qu4rto-studio-divulgacao.jpg?fit=770%2C420&ssl=1","_links":{"self":[{"href":"https:\/\/comunidadeemacao.com.br\/site\/wp-json\/wp\/v2\/posts\/5565","targetHints":{"allow":["GET"]}}],"collection":[{"href":"https:\/\/comunidadeemacao.com.br\/site\/wp-json\/wp\/v2\/posts"}],"about":[{"href":"https:\/\/comunidadeemacao.com.br\/site\/wp-json\/wp\/v2\/types\/post"}],"author":[{"embeddable":true,"href":"https:\/\/comunidadeemacao.com.br\/site\/wp-json\/wp\/v2\/users\/1"}],"replies":[{"embeddable":true,"href":"https:\/\/comunidadeemacao.com.br\/site\/wp-json\/wp\/v2\/comments?post=5565"}],"version-history":[{"count":2,"href":"https:\/\/comunidadeemacao.com.br\/site\/wp-json\/wp\/v2\/posts\/5565\/revisions"}],"predecessor-version":[{"id":5569,"href":"https:\/\/comunidadeemacao.com.br\/site\/wp-json\/wp\/v2\/posts\/5565\/revisions\/5569"}],"wp:featuredmedia":[{"embeddable":true,"href":"https:\/\/comunidadeemacao.com.br\/site\/wp-json\/wp\/v2\/media\/5566"}],"wp:attachment":[{"href":"https:\/\/comunidadeemacao.com.br\/site\/wp-json\/wp\/v2\/media?parent=5565"}],"wp:term":[{"taxonomy":"category","embeddable":true,"href":"https:\/\/comunidadeemacao.com.br\/site\/wp-json\/wp\/v2\/categories?post=5565"},{"taxonomy":"post_tag","embeddable":true,"href":"https:\/\/comunidadeemacao.com.br\/site\/wp-json\/wp\/v2\/tags?post=5565"},{"taxonomy":"series","embeddable":true,"href":"https:\/\/comunidadeemacao.com.br\/site\/wp-json\/wp\/v2\/series?post=5565"}],"curies":[{"name":"wp","href":"https:\/\/api.w.org\/{rel}","templated":true}]}}