{"id":5334,"date":"2025-06-17T16:44:47","date_gmt":"2025-06-17T19:44:47","guid":{"rendered":"https:\/\/comunidadeemacao.com.br\/site\/?p=5334"},"modified":"2025-06-17T16:44:47","modified_gmt":"2025-06-17T19:44:47","slug":"guardas-impedem-feminicidio-em-bh-mulher-e-salva-na-estrada-do-sanatorio-e-agressor-e-preso","status":"publish","type":"post","link":"https:\/\/comunidadeemacao.com.br\/site\/guardas-impedem-feminicidio-em-bh-mulher-e-salva-na-estrada-do-sanatorio-e-agressor-e-preso\/","title":{"rendered":"Guardas impedem feminic\u00eddio em BH: mulher \u00e9 salva na Estrada do Sanat\u00f3rio e agressor \u00e9 preso"},"content":{"rendered":"<p><span style=\"font-weight: 400;\">Uma tentativa de feminic\u00eddio foi interrompida por agentes da Guarda Civil Municipal de Belo Horizonte na manh\u00e3 desta ter\u00e7a-feira (17), em um trecho isolado da Estrada do Sanat\u00f3rio, na regi\u00e3o Norte da capital. A v\u00edtima, uma mulher de 26 anos, foi agredida pelo pr\u00f3prio companheiro, de 33, que foi preso em flagrante. O crime foi noticiado em primeira m\u00e3o pelo site da <\/span><b>Itatiaia<\/b><span style=\"font-weight: 400;\">.<\/span><\/p>\n<p><span style=\"font-weight: 400;\">Segundo os agentes, o homem foi encontrado com as m\u00e3os no pesco\u00e7o da v\u00edtima, afirmando que iria mat\u00e1-la e depois cometer suic\u00eddio. A guarni\u00e7\u00e3o ouviu os gritos de socorro, entrou no matagal e conseguiu impedir o assassinato. A mulher foi socorrida em estado de p\u00e2nico.<\/span><\/p>\n<p><span style=\"font-weight: 400;\">\u201cSe a gente demora mais um minuto, ela estaria morta, com certeza\u201d, declarou o agente da Guarda Municipal, que participou da opera\u00e7\u00e3o. O agressor, que trabalha como motoboy, resistiu \u00e0 pris\u00e3o e precisou ser contido com for\u00e7a moderada.<\/span><\/p>\n<p><span style=\"font-weight: 400;\">A v\u00edtima contou que o suspeito, com quem mantinha um relacionamento h\u00e1 tr\u00eas anos, havia mudado repentinamente o trajeto enquanto a levava para o trabalho. Ela nunca havia sido agredida antes e disse estar chocada: Ela afirma que o companheiro sempre foi bom comigo e com o filho dela. .<\/span><\/p>\n<p><span style=\"font-weight: 400;\">A mulher agradeceu aos agentes pela interven\u00e7\u00e3o dos agentes da GM, pois n\u00e3o sabia o que seria dela naquele local ermo.\u00a0<\/span><\/p>\n<h3><b>Jovem \u00e9 assassinado a tiros no bairro Tupi B, em BH<\/b><\/h3>\n<p><span style=\"font-weight: 400;\">No domingo (15), dois dias antes da tentativa de feminic\u00eddio, um homem de 28 anos foi morto a tiros no bairro Tupi B, tamb\u00e9m na regi\u00e3o Norte de Belo Horizonte. A v\u00edtima, Bruno Sim\u00f5es de Pinho Matos, morava no Aglomerado da Serra, regi\u00e3o Centro-Sul da cidade.<\/span><\/p>\n<p><a href=\"https:\/\/www.whatsapp.com\/channel\/0029Va9Qx46KrWQowqqyQN0j\" target=\"_blank\" rel=\"noopener nofollow\"><strong>\u2705<\/strong><em><strong>\u00a0Siga o Canal COMUNIDADE EM A\u00c7\u00c3O ON\u00a0<\/strong><\/em><\/a><strong><a href=\"https:\/\/www.whatsapp.com\/channel\/0029Va9Qx46KrWQowqqyQN0j\" target=\"_blank\" rel=\"noopener nofollow\"><em>no WhtasApp t\u00eam not\u00edcias da ZN<\/em><\/a><\/strong><\/p>\n<p><a href=\"https:\/\/www.instagram.com\/comunidadeemacao\" target=\"_blank\" rel=\"noopener nofollow\"><strong>\u2705\u00a0Siga o nosso Instagram: @comunidadeemacao<\/strong><\/a><\/p>\n<p>&nbsp;<\/p>\n<p><span style=\"font-weight: 400;\">Testemunhas relataram que Bruno foi atingido por disparos feitos por dois homens em uma motocicleta enquanto caminhava pela rua Oleg\u00e1rio Mariano. Ap\u00f3s o ataque, um dos criminosos ainda recolheu a arma e o celular da v\u00edtima antes de fugir.<\/span><\/p>\n<p><span style=\"font-weight: 400;\">Durante a fuga, a motocicleta caiu e o piloto precisou dar tranco para seguir adiante. O atirador teria escapado correndo sendo resgatado por comparsas mais adiante. A Pol\u00edcia Civil investiga o caso. Ningu\u00e9m foi preso at\u00e9 o momento.<\/span><\/p>\n<p><span style=\"font-weight: 400;\">A m\u00e3e da v\u00edtima afirmou que o filho vinha agindo estranhamente e estava armado por temer amea\u00e7as.<\/span><\/p>\n<h4 style=\"text-align: right;\"><span style=\"color: #0000ff;\">Da reda\u00e7\u00e3o | redacao1@comunidadeemacao.com.br<\/span><\/h4>\n<h5 style=\"text-align: right;\"><span style=\"color: #0000ff;\">Imagem ilustrativa | Reprodu\u00e7\u00e3o Google Maps<\/span><\/h5>\n","protected":false},"excerpt":{"rendered":"Uma tentativa de feminic\u00eddio foi interrompida por agentes da Guarda Civil Municipal de Belo Horizonte na manh\u00e3 desta ter\u00e7a-feira (17), em um trecho isolado da [&hellip;]","protected":false},"author":1,"featured_media":5335,"comment_status":"closed","ping_status":"closed","sticky":false,"template":"","format":"standard","meta":{"episode_type":"","audio_file":"","podmotor_file_id":"","podmotor_episode_id":"","cover_image":"","cover_image_id":"","duration":"","filesize":"","filesize_raw":"","date_recorded":"","explicit":"","block":"","_jetpack_newsletter_access":"","_jetpack_dont_email_post_to_subs":false,"_jetpack_newsletter_tier_id":0,"_jetpack_memberships_contains_paywalled_content":false,"_jetpack_feature_clip_id":0,"_jetpack_memberships_contains_paid_content":false,"footnotes":"","jetpack_post_was_ever_published":false},"categories":[57,54],"tags":[374,1341,167,1342],"series":[1406],"class_list":["post-5334","post","type-post","status-publish","format-standard","has-post-thumbnail","hentry","category-cidade","category-dia-a-dia","tag-comunidadeemacao","tag-feminicidio","tag-guardamunipal","tag-feminicidioestradadosanatorio","series-comunidade-em-acao"],"episode_featured_image":"https:\/\/comunidadeemacao.com.br\/site\/wp-content\/uploads\/2025\/06\/Captura-de-tela-2025-06-17-162528.jpg","episode_player_image":"https:\/\/i0.wp.com\/comunidadeemacao.com.br\/site\/wp-content\/uploads\/2025\/07\/Logo-Fala-Zona-Norte-1400-pix1.jpg?fit=1400%2C1400&ssl=1","download_link":"","player_link":"","audio_player":false,"episode_data":{"playerMode":"light","subscribeUrls":{"youtube":{"key":"youtube","url":"https:\/\/www.youtube.com\/@znbhplay\/podcasts","label":"YouTube","class":"youtube","icon":"youtube.png"}},"rssFeedUrl":"https:\/\/comunidadeemacao.com.br\/site\/feed\/podcast\/comunidade-em-acao","embedCode":"<blockquote class=\"wp-embedded-content\" data-secret=\"sBGYS6VACk\"><a href=\"https:\/\/comunidadeemacao.com.br\/site\/guardas-impedem-feminicidio-em-bh-mulher-e-salva-na-estrada-do-sanatorio-e-agressor-e-preso\/\">Guardas impedem feminic\u00eddio em BH: mulher \u00e9 salva na Estrada do Sanat\u00f3rio e agressor \u00e9 preso<\/a><\/blockquote><iframe sandbox=\"allow-scripts\" security=\"restricted\" src=\"https:\/\/comunidadeemacao.com.br\/site\/guardas-impedem-feminicidio-em-bh-mulher-e-salva-na-estrada-do-sanatorio-e-agressor-e-preso\/embed\/#?secret=sBGYS6VACk\" width=\"500\" height=\"350\" title=\"&#8220;Guardas impedem feminic\u00eddio em BH: mulher \u00e9 salva na Estrada do Sanat\u00f3rio e agressor \u00e9 preso&#8221; &#8212; COMUNIDADE EM A\u00c7\u00c3O\" data-secret=\"sBGYS6VACk\" frameborder=\"0\" marginwidth=\"0\" marginheight=\"0\" scrolling=\"no\" class=\"wp-embedded-content\"><\/iframe><script>\n\/*! This file is auto-generated *\/\n!function(d,l){\"use strict\";l.querySelector&&d.addEventListener&&\"undefined\"!=typeof URL&&(d.wp=d.wp||{},d.wp.receiveEmbedMessage||(d.wp.receiveEmbedMessage=function(e){var t=e.data;if((t||t.secret||t.message||t.value)&&!\/[^a-zA-Z0-9]\/.test(t.secret)){for(var s,r,n,a=l.querySelectorAll('iframe[data-secret=\"'+t.secret+'\"]'),o=l.querySelectorAll('blockquote[data-secret=\"'+t.secret+'\"]'),c=new RegExp(\"^https?:$\",\"i\"),i=0;i<o.length;i++)o[i].style.display=\"none\";for(i=0;i<a.length;i++)s=a[i],e.source===s.contentWindow&&(s.removeAttribute(\"style\"),\"height\"===t.message?(1e3<(r=parseInt(t.value,10))?r=1e3:~~r<200&&(r=200),s.height=r):\"link\"===t.message&&(r=new URL(s.getAttribute(\"src\")),n=new URL(t.value),c.test(n.protocol))&&n.host===r.host&&l.activeElement===s&&(d.top.location.href=t.value))}},d.addEventListener(\"message\",d.wp.receiveEmbedMessage,!1),l.addEventListener(\"DOMContentLoaded\",function(){for(var e,t,s=l.querySelectorAll(\"iframe.wp-embedded-content\"),r=0;r<s.length;r++)(t=(e=s[r]).getAttribute(\"data-secret\"))||(t=Math.random().toString(36).substring(2,12),e.src+=\"#?secret=\"+t,e.setAttribute(\"data-secret\",t)),e.contentWindow.postMessage({message:\"ready\",secret:t},\"*\")},!1)))}(window,document);\n\/\/# sourceURL=https:\/\/comunidadeemacao.com.br\/site\/wp-includes\/js\/wp-embed.min.js\n<\/script>\n"},"jetpack_sharing_enabled":true,"jetpack_likes_enabled":true,"jetpack-related-posts":[{"id":6519,"url":"https:\/\/comunidadeemacao.com.br\/site\/estrada-do-sanatorio-recebera-revitalizacao-com-o-plantio-de-2-mi-mudas-para-revitalizar-area-degradada\/","url_meta":{"origin":5334,"position":0},"title":"Estrada do Sanat\u00f3rio receber\u00e1 revitaliza\u00e7\u00e3o com o plantio de 2 mi mudas para revitalizar \u00e1rea degradada","author":"Marcos Silva","date":"9 de dezembro de 2025","format":false,"excerpt":"A\u00e7\u00e3o ambiental pretende transformar antigo bota-fora do Granja Werneck em Rota de Flores e refor\u00e7a cobran\u00e7a por melhorias na regi\u00e3o Nesta ter\u00e7a-feira (9) inicia o plantio de cerca de 2 mil mudas na Estrada do Sanat\u00f3rio, no Bairro Granja Werneck, na Regi\u00e3o Norte. A interven\u00e7\u00e3o ocorre a partir das 9h\u2026","rel":"","context":"Em &quot;Comunidade&quot;","block_context":{"text":"Comunidade","link":"https:\/\/comunidadeemacao.com.br\/site\/category\/comunidade\/"},"img":{"alt_text":"Estada do Sanat\u00f3rio","src":"https:\/\/i0.wp.com\/comunidadeemacao.com.br\/site\/wp-content\/uploads\/2025\/12\/WhatsApp-Image-2025-12-05-at-13.04.59.jpeg?fit=1200%2C675&ssl=1&resize=350%2C200","width":350,"height":200,"srcset":"https:\/\/i0.wp.com\/comunidadeemacao.com.br\/site\/wp-content\/uploads\/2025\/12\/WhatsApp-Image-2025-12-05-at-13.04.59.jpeg?fit=1200%2C675&ssl=1&resize=350%2C200 1x, https:\/\/i0.wp.com\/comunidadeemacao.com.br\/site\/wp-content\/uploads\/2025\/12\/WhatsApp-Image-2025-12-05-at-13.04.59.jpeg?fit=1200%2C675&ssl=1&resize=525%2C300 1.5x, https:\/\/i0.wp.com\/comunidadeemacao.com.br\/site\/wp-content\/uploads\/2025\/12\/WhatsApp-Image-2025-12-05-at-13.04.59.jpeg?fit=1200%2C675&ssl=1&resize=700%2C400 2x, https:\/\/i0.wp.com\/comunidadeemacao.com.br\/site\/wp-content\/uploads\/2025\/12\/WhatsApp-Image-2025-12-05-at-13.04.59.jpeg?fit=1200%2C675&ssl=1&resize=1050%2C600 3x"},"classes":[]},{"id":9934,"url":"https:\/\/comunidadeemacao.com.br\/site\/feminicidio-filho-e-condenado-a-48-anos-de-prisao-por-matar-a-propria-mae\/","url_meta":{"origin":5334,"position":1},"title":"Feminic\u00eddio: filho \u00e9 condenado a 48 anos de pris\u00e3o por matar a pr\u00f3pria m\u00e3e","author":"Marcos Silva","date":"7 de agosto de 2026","format":false,"excerpt":"Crime ocorreu em outubro de 2024, no bairro Silveira, em Belo Horizonte; r\u00e9u tinha medida protetiva contra ele Um homem foi condenado a 48 anos, um m\u00eas e 15 dias de pris\u00e3o pelo feminic\u00eddio da pr\u00f3pria m\u00e3e, morta a facadas no apartamento onde morava, no bairro Silveira, Regi\u00e3o Nordeste de\u2026","rel":"","context":"Em &quot;Dia A Dia&quot;","block_context":{"text":"Dia A Dia","link":"https:\/\/comunidadeemacao.com.br\/site\/category\/dia-a-dia\/"},"img":{"alt_text":"Jo\u00e3o Victor Silveira Vila\u00e7a foi julgado pelo 1\u00ba Tribunal do J\u00fari da Comarca de Belo Horizonte nesta quinta-feira (6\/8).","src":"https:\/\/i0.wp.com\/comunidadeemacao.com.br\/site\/wp-content\/uploads\/2026\/08\/unnamed-18.jpg?fit=1000%2C667&ssl=1&resize=350%2C200","width":350,"height":200,"srcset":"https:\/\/i0.wp.com\/comunidadeemacao.com.br\/site\/wp-content\/uploads\/2026\/08\/unnamed-18.jpg?fit=1000%2C667&ssl=1&resize=350%2C200 1x, https:\/\/i0.wp.com\/comunidadeemacao.com.br\/site\/wp-content\/uploads\/2026\/08\/unnamed-18.jpg?fit=1000%2C667&ssl=1&resize=525%2C300 1.5x, https:\/\/i0.wp.com\/comunidadeemacao.com.br\/site\/wp-content\/uploads\/2026\/08\/unnamed-18.jpg?fit=1000%2C667&ssl=1&resize=700%2C400 2x"},"classes":[]},{"id":10123,"url":"https:\/\/comunidadeemacao.com.br\/site\/belo-horizonte-institui-dia-de-luto-e-memoria-para-vitimas-de-feminicidio\/","url_meta":{"origin":5334,"position":2},"title":"Belo Horizonte institui Dia de Luto e Mem\u00f3ria para V\u00edtimas de Feminic\u00eddio","author":"Marcos Silva","date":"17 de agosto de 2026","format":false,"excerpt":"Uma Data de Reflex\u00e3o e Compromisso Em uma iniciativa valiosa para combater a viol\u00eancia de g\u00eanero, Belo Horizonte instituiu o Dia de Luto e de Mem\u00f3ria \u00e0s Mulheres V\u00edtimas de Feminic\u00eddio, estabelecido pela Lei 12.106. Publicada no Di\u00e1rio Oficial do Munic\u00edpio, a medida n\u00e3o apenas lembra as vidas perdidas, mas\u2026","rel":"","context":"Em &quot;Dia A Dia&quot;","block_context":{"text":"Dia A Dia","link":"https:\/\/comunidadeemacao.com.br\/site\/category\/dia-a-dia\/"},"img":{"alt_text":"","src":"https:\/\/i0.wp.com\/comunidadeemacao.com.br\/site\/wp-content\/uploads\/2026\/08\/imagem_materia-2.jpg?fit=564%2C374&ssl=1&resize=350%2C200","width":350,"height":200,"srcset":"https:\/\/i0.wp.com\/comunidadeemacao.com.br\/site\/wp-content\/uploads\/2026\/08\/imagem_materia-2.jpg?fit=564%2C374&ssl=1&resize=350%2C200 1x, https:\/\/i0.wp.com\/comunidadeemacao.com.br\/site\/wp-content\/uploads\/2026\/08\/imagem_materia-2.jpg?fit=564%2C374&ssl=1&resize=525%2C300 1.5x"},"classes":[]},{"id":9678,"url":"https:\/\/comunidadeemacao.com.br\/site\/reducao-de-mortes-violentas-no-brasil-em-2025-contrasta-com-aumento-de-feminicidios\/","url_meta":{"origin":5334,"position":3},"title":"Redu\u00e7\u00e3o de Mortes Violentas no Brasil em 2025 Contrasta com Aumento de Feminic\u00eddios","author":"Marcos Silva","date":"24 de julho de 2026","format":false,"excerpt":"Queda Hist\u00f3rica nas Mortes Violentas Intencionais A 20\u00aa edi\u00e7\u00e3o do Anu\u00e1rio Brasileiro de Seguran\u00e7a P\u00fablica, divulgada recentemente, trouxe uma not\u00edcia positiva no cen\u00e1rio da seguran\u00e7a p\u00fablica: o n\u00famero de mortes violentas intencionais (MVI) no Brasil apresentou uma queda significativa em 2025. O \u00edndice caiu de 20,6 casos por 100 mil\u2026","rel":"","context":"Em &quot;Dia A Dia&quot;","block_context":{"text":"Dia A Dia","link":"https:\/\/comunidadeemacao.com.br\/site\/category\/dia-a-dia\/"},"img":{"alt_text":"Anu\u00e1rio Brasileiro de Seguran\u00e7a P\u00fablica foi divulgado nesta quinta","src":"https:\/\/i0.wp.com\/comunidadeemacao.com.br\/site\/wp-content\/uploads\/2026\/07\/trbr0564.webp?fit=1170%2C700&ssl=1&resize=350%2C200","width":350,"height":200,"srcset":"https:\/\/i0.wp.com\/comunidadeemacao.com.br\/site\/wp-content\/uploads\/2026\/07\/trbr0564.webp?fit=1170%2C700&ssl=1&resize=350%2C200 1x, https:\/\/i0.wp.com\/comunidadeemacao.com.br\/site\/wp-content\/uploads\/2026\/07\/trbr0564.webp?fit=1170%2C700&ssl=1&resize=525%2C300 1.5x, https:\/\/i0.wp.com\/comunidadeemacao.com.br\/site\/wp-content\/uploads\/2026\/07\/trbr0564.webp?fit=1170%2C700&ssl=1&resize=700%2C400 2x, https:\/\/i0.wp.com\/comunidadeemacao.com.br\/site\/wp-content\/uploads\/2026\/07\/trbr0564.webp?fit=1170%2C700&ssl=1&resize=1050%2C600 3x"},"classes":[]},{"id":10187,"url":"https:\/\/comunidadeemacao.com.br\/site\/feminicidio-homem-que-matou-esposa-gravida-e-condenado-a-33-anos-em-bh\/","url_meta":{"origin":5334,"position":4},"title":"Feminic\u00eddio: homem que matou esposa gr\u00e1vida \u00e9 condenado a 33 anos em BH","author":"Marcos Silva","date":"21 de agosto de 2026","format":false,"excerpt":"R\u00e9u foi condenado pelo 1\u00ba Tribunal do J\u00fari de BH por feminic\u00eddio com tr\u00eas qualificadoras O 1\u00ba Tribunal do J\u00fari da Comarca de Belo Horizonte condenou, nesta quarta-feira (19\/8), Michael Douglas Lopes de Souza Crivellari a 33 anos e nove meses de pris\u00e3o pelo feminic\u00eddio da esposa gr\u00e1vida. O crime\u2026","rel":"","context":"Em &quot;Dia A Dia&quot;","block_context":{"text":"Dia A Dia","link":"https:\/\/comunidadeemacao.com.br\/site\/category\/dia-a-dia\/"},"img":{"alt_text":"Conforme a den\u00fancia, homem se armou com uma faca para atacar a companheira (Cr\u00e9dito: Bel Ferraz \/ TJMG)","src":"https:\/\/i0.wp.com\/comunidadeemacao.com.br\/site\/wp-content\/uploads\/2026\/08\/unnamed-20.jpg?fit=1000%2C667&ssl=1&resize=350%2C200","width":350,"height":200,"srcset":"https:\/\/i0.wp.com\/comunidadeemacao.com.br\/site\/wp-content\/uploads\/2026\/08\/unnamed-20.jpg?fit=1000%2C667&ssl=1&resize=350%2C200 1x, https:\/\/i0.wp.com\/comunidadeemacao.com.br\/site\/wp-content\/uploads\/2026\/08\/unnamed-20.jpg?fit=1000%2C667&ssl=1&resize=525%2C300 1.5x, https:\/\/i0.wp.com\/comunidadeemacao.com.br\/site\/wp-content\/uploads\/2026\/08\/unnamed-20.jpg?fit=1000%2C667&ssl=1&resize=700%2C400 2x"},"classes":[]},{"id":10409,"url":"https:\/\/comunidadeemacao.com.br\/site\/lojas-de-bh-podem-abrir-no-feriado-de-7-de-setembro-confira-as-regras\/","url_meta":{"origin":5334,"position":5},"title":"Sargento vira r\u00e9u por feminic\u00eddio de capit\u00e3 da PM em Belo Horizonte","author":"Marcos Silva","date":"2 de setembro de 2026","format":false,"excerpt":"Justi\u00e7a aceita den\u00fancia contra Eduardo Abner e mant\u00e9m pris\u00e3o preventiva por crime ocorrido em apartamento do casal A Justi\u00e7a aceitou a den\u00fancia contra o sargento Eduardo Abner Pereira de Oliveira, acusado de feminic\u00eddio contra uma capit\u00e3 da Pol\u00edcia Militar, e manteve a pris\u00e3o preventiva do r\u00e9u. A decis\u00e3o foi tomada\u2026","rel":"","context":"Em &quot;Cidade&quot;","block_context":{"text":"Cidade","link":"https:\/\/comunidadeemacao.com.br\/site\/category\/cidade\/"},"img":{"alt_text":"Sargento vira r\u00e9u por feminic\u00eddio de capit\u00e3 da PM em Belo Horizonte","src":"https:\/\/comunidadeemacao.com.br\/site\/wp-content\/uploads\/2026\/09\/blank-2-grids-collage-3-.avif","width":350,"height":200,"srcset":"https:\/\/comunidadeemacao.com.br\/site\/wp-content\/uploads\/2026\/09\/blank-2-grids-collage-3-.avif 1x, https:\/\/comunidadeemacao.com.br\/site\/wp-content\/uploads\/2026\/09\/blank-2-grids-collage-3-.avif 1.5x, https:\/\/comunidadeemacao.com.br\/site\/wp-content\/uploads\/2026\/09\/blank-2-grids-collage-3-.avif 2x"},"classes":[]}],"jetpack_featured_media_url":"https:\/\/i0.wp.com\/comunidadeemacao.com.br\/site\/wp-content\/uploads\/2025\/06\/Captura-de-tela-2025-06-17-162528.jpg?fit=854%2C482&ssl=1","_links":{"self":[{"href":"https:\/\/comunidadeemacao.com.br\/site\/wp-json\/wp\/v2\/posts\/5334","targetHints":{"allow":["GET"]}}],"collection":[{"href":"https:\/\/comunidadeemacao.com.br\/site\/wp-json\/wp\/v2\/posts"}],"about":[{"href":"https:\/\/comunidadeemacao.com.br\/site\/wp-json\/wp\/v2\/types\/post"}],"author":[{"embeddable":true,"href":"https:\/\/comunidadeemacao.com.br\/site\/wp-json\/wp\/v2\/users\/1"}],"replies":[{"embeddable":true,"href":"https:\/\/comunidadeemacao.com.br\/site\/wp-json\/wp\/v2\/comments?post=5334"}],"version-history":[{"count":1,"href":"https:\/\/comunidadeemacao.com.br\/site\/wp-json\/wp\/v2\/posts\/5334\/revisions"}],"predecessor-version":[{"id":5336,"href":"https:\/\/comunidadeemacao.com.br\/site\/wp-json\/wp\/v2\/posts\/5334\/revisions\/5336"}],"wp:featuredmedia":[{"embeddable":true,"href":"https:\/\/comunidadeemacao.com.br\/site\/wp-json\/wp\/v2\/media\/5335"}],"wp:attachment":[{"href":"https:\/\/comunidadeemacao.com.br\/site\/wp-json\/wp\/v2\/media?parent=5334"}],"wp:term":[{"taxonomy":"category","embeddable":true,"href":"https:\/\/comunidadeemacao.com.br\/site\/wp-json\/wp\/v2\/categories?post=5334"},{"taxonomy":"post_tag","embeddable":true,"href":"https:\/\/comunidadeemacao.com.br\/site\/wp-json\/wp\/v2\/tags?post=5334"},{"taxonomy":"series","embeddable":true,"href":"https:\/\/comunidadeemacao.com.br\/site\/wp-json\/wp\/v2\/series?post=5334"}],"curies":[{"name":"wp","href":"https:\/\/api.w.org\/{rel}","templated":true}]}}