{"id":5230,"date":"2025-06-01T07:05:37","date_gmt":"2025-06-01T10:05:37","guid":{"rendered":"https:\/\/comunidadeemacao.com.br\/site\/?p=5230"},"modified":"2025-05-30T16:20:44","modified_gmt":"2025-05-30T19:20:44","slug":"ultimas-vagas-para-aulas-de-futebol-gratuito-em-bh-pelo-programa-selecoes-do-futuro","status":"publish","type":"post","link":"https:\/\/comunidadeemacao.com.br\/site\/ultimas-vagas-para-aulas-de-futebol-gratuito-em-bh-pelo-programa-selecoes-do-futuro\/","title":{"rendered":"\u00daltimas vagas para aulas de futebol gratuito em BH pelo programa Sele\u00e7\u00f5es do Futuro"},"content":{"rendered":"<p><span style=\"font-weight: 400;\">Se voc\u00ea busca aulas de futebol gratuito em BH para crian\u00e7as e adolescentes, essa \u00e9 a hora. O <\/span><b>Programa Sele\u00e7\u00f5es do Futuro<\/b><span style=\"font-weight: 400;\">, promovido pela Prefeitura de Belo Horizonte, ainda tem vagas abertas para novos participantes. A iniciativa \u00e9 voltada para jovens de 6 a 17 anos, com prioridade para estudantes da rede p\u00fablica. As aulas acontecem em seis regionais da cidade, com turmas mistas e estrutura completa.<\/span><\/p>\n<p><span style=\"font-weight: 400;\">As <\/span><b>inscri\u00e7\u00f5es para futebol infantil em Belo Horizonte<\/b><span style=\"font-weight: 400;\"> devem ser feitas presencialmente, diretamente nos n\u00facleos de atendimento, das 8h \u00e0s 16h. Os respons\u00e1veis legais devem comparecer aos locais levando os documentos dos alunos e, ap\u00f3s a inscri\u00e7\u00e3o, j\u00e1 \u00e9 poss\u00edvel iniciar as atividades no n\u00facleo escolhido.<\/span><\/p>\n<h3><span style=\"color: #ff6600;\"><b>Onde fazer aulas de futebol em Belo Horizonte<\/b><\/span><\/h3>\n<p><span style=\"font-weight: 400;\">O programa conta com seis n\u00facleos esportivos distribu\u00eddos pelas regionais Barreiro, Centro-Sul, Leste, Nordeste, Oeste e Venda Nova. Veja abaixo os endere\u00e7os onde acontecem as aulas de futebol gratuito em BH:<\/span><\/p>\n<ul>\n<li style=\"font-weight: 400;\" aria-level=\"1\"><span style=\"color: #008000;\"><b>Regional Barreiro:<\/b><\/span><span style=\"font-weight: 400;\"> Complexo Esportivo Vale do Jatob\u00e1 \u2013 Av. Senador Levindo Coelho, 2.280 \u2013 Vale do Jatob\u00e1.<\/span><span style=\"font-weight: 400;\">\n<p><\/span><\/li>\n<li style=\"font-weight: 400;\" aria-level=\"1\"><span style=\"color: #008000;\"><b>Regional Centro-Sul:<\/b><\/span><span style=\"font-weight: 400;\"> Campo do Conjunto Santa Maria \u2013 Rua Gentios, 1.525 \u2013 Conjunto Santa Maria.<\/span><span style=\"font-weight: 400;\">\n<p><\/span><\/li>\n<li style=\"font-weight: 400;\" aria-level=\"1\"><span style=\"color: #008000;\"><b>Regional Leste:<\/b><\/span><span style=\"font-weight: 400;\"> Complexo Esportivo Pomp\u00e9ia \u2013 Av. Pastor Anselmo Silvestre, 15 \u2013 Boa Vista.<\/span><span style=\"font-weight: 400;\">\n<p><\/span><\/li>\n<li style=\"font-weight: 400;\" aria-level=\"1\"><span style=\"color: #008000;\"><b>Regional Leste:<\/b><\/span><span style=\"font-weight: 400;\"> Campo do Mineirinho \u2013 Rua S\u00e3o Vicente, 701 \u2013 Granja de Freitas.<\/span><span style=\"font-weight: 400;\">\n<p><\/span><\/li>\n<li style=\"font-weight: 400;\" aria-level=\"1\"><span style=\"color: #008000;\"><b>Regional Oeste:<\/b><\/span><span style=\"font-weight: 400;\"> Est\u00e1dio Osvaldo Faria (Campo do Bet\u00e2nia Esporte Clube) \u2013 Rua Augusto Jos\u00e9 dos Santos, 150 \u2013 Estrela do Oriente.<\/span><span style=\"font-weight: 400;\">\n<p><\/span><\/li>\n<li style=\"font-weight: 400;\" aria-level=\"1\"><span style=\"color: #008000;\"><b>Regional Venda Nova:<\/b><\/span><span style=\"font-weight: 400;\"> Campo Tel\u00ea Santana \u2013 Rua Augusto dos Anjos, 1.015 \u2013 Rio Branco.<\/span><span style=\"font-weight: 400;\">\n<p><\/span><\/li>\n<\/ul>\n<h3><span style=\"color: #ff6600;\"><b>Como funciona o Programa Sele\u00e7\u00f5es do Futuro<\/b><\/span><\/h3>\n<p><span style=\"font-weight: 400;\">Com foco na inclus\u00e3o e no desenvolvimento esportivo, o <\/span><b>Programa Sele\u00e7\u00f5es do Futuro<\/b><span style=\"font-weight: 400;\"> j\u00e1 atende cerca de 1.200 crian\u00e7as e adolescentes. A proposta \u00e9 democratizar o acesso ao futebol de campo, oferecendo estrutura, treinamento e acompanhamento t\u00e9cnico. O projeto \u00e9 coordenado pela <\/span><b>Secretaria Municipal de Esportes e Lazer<\/b><span style=\"font-weight: 400;\">, com apoio do <\/span><b>Minist\u00e9rio dos Esportes<\/b><span style=\"font-weight: 400;\">.<\/span><\/p>\n<p><span style=\"font-weight: 400;\">Cada aluno participa de duas aulas semanais, com dura\u00e7\u00e3o de 90 minutos cada, sempre no contraturno escolar. Al\u00e9m das atividades pr\u00e1ticas, os participantes recebem um kit completo com uniforme \u2013 incluindo camisa, short e mei\u00e3o. Tudo gratuito.<\/span><\/p>\n<h4><strong><em><a href=\"https:\/\/www.instagram.com\/comunidadeemacao\" target=\"_blank\" rel=\"noopener nofollow\">\u2705\u00a0Siga o nosso Instagram: @comunidadeemacao<\/a><\/em><\/strong><\/h4>\n<h4><strong><em><a href=\"https:\/\/www.whatsapp.com\/channel\/0029Va9Qx46KrWQowqqyQN0j\" target=\"_blank\" rel=\"noopener nofollow\">\u2705\u00a0Siga o Canal COMUNIDADE EM A\u00c7\u00c3O ON\u00a0<\/a><a href=\"https:\/\/www.whatsapp.com\/channel\/0029Va9Qx46KrWQowqqyQN0j\" target=\"_blank\" rel=\"noopener nofollow\">no WhtasApp t\u00eam not\u00edcias da\u00a0 ZN<\/a><\/em><\/strong><\/h4>\n<p><span style=\"font-weight: 400;\">O programa \u00e9 inclusivo e aberto para meninos e meninas. As atividades incentivam o trabalho em equipe, disciplina, sa\u00fade f\u00edsica e socializa\u00e7\u00e3o \u2013 pilares fundamentais para o crescimento das crian\u00e7as.<\/span><\/p>\n<h3><span style=\"color: #ff6600;\"><b>Futebol como ferramenta de transforma\u00e7\u00e3o<\/b><\/span><\/h3>\n<p><span style=\"font-weight: 400;\">O gestor do projeto, Luiz Felipe dos Santos Dias, destaca o impacto positivo do programa:<\/span><\/p>\n<p><span style=\"font-weight: 400;\">\u201cO Sele\u00e7\u00f5es do Futuro \u00e9 mais do que futebol. \u00c9 uma oportunidade real de transforma\u00e7\u00e3o na vida de muitas crian\u00e7as e adolescentes. Ele agrega valores sociais e esportivos que fazem toda a diferen\u00e7a no desenvolvimento dos participantes.\u201d<\/span><\/p>\n<p><span style=\"font-weight: 400;\">Para os alunos, o programa tem significado especial. Bryan Gabriel da Silva, de 8 anos, fala com empolga\u00e7\u00e3o:<\/span><\/p>\n<p><span style=\"font-weight: 400;\">\u201cParece que estamos jogando futebol de verdade, profissional. Tem coletivo, professora ensinando, goleiro e colegas de time. \u00c9 muito divertido!\u201d<\/span><\/p>\n<p><span style=\"font-weight: 400;\">Davi Pereira, tamb\u00e9m de 8 anos, j\u00e1 sonha alto: <\/span><span style=\"font-weight: 400;\">\u201c\u00c9 bom porque quando a gente crescer vamos saber como \u00e9 ser jogador de futebol. Eu quero muito ser jogador.\u201d<\/span><\/p>\n<p><span style=\"font-weight: 400;\">As meninas tamb\u00e9m marcam presen\u00e7a e mostram que futebol \u00e9 para todos. Isadora Rocha, de 6 anos, resume: <\/span><span style=\"font-weight: 400;\">\u201cEsse programa \u00e9 legal porque a gente joga muito futebol.\u201d <\/span><span style=\"font-weight: 400;\">J\u00e1 Nataly de Ara\u00fajo, tamb\u00e9m com 6 anos, garante: <\/span><span style=\"font-weight: 400;\">\u201cGosto muito de futebol e quero ser jogadora quando crescer.\u201d<\/span><\/p>\n<h3><span style=\"color: #ff6600;\"><b>Como garantir a vaga<\/b><\/span><\/h3>\n<p><span style=\"font-weight: 400;\">As <\/span><b>vagas s\u00e3o limitadas<\/b><span style=\"font-weight: 400;\">, sendo importante fazer a inscri\u00e7\u00e3o quanto antes. Basta ir ao n\u00facleo mais pr\u00f3ximo, das 8h \u00e0s 16h, com os documentos da crian\u00e7a ou adolescente. N\u00e3o perca a chance de colocar seu filho ou filha em um projeto gratuito, que transforma vidas atrav\u00e9s do esporte.<\/span><\/p>\n<p>&nbsp;<\/p>\n<h4 style=\"text-align: right;\"><span style=\"color: #008000;\">Reda\u00e7\u00e3o: Marcos Silva | esporte@comunidadeemacao.com.br\u00a0<\/span><\/h4>\n","protected":false},"excerpt":{"rendered":"Se voc\u00ea busca aulas de futebol gratuito em BH para crian\u00e7as e adolescentes, essa \u00e9 a hora. O Programa Sele\u00e7\u00f5es do Futuro, promovido pela Prefeitura [&hellip;]","protected":false},"author":1,"featured_media":3681,"comment_status":"closed","ping_status":"closed","sticky":false,"template":"","format":"standard","meta":{"episode_type":"","audio_file":"","podmotor_file_id":"","podmotor_episode_id":"","cover_image":"","cover_image_id":"","duration":"","filesize":"","filesize_raw":"","date_recorded":"","explicit":"","block":"","_jetpack_newsletter_access":"","_jetpack_dont_email_post_to_subs":false,"_jetpack_newsletter_tier_id":0,"_jetpack_memberships_contains_paywalled_content":false,"_jetpack_feature_clip_id":0,"_jetpack_memberships_contains_paid_content":false,"footnotes":"","jetpack_post_was_ever_published":false},"categories":[68],"tags":[374,1287],"series":[1406],"class_list":["post-5230","post","type-post","status-publish","format-standard","has-post-thumbnail","hentry","category-esportes","tag-comunidadeemacao","tag-inscricoesparafutebolinfantil","series-comunidade-em-acao"],"episode_featured_image":"https:\/\/comunidadeemacao.com.br\/site\/wp-content\/uploads\/2023\/07\/copa-centenario-feminino-foto-santana.jpg","episode_player_image":"https:\/\/i0.wp.com\/comunidadeemacao.com.br\/site\/wp-content\/uploads\/2025\/07\/Logo-Fala-Zona-Norte-1400-pix1.jpg?fit=1400%2C1400&ssl=1","download_link":"","player_link":"","audio_player":false,"episode_data":{"playerMode":"light","subscribeUrls":{"youtube":{"key":"youtube","url":"https:\/\/www.youtube.com\/@znbhplay\/podcasts","label":"YouTube","class":"youtube","icon":"youtube.png"}},"rssFeedUrl":"https:\/\/comunidadeemacao.com.br\/site\/feed\/podcast\/comunidade-em-acao","embedCode":"<blockquote class=\"wp-embedded-content\" data-secret=\"Cr5j2JLzL2\"><a href=\"https:\/\/comunidadeemacao.com.br\/site\/ultimas-vagas-para-aulas-de-futebol-gratuito-em-bh-pelo-programa-selecoes-do-futuro\/\">\u00daltimas vagas para aulas de futebol gratuito em BH pelo programa Sele\u00e7\u00f5es do Futuro<\/a><\/blockquote><iframe sandbox=\"allow-scripts\" security=\"restricted\" src=\"https:\/\/comunidadeemacao.com.br\/site\/ultimas-vagas-para-aulas-de-futebol-gratuito-em-bh-pelo-programa-selecoes-do-futuro\/embed\/#?secret=Cr5j2JLzL2\" width=\"500\" height=\"350\" title=\"&#8220;\u00daltimas vagas para aulas de futebol gratuito em BH pelo programa Sele\u00e7\u00f5es do Futuro&#8221; &#8212; COMUNIDADE EM A\u00c7\u00c3O\" data-secret=\"Cr5j2JLzL2\" frameborder=\"0\" marginwidth=\"0\" marginheight=\"0\" scrolling=\"no\" class=\"wp-embedded-content\"><\/iframe><script>\n\/*! This file is auto-generated *\/\n!function(d,l){\"use strict\";l.querySelector&&d.addEventListener&&\"undefined\"!=typeof URL&&(d.wp=d.wp||{},d.wp.receiveEmbedMessage||(d.wp.receiveEmbedMessage=function(e){var t=e.data;if((t||t.secret||t.message||t.value)&&!\/[^a-zA-Z0-9]\/.test(t.secret)){for(var s,r,n,a=l.querySelectorAll('iframe[data-secret=\"'+t.secret+'\"]'),o=l.querySelectorAll('blockquote[data-secret=\"'+t.secret+'\"]'),c=new RegExp(\"^https?:$\",\"i\"),i=0;i<o.length;i++)o[i].style.display=\"none\";for(i=0;i<a.length;i++)s=a[i],e.source===s.contentWindow&&(s.removeAttribute(\"style\"),\"height\"===t.message?(1e3<(r=parseInt(t.value,10))?r=1e3:~~r<200&&(r=200),s.height=r):\"link\"===t.message&&(r=new URL(s.getAttribute(\"src\")),n=new URL(t.value),c.test(n.protocol))&&n.host===r.host&&l.activeElement===s&&(d.top.location.href=t.value))}},d.addEventListener(\"message\",d.wp.receiveEmbedMessage,!1),l.addEventListener(\"DOMContentLoaded\",function(){for(var e,t,s=l.querySelectorAll(\"iframe.wp-embedded-content\"),r=0;r<s.length;r++)(t=(e=s[r]).getAttribute(\"data-secret\"))||(t=Math.random().toString(36).substring(2,12),e.src+=\"#?secret=\"+t,e.setAttribute(\"data-secret\",t)),e.contentWindow.postMessage({message:\"ready\",secret:t},\"*\")},!1)))}(window,document);\n\/\/# sourceURL=https:\/\/comunidadeemacao.com.br\/site\/wp-includes\/js\/wp-embed.min.js\n<\/script>\n"},"jetpack_sharing_enabled":true,"jetpack_likes_enabled":true,"jetpack-related-posts":[{"id":5815,"url":"https:\/\/comunidadeemacao.com.br\/site\/selecoes-do-futuro-abre-645-vagas-em-escolinhas-de-futebol-gratuitas-em-bh\/","url_meta":{"origin":5230,"position":0},"title":"Sele\u00e7\u00f5es do Futuro abre 645 vagas em escolinhas de futebol gratuitas em BH","author":"Marcos Silva","date":"13 de setembro de 2025","format":false,"excerpt":"Belo Horizonte est\u00e1 com 645 vagas abertas em escolinhas de futebol gratuitas pelo programa Sele\u00e7\u00f5es do Futuro, iniciativa realizada pela Prefeitura de Belo Horizonte (PBH), por meio da Secretaria Municipal de Esportes e Lazer (Smel), em parceria com o Minist\u00e9rio do Esporte. As inscri\u00e7\u00f5es j\u00e1 est\u00e3o abertas e devem ser\u2026","rel":"","context":"Em &quot;Esportes&quot;","block_context":{"text":"Esportes","link":"https:\/\/comunidadeemacao.com.br\/site\/category\/esportes\/"},"img":{"alt_text":"Selecao-do-Futuro","src":"https:\/\/i0.wp.com\/comunidadeemacao.com.br\/site\/wp-content\/uploads\/2025\/09\/Selecao-do-Futuro-PBH.jpg?fit=770%2C420&ssl=1&resize=350%2C200","width":350,"height":200,"srcset":"https:\/\/i0.wp.com\/comunidadeemacao.com.br\/site\/wp-content\/uploads\/2025\/09\/Selecao-do-Futuro-PBH.jpg?fit=770%2C420&ssl=1&resize=350%2C200 1x, https:\/\/i0.wp.com\/comunidadeemacao.com.br\/site\/wp-content\/uploads\/2025\/09\/Selecao-do-Futuro-PBH.jpg?fit=770%2C420&ssl=1&resize=525%2C300 1.5x, https:\/\/i0.wp.com\/comunidadeemacao.com.br\/site\/wp-content\/uploads\/2025\/09\/Selecao-do-Futuro-PBH.jpg?fit=770%2C420&ssl=1&resize=700%2C400 2x"},"classes":[]},{"id":5524,"url":"https:\/\/comunidadeemacao.com.br\/site\/futebol-gratuito-bh-prefeitura-abre-inscricoes-para-aulas-de-futebol-de-campo\/","url_meta":{"origin":5230,"position":1},"title":"Futebol gratuito BH: Prefeitura abre inscri\u00e7\u00f5es para aulas de futebol de campo","author":"Marcos Silva","date":"21 de julho de 2025","format":false,"excerpt":"Projeto Sele\u00e7\u00f5es do Futuro oferece aulas gratuitas de futebol de campo para crian\u00e7as e adolescentes de 6 a 17 anos em seis regionais da capital mineira A Prefeitura de Belo Horizonte abriu, nesta semana, as inscri\u00e7\u00f5es para o projeto \"Sele\u00e7\u00f5es do Futuro\", que oferece aulas gratuitas de futebol de campo\u2026","rel":"","context":"Em &quot;Esportes&quot;","block_context":{"text":"Esportes","link":"https:\/\/comunidadeemacao.com.br\/site\/category\/esportes\/"},"img":{"alt_text":"Sele\u00e7\u00f5es do Futuro","src":"https:\/\/i0.wp.com\/comunidadeemacao.com.br\/site\/wp-content\/uploads\/2025\/07\/editada.jpg?fit=770%2C420&ssl=1&resize=350%2C200","width":350,"height":200,"srcset":"https:\/\/i0.wp.com\/comunidadeemacao.com.br\/site\/wp-content\/uploads\/2025\/07\/editada.jpg?fit=770%2C420&ssl=1&resize=350%2C200 1x, https:\/\/i0.wp.com\/comunidadeemacao.com.br\/site\/wp-content\/uploads\/2025\/07\/editada.jpg?fit=770%2C420&ssl=1&resize=525%2C300 1.5x, https:\/\/i0.wp.com\/comunidadeemacao.com.br\/site\/wp-content\/uploads\/2025\/07\/editada.jpg?fit=770%2C420&ssl=1&resize=700%2C400 2x"},"classes":[]},{"id":9695,"url":"https:\/\/comunidadeemacao.com.br\/site\/https-comunidadeemacao-com-br-projeto-providencia-em-acao-escolinha-futsal-inscricoes-bh\/","url_meta":{"origin":5230,"position":2},"title":"Projeto Provid\u00eancia em A\u00e7\u00e3o abre vagas para futsal","author":"Marcos Silva","date":"25 de julho de 2026","format":false,"excerpt":"Projeto Provid\u00eancia em A\u00e7\u00e3o oferece 30 vagas para meninas e meninos de 8 a 12 anos na Regi\u00e3o Norte de Belo Horizonte, com aulas conduzidas por profissionais da Guarda Civil Municipal O Projeto Provid\u00eancia em A\u00e7\u00e3o, desenvolvido pela Guarda Civil Municipal de Belo Horizonte (GCMBH), est\u00e1 com inscri\u00e7\u00f5es abertas para\u2026","rel":"","context":"Em &quot;Comunidade&quot;","block_context":{"text":"Comunidade","link":"https:\/\/comunidadeemacao.com.br\/site\/category\/comunidade\/"},"img":{"alt_text":"Inscri\u00e7\u00f5es abertas para escolinha de futsal","src":"https:\/\/i0.wp.com\/comunidadeemacao.com.br\/site\/wp-content\/uploads\/2026\/07\/ChatGPT-Image-24-de-jul.-de-2026-09_27_13.jpg?fit=1200%2C800&ssl=1&resize=350%2C200","width":350,"height":200,"srcset":"https:\/\/i0.wp.com\/comunidadeemacao.com.br\/site\/wp-content\/uploads\/2026\/07\/ChatGPT-Image-24-de-jul.-de-2026-09_27_13.jpg?fit=1200%2C800&ssl=1&resize=350%2C200 1x, https:\/\/i0.wp.com\/comunidadeemacao.com.br\/site\/wp-content\/uploads\/2026\/07\/ChatGPT-Image-24-de-jul.-de-2026-09_27_13.jpg?fit=1200%2C800&ssl=1&resize=525%2C300 1.5x, https:\/\/i0.wp.com\/comunidadeemacao.com.br\/site\/wp-content\/uploads\/2026\/07\/ChatGPT-Image-24-de-jul.-de-2026-09_27_13.jpg?fit=1200%2C800&ssl=1&resize=700%2C400 2x, https:\/\/i0.wp.com\/comunidadeemacao.com.br\/site\/wp-content\/uploads\/2026\/07\/ChatGPT-Image-24-de-jul.-de-2026-09_27_13.jpg?fit=1200%2C800&ssl=1&resize=1050%2C600 3x"},"classes":[]},{"id":10371,"url":"https:\/\/comunidadeemacao.com.br\/site\/campo-do-napoli-e-revitalizado-e-entregue-a-populacao-no-bairro-tupi-em-bh\/","url_meta":{"origin":5230,"position":3},"title":"Campo do Napoli \u00e9 revitalizado e entregue \u00e0 popula\u00e7\u00e3o no Bairro Tupi, em BH","author":"Marcos Silva","date":"31 de agosto de 2026","format":false,"excerpt":"Espa\u00e7o na Regi\u00e3o Norte recebeu grama sint\u00e9tica, nova ilumina\u00e7\u00e3o e melhorias estruturais ap\u00f3s investimento de cerca de R$ 2,3 milh\u00f5es Moradores do Bairro Tupi, na Regi\u00e3o Norte de Belo Horizonte, voltaram a utilizar o Campo do Napoli, entregue \u00e0 comunidade neste domingo (30) ap\u00f3s passar por obras de revitaliza\u00e7\u00e3o e\u2026","rel":"","context":"Em &quot;Esportes&quot;","block_context":{"text":"Esportes","link":"https:\/\/comunidadeemacao.com.br\/site\/category\/esportes\/"},"img":{"alt_text":"Campo do Napoli \u00e9 revitalizado e entregue \u00e0 popula\u00e7\u00e3o no Bairro Tupi","src":"https:\/\/i0.wp.com\/comunidadeemacao.com.br\/site\/wp-content\/uploads\/2026\/08\/Jogo-01.jpg?fit=1200%2C900&ssl=1&resize=350%2C200","width":350,"height":200,"srcset":"https:\/\/i0.wp.com\/comunidadeemacao.com.br\/site\/wp-content\/uploads\/2026\/08\/Jogo-01.jpg?fit=1200%2C900&ssl=1&resize=350%2C200 1x, https:\/\/i0.wp.com\/comunidadeemacao.com.br\/site\/wp-content\/uploads\/2026\/08\/Jogo-01.jpg?fit=1200%2C900&ssl=1&resize=525%2C300 1.5x, https:\/\/i0.wp.com\/comunidadeemacao.com.br\/site\/wp-content\/uploads\/2026\/08\/Jogo-01.jpg?fit=1200%2C900&ssl=1&resize=700%2C400 2x, https:\/\/i0.wp.com\/comunidadeemacao.com.br\/site\/wp-content\/uploads\/2026\/08\/Jogo-01.jpg?fit=1200%2C900&ssl=1&resize=1050%2C600 3x"},"classes":[]},{"id":9503,"url":"https:\/\/comunidadeemacao.com.br\/site\/prefeitura-abre-70-vagas-em-cursos-gratuitos-de-tecnologia-com-inscricoes-imediatas-em-bh\/","url_meta":{"origin":5230,"position":4},"title":"Prefeitura abre 70 vagas em cursos gratuitos de tecnologia com inscri\u00e7\u00f5es imediatas em BH","author":"Marcos Silva","date":"16 de julho de 2026","format":false,"excerpt":"\u00a0Programa de Inclus\u00e3o Digital oferece cursos de Inform\u00e1tica B\u00e1sica, uso de celulares e Intelig\u00eancia Artificial com aulas presenciais no bairro Ipiranga e op\u00e7\u00f5es de capacita\u00e7\u00e3o EAD A Prefeitura de Belo Horizonte (PBH) est\u00e1 com inscri\u00e7\u00f5es abertas para 70 vagas em cursos gratuitos de tecnologia por meio do Programa de Inclus\u00e3o\u2026","rel":"","context":"Em &quot;Not\u00edcias&quot;","block_context":{"text":"Not\u00edcias","link":"https:\/\/comunidadeemacao.com.br\/site\/category\/noticiasdacomunidaede\/"},"img":{"alt_text":"PBH disponibiliza 70 vagas em cursos presenciais gratuitos de tecnologia","src":"https:\/\/i0.wp.com\/comunidadeemacao.com.br\/site\/wp-content\/uploads\/2026\/07\/inclusao-digital.jpg?fit=770%2C513&ssl=1&resize=350%2C200","width":350,"height":200,"srcset":"https:\/\/i0.wp.com\/comunidadeemacao.com.br\/site\/wp-content\/uploads\/2026\/07\/inclusao-digital.jpg?fit=770%2C513&ssl=1&resize=350%2C200 1x, https:\/\/i0.wp.com\/comunidadeemacao.com.br\/site\/wp-content\/uploads\/2026\/07\/inclusao-digital.jpg?fit=770%2C513&ssl=1&resize=525%2C300 1.5x, https:\/\/i0.wp.com\/comunidadeemacao.com.br\/site\/wp-content\/uploads\/2026\/07\/inclusao-digital.jpg?fit=770%2C513&ssl=1&resize=700%2C400 2x"},"classes":[]},{"id":9479,"url":"https:\/\/comunidadeemacao.com.br\/site\/copa-do-mundo-do-esporte-esperanca-reune-80-jovens-na-arena-sumare-durante-as-ferias\/","url_meta":{"origin":5230,"position":5},"title":"Copa do Mundo do Esporte Esperan\u00e7a re\u00fane 80 jovens na Arena Sumar\u00e9 durante as f\u00e9rias","author":"Marcos Silva","date":"14 de julho de 2026","format":false,"excerpt":"Competi\u00e7\u00e3o do Esporte Esperan\u00e7a promove inclus\u00e3o social, futebol society e atividades esportivas para crian\u00e7as e adolescentes em BH A Copa do Mundo do Esporte Esperan\u00e7a come\u00e7ou nesta segunda-feira (13) e segue at\u00e9 o pr\u00f3ximo s\u00e1bado (18), na Arena Sumar\u00e9, em Belo Horizonte. Promovida pela Prefeitura de Belo Horizonte, a competi\u00e7\u00e3o\u2026","rel":"","context":"Em &quot;Not\u00edcias&quot;","block_context":{"text":"Not\u00edcias","link":"https:\/\/comunidadeemacao.com.br\/site\/category\/noticiasdacomunidaede\/"},"img":{"alt_text":"Copa do Mundo do Esporte Esperan\u00e7a movimenta a Arena Sumar\u00e9 durante as f\u00e9rias escolares","src":"https:\/\/i0.wp.com\/comunidadeemacao.com.br\/site\/wp-content\/uploads\/2026\/07\/copa-do-mundo-do-esporte-esperanca.jpg?fit=770%2C513&ssl=1&resize=350%2C200","width":350,"height":200,"srcset":"https:\/\/i0.wp.com\/comunidadeemacao.com.br\/site\/wp-content\/uploads\/2026\/07\/copa-do-mundo-do-esporte-esperanca.jpg?fit=770%2C513&ssl=1&resize=350%2C200 1x, https:\/\/i0.wp.com\/comunidadeemacao.com.br\/site\/wp-content\/uploads\/2026\/07\/copa-do-mundo-do-esporte-esperanca.jpg?fit=770%2C513&ssl=1&resize=525%2C300 1.5x, https:\/\/i0.wp.com\/comunidadeemacao.com.br\/site\/wp-content\/uploads\/2026\/07\/copa-do-mundo-do-esporte-esperanca.jpg?fit=770%2C513&ssl=1&resize=700%2C400 2x"},"classes":[]}],"jetpack_featured_media_url":"https:\/\/i0.wp.com\/comunidadeemacao.com.br\/site\/wp-content\/uploads\/2023\/07\/copa-centenario-feminino-foto-santana.jpg?fit=770%2C420&ssl=1","_links":{"self":[{"href":"https:\/\/comunidadeemacao.com.br\/site\/wp-json\/wp\/v2\/posts\/5230","targetHints":{"allow":["GET"]}}],"collection":[{"href":"https:\/\/comunidadeemacao.com.br\/site\/wp-json\/wp\/v2\/posts"}],"about":[{"href":"https:\/\/comunidadeemacao.com.br\/site\/wp-json\/wp\/v2\/types\/post"}],"author":[{"embeddable":true,"href":"https:\/\/comunidadeemacao.com.br\/site\/wp-json\/wp\/v2\/users\/1"}],"replies":[{"embeddable":true,"href":"https:\/\/comunidadeemacao.com.br\/site\/wp-json\/wp\/v2\/comments?post=5230"}],"version-history":[{"count":2,"href":"https:\/\/comunidadeemacao.com.br\/site\/wp-json\/wp\/v2\/posts\/5230\/revisions"}],"predecessor-version":[{"id":5232,"href":"https:\/\/comunidadeemacao.com.br\/site\/wp-json\/wp\/v2\/posts\/5230\/revisions\/5232"}],"wp:featuredmedia":[{"embeddable":true,"href":"https:\/\/comunidadeemacao.com.br\/site\/wp-json\/wp\/v2\/media\/3681"}],"wp:attachment":[{"href":"https:\/\/comunidadeemacao.com.br\/site\/wp-json\/wp\/v2\/media?parent=5230"}],"wp:term":[{"taxonomy":"category","embeddable":true,"href":"https:\/\/comunidadeemacao.com.br\/site\/wp-json\/wp\/v2\/categories?post=5230"},{"taxonomy":"post_tag","embeddable":true,"href":"https:\/\/comunidadeemacao.com.br\/site\/wp-json\/wp\/v2\/tags?post=5230"},{"taxonomy":"series","embeddable":true,"href":"https:\/\/comunidadeemacao.com.br\/site\/wp-json\/wp\/v2\/series?post=5230"}],"curies":[{"name":"wp","href":"https:\/\/api.w.org\/{rel}","templated":true}]}}