{"id":5218,"date":"2025-05-29T07:19:26","date_gmt":"2025-05-29T10:19:26","guid":{"rendered":"https:\/\/comunidadeemacao.com.br\/site\/?p=5218"},"modified":"2025-05-28T20:41:07","modified_gmt":"2025-05-28T23:41:07","slug":"brasil-gasta-cinco-vezes-mais-com-doencas-do-tabaco-do-que-arrecada-com-a-venda-de-cigarros","status":"publish","type":"post","link":"https:\/\/comunidadeemacao.com.br\/site\/brasil-gasta-cinco-vezes-mais-com-doencas-do-tabaco-do-que-arrecada-com-a-venda-de-cigarros\/","title":{"rendered":"Brasil gasta cinco vezes mais com doen\u00e7as do tabaco do que arrecada com a venda de cigarros"},"content":{"rendered":"<p><span style=\"font-weight: 400;\">Para cada real de lucro obtido pela ind\u00fastria do tabaco, o Brasil perde R$ 5 com os custos associados \u00e0s doen\u00e7as provocadas pelo cigarro. A revela\u00e7\u00e3o faz parte do estudo A Conta que a Ind\u00fastria do Tabaco N\u00e3o Conta, divulgado nesta quarta-feira (28) pelo Instituto Nacional de C\u00e2ncer (Inca) em parceria com o Minist\u00e9rio da Sa\u00fade.<\/span><\/p>\n<p><span style=\"font-weight: 400;\">Segundo o levantamento, a cada R$ 156 mil de lucro gerado com a venda de cigarros legais no pa\u00eds, uma pessoa morre em decorr\u00eancia de doen\u00e7as como infarto, AVC, DPOC (Doen\u00e7a Pulmonar Obstrutiva Cr\u00f4nica) ou c\u00e2ncer de pulm\u00e3o \u2014 todas diretamente atribu\u00eddas ao tabagismo.<\/span><\/p>\n<p><span style=\"font-weight: 400;\">Os custos econ\u00f4micos por cada morte foram estimados em R$ 361 mil (direto) e R$ 796 mil (total, somando custos indiretos como afastamentos e perda de produtividade). Com base nesses dados, o minist\u00e9rio afirma que o pa\u00eds gasta mais de cinco vezes o valor do lucro da ind\u00fastria para tratar os impactos do cigarro na sa\u00fade p\u00fablica.<\/span><\/p>\n<h3><b>Tabagismo custa R$ 153,5 bilh\u00f5es por ano e mata 477 brasileiros por dia<\/b><\/h3>\n<p><span style=\"font-weight: 400;\">Mesmo com a arrecada\u00e7\u00e3o de R$ 8 bilh\u00f5es em impostos federais em 2022, o valor cobre apenas 5,2% do preju\u00edzo total causado pelo tabaco no Brasil. Os n\u00fameros do Inca indicam que o pa\u00eds desembolsa R$ 153,5 bilh\u00f5es por ano com o tratamento de doen\u00e7as provocadas pelo cigarro, al\u00e9m das perdas econ\u00f4micas relacionadas \u00e0 morte prematura e incapacidades.<\/span><\/p>\n<p><span style=\"font-weight: 400;\">Desse total, R$ 67,2 bilh\u00f5es correspondem ao tratamento direto de doen\u00e7as como c\u00e2ncer, infarto e AVC. J\u00e1 os custos indiretos chegam a R$ 86,3 bilh\u00f5es, segundo dados do Minist\u00e9rio da Sa\u00fade.<\/span><\/p>\n<p><span style=\"font-weight: 400;\">O tabagismo \u00e9 respons\u00e1vel por cerca de 174 mil mortes evit\u00e1veis por ano no pa\u00eds, ou 477 \u00f3bitos por dia. Entre as principais causas est\u00e3o o c\u00e2ncer de pulm\u00e3o, doen\u00e7as card\u00edacas, DPOC, diabetes tipo 2 e at\u00e9 o fumo passivo, que responde por 20 mil mortes anuais.<\/span><\/p>\n<h3><b>Uso de cigarros eletr\u00f4nicos cresce entre jovens, apesar da proibi\u00e7\u00e3o<\/b><\/h3>\n<figure id=\"attachment_5220\" aria-describedby=\"caption-attachment-5220\" style=\"width: 300px\" class=\"wp-caption aligncenter\"><img data-recalc-dims=\"1\" fetchpriority=\"high\" decoding=\"async\" class=\"size-medium wp-image-5220\" src=\"https:\/\/i0.wp.com\/comunidadeemacao.com.br\/site\/wp-content\/uploads\/2025\/05\/Tabaco-2_ja_8787.webp?resize=300%2C179&#038;ssl=1\" alt=\"cigarro eletr\u00f4nico, \" width=\"300\" height=\"179\" srcset=\"https:\/\/i0.wp.com\/comunidadeemacao.com.br\/site\/wp-content\/uploads\/2025\/05\/Tabaco-2_ja_8787.webp?resize=300%2C179&amp;ssl=1 300w, https:\/\/i0.wp.com\/comunidadeemacao.com.br\/site\/wp-content\/uploads\/2025\/05\/Tabaco-2_ja_8787.webp?resize=1024%2C613&amp;ssl=1 1024w, https:\/\/i0.wp.com\/comunidadeemacao.com.br\/site\/wp-content\/uploads\/2025\/05\/Tabaco-2_ja_8787.webp?resize=768%2C459&amp;ssl=1 768w, https:\/\/i0.wp.com\/comunidadeemacao.com.br\/site\/wp-content\/uploads\/2025\/05\/Tabaco-2_ja_8787.webp?resize=820%2C491&amp;ssl=1 820w, https:\/\/i0.wp.com\/comunidadeemacao.com.br\/site\/wp-content\/uploads\/2025\/05\/Tabaco-2_ja_8787.webp?resize=150%2C90&amp;ssl=1 150w, https:\/\/i0.wp.com\/comunidadeemacao.com.br\/site\/wp-content\/uploads\/2025\/05\/Tabaco-2_ja_8787.webp?w=1170&amp;ssl=1 1170w\" sizes=\"(max-width: 300px) 100vw, 300px\" \/><figcaption id=\"caption-attachment-5220\" class=\"wp-caption-text\"><strong><em>Cigarro eletr\u00f4nico cresce entre jovens Foto: Reprodu\u00e7\u00e3o Ag\u00eancia Brasil<\/em><\/strong><\/figcaption><\/figure>\n<p><span style=\"font-weight: 400;\">Mesmo proibidos no Brasil desde 2009, os dispositivos eletr\u00f4nicos para fumar \u2014 os chamados vapes \u2014 continuam populares, principalmente entre jovens. Dados da pesquisa Vigitel 2023 mostram que 2,1% da popula\u00e7\u00e3o adulta usou cigarros eletr\u00f4nicos no \u00faltimo ano. Entre os jovens de 18 a 24 anos, esse \u00edndice salta para 6,1%.<\/span><\/p>\n<p><span style=\"font-weight: 400;\">A combina\u00e7\u00e3o de marketing agressivo e apelo tecnol\u00f3gico tem contribu\u00eddo para a expans\u00e3o do uso dos vapes, aumentando o desafio das autoridades de sa\u00fade na luta contra o tabagismo.<\/span><\/p>\n<h3><b>SUS oferece tratamento gratuito para quem quer parar de fumar<\/b><\/h3>\n<p><span style=\"font-weight: 400;\">O Brasil tem cerca de 19,6 milh\u00f5es de fumantes \u2014 9,3% da popula\u00e7\u00e3o, segundo a Vigitel 2023. Para quem deseja abandonar o cigarro, o SUS disponibiliza tratamento gratuito em todo o pa\u00eds por meio das Unidades B\u00e1sicas de Sa\u00fade (UBSs).<\/span><\/p>\n<h4><strong><em><a href=\"https:\/\/www.whatsapp.com\/channel\/0029Va9Qx46KrWQowqqyQN0j\" target=\"_blank\" rel=\"noopener nofollow\">\u2705\u00a0Siga o Canal COMUNIDADE EM A\u00c7\u00c3O ON\u00a0<\/a><a href=\"https:\/\/www.whatsapp.com\/channel\/0029Va9Qx46KrWQowqqyQN0j\" target=\"_blank\" rel=\"noopener nofollow\">no WhtasApp t\u00eam not\u00edcias da\u00a0 ZN<\/a><\/em><\/strong><\/h4>\n<h4><strong><em><a href=\"https:\/\/www.instagram.com\/comunidadeemacao\" target=\"_blank\" rel=\"noopener nofollow\">\u2705\u00a0Siga o nosso Instagram: @comunidadeemacao<\/a><\/em><\/strong><\/h4>\n<p><span style=\"font-weight: 400;\">O atendimento inclui orienta\u00e7\u00e3o individual e em grupo, acompanhamento profissional e medicamentos como adesivos de nicotina, goma de mascar e bupropiona. Para iniciar o tratamento, basta procurar uma UBS ou entrar em contato com a secretaria de sa\u00fade local.<\/span><\/p>\n<p><span style=\"font-weight: 400;\">O servi\u00e7o \u00e9 aberto a todos que buscam melhorar a sa\u00fade e a qualidade de vida, contribuindo tamb\u00e9m para reduzir os custos sociais e econ\u00f4micos do tabagismo no Brasil.<\/span><\/p>\n<h4 style=\"text-align: right;\"><strong><em>Reda\u00e7\u00e3o: Marcos Silva | redacao1@comunidadeemacao.com.br<\/em><\/strong><\/h4>\n","protected":false},"excerpt":{"rendered":"Para cada real de lucro obtido pela ind\u00fastria do tabaco, o Brasil perde R$ 5 com os custos associados \u00e0s doen\u00e7as provocadas pelo cigarro. A [&hellip;]","protected":false},"author":1,"featured_media":5219,"comment_status":"closed","ping_status":"closed","sticky":false,"template":"","format":"standard","meta":{"episode_type":"","audio_file":"","podmotor_file_id":"","podmotor_episode_id":"","cover_image":"","cover_image_id":"","duration":"","filesize":"","filesize_raw":"","date_recorded":"","explicit":"","block":"","_jetpack_newsletter_access":"","_jetpack_dont_email_post_to_subs":false,"_jetpack_newsletter_tier_id":0,"_jetpack_memberships_contains_paywalled_content":false,"_jetpack_feature_clip_id":0,"_jetpack_memberships_contains_paid_content":false,"footnotes":"","jetpack_post_was_ever_published":false},"categories":[54,114],"tags":[1273,1269,1270,1271,1275,1272,1276,1268,1274],"series":[1406],"class_list":["post-5218","post","type-post","status-publish","format-standard","has-post-thumbnail","hentry","category-dia-a-dia","category-saude","tag-cigarro-eletronico","tag-custo-do-tabagismo","tag-doencas-causadas-pelo-cigarro","tag-impacto-economico-do-fumo","tag-inca-tabagismo","tag-mortes-por-cigarro","tag-sus-parar-de-fumar","tag-tabagismo-no-brasil","tag-tratamento-para-parar-de-fumar","series-comunidade-em-acao"],"episode_featured_image":"https:\/\/comunidadeemacao.com.br\/site\/wp-content\/uploads\/2025\/05\/tobacco-2692246.webp","episode_player_image":"https:\/\/i0.wp.com\/comunidadeemacao.com.br\/site\/wp-content\/uploads\/2025\/07\/Logo-Fala-Zona-Norte-1400-pix1.jpg?fit=1400%2C1400&ssl=1","download_link":"","player_link":"","audio_player":false,"episode_data":{"playerMode":"light","subscribeUrls":{"youtube":{"key":"youtube","url":"https:\/\/www.youtube.com\/@znbhplay\/podcasts","label":"YouTube","class":"youtube","icon":"youtube.png"}},"rssFeedUrl":"https:\/\/comunidadeemacao.com.br\/site\/feed\/podcast\/comunidade-em-acao","embedCode":"<blockquote class=\"wp-embedded-content\" data-secret=\"ZwKxwYwISZ\"><a href=\"https:\/\/comunidadeemacao.com.br\/site\/brasil-gasta-cinco-vezes-mais-com-doencas-do-tabaco-do-que-arrecada-com-a-venda-de-cigarros\/\">Brasil gasta cinco vezes mais com doen\u00e7as do tabaco do que arrecada com a venda de cigarros<\/a><\/blockquote><iframe sandbox=\"allow-scripts\" security=\"restricted\" src=\"https:\/\/comunidadeemacao.com.br\/site\/brasil-gasta-cinco-vezes-mais-com-doencas-do-tabaco-do-que-arrecada-com-a-venda-de-cigarros\/embed\/#?secret=ZwKxwYwISZ\" width=\"500\" height=\"350\" title=\"&#8220;Brasil gasta cinco vezes mais com doen\u00e7as do tabaco do que arrecada com a venda de cigarros&#8221; &#8212; COMUNIDADE EM A\u00c7\u00c3O\" data-secret=\"ZwKxwYwISZ\" frameborder=\"0\" marginwidth=\"0\" marginheight=\"0\" scrolling=\"no\" class=\"wp-embedded-content\"><\/iframe><script>\n\/*! This file is auto-generated *\/\n!function(d,l){\"use strict\";l.querySelector&&d.addEventListener&&\"undefined\"!=typeof URL&&(d.wp=d.wp||{},d.wp.receiveEmbedMessage||(d.wp.receiveEmbedMessage=function(e){var t=e.data;if((t||t.secret||t.message||t.value)&&!\/[^a-zA-Z0-9]\/.test(t.secret)){for(var s,r,n,a=l.querySelectorAll('iframe[data-secret=\"'+t.secret+'\"]'),o=l.querySelectorAll('blockquote[data-secret=\"'+t.secret+'\"]'),c=new RegExp(\"^https?:$\",\"i\"),i=0;i<o.length;i++)o[i].style.display=\"none\";for(i=0;i<a.length;i++)s=a[i],e.source===s.contentWindow&&(s.removeAttribute(\"style\"),\"height\"===t.message?(1e3<(r=parseInt(t.value,10))?r=1e3:~~r<200&&(r=200),s.height=r):\"link\"===t.message&&(r=new URL(s.getAttribute(\"src\")),n=new URL(t.value),c.test(n.protocol))&&n.host===r.host&&l.activeElement===s&&(d.top.location.href=t.value))}},d.addEventListener(\"message\",d.wp.receiveEmbedMessage,!1),l.addEventListener(\"DOMContentLoaded\",function(){for(var e,t,s=l.querySelectorAll(\"iframe.wp-embedded-content\"),r=0;r<s.length;r++)(t=(e=s[r]).getAttribute(\"data-secret\"))||(t=Math.random().toString(36).substring(2,12),e.src+=\"#?secret=\"+t,e.setAttribute(\"data-secret\",t)),e.contentWindow.postMessage({message:\"ready\",secret:t},\"*\")},!1)))}(window,document);\n\/\/# sourceURL=https:\/\/comunidadeemacao.com.br\/site\/wp-includes\/js\/wp-embed.min.js\n<\/script>\n"},"jetpack_sharing_enabled":true,"jetpack_likes_enabled":true,"jetpack-related-posts":[{"id":10283,"url":"https:\/\/comunidadeemacao.com.br\/site\/ministerio-da-saude-lanca-campanha-para-coletar-historias-sobre-os-desafios-de-parar-de-fumar\/","url_meta":{"origin":5218,"position":0},"title":"Minist\u00e9rio da Sa\u00fade lan\u00e7a campanha para coletar hist\u00f3rias sobre os desafios de parar de fumar","author":"Marcos Silva","date":"27 de agosto de 2026","format":false,"excerpt":"Uma nova abordagem para combater o tabagismo O Minist\u00e9rio da Sa\u00fade lan\u00e7ou uma iniciativa inovadora que busca ouvir diretamente da popula\u00e7\u00e3o as experi\u00eancias pessoais relacionadas aos desafios de parar de fumar. A campanha, intitulada 'Conte o que o cigarro n\u00e3o mostra', convida fumantes, ex-fumantes e seus familiares a compartilharem suas\u2026","rel":"","context":"Em &quot;Sa\u00fade&quot;","block_context":{"text":"Sa\u00fade","link":"https:\/\/comunidadeemacao.com.br\/site\/category\/noticiasdacomunidaede\/saude\/"},"img":{"alt_text":"Relatos de fumantes, ex-fumantes e pessoas que convivem com o tabagismo v\u00e3o ajudar a definir novas imagens e mensagens para as embalagens de cigarros e aprimorar pol\u00edticas p\u00fablicas de combate ao tabagismo","src":"https:\/\/i0.wp.com\/comunidadeemacao.com.br\/site\/wp-content\/uploads\/2026\/08\/9196798d-9c27-4432-8a26-8507a2562d75.png?fit=768%2C353&ssl=1&resize=350%2C200","width":350,"height":200,"srcset":"https:\/\/i0.wp.com\/comunidadeemacao.com.br\/site\/wp-content\/uploads\/2026\/08\/9196798d-9c27-4432-8a26-8507a2562d75.png?fit=768%2C353&ssl=1&resize=350%2C200 1x, https:\/\/i0.wp.com\/comunidadeemacao.com.br\/site\/wp-content\/uploads\/2026\/08\/9196798d-9c27-4432-8a26-8507a2562d75.png?fit=768%2C353&ssl=1&resize=525%2C300 1.5x, https:\/\/i0.wp.com\/comunidadeemacao.com.br\/site\/wp-content\/uploads\/2026\/08\/9196798d-9c27-4432-8a26-8507a2562d75.png?fit=768%2C353&ssl=1&resize=700%2C400 2x"},"classes":[]},{"id":10322,"url":"https:\/\/comunidadeemacao.com.br\/site\/tratamento-para-parar-de-fumar-e-oferecido-gratuitamente-em-154-centros-de-saude-de-bh\/","url_meta":{"origin":5218,"position":1},"title":"Tratamento para parar de fumar \u00e9 oferecido gratuitamente em 154 centros de sa\u00fade de BH","author":"Marcos Silva","date":"28 de agosto de 2026","format":false,"excerpt":"Programa de Controle do Tabagismo da PBH oferece acompanhamento especializado, atividades em grupo e, quando necess\u00e1rio, medicamentos para quem deseja abandonar o cigarro Quem deseja parar de fumar pode contar com tratamento e acompanhamento gratuito oferecidos pela Prefeitura de Belo Horizonte (PBH). O Programa de Controle do Tabagismo est\u00e1 dispon\u00edvel\u2026","rel":"","context":"Em &quot;Sa\u00fade&quot;","block_context":{"text":"Sa\u00fade","link":"https:\/\/comunidadeemacao.com.br\/site\/category\/noticiasdacomunidaede\/saude\/"},"img":{"alt_text":"parar de fumar","src":"https:\/\/i0.wp.com\/comunidadeemacao.com.br\/site\/wp-content\/uploads\/2026\/08\/conscientizacao-contra-tabaco.jpg?fit=770%2C513&ssl=1&resize=350%2C200","width":350,"height":200,"srcset":"https:\/\/i0.wp.com\/comunidadeemacao.com.br\/site\/wp-content\/uploads\/2026\/08\/conscientizacao-contra-tabaco.jpg?fit=770%2C513&ssl=1&resize=350%2C200 1x, https:\/\/i0.wp.com\/comunidadeemacao.com.br\/site\/wp-content\/uploads\/2026\/08\/conscientizacao-contra-tabaco.jpg?fit=770%2C513&ssl=1&resize=525%2C300 1.5x, https:\/\/i0.wp.com\/comunidadeemacao.com.br\/site\/wp-content\/uploads\/2026\/08\/conscientizacao-contra-tabaco.jpg?fit=770%2C513&ssl=1&resize=700%2C400 2x"},"classes":[]},{"id":8747,"url":"https:\/\/comunidadeemacao.com.br\/site\/explosao-na-busca-por-tratamento-para-parar-de-fumar-no-sus-em-2025\/","url_meta":{"origin":5218,"position":2},"title":"Explos\u00e3o na Busca por Tratamento para Parar de Fumar no SUS em 2025","author":"Marcos Silva","date":"2 de junho de 2026","format":false,"excerpt":"Aumento Significativo na Procura por Tratamentos O ano de 2025 registrou um marco significativo na luta contra o tabagismo no Brasil. Mais de 2,5 milh\u00f5es de brasileiros buscaram, de forma volunt\u00e1ria, tratamento no Sistema \u00danico de Sa\u00fade (SUS) para parar de fumar. Esse n\u00famero impressionante representa um aumento de 95%\u2026","rel":"","context":"Em &quot;Sa\u00fade&quot;","block_context":{"text":"Sa\u00fade","link":"https:\/\/comunidadeemacao.com.br\/site\/category\/noticiasdacomunidaede\/saude\/"},"img":{"alt_text":"N\u00famero de atendimentos relacionados ao tabagismo cresceu 95% entre 2022 e 2025, impulsionado pela amplia\u00e7\u00e3o das a\u00e7\u00f5es de preven\u00e7\u00e3o e cuidado na Aten\u00e7\u00e3o Prim\u00e1ria \u00e0 Sa\u00fade","src":"https:\/\/i0.wp.com\/comunidadeemacao.com.br\/site\/wp-content\/uploads\/2026\/06\/8d6e128a-2f41-42cd-869b-91cc5fbfdf75.jpg?fit=768%2C354&ssl=1&resize=350%2C200","width":350,"height":200,"srcset":"https:\/\/i0.wp.com\/comunidadeemacao.com.br\/site\/wp-content\/uploads\/2026\/06\/8d6e128a-2f41-42cd-869b-91cc5fbfdf75.jpg?fit=768%2C354&ssl=1&resize=350%2C200 1x, https:\/\/i0.wp.com\/comunidadeemacao.com.br\/site\/wp-content\/uploads\/2026\/06\/8d6e128a-2f41-42cd-869b-91cc5fbfdf75.jpg?fit=768%2C354&ssl=1&resize=525%2C300 1.5x, https:\/\/i0.wp.com\/comunidadeemacao.com.br\/site\/wp-content\/uploads\/2026\/06\/8d6e128a-2f41-42cd-869b-91cc5fbfdf75.jpg?fit=768%2C354&ssl=1&resize=700%2C400 2x"},"classes":[]},{"id":9378,"url":"https:\/\/comunidadeemacao.com.br\/site\/indenizacao-por-cirurgias-plasticas-justica-confirma-condenacao-de-medico-e-clinica-em-mg\/","url_meta":{"origin":5218,"position":3},"title":"Indeniza\u00e7\u00e3o por cirurgias pl\u00e1sticas: Justi\u00e7a confirma condena\u00e7\u00e3o de m\u00e9dico e cl\u00ednica em MG","author":"Marcos Silva","date":"9 de julho de 2026","format":false,"excerpt":"Decis\u00e3o do TJMG reconhece culpa concorrente da paciente por manter o tabagismo, mas responsabiliza m\u00e9dico e cl\u00ednica pelas complica\u00e7\u00f5es ap\u00f3s procedimentos est\u00e9ticos A Justi\u00e7a de Minas Gerais confirmou a condena\u00e7\u00e3o de um m\u00e9dico e de uma cl\u00ednica de Uberl\u00e2ndia, no Tri\u00e2ngulo Mineiro, ao pagamento de indeniza\u00e7\u00e3o a uma paciente que\u2026","rel":"","context":"Em &quot;Dia A Dia&quot;","block_context":{"text":"Dia A Dia","link":"https:\/\/comunidadeemacao.com.br\/site\/category\/dia-a-dia\/"},"img":{"alt_text":"Justi\u00e7a reconheceu culpa concorrente, j\u00e1 que a mulher n\u00e3o manteve o tabagismo","src":"https:\/\/i0.wp.com\/comunidadeemacao.com.br\/site\/wp-content\/uploads\/2026\/07\/unnamed-16.jpg?fit=1000%2C667&ssl=1&resize=350%2C200","width":350,"height":200,"srcset":"https:\/\/i0.wp.com\/comunidadeemacao.com.br\/site\/wp-content\/uploads\/2026\/07\/unnamed-16.jpg?fit=1000%2C667&ssl=1&resize=350%2C200 1x, https:\/\/i0.wp.com\/comunidadeemacao.com.br\/site\/wp-content\/uploads\/2026\/07\/unnamed-16.jpg?fit=1000%2C667&ssl=1&resize=525%2C300 1.5x, https:\/\/i0.wp.com\/comunidadeemacao.com.br\/site\/wp-content\/uploads\/2026\/07\/unnamed-16.jpg?fit=1000%2C667&ssl=1&resize=700%2C400 2x"},"classes":[]},{"id":10099,"url":"https:\/\/comunidadeemacao.com.br\/site\/inovadora-pesquisa-com-polipilula-brasileira-busca-voluntarios-para-prevenir-avc\/","url_meta":{"origin":5218,"position":4},"title":"Inovadora Pesquisa com Polip\u00edlula Brasileira Busca Volunt\u00e1rios para Prevenir AVC","author":"Marcos Silva","date":"16 de agosto de 2026","format":false,"excerpt":"Recrutamento de Volunt\u00e1rios para Estudo Revolucion\u00e1rio Pesquisadores brasileiros est\u00e3o em busca de volunt\u00e1rios para participarem de uma pesquisa inovadora, que promete revolucionar a preven\u00e7\u00e3o de acidentes vasculares cerebrais (AVC) e outras doen\u00e7as cardiovasculares. A pesquisa \u00e9 conduzida pelo Hospital Moinhos de Vento, em Porto Alegre, em colabora\u00e7\u00e3o com o Minist\u00e9rio\u2026","rel":"","context":"Em &quot;Sa\u00fade&quot;","block_context":{"text":"Sa\u00fade","link":"https:\/\/comunidadeemacao.com.br\/site\/category\/noticiasdacomunidaede\/saude\/"},"img":{"alt_text":"Participantes receber\u00e3o acompanhamento por at\u00e9 quatro anos","src":"https:\/\/i0.wp.com\/comunidadeemacao.com.br\/site\/wp-content\/uploads\/2026\/08\/pressao_alta_2.webp?fit=1170%2C700&ssl=1&resize=350%2C200","width":350,"height":200,"srcset":"https:\/\/i0.wp.com\/comunidadeemacao.com.br\/site\/wp-content\/uploads\/2026\/08\/pressao_alta_2.webp?fit=1170%2C700&ssl=1&resize=350%2C200 1x, https:\/\/i0.wp.com\/comunidadeemacao.com.br\/site\/wp-content\/uploads\/2026\/08\/pressao_alta_2.webp?fit=1170%2C700&ssl=1&resize=525%2C300 1.5x, https:\/\/i0.wp.com\/comunidadeemacao.com.br\/site\/wp-content\/uploads\/2026\/08\/pressao_alta_2.webp?fit=1170%2C700&ssl=1&resize=700%2C400 2x, https:\/\/i0.wp.com\/comunidadeemacao.com.br\/site\/wp-content\/uploads\/2026\/08\/pressao_alta_2.webp?fit=1170%2C700&ssl=1&resize=1050%2C600 3x"},"classes":[]},{"id":1498,"url":"https:\/\/comunidadeemacao.com.br\/site\/psiquiatra-alerta-para-relacao-do-cancer-de-mama-com-doencas-mentais\/","url_meta":{"origin":5218,"position":5},"title":"Psiquiatra alerta para rela\u00e7\u00e3o do c\u00e2ncer de mama com doen\u00e7as mentais","author":"Marcos Silva","date":"15 de outubro de 2020","format":false,"excerpt":"Psiquiatra alerta para rela\u00e7\u00e3o do c\u00e2ncer de mama com doen\u00e7as mentais Especialista sugere acompanhamento psiqui\u00e1trico no tratamento \u00a0 O movimento Outubro Rosa marca o m\u00eas de conscientiza\u00e7\u00e3o do cuidado e de preven\u00e7\u00e3o ao c\u00e2ncer de mama, mas tamb\u00e9m ressalta a import\u00e2ncia de se compreender e dialogar sobre a rela\u00e7\u00e3o do\u2026","rel":"","context":"Em &quot;Sa\u00fade&quot;","block_context":{"text":"Sa\u00fade","link":"https:\/\/comunidadeemacao.com.br\/site\/category\/noticiasdacomunidaede\/saude\/"},"img":{"alt_text":"","src":"https:\/\/i0.wp.com\/comunidadeemacao.com.br\/site\/wp-content\/uploads\/2021\/03\/1a-seios-web-jca.jpg?fit=1084%2C1200&ssl=1&resize=350%2C200","width":350,"height":200,"srcset":"https:\/\/i0.wp.com\/comunidadeemacao.com.br\/site\/wp-content\/uploads\/2021\/03\/1a-seios-web-jca.jpg?fit=1084%2C1200&ssl=1&resize=350%2C200 1x, https:\/\/i0.wp.com\/comunidadeemacao.com.br\/site\/wp-content\/uploads\/2021\/03\/1a-seios-web-jca.jpg?fit=1084%2C1200&ssl=1&resize=525%2C300 1.5x, https:\/\/i0.wp.com\/comunidadeemacao.com.br\/site\/wp-content\/uploads\/2021\/03\/1a-seios-web-jca.jpg?fit=1084%2C1200&ssl=1&resize=700%2C400 2x, https:\/\/i0.wp.com\/comunidadeemacao.com.br\/site\/wp-content\/uploads\/2021\/03\/1a-seios-web-jca.jpg?fit=1084%2C1200&ssl=1&resize=1050%2C600 3x"},"classes":[]}],"jetpack_featured_media_url":"https:\/\/i0.wp.com\/comunidadeemacao.com.br\/site\/wp-content\/uploads\/2025\/05\/tobacco-2692246.webp?fit=1170%2C700&ssl=1","_links":{"self":[{"href":"https:\/\/comunidadeemacao.com.br\/site\/wp-json\/wp\/v2\/posts\/5218","targetHints":{"allow":["GET"]}}],"collection":[{"href":"https:\/\/comunidadeemacao.com.br\/site\/wp-json\/wp\/v2\/posts"}],"about":[{"href":"https:\/\/comunidadeemacao.com.br\/site\/wp-json\/wp\/v2\/types\/post"}],"author":[{"embeddable":true,"href":"https:\/\/comunidadeemacao.com.br\/site\/wp-json\/wp\/v2\/users\/1"}],"replies":[{"embeddable":true,"href":"https:\/\/comunidadeemacao.com.br\/site\/wp-json\/wp\/v2\/comments?post=5218"}],"version-history":[{"count":1,"href":"https:\/\/comunidadeemacao.com.br\/site\/wp-json\/wp\/v2\/posts\/5218\/revisions"}],"predecessor-version":[{"id":5221,"href":"https:\/\/comunidadeemacao.com.br\/site\/wp-json\/wp\/v2\/posts\/5218\/revisions\/5221"}],"wp:featuredmedia":[{"embeddable":true,"href":"https:\/\/comunidadeemacao.com.br\/site\/wp-json\/wp\/v2\/media\/5219"}],"wp:attachment":[{"href":"https:\/\/comunidadeemacao.com.br\/site\/wp-json\/wp\/v2\/media?parent=5218"}],"wp:term":[{"taxonomy":"category","embeddable":true,"href":"https:\/\/comunidadeemacao.com.br\/site\/wp-json\/wp\/v2\/categories?post=5218"},{"taxonomy":"post_tag","embeddable":true,"href":"https:\/\/comunidadeemacao.com.br\/site\/wp-json\/wp\/v2\/tags?post=5218"},{"taxonomy":"series","embeddable":true,"href":"https:\/\/comunidadeemacao.com.br\/site\/wp-json\/wp\/v2\/series?post=5218"}],"curies":[{"name":"wp","href":"https:\/\/api.w.org\/{rel}","templated":true}]}}