{"id":5201,"date":"2025-05-26T20:35:32","date_gmt":"2025-05-26T23:35:32","guid":{"rendered":"https:\/\/comunidadeemacao.com.br\/site\/?p=5201"},"modified":"2025-05-27T15:34:01","modified_gmt":"2025-05-27T18:34:01","slug":"condominio-maria-stella-comemora-30-anos-com-festa","status":"publish","type":"post","link":"https:\/\/comunidadeemacao.com.br\/site\/condominio-maria-stella-comemora-30-anos-com-festa\/","title":{"rendered":"Condom\u00ednio Maria Stella comemora 30 anos com festa"},"content":{"rendered":"<h3><em><b>Celebra\u00e7\u00e3o reuniu moradores, lideran\u00e7as e autoridades em evento que marca a hist\u00f3ria da moradia popular na regi\u00e3o norte de Belo Horizonte<\/b><\/em><\/h3>\n<p><span style=\"font-weight: 400;\">O <\/span><b>Condom\u00ednio Residencial Maria Stella<\/b><span style=\"font-weight: 400;\">, localizado no bairro Guarani, na <\/span><b>regi\u00e3o Norte de Belo Horizonte<\/b><span style=\"font-weight: 400;\">, celebrou neste domingo (25) seus <\/span><b>30 anos de funda\u00e7\u00e3o<\/b><span style=\"font-weight: 400;\"> com uma programa\u00e7\u00e3o especial marcada por uni\u00e3o, mem\u00f3ria e compromisso com o futuro da comunidade.<\/span><\/p>\n<p><span style=\"font-weight: 400;\">Inaugurado em 1995, o Maria Stella \u00e9 hoje um dos <\/span><b>maiores e mais tradicionais condom\u00ednios residenciais da capital mineira<\/b><span style=\"font-weight: 400;\">, abrigando mais de <\/span><b>3 mil moradores<\/b><span style=\"font-weight: 400;\"> distribu\u00eddos em <\/span><b>800 apartamentos<\/b><span style=\"font-weight: 400;\">. O empreendimento \u00e9 refer\u00eancia em <\/span><b>moradia popular<\/b><span style=\"font-weight: 400;\"> e modelo de conviv\u00eancia comunit\u00e1ria.<\/span><\/p>\n<h3><b>Programa\u00e7\u00e3o especial e presen\u00e7a de autoridades<\/b><\/h3>\n<p><span style=\"font-weight: 400;\">A principal homenagem do m\u00eas foi um <\/span><b>culto ecum\u00eanico<\/b><span style=\"font-weight: 400;\"> conduzido pelo pastor Henrique Lima e pelo seminarista Mateus Prot\u00e1zio, que destacaram a <\/span><b>diversidade e o esp\u00edrito fraterno<\/b><span style=\"font-weight: 400;\"> entre os moradores. Ap\u00f3s a cerim\u00f4nia, a comunidade celebrou com parab\u00e9ns e distribui\u00e7\u00e3o de bolo.<\/span><\/p>\n<figure id=\"attachment_5211\" aria-describedby=\"caption-attachment-5211\" style=\"width: 300px\" class=\"wp-caption aligncenter\"><img data-recalc-dims=\"1\" fetchpriority=\"high\" decoding=\"async\" class=\"size-medium wp-image-5211\" src=\"https:\/\/i0.wp.com\/comunidadeemacao.com.br\/site\/wp-content\/uploads\/2025\/05\/20250525_111304-1.jpg?resize=300%2C225&#038;ssl=1\" alt=\"Culto ecum\u00eanico \" width=\"300\" height=\"225\" srcset=\"https:\/\/i0.wp.com\/comunidadeemacao.com.br\/site\/wp-content\/uploads\/2025\/05\/20250525_111304-1.jpg?resize=300%2C225&amp;ssl=1 300w, https:\/\/i0.wp.com\/comunidadeemacao.com.br\/site\/wp-content\/uploads\/2025\/05\/20250525_111304-1.jpg?resize=1024%2C768&amp;ssl=1 1024w, https:\/\/i0.wp.com\/comunidadeemacao.com.br\/site\/wp-content\/uploads\/2025\/05\/20250525_111304-1.jpg?resize=768%2C576&amp;ssl=1 768w, https:\/\/i0.wp.com\/comunidadeemacao.com.br\/site\/wp-content\/uploads\/2025\/05\/20250525_111304-1.jpg?resize=1536%2C1152&amp;ssl=1 1536w, https:\/\/i0.wp.com\/comunidadeemacao.com.br\/site\/wp-content\/uploads\/2025\/05\/20250525_111304-1.jpg?resize=820%2C615&amp;ssl=1 820w, https:\/\/i0.wp.com\/comunidadeemacao.com.br\/site\/wp-content\/uploads\/2025\/05\/20250525_111304-1.jpg?resize=150%2C113&amp;ssl=1 150w, https:\/\/i0.wp.com\/comunidadeemacao.com.br\/site\/wp-content\/uploads\/2025\/05\/20250525_111304-1.jpg?w=1920&amp;ssl=1 1920w\" sizes=\"(max-width: 300px) 100vw, 300px\" \/><figcaption id=\"caption-attachment-5211\" class=\"wp-caption-text\"><strong><em>Pastor Henrique Leal e seminarista Mateus Prot\u00e1zio Foto: Marcos Silva | JCA<\/em><\/strong><\/figcaption><\/figure>\n<p><span style=\"font-weight: 400;\">O ponto alto da festa foi a participa\u00e7\u00e3o do <\/span><b>prefeito de Belo Horizonte, \u00c1lvaro Dami\u00e3o<\/b><span style=\"font-weight: 400;\">, que cortou o bolo e reencontrou amigos de inf\u00e2ncia que hoje vivem no Maria Stella.<\/span><\/p>\n<p><span style=\"font-weight: 400;\">\u201c<\/span><b>Muitos dos meus amigos do bairro Conc\u00f3rdia migraram para c\u00e1 h\u00e1 30 anos<\/b><span style=\"font-weight: 400;\">, no in\u00edcio do condom\u00ednio. Sempre que sou convidado para participar de algo aqui, venho com carinho. Agora, como prefeito, \u00e9 ainda mais especial poder escutar e atender as demandas dessa comunidade que faz parte da minha hist\u00f3ria\u201d, afirmou Dami\u00e3o em entrevista ao portal <\/span><b>COMUNIDADE EM A\u00c7\u00c3O<\/b><span style=\"font-weight: 400;\">.<\/span><\/p>\n<p><span style=\"font-weight: 400;\">Fazendo refer\u00eancia \u00e0s suas origens, o prefeito se autodenominou, com bom humor, como o \u201c<\/span><b>Pretinho da Conc\u00f3rdia<\/b><span style=\"font-weight: 400;\">\u201d. Ele ressaltou que o reencontro com antigos colegas reviveu mem\u00f3rias importantes e refor\u00e7ou os la\u00e7os com o Condom\u00ednio e amigos que ali moram.<\/span><\/p>\n<h3><b>Maria Stella: um marco de urbaniza\u00e7\u00e3o e inclus\u00e3o<\/b><\/h3>\n<p><span style=\"font-weight: 400;\">O <\/span><b>Condom\u00ednio Maria Stella<\/b><span style=\"font-weight: 400;\"> \u00e9 formado por <\/span><b>50 blocos<\/b><span style=\"font-weight: 400;\"> com 16 apartamentos cada, totalizando uma popula\u00e7\u00e3o superior \u00e0 de muitos munic\u00edpios mineiros. Diante disso, \u00c1lvaro Dami\u00e3o destacou a <\/span><b>import\u00e2ncia urban\u00edstica e social<\/b><span style=\"font-weight: 400;\"> do local, defendendo a cria\u00e7\u00e3o de mais empreendimentos semelhantes.<\/span><\/p>\n<p><span style=\"font-weight: 400;\">\u201c<\/span><b>Precisamos de mais condom\u00ednios como o Maria Stella<\/b><span style=\"font-weight: 400;\">, que ofere\u00e7am dignidade para quem sonha com a casa pr\u00f3pria.\u201d Um exemplo disso ser\u00e1 o novo projeto habitacional planejado para a \u00e1rea do antigo <\/span><b>Aeroporto Carlos Prates<\/b><span style=\"font-weight: 400;\">. A Prefeitura vai construir esse novo conjunto com o mesmo compromisso de inclus\u00e3o e qualidade, afirmou.<\/span><\/p>\n<h4><strong><em><a href=\"https:\/\/www.whatsapp.com\/channel\/0029Va9Qx46KrWQowqqyQN0j\" target=\"_blank\" rel=\"noopener nofollow\">\u2705\u00a0Siga o Canal COMUNIDADE EM A\u00c7\u00c3O ON\u00a0<\/a><a href=\"https:\/\/www.whatsapp.com\/channel\/0029Va9Qx46KrWQowqqyQN0j\" target=\"_blank\" rel=\"noopener nofollow\">no WhtasApp t\u00eam not\u00edcias da\u00a0 ZN<\/a><\/em><\/strong><\/h4>\n<h4><strong><em><a href=\"https:\/\/www.instagram.com\/comunidadeemacao\" target=\"_blank\" rel=\"noopener nofollow\">\u2705\u00a0Siga o nosso Instagram: @comunidadeemacao<\/a><\/em><\/strong><\/h4>\n<h3><b>Situa\u00e7\u00e3o de rua e document\u00e1rio sobre a hist\u00f3ria do condom\u00ednio<\/b><\/h3>\n<p><span style=\"font-weight: 400;\">Questionado sobre os moradores em situa\u00e7\u00e3o de rua que ocupam \u00e1reas pr\u00f3ximas ao condom\u00ednio, o prefeito afirmou que a situa\u00e7\u00e3o est\u00e1 sendo tratada em conjunto com o <\/span><b>Minist\u00e9rio P\u00fablico<\/b><span style=\"font-weight: 400;\">, e que haver\u00e1 em breve uma solu\u00e7\u00e3o.<\/span><\/p>\n<p><span style=\"font-weight: 400;\">Para marcar a data hist\u00f3rica, foi lan\u00e7ado um <\/span><b>mini document\u00e1rio<\/b><span style=\"font-weight: 400;\"> no canal do condom\u00ednio no YouTube, com depoimentos de moradores antigos que contam a evolu\u00e7\u00e3o do local desde a funda\u00e7\u00e3o at\u00e9 os dias atuais. <\/span><\/p>\n<h3><b>Assista ao document\u00e1rio clicando aqui<\/b><span style=\"font-weight: 400;\">.<\/span><\/h3>\n<p><iframe title=\"ANIVERS\u00c1RIO 30 ANOS  - RESIDENCIAL MARIA STELLA\" width=\"1160\" height=\"653\" src=\"https:\/\/www.youtube.com\/embed\/_uWLEWSLaNI?feature=oembed\" frameborder=\"0\" allow=\"accelerometer; autoplay; clipboard-write; encrypted-media; gyroscope; picture-in-picture; web-share\" referrerpolicy=\"strict-origin-when-cross-origin\" allowfullscreen><\/iframe><\/p>\n<p><span style=\"font-weight: 400;\">O evento tamb\u00e9m contou com a presen\u00e7a dos vereadores <\/span><b>Bruno Miranda<\/b><span style=\"font-weight: 400;\"> e <\/span><b>Marilda Portela<\/b><span style=\"font-weight: 400;\">.<\/span><\/p>\n<p style=\"text-align: right;\"><span style=\"color: #0000ff;\"><strong><em>Reportagem &amp; Fotos: Marcos Silva | redacao1@comunidadeemacao.com.br<\/em><\/strong><\/span><\/p>\n<p>&nbsp;<\/p>\n","protected":false},"excerpt":{"rendered":"Celebra\u00e7\u00e3o reuniu moradores, lideran\u00e7as e autoridades em evento que marca a hist\u00f3ria da moradia popular na regi\u00e3o norte de Belo Horizonte O Condom\u00ednio Residencial Maria [&hellip;]","protected":false},"author":1,"featured_media":5202,"comment_status":"closed","ping_status":"closed","sticky":false,"template":"","format":"standard","meta":{"episode_type":"","audio_file":"","podmotor_file_id":"","podmotor_episode_id":"","cover_image":"","cover_image_id":"","duration":"","filesize":"","filesize_raw":"","date_recorded":"","explicit":"","block":"","_jetpack_newsletter_access":"","_jetpack_dont_email_post_to_subs":false,"_jetpack_newsletter_tier_id":0,"_jetpack_memberships_contains_paywalled_content":false,"_jetpack_feature_clip_id":0,"_jetpack_memberships_contains_paid_content":false,"footnotes":"","jetpack_post_was_ever_published":false},"categories":[50,1],"tags":[],"series":[1406],"class_list":["post-5201","post","type-post","status-publish","format-standard","has-post-thumbnail","hentry","category-comunidade","category-noticiasdacomunidaede","series-comunidade-em-acao"],"episode_featured_image":"https:\/\/comunidadeemacao.com.br\/site\/wp-content\/uploads\/2025\/05\/20250525_115712.jpg","episode_player_image":"https:\/\/i0.wp.com\/comunidadeemacao.com.br\/site\/wp-content\/uploads\/2025\/07\/Logo-Fala-Zona-Norte-1400-pix1.jpg?fit=1400%2C1400&ssl=1","download_link":"","player_link":"","audio_player":false,"episode_data":{"playerMode":"light","subscribeUrls":{"youtube":{"key":"youtube","url":"https:\/\/www.youtube.com\/@znbhplay\/podcasts","label":"YouTube","class":"youtube","icon":"youtube.png"}},"rssFeedUrl":"https:\/\/comunidadeemacao.com.br\/site\/feed\/podcast\/comunidade-em-acao","embedCode":"<blockquote class=\"wp-embedded-content\" data-secret=\"6jU7og4XDT\"><a href=\"https:\/\/comunidadeemacao.com.br\/site\/condominio-maria-stella-comemora-30-anos-com-festa\/\">Condom\u00ednio Maria Stella comemora 30 anos com festa<\/a><\/blockquote><iframe sandbox=\"allow-scripts\" security=\"restricted\" src=\"https:\/\/comunidadeemacao.com.br\/site\/condominio-maria-stella-comemora-30-anos-com-festa\/embed\/#?secret=6jU7og4XDT\" width=\"500\" height=\"350\" title=\"&#8220;Condom\u00ednio Maria Stella comemora 30 anos com festa&#8221; &#8212; COMUNIDADE EM A\u00c7\u00c3O\" data-secret=\"6jU7og4XDT\" frameborder=\"0\" marginwidth=\"0\" marginheight=\"0\" scrolling=\"no\" class=\"wp-embedded-content\"><\/iframe><script>\n\/*! This file is auto-generated *\/\n!function(d,l){\"use strict\";l.querySelector&&d.addEventListener&&\"undefined\"!=typeof URL&&(d.wp=d.wp||{},d.wp.receiveEmbedMessage||(d.wp.receiveEmbedMessage=function(e){var t=e.data;if((t||t.secret||t.message||t.value)&&!\/[^a-zA-Z0-9]\/.test(t.secret)){for(var s,r,n,a=l.querySelectorAll('iframe[data-secret=\"'+t.secret+'\"]'),o=l.querySelectorAll('blockquote[data-secret=\"'+t.secret+'\"]'),c=new RegExp(\"^https?:$\",\"i\"),i=0;i<o.length;i++)o[i].style.display=\"none\";for(i=0;i<a.length;i++)s=a[i],e.source===s.contentWindow&&(s.removeAttribute(\"style\"),\"height\"===t.message?(1e3<(r=parseInt(t.value,10))?r=1e3:~~r<200&&(r=200),s.height=r):\"link\"===t.message&&(r=new URL(s.getAttribute(\"src\")),n=new URL(t.value),c.test(n.protocol))&&n.host===r.host&&l.activeElement===s&&(d.top.location.href=t.value))}},d.addEventListener(\"message\",d.wp.receiveEmbedMessage,!1),l.addEventListener(\"DOMContentLoaded\",function(){for(var e,t,s=l.querySelectorAll(\"iframe.wp-embedded-content\"),r=0;r<s.length;r++)(t=(e=s[r]).getAttribute(\"data-secret\"))||(t=Math.random().toString(36).substring(2,12),e.src+=\"#?secret=\"+t,e.setAttribute(\"data-secret\",t)),e.contentWindow.postMessage({message:\"ready\",secret:t},\"*\")},!1)))}(window,document);\n\/\/# sourceURL=https:\/\/comunidadeemacao.com.br\/site\/wp-includes\/js\/wp-embed.min.js\n<\/script>\n"},"jetpack_sharing_enabled":true,"jetpack_likes_enabled":true,"jetpack-related-posts":[{"id":10074,"url":"https:\/\/comunidadeemacao.com.br\/site\/urbel-promove-primeira-reuniao-com-futuras-familias-do-residencial-mar-de-rosas\/","url_meta":{"origin":5201,"position":0},"title":"Urbel promove primeira reuni\u00e3o com futuras fam\u00edlias do Residencial Mar de Rosas","author":"Marcos Silva","date":"15 de agosto de 2026","format":false,"excerpt":"Encontro prepara moradores para a vida condominial no Residencial Mar de Rosas, no Bairro Juliana A Urbel promoveu, nesta sexta-feira (14), a primeira reuni\u00e3o de Pr\u00e9-Morar com as futuras fam\u00edlias do Residencial Mar de Rosas, no Bairro Juliana, na Regi\u00e3o Norte de Belo Horizonte. O empreendimento integra o programa Minha\u2026","rel":"","context":"Em &quot;Comunidade&quot;","block_context":{"text":"Comunidade","link":"https:\/\/comunidadeemacao.com.br\/site\/category\/comunidade\/"},"img":{"alt_text":"Residencial Mar de Rosas","src":"https:\/\/i0.wp.com\/comunidadeemacao.com.br\/site\/wp-content\/uploads\/2026\/08\/residencial_mar-de-rosas-foto.jpg?fit=770%2C513&ssl=1&resize=350%2C200","width":350,"height":200,"srcset":"https:\/\/i0.wp.com\/comunidadeemacao.com.br\/site\/wp-content\/uploads\/2026\/08\/residencial_mar-de-rosas-foto.jpg?fit=770%2C513&ssl=1&resize=350%2C200 1x, https:\/\/i0.wp.com\/comunidadeemacao.com.br\/site\/wp-content\/uploads\/2026\/08\/residencial_mar-de-rosas-foto.jpg?fit=770%2C513&ssl=1&resize=525%2C300 1.5x, https:\/\/i0.wp.com\/comunidadeemacao.com.br\/site\/wp-content\/uploads\/2026\/08\/residencial_mar-de-rosas-foto.jpg?fit=770%2C513&ssl=1&resize=700%2C400 2x"},"classes":[]},{"id":9130,"url":"https:\/\/comunidadeemacao.com.br\/site\/quadra-de-peteca-transforma-antigo-bota-fora-em-novo-espaco-de-lazer-na-regiao-norte-de-bh\/","url_meta":{"origin":5201,"position":1},"title":"Quadra de peteca transforma antigo bota-fora em novo espa\u00e7o de lazer na Regi\u00e3o Norte de BH","author":"Marcos Silva","date":"26 de junho de 2026","format":false,"excerpt":"A quadra de peteca da Regional Norte de Belo Horizonte foi entregue \u00e0 popula\u00e7\u00e3o nesta quinta-feira (25), marcando a transforma\u00e7\u00e3o de uma \u00e1rea que permaneceu por mais de uma d\u00e9cada como ponto de descarte irregular de res\u00edduos e ocupa\u00e7\u00e3o desordenada. O novo equipamento p\u00fablico est\u00e1 localizado na Rua Anna Maria\u2026","rel":"","context":"Em &quot;Comunidade&quot;","block_context":{"text":"Comunidade","link":"https:\/\/comunidadeemacao.com.br\/site\/category\/comunidade\/"},"img":{"alt_text":"PBH entrega \u00e0 popula\u00e7\u00e3o quadra de peteca criada em antigo bota-fora na Regi\u00e3o Norte","src":"https:\/\/i0.wp.com\/comunidadeemacao.com.br\/site\/wp-content\/uploads\/2026\/06\/fabiano-domingues-pbh.jpg?fit=770%2C420&ssl=1&resize=350%2C200","width":350,"height":200,"srcset":"https:\/\/i0.wp.com\/comunidadeemacao.com.br\/site\/wp-content\/uploads\/2026\/06\/fabiano-domingues-pbh.jpg?fit=770%2C420&ssl=1&resize=350%2C200 1x, https:\/\/i0.wp.com\/comunidadeemacao.com.br\/site\/wp-content\/uploads\/2026\/06\/fabiano-domingues-pbh.jpg?fit=770%2C420&ssl=1&resize=525%2C300 1.5x, https:\/\/i0.wp.com\/comunidadeemacao.com.br\/site\/wp-content\/uploads\/2026\/06\/fabiano-domingues-pbh.jpg?fit=770%2C420&ssl=1&resize=700%2C400 2x"},"classes":[]},{"id":4270,"url":"https:\/\/comunidadeemacao.com.br\/site\/linha-721-tem-amplia-itinerario\/","url_meta":{"origin":5201,"position":2},"title":"Linha 721 amplia itiner\u00e1rio","author":"Marcos Silva","date":"27 de maio de 2024","format":false,"excerpt":"Para atender as demandas da comunidade e melhorar o atendimento dos moradores do Residencial Parque Cerrado e Maria Teresa na Regi\u00e3o Norte, o itiner\u00e1rio da linha 721 (Esta\u00e7\u00e3o S\u00e3o Gabriel \/ Maria Teresa, via Parque Cerrado) foi ampliado de hoje (27). A linha tamb\u00e9m atender\u00e1 aos condom\u00ednios Quati, Bem-te-vi e\u2026","rel":"","context":"Em &quot;Cidade&quot;","block_context":{"text":"Cidade","link":"https:\/\/comunidadeemacao.com.br\/site\/category\/cidade\/"},"img":{"alt_text":"Arte-BHZ-comunicacao.","src":"https:\/\/i0.wp.com\/comunidadeemacao.com.br\/site\/wp-content\/uploads\/2024\/05\/Arte-BHZ-comunicacao.jpg?fit=1200%2C851&ssl=1&resize=350%2C200","width":350,"height":200,"srcset":"https:\/\/i0.wp.com\/comunidadeemacao.com.br\/site\/wp-content\/uploads\/2024\/05\/Arte-BHZ-comunicacao.jpg?fit=1200%2C851&ssl=1&resize=350%2C200 1x, https:\/\/i0.wp.com\/comunidadeemacao.com.br\/site\/wp-content\/uploads\/2024\/05\/Arte-BHZ-comunicacao.jpg?fit=1200%2C851&ssl=1&resize=525%2C300 1.5x, https:\/\/i0.wp.com\/comunidadeemacao.com.br\/site\/wp-content\/uploads\/2024\/05\/Arte-BHZ-comunicacao.jpg?fit=1200%2C851&ssl=1&resize=700%2C400 2x, https:\/\/i0.wp.com\/comunidadeemacao.com.br\/site\/wp-content\/uploads\/2024\/05\/Arte-BHZ-comunicacao.jpg?fit=1200%2C851&ssl=1&resize=1050%2C600 3x"},"classes":[]},{"id":4148,"url":"https:\/\/comunidadeemacao.com.br\/site\/carnaval-norte-de-bh-2024-alegria-contagiante-e-folia-para-todos-os-gostos\/","url_meta":{"origin":5201,"position":3},"title":"Carnaval Norte de BH 2024: Alegria contagiante e folia para todos os gostos!","author":"Marcos Silva","date":"10 de fevereiro de 2024","format":false,"excerpt":"A magia do Carnaval j\u00e1 toma conta da Regi\u00e3o Norte de BH! Dezenas de blocos e micaretas prometem arrastar multid\u00f5es de foli\u00f5es de todas as idades pelas ruas, em uma festa vibrante e contagiante. O Carnaval j\u00e1 est\u00e1 em pleno vapor, trazendo muita anima\u00e7\u00e3o para todas as regi\u00f5es da capital\u2026","rel":"","context":"Em &quot;Divers\u00e3o&quot;","block_context":{"text":"Divers\u00e3o","link":"https:\/\/comunidadeemacao.com.br\/site\/category\/diversao\/"},"img":{"alt_text":"CARNA-FLORA-1.jpeg","src":"https:\/\/i0.wp.com\/comunidadeemacao.com.br\/site\/wp-content\/uploads\/2024\/02\/CARNA-FLORA-1.jpeg?fit=1080%2C608&ssl=1&resize=350%2C200","width":350,"height":200,"srcset":"https:\/\/i0.wp.com\/comunidadeemacao.com.br\/site\/wp-content\/uploads\/2024\/02\/CARNA-FLORA-1.jpeg?fit=1080%2C608&ssl=1&resize=350%2C200 1x, https:\/\/i0.wp.com\/comunidadeemacao.com.br\/site\/wp-content\/uploads\/2024\/02\/CARNA-FLORA-1.jpeg?fit=1080%2C608&ssl=1&resize=525%2C300 1.5x, https:\/\/i0.wp.com\/comunidadeemacao.com.br\/site\/wp-content\/uploads\/2024\/02\/CARNA-FLORA-1.jpeg?fit=1080%2C608&ssl=1&resize=700%2C400 2x, https:\/\/i0.wp.com\/comunidadeemacao.com.br\/site\/wp-content\/uploads\/2024\/02\/CARNA-FLORA-1.jpeg?fit=1080%2C608&ssl=1&resize=1050%2C600 3x"},"classes":[]},{"id":10029,"url":"https:\/\/comunidadeemacao.com.br\/site\/condominio-deve-indenizar-moradora-apos-cao-de-rua-atacar-pet\/","url_meta":{"origin":5201,"position":4},"title":"Condom\u00ednio deve indenizar moradora ap\u00f3s c\u00e3o de rua atacar pet","author":"Marcos Silva","date":"13 de agosto de 2026","format":false,"excerpt":"TJMG manteve condena\u00e7\u00e3o por falha na vigil\u00e2ncia e reconheceu responsabilidade do pr\u00e9dio em risco conhecido O condom\u00ednio deve indenizar uma moradora que teve o c\u00e3o de estima\u00e7\u00e3o atacado por um cachorro de rua nas \u00e1reas comuns do pr\u00e9dio, em Contagem, na Regi\u00e3o Metropolitana de Belo Horizonte. A decis\u00e3o foi mantida\u2026","rel":"","context":"Em &quot;Dia A Dia&quot;","block_context":{"text":"Dia A Dia","link":"https:\/\/comunidadeemacao.com.br\/site\/category\/dia-a-dia\/"},"img":{"alt_text":"Condom\u00ednio deve indenizar moradora que teve o pet atacado por c\u00e3o de rua","src":"https:\/\/i0.wp.com\/comunidadeemacao.com.br\/site\/wp-content\/uploads\/2026\/08\/unnamed-4.png?fit=1000%2C671&ssl=1&resize=350%2C200","width":350,"height":200,"srcset":"https:\/\/i0.wp.com\/comunidadeemacao.com.br\/site\/wp-content\/uploads\/2026\/08\/unnamed-4.png?fit=1000%2C671&ssl=1&resize=350%2C200 1x, https:\/\/i0.wp.com\/comunidadeemacao.com.br\/site\/wp-content\/uploads\/2026\/08\/unnamed-4.png?fit=1000%2C671&ssl=1&resize=525%2C300 1.5x, https:\/\/i0.wp.com\/comunidadeemacao.com.br\/site\/wp-content\/uploads\/2026\/08\/unnamed-4.png?fit=1000%2C671&ssl=1&resize=700%2C400 2x"},"classes":[]},{"id":1600,"url":"https:\/\/comunidadeemacao.com.br\/site\/ele-nao-esta-mais-entre-nos\/","url_meta":{"origin":5201,"position":5},"title":"ELE N\u00c3O EST\u00c1 (MAIS) ENTRE N\u00d3S&#8230;","author":"Marcos Silva","date":"26 de janeiro de 2021","format":false,"excerpt":"A morte do Padre Pigi em 23\/01 deixou muitos moradores do Conjunto Felicidade tristes, e trouxe \u00e0 tona a hist\u00f3ria do maior pioneiro do projeto habitacional de interesse social. O Conjunto Felicidade foi criado por um vision\u00e1rio com esp\u00edrito de empreendedor social. Padre Pigi deu a oportunidade de diversas fam\u00edlias\u2026","rel":"","context":"Em &quot;Comunidade&quot;","block_context":{"text":"Comunidade","link":"https:\/\/comunidadeemacao.com.br\/site\/category\/comunidade\/"},"img":{"alt_text":"","src":"https:\/\/i0.wp.com\/comunidadeemacao.com.br\/site\/wp-content\/uploads\/2021\/03\/WhatsApp-Piggi-capa.jpeg?fit=948%2C585&ssl=1&resize=350%2C200","width":350,"height":200,"srcset":"https:\/\/i0.wp.com\/comunidadeemacao.com.br\/site\/wp-content\/uploads\/2021\/03\/WhatsApp-Piggi-capa.jpeg?fit=948%2C585&ssl=1&resize=350%2C200 1x, https:\/\/i0.wp.com\/comunidadeemacao.com.br\/site\/wp-content\/uploads\/2021\/03\/WhatsApp-Piggi-capa.jpeg?fit=948%2C585&ssl=1&resize=525%2C300 1.5x, https:\/\/i0.wp.com\/comunidadeemacao.com.br\/site\/wp-content\/uploads\/2021\/03\/WhatsApp-Piggi-capa.jpeg?fit=948%2C585&ssl=1&resize=700%2C400 2x"},"classes":[]}],"jetpack_featured_media_url":"https:\/\/i0.wp.com\/comunidadeemacao.com.br\/site\/wp-content\/uploads\/2025\/05\/20250525_115712.jpg?fit=1920%2C1080&ssl=1","_links":{"self":[{"href":"https:\/\/comunidadeemacao.com.br\/site\/wp-json\/wp\/v2\/posts\/5201","targetHints":{"allow":["GET"]}}],"collection":[{"href":"https:\/\/comunidadeemacao.com.br\/site\/wp-json\/wp\/v2\/posts"}],"about":[{"href":"https:\/\/comunidadeemacao.com.br\/site\/wp-json\/wp\/v2\/types\/post"}],"author":[{"embeddable":true,"href":"https:\/\/comunidadeemacao.com.br\/site\/wp-json\/wp\/v2\/users\/1"}],"replies":[{"embeddable":true,"href":"https:\/\/comunidadeemacao.com.br\/site\/wp-json\/wp\/v2\/comments?post=5201"}],"version-history":[{"count":4,"href":"https:\/\/comunidadeemacao.com.br\/site\/wp-json\/wp\/v2\/posts\/5201\/revisions"}],"predecessor-version":[{"id":5212,"href":"https:\/\/comunidadeemacao.com.br\/site\/wp-json\/wp\/v2\/posts\/5201\/revisions\/5212"}],"wp:featuredmedia":[{"embeddable":true,"href":"https:\/\/comunidadeemacao.com.br\/site\/wp-json\/wp\/v2\/media\/5202"}],"wp:attachment":[{"href":"https:\/\/comunidadeemacao.com.br\/site\/wp-json\/wp\/v2\/media?parent=5201"}],"wp:term":[{"taxonomy":"category","embeddable":true,"href":"https:\/\/comunidadeemacao.com.br\/site\/wp-json\/wp\/v2\/categories?post=5201"},{"taxonomy":"post_tag","embeddable":true,"href":"https:\/\/comunidadeemacao.com.br\/site\/wp-json\/wp\/v2\/tags?post=5201"},{"taxonomy":"series","embeddable":true,"href":"https:\/\/comunidadeemacao.com.br\/site\/wp-json\/wp\/v2\/series?post=5201"}],"curies":[{"name":"wp","href":"https:\/\/api.w.org\/{rel}","templated":true}]}}