{"id":4448,"date":"2024-11-07T11:15:54","date_gmt":"2024-11-07T14:15:54","guid":{"rendered":"https:\/\/comunidadeemacao.com.br\/site\/?p=4448"},"modified":"2024-11-07T11:25:07","modified_gmt":"2024-11-07T14:25:07","slug":"faminas-bh-oferece-atendimento-gratuito-a-comunidade-de-vila-biquinhas","status":"publish","type":"post","link":"https:\/\/comunidadeemacao.com.br\/site\/faminas-bh-oferece-atendimento-gratuito-a-comunidade-de-vila-biquinhas\/","title":{"rendered":"FAMINAS BH oferece atendimento gratuito \u00e0 comunidade de Vila Biquinhas"},"content":{"rendered":"<p><a href=\"https:\/\/www.whatsapp.com\/channel\/0029Va9Qx46KrWQowqqyQN0j\" target=\"_blank\" rel=\"noopener nofollow\"><img data-recalc-dims=\"1\" decoding=\"async\" class=\"wp-image-4058 aligncenter\" src=\"https:\/\/i0.wp.com\/comunidadeemacao.com.br\/site\/wp-content\/uploads\/2023\/12\/Canal-Whats-JCA.png?resize=608%2C75&#038;ssl=1\" alt=\"\" width=\"608\" height=\"75\" srcset=\"https:\/\/i0.wp.com\/comunidadeemacao.com.br\/site\/wp-content\/uploads\/2023\/12\/Canal-Whats-JCA.png?resize=300%2C37&amp;ssl=1 300w, https:\/\/i0.wp.com\/comunidadeemacao.com.br\/site\/wp-content\/uploads\/2023\/12\/Canal-Whats-JCA.png?resize=150%2C19&amp;ssl=1 150w, https:\/\/i0.wp.com\/comunidadeemacao.com.br\/site\/wp-content\/uploads\/2023\/12\/Canal-Whats-JCA.png?w=728&amp;ssl=1 728w\" sizes=\"(max-width: 608px) 100vw, 608px\" \/><\/a><\/p>\n<h3><\/h3>\n<h3><em>Programa &#8220;Faminas com Voc\u00ea&#8221; contribui para a forma\u00e7\u00e3o pr\u00e1tica dos estudantes e promove impacto social na comunidade<\/em><\/h3>\n<p>Belo Horizonte, 06 de novembro de 2024 \u2013 No pr\u00f3ximo dia 9 de novembro, o Centro Universit\u00e1rio FAMINAS BH realiza mais uma edi\u00e7\u00e3o do \u201cFaminas com Voc\u00ea\u201d, um programa que visa atender gratuitamente a popula\u00e7\u00e3o da Vila Biquinhas e regi\u00f5es pr\u00f3ximas, em Belo Horizonte. Das 8h \u00e0s 15h, na EMEI e na Unidade B\u00e1sica de Sa\u00fade Heli\u00f3polis, a iniciativa oferecer\u00e1 diversos servi\u00e7os gratuitos, incluindo atendimentos de sa\u00fade, orienta\u00e7\u00e3o jur\u00eddica e atividades recreativas para crian\u00e7as.<\/p>\n<p>Essa a\u00e7\u00e3o faz parte do <strong><em><a href=\"https:\/\/comunidadeemacao.com.br\/site\/mil-pessoas-foram-atendidas-na-acao-social-na-zona-norte\/\" target=\"_blank\" rel=\"noopener\">calend\u00e1rio do programa<\/a> <\/em><\/strong>\u201cFaminas com Voc\u00ea\u201d e \u00e9 uma resposta \u00e0s demandas locais identificadas em di\u00e1logo com representantes comunit\u00e1rios e institui\u00e7\u00f5es municipais, como o CRAS Vila Biquinhas e a Secretaria de Educa\u00e7\u00e3o da Regi\u00e3o Norte de Belo Horizonte. \u201cFaminas com Voc\u00ea\u201d tem como base uma escuta ativa e a colabora\u00e7\u00e3o com lideran\u00e7as locais, estabelecendo-se como uma verdadeira plataforma de cidadania. Nela, alunos da institui\u00e7\u00e3o aplicam conhecimentos te\u00f3ricos em contextos reais, desenvolvendo habilidades pr\u00e1ticas e empatia.<\/p>\n<p>O programa mobiliza estudantes e professores de diversos cursos da FAMINAS, que voluntariamente contribuem oferecendo exames de acuidade visual, avalia\u00e7\u00e3o nutricional, aferi\u00e7\u00e3o de press\u00e3o arterial, tipagem sangu\u00ednea, teste de glicemia, atendimento dermatol\u00f3gico, exames preventivos e vacina\u00e7\u00e3o. Exames como papanicolau, avalia\u00e7\u00f5es de mamas, testes r\u00e1pidos para infec\u00e7\u00f5es sexualmente transmiss\u00edveis e orienta\u00e7\u00f5es odontol\u00f3gicas e jur\u00eddicas tamb\u00e9m fazem parte da programa\u00e7\u00e3o. As crian\u00e7as da comunidade ter\u00e3o acesso a atividades recreativas, como pintura facial, e poder\u00e3o desfrutar de lanches, como pipoca e algod\u00e3o doce.<\/p>\n<p>O evento deste ano \u00e9 uma continuidade das a\u00e7\u00f5es que, em 2024, j\u00e1 beneficiaram cerca de 10 mil pessoas, com a participa\u00e7\u00e3o de mais de 1.500 estudantes em atividades de extens\u00e3o. Al\u00e9m de promover a pr\u00e1tica profissional, o \u201cFaminas com Voc\u00ea\u201d estreita os la\u00e7os entre o Centro Universit\u00e1rio e a comunidade, refor\u00e7ando o papel da FAMINAS como uma institui\u00e7\u00e3o socialmente respons\u00e1vel. A relev\u00e2ncia desse compromisso foi reconhecida pela Associa\u00e7\u00e3o Brasileira de Mantenedoras de Ensino Superior (ABMES), que concedeu \u00e0 institui\u00e7\u00e3o o selo de Institui\u00e7\u00e3o Socialmente Respons\u00e1vel.<\/p>\n<figure id=\"attachment_4452\" aria-describedby=\"caption-attachment-4452\" style=\"width: 341px\" class=\"wp-caption aligncenter\"><img data-recalc-dims=\"1\" fetchpriority=\"high\" decoding=\"async\" class=\"wp-image-4452\" src=\"https:\/\/i0.wp.com\/comunidadeemacao.com.br\/site\/wp-content\/uploads\/2024\/11\/Faminas-01.jpg?resize=341%2C256&#038;ssl=1\" alt=\"\" width=\"341\" height=\"256\" srcset=\"https:\/\/i0.wp.com\/comunidadeemacao.com.br\/site\/wp-content\/uploads\/2024\/11\/Faminas-01.jpg?resize=300%2C225&amp;ssl=1 300w, https:\/\/i0.wp.com\/comunidadeemacao.com.br\/site\/wp-content\/uploads\/2024\/11\/Faminas-01.jpg?resize=768%2C576&amp;ssl=1 768w, https:\/\/i0.wp.com\/comunidadeemacao.com.br\/site\/wp-content\/uploads\/2024\/11\/Faminas-01.jpg?resize=150%2C113&amp;ssl=1 150w, https:\/\/i0.wp.com\/comunidadeemacao.com.br\/site\/wp-content\/uploads\/2024\/11\/Faminas-01.jpg?w=800&amp;ssl=1 800w\" sizes=\"(max-width: 341px) 100vw, 341px\" \/><figcaption id=\"caption-attachment-4452\" class=\"wp-caption-text\">Atendimento para sa\u00fade e atividades lazer fazem parte do projeto Faminas com Voc\u00ea Foto Faminas | Divulga\u00e7\u00e3o<\/figcaption><\/figure>\n<p><img data-recalc-dims=\"1\" decoding=\"async\" class=\"wp-image-4453 aligncenter\" src=\"https:\/\/i0.wp.com\/comunidadeemacao.com.br\/site\/wp-content\/uploads\/2024\/11\/Faminas-05.jpg?resize=334%2C251&#038;ssl=1\" alt=\"\" width=\"334\" height=\"251\" srcset=\"https:\/\/i0.wp.com\/comunidadeemacao.com.br\/site\/wp-content\/uploads\/2024\/11\/Faminas-05.jpg?resize=300%2C225&amp;ssl=1 300w, https:\/\/i0.wp.com\/comunidadeemacao.com.br\/site\/wp-content\/uploads\/2024\/11\/Faminas-05.jpg?resize=768%2C576&amp;ssl=1 768w, https:\/\/i0.wp.com\/comunidadeemacao.com.br\/site\/wp-content\/uploads\/2024\/11\/Faminas-05.jpg?resize=150%2C113&amp;ssl=1 150w, https:\/\/i0.wp.com\/comunidadeemacao.com.br\/site\/wp-content\/uploads\/2024\/11\/Faminas-05.jpg?w=800&amp;ssl=1 800w\" sizes=\"(max-width: 334px) 100vw, 334px\" \/><\/p>\n<p>A coordenadora de extens\u00e3o do Centro Universit\u00e1rio FAMINAS, Prof.\u00aa Dr.\u00aa Daniela Camargos Costa, destaca que a intera\u00e7\u00e3o dos alunos com a comunidade promove uma experi\u00eancia \u00fanica de aprendizado, fortalecendo a forma\u00e7\u00e3o integral e a responsabilidade social dos estudantes. \u201cO programa \u2018Faminas com Voc\u00ea\u2019 vai ao encontro das necessidades da popula\u00e7\u00e3o em situa\u00e7\u00e3o de vulnerabilidade, oferecendo atendimentos essenciais que muitas vezes s\u00e3o inacess\u00edveis para essas pessoas. Nossa miss\u00e3o n\u00e3o se limita a oferecer uma forma\u00e7\u00e3o t\u00e9cnica de excel\u00eancia, mas tamb\u00e9m a formar cidad\u00e3os comprometidos com o bem-estar social. Levamos sa\u00fade, orienta\u00e7\u00e3o jur\u00eddica e atividades educativas a quem mais precisa, e, ao fazer isso, os estudantes veem na pr\u00e1tica o impacto do seu trabalho, desenvolvem empatia e ampliam a vis\u00e3o sobre o papel social que podem exercer como futuros profissionais\u201d, afirma Costa.<\/p>\n<p>Al\u00e9m do impacto social, o programa faz parte de um modelo de ensino que valoriza a forma\u00e7\u00e3o \u00e9tica e cr\u00edtica dos alunos, promovendo uma forma\u00e7\u00e3o global e humanizada. Esse compromisso \u00e9 refor\u00e7ado por meio de parcerias da FAMINAS com institui\u00e7\u00f5es nacionais e internacionais, que oferecem aos alunos oportunidades de desenvolvimento acad\u00eamico e profissional, beneficiando diretamente a comunidade.<\/p>\n<p>Alinhado aos Objetivos de Desenvolvimento Sustent\u00e1vel (ODS) da ONU, o programa \u201cFaminas com Voc\u00ea\u201d refor\u00e7a a import\u00e2ncia de uma atua\u00e7\u00e3o conjunta entre setor privado, sociedade civil e academia, ampliando o impacto de pol\u00edticas de responsabilidade social e promovendo uma sociedade mais justa.<\/p>\n<p><em><strong>Da reda\u00e7\u00e3o: redacao1@comunidadeemacao.com.br<\/strong><\/em><\/p>\n<p>&nbsp;<\/p>\n<h3 style=\"text-align: center;\"><a href=\"https:\/\/www.instagram.com\/comunidadeemacao\" target=\"_blank\" rel=\"noopener nofollow\">Siga em nossa Instagram:<\/a><\/h3>\n<p style=\"text-align: right;\"><em><strong>Servi\u00e7o:<\/strong><\/em><br \/>\n<em><strong>Local: EMEI Heli\u00f3polis<\/strong><\/em><br \/>\n<em><strong>Rua Beneditinos Bairro Heli\u00f3polis<\/strong><\/em><br \/>\n<em><strong>S\u00e1bado: 9 de novembro | Das 8h \u00e0s 15h<\/strong><\/em><\/p>\n","protected":false},"excerpt":{"rendered":"Programa &#8220;Faminas com Voc\u00ea&#8221; contribui para a forma\u00e7\u00e3o pr\u00e1tica dos estudantes e promove impacto social na comunidade Belo Horizonte, 06 de novembro de 2024 \u2013 [&hellip;]","protected":false},"author":1,"featured_media":4449,"comment_status":"closed","ping_status":"closed","sticky":false,"template":"","format":"standard","meta":{"episode_type":"","audio_file":"","podmotor_file_id":"","podmotor_episode_id":"","cover_image":"","cover_image_id":"","duration":"","filesize":"","filesize_raw":"","date_recorded":"","explicit":"","block":"","_jetpack_newsletter_access":"","_jetpack_dont_email_post_to_subs":false,"_jetpack_newsletter_tier_id":0,"_jetpack_memberships_contains_paywalled_content":false,"_jetpack_feature_clip_id":0,"_jetpack_memberships_contains_paid_content":false,"footnotes":"","jetpack_post_was_ever_published":false},"categories":[50,1],"tags":[954,774,777,953],"series":[1406],"class_list":["post-4448","post","type-post","status-publish","format-standard","has-post-thumbnail","hentry","category-comunidade","category-noticiasdacomunidaede","tag-imactosocialece","tag-faminas","tag-faminascomvc","tag-faminascomvo","series-comunidade-em-acao"],"episode_featured_image":"https:\/\/comunidadeemacao.com.br\/site\/wp-content\/uploads\/2024\/11\/Faminas-02.jpg","episode_player_image":"https:\/\/i0.wp.com\/comunidadeemacao.com.br\/site\/wp-content\/uploads\/2025\/07\/Logo-Fala-Zona-Norte-1400-pix1.jpg?fit=1400%2C1400&ssl=1","download_link":"","player_link":"","audio_player":false,"episode_data":{"playerMode":"light","subscribeUrls":{"youtube":{"key":"youtube","url":"https:\/\/www.youtube.com\/@znbhplay\/podcasts","label":"YouTube","class":"youtube","icon":"youtube.png"}},"rssFeedUrl":"https:\/\/comunidadeemacao.com.br\/site\/feed\/podcast\/comunidade-em-acao","embedCode":"<blockquote class=\"wp-embedded-content\" data-secret=\"wvS3353IQl\"><a href=\"https:\/\/comunidadeemacao.com.br\/site\/faminas-bh-oferece-atendimento-gratuito-a-comunidade-de-vila-biquinhas\/\">FAMINAS BH oferece atendimento gratuito \u00e0 comunidade de Vila Biquinhas<\/a><\/blockquote><iframe sandbox=\"allow-scripts\" security=\"restricted\" src=\"https:\/\/comunidadeemacao.com.br\/site\/faminas-bh-oferece-atendimento-gratuito-a-comunidade-de-vila-biquinhas\/embed\/#?secret=wvS3353IQl\" width=\"500\" height=\"350\" title=\"&#8220;FAMINAS BH oferece atendimento gratuito \u00e0 comunidade de Vila Biquinhas&#8221; &#8212; COMUNIDADE EM A\u00c7\u00c3O\" data-secret=\"wvS3353IQl\" frameborder=\"0\" marginwidth=\"0\" marginheight=\"0\" scrolling=\"no\" class=\"wp-embedded-content\"><\/iframe><script>\n\/*! This file is auto-generated *\/\n!function(d,l){\"use strict\";l.querySelector&&d.addEventListener&&\"undefined\"!=typeof URL&&(d.wp=d.wp||{},d.wp.receiveEmbedMessage||(d.wp.receiveEmbedMessage=function(e){var t=e.data;if((t||t.secret||t.message||t.value)&&!\/[^a-zA-Z0-9]\/.test(t.secret)){for(var s,r,n,a=l.querySelectorAll('iframe[data-secret=\"'+t.secret+'\"]'),o=l.querySelectorAll('blockquote[data-secret=\"'+t.secret+'\"]'),c=new RegExp(\"^https?:$\",\"i\"),i=0;i<o.length;i++)o[i].style.display=\"none\";for(i=0;i<a.length;i++)s=a[i],e.source===s.contentWindow&&(s.removeAttribute(\"style\"),\"height\"===t.message?(1e3<(r=parseInt(t.value,10))?r=1e3:~~r<200&&(r=200),s.height=r):\"link\"===t.message&&(r=new URL(s.getAttribute(\"src\")),n=new URL(t.value),c.test(n.protocol))&&n.host===r.host&&l.activeElement===s&&(d.top.location.href=t.value))}},d.addEventListener(\"message\",d.wp.receiveEmbedMessage,!1),l.addEventListener(\"DOMContentLoaded\",function(){for(var e,t,s=l.querySelectorAll(\"iframe.wp-embedded-content\"),r=0;r<s.length;r++)(t=(e=s[r]).getAttribute(\"data-secret\"))||(t=Math.random().toString(36).substring(2,12),e.src+=\"#?secret=\"+t,e.setAttribute(\"data-secret\",t)),e.contentWindow.postMessage({message:\"ready\",secret:t},\"*\")},!1)))}(window,document);\n\/\/# sourceURL=https:\/\/comunidadeemacao.com.br\/site\/wp-includes\/js\/wp-embed.min.js\n<\/script>\n"},"jetpack_sharing_enabled":true,"jetpack_likes_enabled":true,"jetpack-related-posts":[{"id":3863,"url":"https:\/\/comunidadeemacao.com.br\/site\/mil-pessoas-foram-atendidas-na-acao-social-na-zona-norte\/","url_meta":{"origin":4448,"position":0},"title":"Mil pessoas foram atendidas na A\u00e7\u00e3o Social na Zona Norte","author":"Marcos Silva","date":"27 de outubro de 2023","format":false,"excerpt":"FAMINAS com Voc\u00ea garante quase 1 mil atendimentos gratuitos em Heli\u00f3polis Visando de atender necessidades demandadas pela popula\u00e7\u00e3o, em um mutir\u00e3o de sa\u00fade, lazer e atendimentos nas mais diversas \u00e1reas, a FAMINAS levou seu evento de responsabilidade social, o FAMINAS com Voc\u00ea, para o bairro de Heli\u00f3polis, na Zona Norte\u2026","rel":"","context":"Em &quot;Comunidade&quot;","block_context":{"text":"Comunidade","link":"https:\/\/comunidadeemacao.com.br\/site\/category\/comunidade\/"},"img":{"alt_text":"Faminas-com-vc-03-Divulgacao","src":"https:\/\/i0.wp.com\/comunidadeemacao.com.br\/site\/wp-content\/uploads\/2023\/10\/Faminas-com-vc-03-Divulgacao.jpeg?fit=1200%2C900&ssl=1&resize=350%2C200","width":350,"height":200,"srcset":"https:\/\/i0.wp.com\/comunidadeemacao.com.br\/site\/wp-content\/uploads\/2023\/10\/Faminas-com-vc-03-Divulgacao.jpeg?fit=1200%2C900&ssl=1&resize=350%2C200 1x, https:\/\/i0.wp.com\/comunidadeemacao.com.br\/site\/wp-content\/uploads\/2023\/10\/Faminas-com-vc-03-Divulgacao.jpeg?fit=1200%2C900&ssl=1&resize=525%2C300 1.5x, https:\/\/i0.wp.com\/comunidadeemacao.com.br\/site\/wp-content\/uploads\/2023\/10\/Faminas-com-vc-03-Divulgacao.jpeg?fit=1200%2C900&ssl=1&resize=700%2C400 2x, https:\/\/i0.wp.com\/comunidadeemacao.com.br\/site\/wp-content\/uploads\/2023\/10\/Faminas-com-vc-03-Divulgacao.jpeg?fit=1200%2C900&ssl=1&resize=1050%2C600 3x"},"classes":[]},{"id":4528,"url":"https:\/\/comunidadeemacao.com.br\/site\/faminas-bh-oferece-atendimentos-odontologicos-gratuitos-para-gestantes-e-bebes\/","url_meta":{"origin":4448,"position":1},"title":"FAMINAS-BH oferece atendimentos odontol\u00f3gicos gratuitos para gestantes e beb\u00eas","author":"Marcos Silva","date":"4 de dezembro de 2024","format":false,"excerpt":"Cl\u00ednica-Escola de Odontologia realiza a\u00e7\u00e3o de extens\u00e3o com cuidados preventivos e humanizados A FAMINAS Belo Horizonte, reconhecida pelo MEC com nota m\u00e1xima, realizar\u00e1 atendimentos odontol\u00f3gicos gratuitos voltados para gestantes e beb\u00eas nos dias 4, 5 e 6 de dezembro. A iniciativa integra o projeto de extens\u00e3o \"Sa\u00fade Bucal da Gestante\u2026","rel":"","context":"Em &quot;Cidade&quot;","block_context":{"text":"Cidade","link":"https:\/\/comunidadeemacao.com.br\/site\/category\/cidade\/"},"img":{"alt_text":"Clinica-Escola da Faminas em atendimento Social","src":"https:\/\/i0.wp.com\/comunidadeemacao.com.br\/site\/wp-content\/uploads\/2024\/12\/WhatsApp-Image-2024-12-03-at-18.04.16.jpeg?fit=1200%2C675&ssl=1&resize=350%2C200","width":350,"height":200,"srcset":"https:\/\/i0.wp.com\/comunidadeemacao.com.br\/site\/wp-content\/uploads\/2024\/12\/WhatsApp-Image-2024-12-03-at-18.04.16.jpeg?fit=1200%2C675&ssl=1&resize=350%2C200 1x, https:\/\/i0.wp.com\/comunidadeemacao.com.br\/site\/wp-content\/uploads\/2024\/12\/WhatsApp-Image-2024-12-03-at-18.04.16.jpeg?fit=1200%2C675&ssl=1&resize=525%2C300 1.5x, https:\/\/i0.wp.com\/comunidadeemacao.com.br\/site\/wp-content\/uploads\/2024\/12\/WhatsApp-Image-2024-12-03-at-18.04.16.jpeg?fit=1200%2C675&ssl=1&resize=700%2C400 2x, https:\/\/i0.wp.com\/comunidadeemacao.com.br\/site\/wp-content\/uploads\/2024\/12\/WhatsApp-Image-2024-12-03-at-18.04.16.jpeg?fit=1200%2C675&ssl=1&resize=1050%2C600 3x"},"classes":[]},{"id":10152,"url":"https:\/\/comunidadeemacao.com.br\/site\/professores-de-bh-e-regiao-tem-ate-hoje-para-participar-de-programa-pedagogico\/","url_meta":{"origin":4448,"position":2},"title":"Professores de BH e regi\u00e3o t\u00eam at\u00e9 hoje para participar de programa pedag\u00f3gico","author":"Marcos Silva","date":"19 de agosto de 2026","format":false,"excerpt":"Conex\u00e3o FAMINAS promove forma\u00e7\u00e3o gratuita sobre sa\u00fade mental e gest\u00e3o escolar; encontro ser\u00e1 em 29 de agosto Professores de escolas p\u00fablicas e privadas de Belo Horizonte e Regi\u00e3o Metropolitana t\u00eam at\u00e9 hoje, 19 de agosto, para se inscrever no Conex\u00e3o FAMINAS, programa voltado ao desenvolvimento pedag\u00f3gico e profissional de docentes.\u2026","rel":"","context":"Em &quot;Dia A Dia&quot;","block_context":{"text":"Dia A Dia","link":"https:\/\/comunidadeemacao.com.br\/site\/category\/dia-a-dia\/"},"img":{"alt_text":"programa de desenvolvimento pedag\u00f3gico para professores de BH e metropolitana","src":"https:\/\/i0.wp.com\/comunidadeemacao.com.br\/site\/wp-content\/uploads\/2026\/08\/FAMINAS-lanca-programa-de-desenvolvimento-pedagogico-para-professores-de-BH-e-metropolitana.jpg?fit=1200%2C845&ssl=1&resize=350%2C200","width":350,"height":200,"srcset":"https:\/\/i0.wp.com\/comunidadeemacao.com.br\/site\/wp-content\/uploads\/2026\/08\/FAMINAS-lanca-programa-de-desenvolvimento-pedagogico-para-professores-de-BH-e-metropolitana.jpg?fit=1200%2C845&ssl=1&resize=350%2C200 1x, https:\/\/i0.wp.com\/comunidadeemacao.com.br\/site\/wp-content\/uploads\/2026\/08\/FAMINAS-lanca-programa-de-desenvolvimento-pedagogico-para-professores-de-BH-e-metropolitana.jpg?fit=1200%2C845&ssl=1&resize=525%2C300 1.5x, https:\/\/i0.wp.com\/comunidadeemacao.com.br\/site\/wp-content\/uploads\/2026\/08\/FAMINAS-lanca-programa-de-desenvolvimento-pedagogico-para-professores-de-BH-e-metropolitana.jpg?fit=1200%2C845&ssl=1&resize=700%2C400 2x, https:\/\/i0.wp.com\/comunidadeemacao.com.br\/site\/wp-content\/uploads\/2026\/08\/FAMINAS-lanca-programa-de-desenvolvimento-pedagogico-para-professores-de-BH-e-metropolitana.jpg?fit=1200%2C845&ssl=1&resize=1050%2C600 3x"},"classes":[]},{"id":10218,"url":"https:\/\/comunidadeemacao.com.br\/site\/atendimento-odontologico-gratuito-para-criancas-com-autismo-ganha-novas-vagas-em-bh\/","url_meta":{"origin":4448,"position":3},"title":"Atendimento odontol\u00f3gico gratuito para crian\u00e7as com autismo ganha novas vagas em BH","author":"Marcos Silva","date":"22 de agosto de 2026","format":false,"excerpt":"Projeto da FAMINAS atende crian\u00e7as de 4 a 12 anos e oferece preven\u00e7\u00e3o, restaura\u00e7\u00f5es, extra\u00e7\u00f5es e tratamento de canal A Cl\u00ednica-Escola de Odontologia da FAMINAS abriu novas vagas para atendimento odontol\u00f3gico gratuito de crian\u00e7as com Transtorno do Espectro Autista (TEA), em Belo Horizonte. O projeto, que est\u00e1 em funcionamento h\u00e1\u2026","rel":"","context":"Em &quot;Sa\u00fade&quot;","block_context":{"text":"Sa\u00fade","link":"https:\/\/comunidadeemacao.com.br\/site\/category\/noticiasdacomunidaede\/saude\/"},"img":{"alt_text":"","src":"https:\/\/i0.wp.com\/comunidadeemacao.com.br\/site\/wp-content\/uploads\/2026\/08\/Clinica-Escola-de-Odontologia-da-FAMINAS-esta-com-vagas-abertas.jpg?fit=1200%2C774&ssl=1&resize=350%2C200","width":350,"height":200,"srcset":"https:\/\/i0.wp.com\/comunidadeemacao.com.br\/site\/wp-content\/uploads\/2026\/08\/Clinica-Escola-de-Odontologia-da-FAMINAS-esta-com-vagas-abertas.jpg?fit=1200%2C774&ssl=1&resize=350%2C200 1x, https:\/\/i0.wp.com\/comunidadeemacao.com.br\/site\/wp-content\/uploads\/2026\/08\/Clinica-Escola-de-Odontologia-da-FAMINAS-esta-com-vagas-abertas.jpg?fit=1200%2C774&ssl=1&resize=525%2C300 1.5x, https:\/\/i0.wp.com\/comunidadeemacao.com.br\/site\/wp-content\/uploads\/2026\/08\/Clinica-Escola-de-Odontologia-da-FAMINAS-esta-com-vagas-abertas.jpg?fit=1200%2C774&ssl=1&resize=700%2C400 2x, https:\/\/i0.wp.com\/comunidadeemacao.com.br\/site\/wp-content\/uploads\/2026\/08\/Clinica-Escola-de-Odontologia-da-FAMINAS-esta-com-vagas-abertas.jpg?fit=1200%2C774&ssl=1&resize=1050%2C600 3x"},"classes":[]},{"id":10082,"url":"https:\/\/comunidadeemacao.com.br\/site\/faminas-cria-programa-para-capacitar-professores-de-bh-e-regiao\/","url_meta":{"origin":4448,"position":4},"title":"FAMINAS cria programa para capacitar professores de BH e regi\u00e3o","author":"Marcos Silva","date":"15 de agosto de 2026","format":false,"excerpt":"Conex\u00e3o FAMINAS estreia em agosto com debate sobre sa\u00fade mental e gest\u00e3o escolar Professores de escolas p\u00fablicas e privadas de Belo Horizonte e Regi\u00e3o Metropolitana ter\u00e3o uma nova oportunidade de forma\u00e7\u00e3o e desenvolvimento profissional com o lan\u00e7amento do Conex\u00e3o FAMINAS. O programa ter\u00e1 seu primeiro encontro em 29 de agosto,\u2026","rel":"","context":"Em &quot;Eventos&quot;","block_context":{"text":"Eventos","link":"https:\/\/comunidadeemacao.com.br\/site\/category\/eventos\/"},"img":{"alt_text":"programa de desenvolvimento pedag\u00f3gico para professores de BH e metropolitana","src":"https:\/\/i0.wp.com\/comunidadeemacao.com.br\/site\/wp-content\/uploads\/2026\/08\/FAMINAS-lanca-programa-de-desenvolvimento-pedagogico-para-professores-de-BH-e-metropolitana.jpg?fit=1200%2C845&ssl=1&resize=350%2C200","width":350,"height":200,"srcset":"https:\/\/i0.wp.com\/comunidadeemacao.com.br\/site\/wp-content\/uploads\/2026\/08\/FAMINAS-lanca-programa-de-desenvolvimento-pedagogico-para-professores-de-BH-e-metropolitana.jpg?fit=1200%2C845&ssl=1&resize=350%2C200 1x, https:\/\/i0.wp.com\/comunidadeemacao.com.br\/site\/wp-content\/uploads\/2026\/08\/FAMINAS-lanca-programa-de-desenvolvimento-pedagogico-para-professores-de-BH-e-metropolitana.jpg?fit=1200%2C845&ssl=1&resize=525%2C300 1.5x, https:\/\/i0.wp.com\/comunidadeemacao.com.br\/site\/wp-content\/uploads\/2026\/08\/FAMINAS-lanca-programa-de-desenvolvimento-pedagogico-para-professores-de-BH-e-metropolitana.jpg?fit=1200%2C845&ssl=1&resize=700%2C400 2x, https:\/\/i0.wp.com\/comunidadeemacao.com.br\/site\/wp-content\/uploads\/2026\/08\/FAMINAS-lanca-programa-de-desenvolvimento-pedagogico-para-professores-de-BH-e-metropolitana.jpg?fit=1200%2C845&ssl=1&resize=1050%2C600 3x"},"classes":[]},{"id":9903,"url":"https:\/\/comunidadeemacao.com.br\/site\/faminas-abre-inscricoes-para-expositores-da-feira-de-empreendedorismo\/","url_meta":{"origin":4448,"position":5},"title":"FAMINAS abre inscri\u00e7\u00f5es para expositores da Feira de Empreendedorismo","author":"Marcos Silva","date":"6 de agosto de 2026","format":false,"excerpt":"Iniciativa gratuita em Venda Nova busca ampliar a visibilidade de pequenos neg\u00f3cios e fortalecer a economia local A FAMINAS abriu inscri\u00e7\u00f5es para cinco novos expositores da Feira de Empreendedorismo Social, iniciativa que busca fortalecer pequenos neg\u00f3cios e ampliar a divulga\u00e7\u00e3o de produtos e servi\u00e7os locais na Zona Norte e regi\u00e3o\u2026","rel":"","context":"Em &quot;Dicas &amp; Sugest\u00f5es&quot;","block_context":{"text":"Dicas &amp; Sugest\u00f5es","link":"https:\/\/comunidadeemacao.com.br\/site\/category\/dicas-sugestoes\/"},"img":{"alt_text":"Iniciativa gratuita busca fortalecer pequenos neg\u00f3cios da regi\u00e3o e ampliar a visibilidade de produtos e servi\u00e7os locais","src":"https:\/\/i0.wp.com\/comunidadeemacao.com.br\/site\/wp-content\/uploads\/2026\/08\/FAMINAS-seleciona-novos-expositores-de-Venda-Nova-para-Feira-de-Empreendedorismo-Social-1.jpeg?fit=1200%2C947&ssl=1&resize=350%2C200","width":350,"height":200,"srcset":"https:\/\/i0.wp.com\/comunidadeemacao.com.br\/site\/wp-content\/uploads\/2026\/08\/FAMINAS-seleciona-novos-expositores-de-Venda-Nova-para-Feira-de-Empreendedorismo-Social-1.jpeg?fit=1200%2C947&ssl=1&resize=350%2C200 1x, https:\/\/i0.wp.com\/comunidadeemacao.com.br\/site\/wp-content\/uploads\/2026\/08\/FAMINAS-seleciona-novos-expositores-de-Venda-Nova-para-Feira-de-Empreendedorismo-Social-1.jpeg?fit=1200%2C947&ssl=1&resize=525%2C300 1.5x, https:\/\/i0.wp.com\/comunidadeemacao.com.br\/site\/wp-content\/uploads\/2026\/08\/FAMINAS-seleciona-novos-expositores-de-Venda-Nova-para-Feira-de-Empreendedorismo-Social-1.jpeg?fit=1200%2C947&ssl=1&resize=700%2C400 2x, https:\/\/i0.wp.com\/comunidadeemacao.com.br\/site\/wp-content\/uploads\/2026\/08\/FAMINAS-seleciona-novos-expositores-de-Venda-Nova-para-Feira-de-Empreendedorismo-Social-1.jpeg?fit=1200%2C947&ssl=1&resize=1050%2C600 3x"},"classes":[]}],"jetpack_featured_media_url":"https:\/\/i0.wp.com\/comunidadeemacao.com.br\/site\/wp-content\/uploads\/2024\/11\/Faminas-02.jpg?fit=747%2C598&ssl=1","_links":{"self":[{"href":"https:\/\/comunidadeemacao.com.br\/site\/wp-json\/wp\/v2\/posts\/4448","targetHints":{"allow":["GET"]}}],"collection":[{"href":"https:\/\/comunidadeemacao.com.br\/site\/wp-json\/wp\/v2\/posts"}],"about":[{"href":"https:\/\/comunidadeemacao.com.br\/site\/wp-json\/wp\/v2\/types\/post"}],"author":[{"embeddable":true,"href":"https:\/\/comunidadeemacao.com.br\/site\/wp-json\/wp\/v2\/users\/1"}],"replies":[{"embeddable":true,"href":"https:\/\/comunidadeemacao.com.br\/site\/wp-json\/wp\/v2\/comments?post=4448"}],"version-history":[{"count":3,"href":"https:\/\/comunidadeemacao.com.br\/site\/wp-json\/wp\/v2\/posts\/4448\/revisions"}],"predecessor-version":[{"id":4454,"href":"https:\/\/comunidadeemacao.com.br\/site\/wp-json\/wp\/v2\/posts\/4448\/revisions\/4454"}],"wp:featuredmedia":[{"embeddable":true,"href":"https:\/\/comunidadeemacao.com.br\/site\/wp-json\/wp\/v2\/media\/4449"}],"wp:attachment":[{"href":"https:\/\/comunidadeemacao.com.br\/site\/wp-json\/wp\/v2\/media?parent=4448"}],"wp:term":[{"taxonomy":"category","embeddable":true,"href":"https:\/\/comunidadeemacao.com.br\/site\/wp-json\/wp\/v2\/categories?post=4448"},{"taxonomy":"post_tag","embeddable":true,"href":"https:\/\/comunidadeemacao.com.br\/site\/wp-json\/wp\/v2\/tags?post=4448"},{"taxonomy":"series","embeddable":true,"href":"https:\/\/comunidadeemacao.com.br\/site\/wp-json\/wp\/v2\/series?post=4448"}],"curies":[{"name":"wp","href":"https:\/\/api.w.org\/{rel}","templated":true}]}}