{"id":3863,"date":"2023-10-27T11:05:48","date_gmt":"2023-10-27T14:05:48","guid":{"rendered":"https:\/\/comunidadeemacao.com.br\/site\/?p=3863"},"modified":"2023-10-27T11:10:59","modified_gmt":"2023-10-27T14:10:59","slug":"mil-pessoas-foram-atendidas-na-acao-social-na-zona-norte","status":"publish","type":"post","link":"https:\/\/comunidadeemacao.com.br\/site\/mil-pessoas-foram-atendidas-na-acao-social-na-zona-norte\/","title":{"rendered":"Mil pessoas foram atendidas na A\u00e7\u00e3o Social na Zona Norte"},"content":{"rendered":"<h3 class=\"western\">FAMINAS com Voc\u00ea garante quase 1 mil atendimentos gratuitos em Heli\u00f3polis<\/h3>\n<p class=\"western\">Visando de atender necessidades demandadas pela popula\u00e7\u00e3o, em um mutir\u00e3o de sa\u00fade, lazer e atendimentos nas mais diversas \u00e1reas, a FAMINAS levou seu evento de responsabilidade social, o FAMINAS com Voc\u00ea, para o bairro de Heli\u00f3polis, na Zona Norte de Belo Horizonte, no \u00faltimo s\u00e1bado, 21 de outubro.<\/p>\n<p class=\"western\">Com a participa\u00e7\u00e3o de mais de 160 estudantes, professores e colaboradores da FAMINAS, diversos servi\u00e7os foram disponibilizados gratuitamente \u00e0 popula\u00e7\u00e3o na Escola Municipal Jos\u00e9 Maria dos Mares Guia e no Centro de Sa\u00fade Heli\u00f3polis, localizadas na comunidade de Vila Biquinhas.<\/p>\n<figure id=\"attachment_3869\" aria-describedby=\"caption-attachment-3869\" style=\"width: 300px\" class=\"wp-caption aligncenter\"><a href=\"https:\/\/i0.wp.com\/comunidadeemacao.com.br\/site\/wp-content\/uploads\/2023\/10\/Faminas-com-vc-04-ms.jpeg?ssl=1\"><img data-recalc-dims=\"1\" fetchpriority=\"high\" decoding=\"async\" class=\"size-medium wp-image-3869\" src=\"https:\/\/i0.wp.com\/comunidadeemacao.com.br\/site\/wp-content\/uploads\/2023\/10\/Faminas-com-vc-04-ms.jpeg?resize=300%2C169&#038;ssl=1\" alt=\"Comiss\u00e3o local de Sa\u00fade \" width=\"300\" height=\"169\" srcset=\"https:\/\/i0.wp.com\/comunidadeemacao.com.br\/site\/wp-content\/uploads\/2023\/10\/Faminas-com-vc-04-ms.jpeg?resize=300%2C169&amp;ssl=1 300w, https:\/\/i0.wp.com\/comunidadeemacao.com.br\/site\/wp-content\/uploads\/2023\/10\/Faminas-com-vc-04-ms.jpeg?resize=1024%2C576&amp;ssl=1 1024w, https:\/\/i0.wp.com\/comunidadeemacao.com.br\/site\/wp-content\/uploads\/2023\/10\/Faminas-com-vc-04-ms.jpeg?resize=768%2C432&amp;ssl=1 768w, https:\/\/i0.wp.com\/comunidadeemacao.com.br\/site\/wp-content\/uploads\/2023\/10\/Faminas-com-vc-04-ms.jpeg?resize=1536%2C864&amp;ssl=1 1536w, https:\/\/i0.wp.com\/comunidadeemacao.com.br\/site\/wp-content\/uploads\/2023\/10\/Faminas-com-vc-04-ms.jpeg?resize=820%2C461&amp;ssl=1 820w, https:\/\/i0.wp.com\/comunidadeemacao.com.br\/site\/wp-content\/uploads\/2023\/10\/Faminas-com-vc-04-ms.jpeg?resize=150%2C84&amp;ssl=1 150w, https:\/\/i0.wp.com\/comunidadeemacao.com.br\/site\/wp-content\/uploads\/2023\/10\/Faminas-com-vc-04-ms.jpeg?w=1600&amp;ssl=1 1600w\" sizes=\"(max-width: 300px) 100vw, 300px\" \/><\/a><figcaption id=\"caption-attachment-3869\" class=\"wp-caption-text\"><span style=\"color: #0000ff;\"><strong><em>Comiss\u00e3o local de Sa\u00fade interagiu com a comunidade divulgando as reuni\u00f5es Foto: Marcos Silva | JCA<\/em><\/strong><\/span><\/figcaption><\/figure>\n<p class=\"western\">O saldo do dia foi extremamente positivo, com quase 1 mil atendimentos registrados, incluindo:<\/p>\n<p class=\"western\">&#8211; Atendimentos m\u00e9dicos e de sa\u00fade em geral (exames de acuidade visual, fundoscopia e Papa Nicolau, vacina\u00e7\u00e3o, aferi\u00e7\u00e3o de press\u00e3o, teste de glicemia e de IST\u2019s, orienta\u00e7\u00e3o sobre c\u00e2ncer de mama e atendimento a pacientes cr\u00f4nicos)<\/p>\n<p class=\"western\">&#8211; Atendimentos odontol\u00f3gicos (orienta\u00e7\u00f5es sobre higiene bucal, avalia\u00e7\u00e3o odontol\u00f3gica, distribui\u00e7\u00e3o de kits de escova e pasta dental)<\/p>\n<p class=\"western\">&#8211; Atendimentos nutricionais (orienta\u00e7\u00f5es sobre alimenta\u00e7\u00e3o saud\u00e1vel e higiene de alimentos, c\u00e1lculo de IMC e distribui\u00e7\u00e3o de frutas)<\/p>\n<p class=\"western\">&#8211; Orienta\u00e7\u00f5es jur\u00eddicas e empresariais<\/p>\n<p class=\"western\">&#8211; Atividades recreativas e l\u00fadicas para as crian\u00e7as<\/p>\n<p class=\"western\">&#8211; Oficinas de plantio, com distribui\u00e7\u00e3o de mudas e sementes de frutas e hortali\u00e7as<\/p>\n<p class=\"western\">A a\u00e7\u00e3o \u00e9 fruto de uma parceria da FAMINAS com as autoridades governamentais representadas pela Defesa Civil, CRAS Vila Biquinhas, Coordenadoria de Atendimento Regional Norte, Secretaria de Educa\u00e7\u00e3o Regi\u00e3o Norte, Centro de Sa\u00fade Heli\u00f3polis e Centro de Controle de Zoonoses.<\/p>\n<figure id=\"attachment_3866\" aria-describedby=\"caption-attachment-3866\" style=\"width: 300px\" class=\"wp-caption aligncenter\"><a href=\"https:\/\/i0.wp.com\/comunidadeemacao.com.br\/site\/wp-content\/uploads\/2023\/10\/Faminas-com-vc-01-ms.jpeg?ssl=1\"><img data-recalc-dims=\"1\" decoding=\"async\" class=\"size-medium wp-image-3866\" src=\"https:\/\/i0.wp.com\/comunidadeemacao.com.br\/site\/wp-content\/uploads\/2023\/10\/Faminas-com-vc-01-ms.jpeg?resize=300%2C169&#038;ssl=1\" alt=\"Faminas-com-vc-\" width=\"300\" height=\"169\" srcset=\"https:\/\/i0.wp.com\/comunidadeemacao.com.br\/site\/wp-content\/uploads\/2023\/10\/Faminas-com-vc-01-ms.jpeg?resize=300%2C169&amp;ssl=1 300w, https:\/\/i0.wp.com\/comunidadeemacao.com.br\/site\/wp-content\/uploads\/2023\/10\/Faminas-com-vc-01-ms.jpeg?resize=1024%2C576&amp;ssl=1 1024w, https:\/\/i0.wp.com\/comunidadeemacao.com.br\/site\/wp-content\/uploads\/2023\/10\/Faminas-com-vc-01-ms.jpeg?resize=768%2C432&amp;ssl=1 768w, https:\/\/i0.wp.com\/comunidadeemacao.com.br\/site\/wp-content\/uploads\/2023\/10\/Faminas-com-vc-01-ms.jpeg?resize=1536%2C864&amp;ssl=1 1536w, https:\/\/i0.wp.com\/comunidadeemacao.com.br\/site\/wp-content\/uploads\/2023\/10\/Faminas-com-vc-01-ms.jpeg?resize=820%2C461&amp;ssl=1 820w, https:\/\/i0.wp.com\/comunidadeemacao.com.br\/site\/wp-content\/uploads\/2023\/10\/Faminas-com-vc-01-ms.jpeg?resize=150%2C84&amp;ssl=1 150w, https:\/\/i0.wp.com\/comunidadeemacao.com.br\/site\/wp-content\/uploads\/2023\/10\/Faminas-com-vc-01-ms.jpeg?w=1600&amp;ssl=1 1600w\" sizes=\"(max-width: 300px) 100vw, 300px\" \/><\/a><figcaption id=\"caption-attachment-3866\" class=\"wp-caption-text\"><strong><em><span style=\"color: #0000ff;\">Divers\u00e3o para a comunidade da Vila Biquinhas Foto: Marcos Silva | JCA<\/span><\/em><\/strong><\/figcaption><\/figure>\n<ul>\n<li>\n<h3><span style=\"color: #008000;\"><a style=\"color: #008000;\" href=\"https:\/\/whatsapp.com\/channel\/0029Va9Qx46KrWQowqqyQN0j\" target=\"_blank\" rel=\"noopener nofollow\">Clique aqui para seguir o canal COMUNIDADE EM A\u00c7\u00c3O ON no WhatsApp<\/a><\/span><\/h3>\n<\/li>\n<\/ul>\n<p class=\"western\">&#8220;A parceria entre os setores privado e p\u00fablico em a\u00e7\u00f5es de responsabilidade social tem sido institu\u00edda pela Organiza\u00e7\u00e3o das Na\u00e7\u00f5es Unidas (ONU) e est\u00e1 em total conson\u00e2ncia com a miss\u00e3o da FAMINAS, que \u00e9 formar n\u00e3o apenas profissionais, mas cidad\u00e3os capazes de construir belos horizontes no Vetor Norte, na nossa cidade e no pa\u00eds&#8221;, afirmou Daniela Camargos, coordenadora do setor de Extens\u00e3o da FAMINAS, \u00e0 frente da iniciativa.<\/p>\n<p><a href=\"https:\/\/news.google.com\/publications\/CAAqBwgKMOKPqAswz5rAAw?hl=pt-BR&amp;gl=BR&amp;ceid=BR%3Apt-419\" target=\"_blank\" rel=\"noopener nofollow\"><img data-recalc-dims=\"1\" decoding=\"async\" class=\"wp-image-2790 aligncenter\" src=\"https:\/\/i0.wp.com\/comunidadeemacao.com.br\/site\/wp-content\/uploads\/2022\/06\/JCA-Google-News-png.png?resize=454%2C56&#038;ssl=1\" alt=\"\" width=\"454\" height=\"56\" srcset=\"https:\/\/i0.wp.com\/comunidadeemacao.com.br\/site\/wp-content\/uploads\/2022\/06\/JCA-Google-News-png.png?resize=300%2C37&amp;ssl=1 300w, https:\/\/i0.wp.com\/comunidadeemacao.com.br\/site\/wp-content\/uploads\/2022\/06\/JCA-Google-News-png.png?resize=150%2C19&amp;ssl=1 150w, https:\/\/i0.wp.com\/comunidadeemacao.com.br\/site\/wp-content\/uploads\/2022\/06\/JCA-Google-News-png.png?w=728&amp;ssl=1 728w\" sizes=\"(max-width: 454px) 100vw, 454px\" \/><\/a><\/p>\n<p class=\"western\">Ainda de acordo com Daniela, os atendimentos ter\u00e3o continuidade na institui\u00e7\u00e3o, nas Cl\u00ednicas-Escolas de Odontologia, Psicologia e Nutri\u00e7\u00e3o, no N\u00facleo de Pr\u00e1ticas Jur\u00eddicas (NPJ) e atrav\u00e9s dos estudantes da \u00e1rea de Gest\u00e3o, que estar\u00e3o de portas abertas para receber toda a comunidade. Al\u00e9m disso, os estudantes percorrer\u00e3o escolas do Vetor Norte para realizar exames oftalmol\u00f3gicos nas crian\u00e7as e adolescentes, em parceria com o Centro Municipal de Oftalmologia.<\/p>\n<p class=\"western\">Para a Presidente da Comiss\u00e3o Local do Centro de Sa\u00fade Heli\u00f3polis, Cida Pereira, a\u00e7\u00e3o social da Faminas foi importante para os moradores. \u201cFoi maravilhosa e serviu para conscientiza\u00e7\u00e3o dos usu\u00e1rios o que \u00e9 o SUS, foi uma oportunidade da popula\u00e7\u00e3o conhecer como o SUS \u00e9 importante, tem que fazer (mais a\u00e7\u00f5es) com frequ\u00eancia\u201d diz Cida. A l\u00edder social afirmou que para os usu\u00e1rios do Centro de Sa\u00fade nestas a\u00e7\u00f5es, oferece \u00f3timo atendimento e fortalece e d\u00e1 visibilidade para as Comiss\u00f5es da Sa\u00fade no controle social.<\/p>\n<p class=\"western\">Para encerrar o evento do \u00faltimo s\u00e1bado, foi plantada uma \u00e1rvore frut\u00edfera no Posto de Sa\u00fade, simbolizando o in\u00edcio de um projeto que visa colher frutos valiosos para a comunidade. A celebra\u00e7\u00e3o do dia incluiu, tamb\u00e9m, uma apresenta\u00e7\u00e3o do Grupo Maracatu \u2013 Coletivo Mar de Morro.<\/p>\n<figure id=\"attachment_3867\" aria-describedby=\"caption-attachment-3867\" style=\"width: 300px\" class=\"wp-caption aligncenter\"><a href=\"https:\/\/i0.wp.com\/comunidadeemacao.com.br\/site\/wp-content\/uploads\/2023\/10\/Faminas-com-vc-02-ms.jpeg?ssl=1\"><img data-recalc-dims=\"1\" loading=\"lazy\" decoding=\"async\" class=\"size-medium wp-image-3867\" src=\"https:\/\/i0.wp.com\/comunidadeemacao.com.br\/site\/wp-content\/uploads\/2023\/10\/Faminas-com-vc-02-ms.jpeg?resize=300%2C169&#038;ssl=1\" alt=\"Plantio de \u00e1rvore no Centro de Sa\u00fade Heli\u00f3polis em BH \" width=\"300\" height=\"169\" srcset=\"https:\/\/i0.wp.com\/comunidadeemacao.com.br\/site\/wp-content\/uploads\/2023\/10\/Faminas-com-vc-02-ms.jpeg?resize=300%2C169&amp;ssl=1 300w, https:\/\/i0.wp.com\/comunidadeemacao.com.br\/site\/wp-content\/uploads\/2023\/10\/Faminas-com-vc-02-ms.jpeg?resize=1024%2C576&amp;ssl=1 1024w, https:\/\/i0.wp.com\/comunidadeemacao.com.br\/site\/wp-content\/uploads\/2023\/10\/Faminas-com-vc-02-ms.jpeg?resize=768%2C432&amp;ssl=1 768w, https:\/\/i0.wp.com\/comunidadeemacao.com.br\/site\/wp-content\/uploads\/2023\/10\/Faminas-com-vc-02-ms.jpeg?resize=1536%2C864&amp;ssl=1 1536w, https:\/\/i0.wp.com\/comunidadeemacao.com.br\/site\/wp-content\/uploads\/2023\/10\/Faminas-com-vc-02-ms.jpeg?resize=820%2C461&amp;ssl=1 820w, https:\/\/i0.wp.com\/comunidadeemacao.com.br\/site\/wp-content\/uploads\/2023\/10\/Faminas-com-vc-02-ms.jpeg?resize=150%2C84&amp;ssl=1 150w, https:\/\/i0.wp.com\/comunidadeemacao.com.br\/site\/wp-content\/uploads\/2023\/10\/Faminas-com-vc-02-ms.jpeg?w=1600&amp;ssl=1 1600w\" sizes=\"(max-width: 300px) 100vw, 300px\" \/><\/a><figcaption id=\"caption-attachment-3867\" class=\"wp-caption-text\"><strong><em><span style=\"color: #0000ff;\">Plantio de \u00e1rvore no Centro de Sa\u00fade Heli\u00f3polis em BH Foto: Marcos Silva | JCA<\/span><\/em><\/strong><\/figcaption><\/figure>\n<p class=\"western\">A institui\u00e7\u00e3o se destaca por investir na qualidade de seus cursos, com professores mestres e doutores com ampla experi\u00eancia profissional, proporcionando aos estudantes uma imers\u00e3o em suas futuras \u00e1reas de atua\u00e7\u00e3o desde o in\u00edcio de sua jornada acad\u00eamica. Al\u00e9m disso, as a\u00e7\u00f5es de responsabilidade social, como o &#8220;FAMINAS com Voc\u00ea&#8221;, marcam a conex\u00e3o entre a institui\u00e7\u00e3o e a comunidade, proporcionando benef\u00edcios \u00fanicos para a bagagem acad\u00eamica dos estudantes e convertendo em servi\u00e7os essenciais para quem mais precisa.<\/p>\n<p><span style=\"color: #0000ff;\"><strong><em>Reda\u00e7\u00e3o e fotos* Marcos Silva | redacao1@comunidadeemacao.com.br<\/em><\/strong><\/span><\/p>\n<p><span style=\"color: #0000ff;\"><em>*Com material da Faminas<\/em><\/span><\/p>\n","protected":false},"excerpt":{"rendered":"FAMINAS com Voc\u00ea garante quase 1 mil atendimentos gratuitos em Heli\u00f3polis Visando de atender necessidades demandadas pela popula\u00e7\u00e3o, em um mutir\u00e3o de sa\u00fade, lazer e [&hellip;]","protected":false},"author":1,"featured_media":3864,"comment_status":"closed","ping_status":"closed","sticky":false,"template":"","format":"standard","meta":{"episode_type":"","audio_file":"","podmotor_file_id":"","podmotor_episode_id":"","cover_image":"","cover_image_id":"","duration":"","filesize":"","filesize_raw":"","date_recorded":"","explicit":"","block":"","_jetpack_newsletter_access":"","_jetpack_dont_email_post_to_subs":false,"_jetpack_newsletter_tier_id":0,"_jetpack_memberships_contains_paywalled_content":false,"_jetpack_feature_clip_id":0,"_jetpack_memberships_contains_paid_content":false,"footnotes":"","jetpack_post_was_ever_published":false},"categories":[50,57,54],"tags":[775,770,368,774,777,776],"series":[1406],"class_list":["post-3863","post","type-post","status-publish","format-standard","has-post-thumbnail","hentry","category-comunidade","category-cidade","category-dia-a-dia","tag-acaosocial","tag-comunidadeemacaibhz","tag-comunidadeemacaobh","tag-faminas","tag-faminascomvc","tag-faminascomvoece","series-comunidade-em-acao"],"episode_featured_image":"https:\/\/comunidadeemacao.com.br\/site\/wp-content\/uploads\/2023\/10\/Faminas-com-vc-03-Divulgacao.jpeg","episode_player_image":"https:\/\/i0.wp.com\/comunidadeemacao.com.br\/site\/wp-content\/uploads\/2025\/07\/Logo-Fala-Zona-Norte-1400-pix1.jpg?fit=1400%2C1400&ssl=1","download_link":"","player_link":"","audio_player":false,"episode_data":{"playerMode":"light","subscribeUrls":{"youtube":{"key":"youtube","url":"https:\/\/www.youtube.com\/@znbhplay\/podcasts","label":"YouTube","class":"youtube","icon":"youtube.png"}},"rssFeedUrl":"https:\/\/comunidadeemacao.com.br\/site\/feed\/podcast\/comunidade-em-acao","embedCode":"<blockquote class=\"wp-embedded-content\" data-secret=\"m60X3mu3gf\"><a href=\"https:\/\/comunidadeemacao.com.br\/site\/mil-pessoas-foram-atendidas-na-acao-social-na-zona-norte\/\">Mil pessoas foram atendidas na A\u00e7\u00e3o Social na Zona Norte<\/a><\/blockquote><iframe sandbox=\"allow-scripts\" security=\"restricted\" src=\"https:\/\/comunidadeemacao.com.br\/site\/mil-pessoas-foram-atendidas-na-acao-social-na-zona-norte\/embed\/#?secret=m60X3mu3gf\" width=\"500\" height=\"350\" title=\"&#8220;Mil pessoas foram atendidas na A\u00e7\u00e3o Social na Zona Norte&#8221; &#8212; COMUNIDADE EM A\u00c7\u00c3O\" data-secret=\"m60X3mu3gf\" frameborder=\"0\" marginwidth=\"0\" marginheight=\"0\" scrolling=\"no\" class=\"wp-embedded-content\"><\/iframe><script>\n\/*! This file is auto-generated *\/\n!function(d,l){\"use strict\";l.querySelector&&d.addEventListener&&\"undefined\"!=typeof URL&&(d.wp=d.wp||{},d.wp.receiveEmbedMessage||(d.wp.receiveEmbedMessage=function(e){var t=e.data;if((t||t.secret||t.message||t.value)&&!\/[^a-zA-Z0-9]\/.test(t.secret)){for(var s,r,n,a=l.querySelectorAll('iframe[data-secret=\"'+t.secret+'\"]'),o=l.querySelectorAll('blockquote[data-secret=\"'+t.secret+'\"]'),c=new RegExp(\"^https?:$\",\"i\"),i=0;i<o.length;i++)o[i].style.display=\"none\";for(i=0;i<a.length;i++)s=a[i],e.source===s.contentWindow&&(s.removeAttribute(\"style\"),\"height\"===t.message?(1e3<(r=parseInt(t.value,10))?r=1e3:~~r<200&&(r=200),s.height=r):\"link\"===t.message&&(r=new URL(s.getAttribute(\"src\")),n=new URL(t.value),c.test(n.protocol))&&n.host===r.host&&l.activeElement===s&&(d.top.location.href=t.value))}},d.addEventListener(\"message\",d.wp.receiveEmbedMessage,!1),l.addEventListener(\"DOMContentLoaded\",function(){for(var e,t,s=l.querySelectorAll(\"iframe.wp-embedded-content\"),r=0;r<s.length;r++)(t=(e=s[r]).getAttribute(\"data-secret\"))||(t=Math.random().toString(36).substring(2,12),e.src+=\"#?secret=\"+t,e.setAttribute(\"data-secret\",t)),e.contentWindow.postMessage({message:\"ready\",secret:t},\"*\")},!1)))}(window,document);\n\/\/# sourceURL=https:\/\/comunidadeemacao.com.br\/site\/wp-includes\/js\/wp-embed.min.js\n<\/script>\n"},"jetpack_sharing_enabled":true,"jetpack_likes_enabled":true,"jetpack-related-posts":[{"id":4448,"url":"https:\/\/comunidadeemacao.com.br\/site\/faminas-bh-oferece-atendimento-gratuito-a-comunidade-de-vila-biquinhas\/","url_meta":{"origin":3863,"position":0},"title":"FAMINAS BH oferece atendimento gratuito \u00e0 comunidade de Vila Biquinhas","author":"Marcos Silva","date":"7 de novembro de 2024","format":false,"excerpt":"Programa \"Faminas com Voc\u00ea\" contribui para a forma\u00e7\u00e3o pr\u00e1tica dos estudantes e promove impacto social na comunidade Belo Horizonte, 06 de novembro de 2024 \u2013 No pr\u00f3ximo dia 9 de novembro, o Centro Universit\u00e1rio FAMINAS BH realiza mais uma edi\u00e7\u00e3o do \u201cFaminas com Voc\u00ea\u201d, um programa que visa atender gratuitamente\u2026","rel":"","context":"Em &quot;Comunidade&quot;","block_context":{"text":"Comunidade","link":"https:\/\/comunidadeemacao.com.br\/site\/category\/comunidade\/"},"img":{"alt_text":"Oficinas de escova\u00e7\u00e3o","src":"https:\/\/i0.wp.com\/comunidadeemacao.com.br\/site\/wp-content\/uploads\/2024\/11\/Faminas-02.jpg?fit=747%2C598&ssl=1&resize=350%2C200","width":350,"height":200,"srcset":"https:\/\/i0.wp.com\/comunidadeemacao.com.br\/site\/wp-content\/uploads\/2024\/11\/Faminas-02.jpg?fit=747%2C598&ssl=1&resize=350%2C200 1x, https:\/\/i0.wp.com\/comunidadeemacao.com.br\/site\/wp-content\/uploads\/2024\/11\/Faminas-02.jpg?fit=747%2C598&ssl=1&resize=525%2C300 1.5x, https:\/\/i0.wp.com\/comunidadeemacao.com.br\/site\/wp-content\/uploads\/2024\/11\/Faminas-02.jpg?fit=747%2C598&ssl=1&resize=700%2C400 2x"},"classes":[]},{"id":4528,"url":"https:\/\/comunidadeemacao.com.br\/site\/faminas-bh-oferece-atendimentos-odontologicos-gratuitos-para-gestantes-e-bebes\/","url_meta":{"origin":3863,"position":1},"title":"FAMINAS-BH oferece atendimentos odontol\u00f3gicos gratuitos para gestantes e beb\u00eas","author":"Marcos Silva","date":"4 de dezembro de 2024","format":false,"excerpt":"Cl\u00ednica-Escola de Odontologia realiza a\u00e7\u00e3o de extens\u00e3o com cuidados preventivos e humanizados A FAMINAS Belo Horizonte, reconhecida pelo MEC com nota m\u00e1xima, realizar\u00e1 atendimentos odontol\u00f3gicos gratuitos voltados para gestantes e beb\u00eas nos dias 4, 5 e 6 de dezembro. A iniciativa integra o projeto de extens\u00e3o \"Sa\u00fade Bucal da Gestante\u2026","rel":"","context":"Em &quot;Cidade&quot;","block_context":{"text":"Cidade","link":"https:\/\/comunidadeemacao.com.br\/site\/category\/cidade\/"},"img":{"alt_text":"Clinica-Escola da Faminas em atendimento Social","src":"https:\/\/i0.wp.com\/comunidadeemacao.com.br\/site\/wp-content\/uploads\/2024\/12\/WhatsApp-Image-2024-12-03-at-18.04.16.jpeg?fit=1200%2C675&ssl=1&resize=350%2C200","width":350,"height":200,"srcset":"https:\/\/i0.wp.com\/comunidadeemacao.com.br\/site\/wp-content\/uploads\/2024\/12\/WhatsApp-Image-2024-12-03-at-18.04.16.jpeg?fit=1200%2C675&ssl=1&resize=350%2C200 1x, https:\/\/i0.wp.com\/comunidadeemacao.com.br\/site\/wp-content\/uploads\/2024\/12\/WhatsApp-Image-2024-12-03-at-18.04.16.jpeg?fit=1200%2C675&ssl=1&resize=525%2C300 1.5x, https:\/\/i0.wp.com\/comunidadeemacao.com.br\/site\/wp-content\/uploads\/2024\/12\/WhatsApp-Image-2024-12-03-at-18.04.16.jpeg?fit=1200%2C675&ssl=1&resize=700%2C400 2x, https:\/\/i0.wp.com\/comunidadeemacao.com.br\/site\/wp-content\/uploads\/2024\/12\/WhatsApp-Image-2024-12-03-at-18.04.16.jpeg?fit=1200%2C675&ssl=1&resize=1050%2C600 3x"},"classes":[]},{"id":9903,"url":"https:\/\/comunidadeemacao.com.br\/site\/faminas-abre-inscricoes-para-expositores-da-feira-de-empreendedorismo\/","url_meta":{"origin":3863,"position":2},"title":"FAMINAS abre inscri\u00e7\u00f5es para expositores da Feira de Empreendedorismo","author":"Marcos Silva","date":"6 de agosto de 2026","format":false,"excerpt":"Iniciativa gratuita em Venda Nova busca ampliar a visibilidade de pequenos neg\u00f3cios e fortalecer a economia local A FAMINAS abriu inscri\u00e7\u00f5es para cinco novos expositores da Feira de Empreendedorismo Social, iniciativa que busca fortalecer pequenos neg\u00f3cios e ampliar a divulga\u00e7\u00e3o de produtos e servi\u00e7os locais na Zona Norte e regi\u00e3o\u2026","rel":"","context":"Em &quot;Dicas &amp; Sugest\u00f5es&quot;","block_context":{"text":"Dicas &amp; Sugest\u00f5es","link":"https:\/\/comunidadeemacao.com.br\/site\/category\/dicas-sugestoes\/"},"img":{"alt_text":"Iniciativa gratuita busca fortalecer pequenos neg\u00f3cios da regi\u00e3o e ampliar a visibilidade de produtos e servi\u00e7os locais","src":"https:\/\/i0.wp.com\/comunidadeemacao.com.br\/site\/wp-content\/uploads\/2026\/08\/FAMINAS-seleciona-novos-expositores-de-Venda-Nova-para-Feira-de-Empreendedorismo-Social-1.jpeg?fit=1200%2C947&ssl=1&resize=350%2C200","width":350,"height":200,"srcset":"https:\/\/i0.wp.com\/comunidadeemacao.com.br\/site\/wp-content\/uploads\/2026\/08\/FAMINAS-seleciona-novos-expositores-de-Venda-Nova-para-Feira-de-Empreendedorismo-Social-1.jpeg?fit=1200%2C947&ssl=1&resize=350%2C200 1x, https:\/\/i0.wp.com\/comunidadeemacao.com.br\/site\/wp-content\/uploads\/2026\/08\/FAMINAS-seleciona-novos-expositores-de-Venda-Nova-para-Feira-de-Empreendedorismo-Social-1.jpeg?fit=1200%2C947&ssl=1&resize=525%2C300 1.5x, https:\/\/i0.wp.com\/comunidadeemacao.com.br\/site\/wp-content\/uploads\/2026\/08\/FAMINAS-seleciona-novos-expositores-de-Venda-Nova-para-Feira-de-Empreendedorismo-Social-1.jpeg?fit=1200%2C947&ssl=1&resize=700%2C400 2x, https:\/\/i0.wp.com\/comunidadeemacao.com.br\/site\/wp-content\/uploads\/2026\/08\/FAMINAS-seleciona-novos-expositores-de-Venda-Nova-para-Feira-de-Empreendedorismo-Social-1.jpeg?fit=1200%2C947&ssl=1&resize=1050%2C600 3x"},"classes":[]},{"id":10218,"url":"https:\/\/comunidadeemacao.com.br\/site\/atendimento-odontologico-gratuito-para-criancas-com-autismo-ganha-novas-vagas-em-bh\/","url_meta":{"origin":3863,"position":3},"title":"Atendimento odontol\u00f3gico gratuito para crian\u00e7as com autismo ganha novas vagas em BH","author":"Marcos Silva","date":"22 de agosto de 2026","format":false,"excerpt":"Projeto da FAMINAS atende crian\u00e7as de 4 a 12 anos e oferece preven\u00e7\u00e3o, restaura\u00e7\u00f5es, extra\u00e7\u00f5es e tratamento de canal A Cl\u00ednica-Escola de Odontologia da FAMINAS abriu novas vagas para atendimento odontol\u00f3gico gratuito de crian\u00e7as com Transtorno do Espectro Autista (TEA), em Belo Horizonte. O projeto, que est\u00e1 em funcionamento h\u00e1\u2026","rel":"","context":"Em &quot;Sa\u00fade&quot;","block_context":{"text":"Sa\u00fade","link":"https:\/\/comunidadeemacao.com.br\/site\/category\/noticiasdacomunidaede\/saude\/"},"img":{"alt_text":"","src":"https:\/\/i0.wp.com\/comunidadeemacao.com.br\/site\/wp-content\/uploads\/2026\/08\/Clinica-Escola-de-Odontologia-da-FAMINAS-esta-com-vagas-abertas.jpg?fit=1200%2C774&ssl=1&resize=350%2C200","width":350,"height":200,"srcset":"https:\/\/i0.wp.com\/comunidadeemacao.com.br\/site\/wp-content\/uploads\/2026\/08\/Clinica-Escola-de-Odontologia-da-FAMINAS-esta-com-vagas-abertas.jpg?fit=1200%2C774&ssl=1&resize=350%2C200 1x, https:\/\/i0.wp.com\/comunidadeemacao.com.br\/site\/wp-content\/uploads\/2026\/08\/Clinica-Escola-de-Odontologia-da-FAMINAS-esta-com-vagas-abertas.jpg?fit=1200%2C774&ssl=1&resize=525%2C300 1.5x, https:\/\/i0.wp.com\/comunidadeemacao.com.br\/site\/wp-content\/uploads\/2026\/08\/Clinica-Escola-de-Odontologia-da-FAMINAS-esta-com-vagas-abertas.jpg?fit=1200%2C774&ssl=1&resize=700%2C400 2x, https:\/\/i0.wp.com\/comunidadeemacao.com.br\/site\/wp-content\/uploads\/2026\/08\/Clinica-Escola-de-Odontologia-da-FAMINAS-esta-com-vagas-abertas.jpg?fit=1200%2C774&ssl=1&resize=1050%2C600 3x"},"classes":[]},{"id":10152,"url":"https:\/\/comunidadeemacao.com.br\/site\/professores-de-bh-e-regiao-tem-ate-hoje-para-participar-de-programa-pedagogico\/","url_meta":{"origin":3863,"position":4},"title":"Professores de BH e regi\u00e3o t\u00eam at\u00e9 hoje para participar de programa pedag\u00f3gico","author":"Marcos Silva","date":"19 de agosto de 2026","format":false,"excerpt":"Conex\u00e3o FAMINAS promove forma\u00e7\u00e3o gratuita sobre sa\u00fade mental e gest\u00e3o escolar; encontro ser\u00e1 em 29 de agosto Professores de escolas p\u00fablicas e privadas de Belo Horizonte e Regi\u00e3o Metropolitana t\u00eam at\u00e9 hoje, 19 de agosto, para se inscrever no Conex\u00e3o FAMINAS, programa voltado ao desenvolvimento pedag\u00f3gico e profissional de docentes.\u2026","rel":"","context":"Em &quot;Dia A Dia&quot;","block_context":{"text":"Dia A Dia","link":"https:\/\/comunidadeemacao.com.br\/site\/category\/dia-a-dia\/"},"img":{"alt_text":"programa de desenvolvimento pedag\u00f3gico para professores de BH e metropolitana","src":"https:\/\/i0.wp.com\/comunidadeemacao.com.br\/site\/wp-content\/uploads\/2026\/08\/FAMINAS-lanca-programa-de-desenvolvimento-pedagogico-para-professores-de-BH-e-metropolitana.jpg?fit=1200%2C845&ssl=1&resize=350%2C200","width":350,"height":200,"srcset":"https:\/\/i0.wp.com\/comunidadeemacao.com.br\/site\/wp-content\/uploads\/2026\/08\/FAMINAS-lanca-programa-de-desenvolvimento-pedagogico-para-professores-de-BH-e-metropolitana.jpg?fit=1200%2C845&ssl=1&resize=350%2C200 1x, https:\/\/i0.wp.com\/comunidadeemacao.com.br\/site\/wp-content\/uploads\/2026\/08\/FAMINAS-lanca-programa-de-desenvolvimento-pedagogico-para-professores-de-BH-e-metropolitana.jpg?fit=1200%2C845&ssl=1&resize=525%2C300 1.5x, https:\/\/i0.wp.com\/comunidadeemacao.com.br\/site\/wp-content\/uploads\/2026\/08\/FAMINAS-lanca-programa-de-desenvolvimento-pedagogico-para-professores-de-BH-e-metropolitana.jpg?fit=1200%2C845&ssl=1&resize=700%2C400 2x, https:\/\/i0.wp.com\/comunidadeemacao.com.br\/site\/wp-content\/uploads\/2026\/08\/FAMINAS-lanca-programa-de-desenvolvimento-pedagogico-para-professores-de-BH-e-metropolitana.jpg?fit=1200%2C845&ssl=1&resize=1050%2C600 3x"},"classes":[]},{"id":10082,"url":"https:\/\/comunidadeemacao.com.br\/site\/faminas-cria-programa-para-capacitar-professores-de-bh-e-regiao\/","url_meta":{"origin":3863,"position":5},"title":"FAMINAS cria programa para capacitar professores de BH e regi\u00e3o","author":"Marcos Silva","date":"15 de agosto de 2026","format":false,"excerpt":"Conex\u00e3o FAMINAS estreia em agosto com debate sobre sa\u00fade mental e gest\u00e3o escolar Professores de escolas p\u00fablicas e privadas de Belo Horizonte e Regi\u00e3o Metropolitana ter\u00e3o uma nova oportunidade de forma\u00e7\u00e3o e desenvolvimento profissional com o lan\u00e7amento do Conex\u00e3o FAMINAS. O programa ter\u00e1 seu primeiro encontro em 29 de agosto,\u2026","rel":"","context":"Em &quot;Eventos&quot;","block_context":{"text":"Eventos","link":"https:\/\/comunidadeemacao.com.br\/site\/category\/eventos\/"},"img":{"alt_text":"programa de desenvolvimento pedag\u00f3gico para professores de BH e metropolitana","src":"https:\/\/i0.wp.com\/comunidadeemacao.com.br\/site\/wp-content\/uploads\/2026\/08\/FAMINAS-lanca-programa-de-desenvolvimento-pedagogico-para-professores-de-BH-e-metropolitana.jpg?fit=1200%2C845&ssl=1&resize=350%2C200","width":350,"height":200,"srcset":"https:\/\/i0.wp.com\/comunidadeemacao.com.br\/site\/wp-content\/uploads\/2026\/08\/FAMINAS-lanca-programa-de-desenvolvimento-pedagogico-para-professores-de-BH-e-metropolitana.jpg?fit=1200%2C845&ssl=1&resize=350%2C200 1x, https:\/\/i0.wp.com\/comunidadeemacao.com.br\/site\/wp-content\/uploads\/2026\/08\/FAMINAS-lanca-programa-de-desenvolvimento-pedagogico-para-professores-de-BH-e-metropolitana.jpg?fit=1200%2C845&ssl=1&resize=525%2C300 1.5x, https:\/\/i0.wp.com\/comunidadeemacao.com.br\/site\/wp-content\/uploads\/2026\/08\/FAMINAS-lanca-programa-de-desenvolvimento-pedagogico-para-professores-de-BH-e-metropolitana.jpg?fit=1200%2C845&ssl=1&resize=700%2C400 2x, https:\/\/i0.wp.com\/comunidadeemacao.com.br\/site\/wp-content\/uploads\/2026\/08\/FAMINAS-lanca-programa-de-desenvolvimento-pedagogico-para-professores-de-BH-e-metropolitana.jpg?fit=1200%2C845&ssl=1&resize=1050%2C600 3x"},"classes":[]}],"jetpack_featured_media_url":"https:\/\/i0.wp.com\/comunidadeemacao.com.br\/site\/wp-content\/uploads\/2023\/10\/Faminas-com-vc-03-Divulgacao.jpeg?fit=1600%2C1200&ssl=1","_links":{"self":[{"href":"https:\/\/comunidadeemacao.com.br\/site\/wp-json\/wp\/v2\/posts\/3863","targetHints":{"allow":["GET"]}}],"collection":[{"href":"https:\/\/comunidadeemacao.com.br\/site\/wp-json\/wp\/v2\/posts"}],"about":[{"href":"https:\/\/comunidadeemacao.com.br\/site\/wp-json\/wp\/v2\/types\/post"}],"author":[{"embeddable":true,"href":"https:\/\/comunidadeemacao.com.br\/site\/wp-json\/wp\/v2\/users\/1"}],"replies":[{"embeddable":true,"href":"https:\/\/comunidadeemacao.com.br\/site\/wp-json\/wp\/v2\/comments?post=3863"}],"version-history":[{"count":4,"href":"https:\/\/comunidadeemacao.com.br\/site\/wp-json\/wp\/v2\/posts\/3863\/revisions"}],"predecessor-version":[{"id":3872,"href":"https:\/\/comunidadeemacao.com.br\/site\/wp-json\/wp\/v2\/posts\/3863\/revisions\/3872"}],"wp:featuredmedia":[{"embeddable":true,"href":"https:\/\/comunidadeemacao.com.br\/site\/wp-json\/wp\/v2\/media\/3864"}],"wp:attachment":[{"href":"https:\/\/comunidadeemacao.com.br\/site\/wp-json\/wp\/v2\/media?parent=3863"}],"wp:term":[{"taxonomy":"category","embeddable":true,"href":"https:\/\/comunidadeemacao.com.br\/site\/wp-json\/wp\/v2\/categories?post=3863"},{"taxonomy":"post_tag","embeddable":true,"href":"https:\/\/comunidadeemacao.com.br\/site\/wp-json\/wp\/v2\/tags?post=3863"},{"taxonomy":"series","embeddable":true,"href":"https:\/\/comunidadeemacao.com.br\/site\/wp-json\/wp\/v2\/series?post=3863"}],"curies":[{"name":"wp","href":"https:\/\/api.w.org\/{rel}","templated":true}]}}