{"id":2799,"date":"2022-06-16T08:28:15","date_gmt":"2022-06-16T11:28:15","guid":{"rendered":"https:\/\/comunidadeemacao.com.br\/site\/?p=2799"},"modified":"2022-07-07T09:28:33","modified_gmt":"2022-07-07T12:28:33","slug":"a-importancia-de-estudar-uma-segunda-lingua-desde-cedo","status":"publish","type":"post","link":"https:\/\/comunidadeemacao.com.br\/site\/a-importancia-de-estudar-uma-segunda-lingua-desde-cedo\/","title":{"rendered":"A import\u00e2ncia de estudar uma segunda l\u00edngua desde cedo"},"content":{"rendered":"<p class=\"western\">Sabemos que \u00e9 na primeira inf\u00e2ncia que a crian\u00e7a come\u00e7a a registrar e a desenvolver diversas perspectivas da vida, como comportamento social, estrutura emocional, desenvolvimento cognitivo e at\u00e9 mesmo aspectos f\u00edsicos. Inserir o estudo de uma segunda l\u00edngua neste momento da vida, desde que seja de maneira prazerosa para os pequenos, motiva a crian\u00e7a a querer continuar futuramente com a atividade, e com isso, o aprendizado se solidifica e se amplia.<\/p>\n<p class=\"western\">Mas, de acordo com o especialista p\u00f3s-graduado em estudos da l\u00edngua inglesa do setor pedag\u00f3gico de Ingl\u00eas do Kumon Am\u00e9rica do Sul, Renato Imparato de Magalh\u00e3es, os benef\u00edcios do aprendizado de um idioma na inf\u00e2ncia v\u00e3o muito al\u00e9m da facilidade em aprender. Confira abaixo:<\/p>\n<p class=\"western\">1. Ao iniciar o estudo de um segundo idioma ainda na inf\u00e2ncia, a crian\u00e7a tem a oportunidade de se familiarizar com os sons (audi\u00e7\u00e3o e pron\u00fancia), o vocabul\u00e1rio e as estruturas gramaticais de maneira natural, como se fosse a pr\u00f3pria l\u00edngua materna.<\/p>\n<p class=\"western\">2. Conhecer um novo idioma \u00e9 mais do que simplesmente saber falar outra l\u00edngua, \u00e9 tamb\u00e9m aprender uma nova cultura, uma nova forma de ver o mundo e se relacionar com ele.<\/p>\n<p class=\"western\">3. Ao aprender um segundo idioma ainda quando crian\u00e7a, n\u00e3o existe press\u00e3o. Nenhuma crian\u00e7a precisa aprender ingl\u00eas para situa\u00e7\u00f5es emergenciais e urgentes, assim o aprendizado ocorre de forma suave, gradativa, sem uma necessidade moment\u00e2nea batendo \u00e0 porta, o que torna todo o processo mais prazeroso.<\/p>\n<p class=\"western\">O papel dos pais no aprendizado infantil \u00e9 fundamental. \u201cO est\u00edmulo deve partir da fam\u00edlia, o novo idioma deve ser inserido no cotidiano da crian\u00e7a\u201d. Toda forma de est\u00edmulo e intera\u00e7\u00e3o envolvendo o idioma \u00e9 v\u00e1lida, principalmente usando os objetos que j\u00e1 s\u00e3o parte do dia a dia da crian\u00e7a.<\/p>\n<p class=\"western\">O material de ingl\u00eas do Kumon foi desenvolvido especialmente para brasileiros e permite ao aluno adquirir um vocabul\u00e1rio vasto, que vai aumentando \u00e0 medida que ele avan\u00e7a no curso, com a leitura de textos mais longos e complexos. \u00c9 composto de 21 est\u00e1gios que abordam o vocabul\u00e1rio, as estruturas gramaticais e os textos de maneira gradativa, simples e natural. Em todos os est\u00e1gios, o material did\u00e1tico ainda inclui \u00e1udios gravados por nativos para que os alunos se familiarizem com os sons do idioma desde os primeiros contatos com a l\u00edngua.<\/p>\n<p class=\"western\" style=\"text-align: right;\"><em><strong>Entre em contato e agende um hor\u00e1rio para conhecer melhor o m\u00e9todo Kumon.<\/strong><\/em><\/p>\n<p class=\"western\" style=\"text-align: right;\"><em><strong>Kumon Floramar \u2013 Orientadora Paloma Costa |Rua Caxang\u00e1, 389 | (31) 3225-6313 | <a title=\"Kumon Floramar\" href=\"https:\/\/www.kumon.com.br\/\" target=\"_blank\" rel=\"noopener nofollow\">www.kumon.com.br<\/a><\/strong><\/em><\/p>\n<p class=\"western\">\n","protected":false},"excerpt":{"rendered":"Sabemos que \u00e9 na primeira inf\u00e2ncia que a crian\u00e7a come\u00e7a a registrar e a desenvolver diversas perspectivas da vida, como comportamento social, estrutura emocional, desenvolvimento [&hellip;]","protected":false},"author":1,"featured_media":2800,"comment_status":"open","ping_status":"open","sticky":false,"template":"","format":"standard","meta":{"episode_type":"","audio_file":"","podmotor_file_id":"","podmotor_episode_id":"","cover_image":"","cover_image_id":"","duration":"","filesize":"","filesize_raw":"","date_recorded":"","explicit":"","block":"","_jetpack_newsletter_access":"","_jetpack_dont_email_post_to_subs":false,"_jetpack_newsletter_tier_id":0,"_jetpack_memberships_contains_paywalled_content":false,"_jetpack_feature_clip_id":0,"_jetpack_memberships_contains_paid_content":false,"footnotes":"","jetpack_post_was_ever_published":false},"categories":[66,309],"tags":[431,405,406],"series":[1406],"class_list":["post-2799","post","type-post","status-publish","format-standard","has-post-thumbnail","hentry","category-especial-publicidade","category-nossos-parceiros","tag-estudarsegundalingua","tag-kumon","tag-kumonfloramar","series-comunidade-em-acao"],"episode_featured_image":"https:\/\/comunidadeemacao.com.br\/site\/wp-content\/uploads\/2022\/07\/Kumom-site-jca.png","episode_player_image":"https:\/\/i0.wp.com\/comunidadeemacao.com.br\/site\/wp-content\/uploads\/2025\/07\/Logo-Fala-Zona-Norte-1400-pix1.jpg?fit=1400%2C1400&ssl=1","download_link":"","player_link":"","audio_player":false,"episode_data":{"playerMode":"light","subscribeUrls":{"youtube":{"key":"youtube","url":"https:\/\/www.youtube.com\/@znbhplay\/podcasts","label":"YouTube","class":"youtube","icon":"youtube.png"}},"rssFeedUrl":"https:\/\/comunidadeemacao.com.br\/site\/feed\/podcast\/comunidade-em-acao","embedCode":"<blockquote class=\"wp-embedded-content\" data-secret=\"BTBStsMgld\"><a href=\"https:\/\/comunidadeemacao.com.br\/site\/a-importancia-de-estudar-uma-segunda-lingua-desde-cedo\/\">A import\u00e2ncia de estudar uma segunda l\u00edngua desde cedo<\/a><\/blockquote><iframe sandbox=\"allow-scripts\" security=\"restricted\" src=\"https:\/\/comunidadeemacao.com.br\/site\/a-importancia-de-estudar-uma-segunda-lingua-desde-cedo\/embed\/#?secret=BTBStsMgld\" width=\"500\" height=\"350\" title=\"&#8220;A import\u00e2ncia de estudar uma segunda l\u00edngua desde cedo&#8221; &#8212; COMUNIDADE EM A\u00c7\u00c3O\" data-secret=\"BTBStsMgld\" frameborder=\"0\" marginwidth=\"0\" marginheight=\"0\" scrolling=\"no\" class=\"wp-embedded-content\"><\/iframe><script>\n\/*! This file is auto-generated *\/\n!function(d,l){\"use strict\";l.querySelector&&d.addEventListener&&\"undefined\"!=typeof URL&&(d.wp=d.wp||{},d.wp.receiveEmbedMessage||(d.wp.receiveEmbedMessage=function(e){var t=e.data;if((t||t.secret||t.message||t.value)&&!\/[^a-zA-Z0-9]\/.test(t.secret)){for(var s,r,n,a=l.querySelectorAll('iframe[data-secret=\"'+t.secret+'\"]'),o=l.querySelectorAll('blockquote[data-secret=\"'+t.secret+'\"]'),c=new RegExp(\"^https?:$\",\"i\"),i=0;i<o.length;i++)o[i].style.display=\"none\";for(i=0;i<a.length;i++)s=a[i],e.source===s.contentWindow&&(s.removeAttribute(\"style\"),\"height\"===t.message?(1e3<(r=parseInt(t.value,10))?r=1e3:~~r<200&&(r=200),s.height=r):\"link\"===t.message&&(r=new URL(s.getAttribute(\"src\")),n=new URL(t.value),c.test(n.protocol))&&n.host===r.host&&l.activeElement===s&&(d.top.location.href=t.value))}},d.addEventListener(\"message\",d.wp.receiveEmbedMessage,!1),l.addEventListener(\"DOMContentLoaded\",function(){for(var e,t,s=l.querySelectorAll(\"iframe.wp-embedded-content\"),r=0;r<s.length;r++)(t=(e=s[r]).getAttribute(\"data-secret\"))||(t=Math.random().toString(36).substring(2,12),e.src+=\"#?secret=\"+t,e.setAttribute(\"data-secret\",t)),e.contentWindow.postMessage({message:\"ready\",secret:t},\"*\")},!1)))}(window,document);\n\/\/# sourceURL=https:\/\/comunidadeemacao.com.br\/site\/wp-includes\/js\/wp-embed.min.js\n<\/script>\n"},"jetpack_sharing_enabled":true,"jetpack_likes_enabled":true,"jetpack-related-posts":[{"id":8412,"url":"https:\/\/comunidadeemacao.com.br\/site\/familias-brasileiras-e-a-leitura-na-primeira-infancia-um-desafio-a-ser-superado\/","url_meta":{"origin":2799,"position":0},"title":"Fam\u00edlias Brasileiras e a Leitura na Primeira Inf\u00e2ncia: Um Desafio a Ser Superado","author":"Marcos Silva","date":"10 de maio de 2026","format":false,"excerpt":"Leitura na Primeira Inf\u00e2ncia: Uma Pr\u00e1tica Pouco Frequente Um estudo revelador da Organiza\u00e7\u00e3o para a Coopera\u00e7\u00e3o e Desenvolvimento Econ\u00f4mico (OCDE) trouxe \u00e0 tona uma realidade inquietante sobre a leitura na primeira inf\u00e2ncia no Brasil. De acordo com a pesquisa, 53% das fam\u00edlias brasileiras raramente ou nunca leem livros para suas\u2026","rel":"","context":"Em &quot;Comportamento&quot;","block_context":{"text":"Comportamento","link":"https:\/\/comunidadeemacao.com.br\/site\/category\/comportamento\/"},"img":{"alt_text":"Desigualdade na aprendizagem est\u00e1 presente desde a educa\u00e7\u00e3o infantil","src":"https:\/\/i0.wp.com\/comunidadeemacao.com.br\/site\/wp-content\/uploads\/2026\/05\/livros_infantis.webp?fit=1170%2C700&ssl=1&resize=350%2C200","width":350,"height":200,"srcset":"https:\/\/i0.wp.com\/comunidadeemacao.com.br\/site\/wp-content\/uploads\/2026\/05\/livros_infantis.webp?fit=1170%2C700&ssl=1&resize=350%2C200 1x, https:\/\/i0.wp.com\/comunidadeemacao.com.br\/site\/wp-content\/uploads\/2026\/05\/livros_infantis.webp?fit=1170%2C700&ssl=1&resize=525%2C300 1.5x, https:\/\/i0.wp.com\/comunidadeemacao.com.br\/site\/wp-content\/uploads\/2026\/05\/livros_infantis.webp?fit=1170%2C700&ssl=1&resize=700%2C400 2x, https:\/\/i0.wp.com\/comunidadeemacao.com.br\/site\/wp-content\/uploads\/2026\/05\/livros_infantis.webp?fit=1170%2C700&ssl=1&resize=1050%2C600 3x"},"classes":[]},{"id":5106,"url":"https:\/\/comunidadeemacao.com.br\/site\/maio-de-brincadeiras-e-leitura-biblioteca-infantil-de-bh-tem-programacao-especial-no-centro-de-referencia-da-juventude\/","url_meta":{"origin":2799,"position":1},"title":"Maio de Brincadeiras e Leitura: Biblioteca Infantil de BH Tem Programa\u00e7\u00e3o Especial no Centro de Refer\u00eancia da Juventude","author":"Marcos Silva","date":"10 de maio de 2025","format":false,"excerpt":"Durante o m\u00eas de maio, a Biblioteca P\u00fablica Infantil e Juvenil de Belo Horizonte (BPIJ-BH) promove uma programa\u00e7\u00e3o rica e gratuita voltada para todas as idades, com foco especial nas inf\u00e2ncias e juventudes. As atividades acontecem no Centro de Refer\u00eancia da Juventude, na Pra\u00e7a da Esta\u00e7\u00e3o, e incluem oficinas liter\u00e1rias,\u2026","rel":"","context":"Em &quot;Not\u00edcias&quot;","block_context":{"text":"Not\u00edcias","link":"https:\/\/comunidadeemacao.com.br\/site\/category\/noticiasdacomunidaede\/"},"img":{"alt_text":"Biblioteca P\u00fablica Infantil e Juvenil de Belo Horizonte (BPIJ-BH)","src":"https:\/\/i0.wp.com\/comunidadeemacao.com.br\/site\/wp-content\/uploads\/2025\/01\/crj_fotografia_de_gregory_rodrigues2.jpg?fit=1200%2C564&ssl=1&resize=350%2C200","width":350,"height":200,"srcset":"https:\/\/i0.wp.com\/comunidadeemacao.com.br\/site\/wp-content\/uploads\/2025\/01\/crj_fotografia_de_gregory_rodrigues2.jpg?fit=1200%2C564&ssl=1&resize=350%2C200 1x, https:\/\/i0.wp.com\/comunidadeemacao.com.br\/site\/wp-content\/uploads\/2025\/01\/crj_fotografia_de_gregory_rodrigues2.jpg?fit=1200%2C564&ssl=1&resize=525%2C300 1.5x, https:\/\/i0.wp.com\/comunidadeemacao.com.br\/site\/wp-content\/uploads\/2025\/01\/crj_fotografia_de_gregory_rodrigues2.jpg?fit=1200%2C564&ssl=1&resize=700%2C400 2x, https:\/\/i0.wp.com\/comunidadeemacao.com.br\/site\/wp-content\/uploads\/2025\/01\/crj_fotografia_de_gregory_rodrigues2.jpg?fit=1200%2C564&ssl=1&resize=1050%2C600 3x"},"classes":[]},{"id":2625,"url":"https:\/\/comunidadeemacao.com.br\/site\/como-motivar-uma-crianca-a-estudar\/","url_meta":{"origin":2799,"position":2},"title":"Como motivar uma crian\u00e7a a estudar?","author":"Marcos Silva","date":"8 de abril de 2022","format":false,"excerpt":"Motivos n\u00e3o faltam quando o assunto \u00e9 desinteresse pela escola e estudos: brincar, navegar na internet e ver TV. Al\u00e9m disso, existem os fatores socioemocionais que devem ser levados em considera\u00e7\u00e3o, como ansiedade, falta de motiva\u00e7\u00e3o, dificuldade de concentra\u00e7\u00e3o. Em meio a tantas raz\u00f5es, o que os pais podem fazer\u2026","rel":"","context":"Em &quot;Especial Publicidade&quot;","block_context":{"text":"Especial Publicidade","link":"https:\/\/comunidadeemacao.com.br\/site\/category\/acheizn\/especial-publicidade\/"},"img":{"alt_text":"","src":"https:\/\/i0.wp.com\/comunidadeemacao.com.br\/site\/wp-content\/uploads\/2022\/04\/kumonfloramar.png?fit=650%2C487&ssl=1&resize=350%2C200","width":350,"height":200,"srcset":"https:\/\/i0.wp.com\/comunidadeemacao.com.br\/site\/wp-content\/uploads\/2022\/04\/kumonfloramar.png?fit=650%2C487&ssl=1&resize=350%2C200 1x, https:\/\/i0.wp.com\/comunidadeemacao.com.br\/site\/wp-content\/uploads\/2022\/04\/kumonfloramar.png?fit=650%2C487&ssl=1&resize=525%2C300 1.5x"},"classes":[]},{"id":10224,"url":"https:\/\/comunidadeemacao.com.br\/site\/ensino-integral-promove-avanco-educacional-significativo-para-estudantes-vulneraveis\/","url_meta":{"origin":2799,"position":3},"title":"Ensino integral promove avan\u00e7o educacional significativo para estudantes vulner\u00e1veis","author":"Marcos Silva","date":"22 de agosto de 2026","format":false,"excerpt":"Avan\u00e7os revelados pelo Ideb 2025 O mais recente \u00cdndice de Desenvolvimento da Educa\u00e7\u00e3o B\u00e1sica (Ideb) de 2025 trouxe \u00e0 tona resultados promissores para o ensino m\u00e9dio em tempo integral no Brasil, especialmente para aqueles em contextos socioecon\u00f4micos mais baixos. Entre as 100 escolas de ensino m\u00e9dio com melhor desempenho entre\u2026","rel":"","context":"Em &quot;Dia A Dia&quot;","block_context":{"text":"Dia A Dia","link":"https:\/\/comunidadeemacao.com.br\/site\/category\/dia-a-dia\/"},"img":{"alt_text":"Das 100 melhores escolas de menor renda, 77 s\u00e3o de tempo integral","src":"https:\/\/i0.wp.com\/comunidadeemacao.com.br\/site\/wp-content\/uploads\/2026\/08\/divulgacao_leia_brasil_2.jpg-1.webp?fit=1170%2C700&ssl=1&resize=350%2C200","width":350,"height":200,"srcset":"https:\/\/i0.wp.com\/comunidadeemacao.com.br\/site\/wp-content\/uploads\/2026\/08\/divulgacao_leia_brasil_2.jpg-1.webp?fit=1170%2C700&ssl=1&resize=350%2C200 1x, https:\/\/i0.wp.com\/comunidadeemacao.com.br\/site\/wp-content\/uploads\/2026\/08\/divulgacao_leia_brasil_2.jpg-1.webp?fit=1170%2C700&ssl=1&resize=525%2C300 1.5x, https:\/\/i0.wp.com\/comunidadeemacao.com.br\/site\/wp-content\/uploads\/2026\/08\/divulgacao_leia_brasil_2.jpg-1.webp?fit=1170%2C700&ssl=1&resize=700%2C400 2x, https:\/\/i0.wp.com\/comunidadeemacao.com.br\/site\/wp-content\/uploads\/2026\/08\/divulgacao_leia_brasil_2.jpg-1.webp?fit=1170%2C700&ssl=1&resize=1050%2C600 3x"},"classes":[]},{"id":9855,"url":"https:\/\/comunidadeemacao.com.br\/site\/cursos-de-idiomas-universidades-federais-ampliam-acesso-a-populacao\/","url_meta":{"origin":2799,"position":4},"title":"Cursos de idiomas: universidades federais ampliam acesso \u00e0 popula\u00e7\u00e3o","author":"Marcos Silva","date":"4 de agosto de 2026","format":false,"excerpt":"Institui\u00e7\u00f5es oferecem ingl\u00eas, espanhol, Libras e outras l\u00ednguas em cursos gratuitos ou com valores reduzidos Universidades federais vinculadas ao Minist\u00e9rio da Educa\u00e7\u00e3o (MEC) oferecem cursos de idiomas para a popula\u00e7\u00e3o por meio de centros de l\u00ednguas, programas e projetos de extens\u00e3o. As iniciativas abrangem diferentes modalidades e incluem aulas de\u2026","rel":"","context":"Em &quot;Dia A Dia&quot;","block_context":{"text":"Dia A Dia","link":"https:\/\/comunidadeemacao.com.br\/site\/category\/dia-a-dia\/"},"img":{"alt_text":"As universidades federais oferecem aulas de ingl\u00eas, espanhol, Libras e outras l\u00ednguas para a comunidade","src":"https:\/\/i0.wp.com\/comunidadeemacao.com.br\/site\/wp-content\/uploads\/2026\/08\/unnamed-17.jpg?fit=768%2C431&ssl=1&resize=350%2C200","width":350,"height":200,"srcset":"https:\/\/i0.wp.com\/comunidadeemacao.com.br\/site\/wp-content\/uploads\/2026\/08\/unnamed-17.jpg?fit=768%2C431&ssl=1&resize=350%2C200 1x, https:\/\/i0.wp.com\/comunidadeemacao.com.br\/site\/wp-content\/uploads\/2026\/08\/unnamed-17.jpg?fit=768%2C431&ssl=1&resize=525%2C300 1.5x, https:\/\/i0.wp.com\/comunidadeemacao.com.br\/site\/wp-content\/uploads\/2026\/08\/unnamed-17.jpg?fit=768%2C431&ssl=1&resize=700%2C400 2x"},"classes":[]},{"id":8982,"url":"https:\/\/comunidadeemacao.com.br\/site\/desenvolvimento-infantil-projeto-com-musica-transforma-a-vida-de-criancas-em-bh\/","url_meta":{"origin":2799,"position":5},"title":"Desenvolvimento infantil: projeto com m\u00fasica transforma a vida de crian\u00e7as em BH","author":"Marcos Silva","date":"17 de junho de 2026","format":false,"excerpt":"A m\u00fasica como ferramenta para o desenvolvimento infantil tem transformado o atendimento de crian\u00e7as no Centro de Sa\u00fade S\u00e3o Tom\u00e1s, na regi\u00e3o Norte de Belo Horizonte. A unidade desenvolve o projeto Divertidamente Kids Musical, iniciativa criada por uma equipe multiprofissional que utiliza atividades musicais para estimular habilidades cognitivas, motoras, sensoriais,\u2026","rel":"","context":"Em &quot;Not\u00edcias&quot;","block_context":{"text":"Not\u00edcias","link":"https:\/\/comunidadeemacao.com.br\/site\/category\/noticiasdacomunidaede\/"},"img":{"alt_text":"Centro de Sa\u00fade S\u00e3o Tom\u00e1s usa o poder das can\u00e7\u00f5es para impulsionar o desenvolvimento infantil e fortalecer v\u00ednculos","src":"https:\/\/i0.wp.com\/comunidadeemacao.com.br\/site\/wp-content\/uploads\/2026\/06\/grupo-musical-cs-sao-tomaz.jpg?fit=770%2C420&ssl=1&resize=350%2C200","width":350,"height":200,"srcset":"https:\/\/i0.wp.com\/comunidadeemacao.com.br\/site\/wp-content\/uploads\/2026\/06\/grupo-musical-cs-sao-tomaz.jpg?fit=770%2C420&ssl=1&resize=350%2C200 1x, https:\/\/i0.wp.com\/comunidadeemacao.com.br\/site\/wp-content\/uploads\/2026\/06\/grupo-musical-cs-sao-tomaz.jpg?fit=770%2C420&ssl=1&resize=525%2C300 1.5x, https:\/\/i0.wp.com\/comunidadeemacao.com.br\/site\/wp-content\/uploads\/2026\/06\/grupo-musical-cs-sao-tomaz.jpg?fit=770%2C420&ssl=1&resize=700%2C400 2x"},"classes":[]}],"jetpack_featured_media_url":"https:\/\/i0.wp.com\/comunidadeemacao.com.br\/site\/wp-content\/uploads\/2022\/07\/Kumom-site-jca.png?fit=708%2C472&ssl=1","_links":{"self":[{"href":"https:\/\/comunidadeemacao.com.br\/site\/wp-json\/wp\/v2\/posts\/2799","targetHints":{"allow":["GET"]}}],"collection":[{"href":"https:\/\/comunidadeemacao.com.br\/site\/wp-json\/wp\/v2\/posts"}],"about":[{"href":"https:\/\/comunidadeemacao.com.br\/site\/wp-json\/wp\/v2\/types\/post"}],"author":[{"embeddable":true,"href":"https:\/\/comunidadeemacao.com.br\/site\/wp-json\/wp\/v2\/users\/1"}],"replies":[{"embeddable":true,"href":"https:\/\/comunidadeemacao.com.br\/site\/wp-json\/wp\/v2\/comments?post=2799"}],"version-history":[{"count":2,"href":"https:\/\/comunidadeemacao.com.br\/site\/wp-json\/wp\/v2\/posts\/2799\/revisions"}],"predecessor-version":[{"id":2802,"href":"https:\/\/comunidadeemacao.com.br\/site\/wp-json\/wp\/v2\/posts\/2799\/revisions\/2802"}],"wp:featuredmedia":[{"embeddable":true,"href":"https:\/\/comunidadeemacao.com.br\/site\/wp-json\/wp\/v2\/media\/2800"}],"wp:attachment":[{"href":"https:\/\/comunidadeemacao.com.br\/site\/wp-json\/wp\/v2\/media?parent=2799"}],"wp:term":[{"taxonomy":"category","embeddable":true,"href":"https:\/\/comunidadeemacao.com.br\/site\/wp-json\/wp\/v2\/categories?post=2799"},{"taxonomy":"post_tag","embeddable":true,"href":"https:\/\/comunidadeemacao.com.br\/site\/wp-json\/wp\/v2\/tags?post=2799"},{"taxonomy":"series","embeddable":true,"href":"https:\/\/comunidadeemacao.com.br\/site\/wp-json\/wp\/v2\/series?post=2799"}],"curies":[{"name":"wp","href":"https:\/\/api.w.org\/{rel}","templated":true}]}}