{"id":2677,"date":"2022-04-30T10:14:23","date_gmt":"2022-04-30T13:14:23","guid":{"rendered":"https:\/\/comunidadeemacao.com.br\/site\/?p=2677"},"modified":"2022-04-30T10:23:45","modified_gmt":"2022-04-30T13:23:45","slug":"copa-centenario-de-futebol","status":"publish","type":"post","link":"https:\/\/comunidadeemacao.com.br\/site\/copa-centenario-de-futebol\/","title":{"rendered":"Come\u00e7a a disputa Sub-17 da Copa Centen\u00e1rio"},"content":{"rendered":"<p class=\"western\">A rodada de abertura do Masculino Sub-17 da Copa Centen\u00e1rio de Futebol Amador tem 12 partidas neste s\u00e1bado, dia 30. As equipes se enfrentar\u00e3o na parte da manh\u00e3 e da tarde, em nove campos da capital. A competi\u00e7\u00e3o \u00e9 realizada pela Secretaria Municipal de Esportes e Lazer e conta neste ano com o patroc\u00ednio do Minist\u00e9rio da Cidadania\/Secretaria Especial do Esporte.<\/p>\n<p class=\"western\">O primeiro jogo ser\u00e1 \u00e0s 8h, no Campo Pastoril, com a disputa entre IAP Phonix e Real Inter F.C. \u00c0s 9h se enfrentam S.R. Castanheira e Vila Trevo (campo CDI), Itamarense F.C \u2013 \u201cA\u201d x Campo Verde F.C(campo Riviera).<\/p>\n<p class=\"western\">\u00c0s 10h ser\u00e3o realizados cinco jogos: A.A.Tupinense x A.A. Santa Lucia (campo Tupinense), Pitangui E.C x Am\u00e9rico E.C , no Campo Verde, Havai F.C x Futuro Talentos F.C, no Campo Hava\u00ed; Sport Barreiro x Organiza\u00e7\u00e3o Toque de Arte no campo Oleg\u00e1rio de Cristo e Real Inter F.C x GR Morro Alto, no campo Pastoril.<\/p>\n<p class=\"western\">\u00c0s 10h30, Col\u00f4mbia F.C x A.E. Tupinamb\u00e1s se enfrentam no Campo Manchester e, \u00e0s 11h, Itamarense F.C \u2013 \u201cB\u201d x A. Independente R.D duelma no campo Riviera.<\/p>\n<p class=\"western\">No Complexo Esportivo Vale do Jatob\u00e1 ser\u00e3o realizados o \u00faltimo jogo da Copa da manh\u00e3 (11h45) entre Mancha Verde F.C e Santa Cruz F.C \u2013 \u201cA\u201d e o \u00fanico da tarde (13h45) com a disputa E.C. Colo Colo e Santa F.C \u2013 \u201cB\u201d. Clique aqui para conferir as informa\u00e7\u00f5es dos jogos da Copa.<\/p>\n<h2 class=\"western\">Copa Centen\u00e1rio<\/h2>\n<p class=\"western\">O calend\u00e1rio dos jogos teve inicio em mar\u00e7o e ser\u00e1 encerrado em novembro. Em 10 de abril foi finalizada a categoria Sub-20 Feminina com o t\u00edtulo conquistado pela equipe do Projeto Futebol Vida\/ASPRA-A. Atualmente, os organizadores da Copa est\u00e3o recebendo as inscri\u00e7\u00f5es da categoria adulta feminina e da etapa seletiva da masculina.<\/p>\n<p class=\"western\">Ap\u00f3s dois anos de paralisa\u00e7\u00e3o devido \u00e0 pandemia, a competi\u00e7\u00e3o foi retomada com 11 categorias: feminina (Sub-17, Sub-20 e Adulta); masculina (Sub-13, Sub-15, Sub-17 e Master 40 e 50 anos); e masculina amador (m\u00f3dulos A, B e C).<\/p>\n<p class=\"western\">A Copa Centen\u00e1rio de Futebol Amador Wadson Lima \u00e9 um dos principais torneios amadores do Brasil. A competi\u00e7\u00e3o objetiva fortalecer as associa\u00e7\u00f5es esportivas amadoras na cidade, reafirmando o papel delas no processo de inclus\u00e3o social de seus praticantes.<\/p>\n<p style=\"text-align: right;\"><span style=\"color: #ff6600;\"><em><strong>Reda\u00e7\u00e3o: esporte@comunidadeemacao.com.br<\/strong><\/em><\/span><\/p>\n<p style=\"text-align: right;\"><span style=\"color: #ff6600;\"><em><strong>Arte: JCA\/BHZ<\/strong><\/em><\/span><\/p>\n","protected":false},"excerpt":{"rendered":"A rodada de abertura do Masculino Sub-17 da Copa Centen\u00e1rio de Futebol Amador tem 12 partidas neste s\u00e1bado, dia 30. As equipes se enfrentar\u00e3o na [&hellip;]","protected":false},"author":1,"featured_media":2678,"comment_status":"open","ping_status":"open","sticky":false,"template":"","format":"standard","meta":{"episode_type":"","audio_file":"","podmotor_file_id":"","podmotor_episode_id":"","cover_image":"","cover_image_id":"","duration":"","filesize":"","filesize_raw":"","date_recorded":"","explicit":"","block":"","_jetpack_newsletter_access":"","_jetpack_dont_email_post_to_subs":false,"_jetpack_newsletter_tier_id":0,"_jetpack_memberships_contains_paywalled_content":false,"_jetpack_feature_clip_id":0,"_jetpack_memberships_contains_paid_content":false,"footnotes":"","jetpack_post_was_ever_published":false},"categories":[68],"tags":[420,90,390],"series":[1406],"class_list":["post-2677","post","type-post","status-publish","format-standard","has-post-thumbnail","hentry","category-esportes","tag-copacentenario","tag-tupinense","tag-tupinensebh","series-comunidade-em-acao"],"episode_featured_image":"https:\/\/comunidadeemacao.com.br\/site\/wp-content\/uploads\/2022\/04\/Copa-Centenario.png","episode_player_image":"https:\/\/i0.wp.com\/comunidadeemacao.com.br\/site\/wp-content\/uploads\/2025\/07\/Logo-Fala-Zona-Norte-1400-pix1.jpg?fit=1400%2C1400&ssl=1","download_link":"","player_link":"","audio_player":false,"episode_data":{"playerMode":"light","subscribeUrls":{"youtube":{"key":"youtube","url":"https:\/\/www.youtube.com\/@znbhplay\/podcasts","label":"YouTube","class":"youtube","icon":"youtube.png"}},"rssFeedUrl":"https:\/\/comunidadeemacao.com.br\/site\/feed\/podcast\/comunidade-em-acao","embedCode":"<blockquote class=\"wp-embedded-content\" data-secret=\"qYJXNwdeIl\"><a href=\"https:\/\/comunidadeemacao.com.br\/site\/copa-centenario-de-futebol\/\">Come\u00e7a a disputa Sub-17 da Copa Centen\u00e1rio<\/a><\/blockquote><iframe sandbox=\"allow-scripts\" security=\"restricted\" src=\"https:\/\/comunidadeemacao.com.br\/site\/copa-centenario-de-futebol\/embed\/#?secret=qYJXNwdeIl\" width=\"500\" height=\"350\" title=\"&#8220;Come\u00e7a a disputa Sub-17 da Copa Centen\u00e1rio&#8221; &#8212; COMUNIDADE EM A\u00c7\u00c3O\" data-secret=\"qYJXNwdeIl\" frameborder=\"0\" marginwidth=\"0\" marginheight=\"0\" scrolling=\"no\" class=\"wp-embedded-content\"><\/iframe><script>\n\/*! This file is auto-generated *\/\n!function(d,l){\"use strict\";l.querySelector&&d.addEventListener&&\"undefined\"!=typeof URL&&(d.wp=d.wp||{},d.wp.receiveEmbedMessage||(d.wp.receiveEmbedMessage=function(e){var t=e.data;if((t||t.secret||t.message||t.value)&&!\/[^a-zA-Z0-9]\/.test(t.secret)){for(var s,r,n,a=l.querySelectorAll('iframe[data-secret=\"'+t.secret+'\"]'),o=l.querySelectorAll('blockquote[data-secret=\"'+t.secret+'\"]'),c=new RegExp(\"^https?:$\",\"i\"),i=0;i<o.length;i++)o[i].style.display=\"none\";for(i=0;i<a.length;i++)s=a[i],e.source===s.contentWindow&&(s.removeAttribute(\"style\"),\"height\"===t.message?(1e3<(r=parseInt(t.value,10))?r=1e3:~~r<200&&(r=200),s.height=r):\"link\"===t.message&&(r=new URL(s.getAttribute(\"src\")),n=new URL(t.value),c.test(n.protocol))&&n.host===r.host&&l.activeElement===s&&(d.top.location.href=t.value))}},d.addEventListener(\"message\",d.wp.receiveEmbedMessage,!1),l.addEventListener(\"DOMContentLoaded\",function(){for(var e,t,s=l.querySelectorAll(\"iframe.wp-embedded-content\"),r=0;r<s.length;r++)(t=(e=s[r]).getAttribute(\"data-secret\"))||(t=Math.random().toString(36).substring(2,12),e.src+=\"#?secret=\"+t,e.setAttribute(\"data-secret\",t)),e.contentWindow.postMessage({message:\"ready\",secret:t},\"*\")},!1)))}(window,document);\n\/\/# sourceURL=https:\/\/comunidadeemacao.com.br\/site\/wp-includes\/js\/wp-embed.min.js\n<\/script>\n"},"jetpack_sharing_enabled":true,"jetpack_likes_enabled":true,"jetpack-related-posts":[{"id":9944,"url":"https:\/\/comunidadeemacao.com.br\/site\/copa-centenario-tera-finais-do-sub-17-e-master-40-neste-sabado-em-bh\/","url_meta":{"origin":2677,"position":0},"title":"Copa Centen\u00e1rio ter\u00e1 finais do Sub-17 e Master 40 neste s\u00e1bado em BH","author":"Marcos Silva","date":"8 de agosto de 2026","format":false,"excerpt":"Decis\u00f5es acontecem no Centro Esportivo Jos\u00e9 Caleg\u00e1rio de Cristo, no Barreiro; competi\u00e7\u00e3o tamb\u00e9m ter\u00e1 jogos dos m\u00f3dulos A e C e do Feminino Adulto A Copa Centen\u00e1rio de Futebol Amador Wadson Lima ter\u00e1 neste s\u00e1bado (8) duas decis\u00f5es em Belo Horizonte. Promovida pela Secretaria Municipal de Esportes e Lazer (Smel),\u2026","rel":"","context":"Em &quot;Esportes&quot;","block_context":{"text":"Esportes","link":"https:\/\/comunidadeemacao.com.br\/site\/category\/esportes\/"},"img":{"alt_text":"Copa Centen\u00e1rio","src":"https:\/\/i0.wp.com\/comunidadeemacao.com.br\/site\/wp-content\/uploads\/2026\/08\/copa-centenario_0.jpg?fit=770%2C513&ssl=1&resize=350%2C200","width":350,"height":200,"srcset":"https:\/\/i0.wp.com\/comunidadeemacao.com.br\/site\/wp-content\/uploads\/2026\/08\/copa-centenario_0.jpg?fit=770%2C513&ssl=1&resize=350%2C200 1x, https:\/\/i0.wp.com\/comunidadeemacao.com.br\/site\/wp-content\/uploads\/2026\/08\/copa-centenario_0.jpg?fit=770%2C513&ssl=1&resize=525%2C300 1.5x, https:\/\/i0.wp.com\/comunidadeemacao.com.br\/site\/wp-content\/uploads\/2026\/08\/copa-centenario_0.jpg?fit=770%2C513&ssl=1&resize=700%2C400 2x"},"classes":[]},{"id":2988,"url":"https:\/\/comunidadeemacao.com.br\/site\/copa-centenario-movimenta-o-futebol-amador-neste-domingo\/","url_meta":{"origin":2677,"position":1},"title":"Copa Centen\u00e1rio movimenta o futebol amador neste domingo","author":"Marcos Silva","date":"9 de outubro de 2022","format":false,"excerpt":"Neste domingo o futebol amador de Belo Horizonte tem dezenove jogos que movimentam a Copa Centen\u00e1rio Wadson Lima pelos m\u00f3dulos A, B e C. O campe\u00e3o do M\u00f3dulo A garante vaga para disputar a Copa Itatiaia em dezembro. \u00a0 Jogos do M\u00f3dulo A, terceira rodada: A.A. Santa Lucia x S\u00e3o\u2026","rel":"","context":"Em &quot;Esportes&quot;","block_context":{"text":"Esportes","link":"https:\/\/comunidadeemacao.com.br\/site\/category\/esportes\/"},"img":{"alt_text":"Copa Centen\u00e1rio Futebol Amador","src":"https:\/\/i0.wp.com\/comunidadeemacao.com.br\/site\/wp-content\/uploads\/2022\/10\/Copa-Centenario.jpg?fit=770%2C420&ssl=1&resize=350%2C200","width":350,"height":200,"srcset":"https:\/\/i0.wp.com\/comunidadeemacao.com.br\/site\/wp-content\/uploads\/2022\/10\/Copa-Centenario.jpg?fit=770%2C420&ssl=1&resize=350%2C200 1x, https:\/\/i0.wp.com\/comunidadeemacao.com.br\/site\/wp-content\/uploads\/2022\/10\/Copa-Centenario.jpg?fit=770%2C420&ssl=1&resize=525%2C300 1.5x, https:\/\/i0.wp.com\/comunidadeemacao.com.br\/site\/wp-content\/uploads\/2022\/10\/Copa-Centenario.jpg?fit=770%2C420&ssl=1&resize=700%2C400 2x"},"classes":[]},{"id":8607,"url":"https:\/\/comunidadeemacao.com.br\/site\/tupinense-decide-vaga-no-master-50-da-copa-centenario-wadson-lima\/","url_meta":{"origin":2677,"position":2},"title":"Tupinense decide vaga no Master 50+ da Copa Centen\u00e1rio Wadson Lima","author":"Marcos Silva","date":"23 de maio de 2026","format":false,"excerpt":"Quartas de final da categoria Master 50+ movimentam a Cidade, enquanto finais das categorias de base e feminina definem campe\u00f5es da competi\u00e7\u00e3o A Copa Centen\u00e1rio de Futebol Amador Wadson Lima ter\u00e1 um fim de semana decisivo em Belo Horizonte com partidas que v\u00e3o definir campe\u00f5es nas categorias de base e\u2026","rel":"","context":"Em &quot;Esportes&quot;","block_context":{"text":"Esportes","link":"https:\/\/comunidadeemacao.com.br\/site\/category\/esportes\/"},"img":{"alt_text":"Copa Centen\u00e1rio Wadson Lima 2026","src":"https:\/\/i0.wp.com\/comunidadeemacao.com.br\/site\/wp-content\/uploads\/2026\/05\/img_8992.jpg?fit=770%2C420&ssl=1&resize=350%2C200","width":350,"height":200,"srcset":"https:\/\/i0.wp.com\/comunidadeemacao.com.br\/site\/wp-content\/uploads\/2026\/05\/img_8992.jpg?fit=770%2C420&ssl=1&resize=350%2C200 1x, https:\/\/i0.wp.com\/comunidadeemacao.com.br\/site\/wp-content\/uploads\/2026\/05\/img_8992.jpg?fit=770%2C420&ssl=1&resize=525%2C300 1.5x, https:\/\/i0.wp.com\/comunidadeemacao.com.br\/site\/wp-content\/uploads\/2026\/05\/img_8992.jpg?fit=770%2C420&ssl=1&resize=700%2C400 2x"},"classes":[]},{"id":10077,"url":"https:\/\/comunidadeemacao.com.br\/site\/copa-centenario-tem-rodada-decisiva-no-feminino-adulto-e-27-jogos-neste-fim-de-semana\/","url_meta":{"origin":2677,"position":3},"title":"Copa Centen\u00e1rio tem rodada decisiva no Feminino Adulto e 27 jogos neste fim de semana","author":"Marcos Silva","date":"15 de agosto de 2026","format":false,"excerpt":"Quinta rodada do Feminino Adulto define classificados para as semifinais; M\u00f3dulos B e C tamb\u00e9m entram em campo em Belo Horizonte A Copa Centen\u00e1rio de Futebol Amador Wadson Lima ter\u00e1 27 partidas neste fim de semana, em diferentes campos e arenas de Belo Horizonte. O principal destaque \u00e9 a 5\u00aa\u2026","rel":"","context":"Em &quot;Esportes&quot;","block_context":{"text":"Esportes","link":"https:\/\/comunidadeemacao.com.br\/site\/category\/esportes\/"},"img":{"alt_text":"Daniel Caixeta\/PBH","src":"https:\/\/i0.wp.com\/comunidadeemacao.com.br\/site\/wp-content\/uploads\/2026\/08\/nazare-x-unidos-130-1-1_0.jpg?fit=770%2C513&ssl=1&resize=350%2C200","width":350,"height":200,"srcset":"https:\/\/i0.wp.com\/comunidadeemacao.com.br\/site\/wp-content\/uploads\/2026\/08\/nazare-x-unidos-130-1-1_0.jpg?fit=770%2C513&ssl=1&resize=350%2C200 1x, https:\/\/i0.wp.com\/comunidadeemacao.com.br\/site\/wp-content\/uploads\/2026\/08\/nazare-x-unidos-130-1-1_0.jpg?fit=770%2C513&ssl=1&resize=525%2C300 1.5x, https:\/\/i0.wp.com\/comunidadeemacao.com.br\/site\/wp-content\/uploads\/2026\/08\/nazare-x-unidos-130-1-1_0.jpg?fit=770%2C513&ssl=1&resize=700%2C400 2x"},"classes":[]},{"id":9704,"url":"https:\/\/comunidadeemacao.com.br\/site\/copa-centenario-de-futebol-amador-reune-dez-jogos-em-belo-horizonte-neste-fim-de-semana\/","url_meta":{"origin":2677,"position":4},"title":"Copa Centen\u00e1rio de Futebol Amador re\u00fane dez jogos em Belo Horizonte neste fim de semana","author":"Marcos Silva","date":"25 de julho de 2026","format":false,"excerpt":"Competi\u00e7\u00e3o promovida pela Secretaria Municipal de Esportes e Lazer ter\u00e1 partidas das categorias Sub-17, Master 40 e Feminino Adulto em seis campos da capital A Copa Centen\u00e1rio de Futebol Amador Wadson Lima movimenta Belo Horizonte neste s\u00e1bado (25) e domingo (26) com uma nova rodada da competi\u00e7\u00e3o organizada pela Secretaria\u2026","rel":"","context":"Em &quot;Esportes&quot;","block_context":{"text":"Esportes","link":"https:\/\/comunidadeemacao.com.br\/site\/category\/esportes\/"},"img":{"alt_text":"Copa Centen\u00e1rio movimenta campos de BH neste final de semana com jogos em tr\u00eas categorias","src":"https:\/\/i0.wp.com\/comunidadeemacao.com.br\/site\/wp-content\/uploads\/2026\/07\/final-copa-centenario-sub-17-2025-242-1.jpg?fit=770%2C513&ssl=1&resize=350%2C200","width":350,"height":200,"srcset":"https:\/\/i0.wp.com\/comunidadeemacao.com.br\/site\/wp-content\/uploads\/2026\/07\/final-copa-centenario-sub-17-2025-242-1.jpg?fit=770%2C513&ssl=1&resize=350%2C200 1x, https:\/\/i0.wp.com\/comunidadeemacao.com.br\/site\/wp-content\/uploads\/2026\/07\/final-copa-centenario-sub-17-2025-242-1.jpg?fit=770%2C513&ssl=1&resize=525%2C300 1.5x, https:\/\/i0.wp.com\/comunidadeemacao.com.br\/site\/wp-content\/uploads\/2026\/07\/final-copa-centenario-sub-17-2025-242-1.jpg?fit=770%2C513&ssl=1&resize=700%2C400 2x"},"classes":[]},{"id":5527,"url":"https:\/\/comunidadeemacao.com.br\/site\/copa-centenario-agita-bh-com-semifinais-no-futebol-amador-master-40-e-sub-17\/","url_meta":{"origin":2677,"position":5},"title":"Copa Centen\u00e1rio agita BH com semifinais no Futebol Amador Master 40 e Sub-17","author":"Marcos Silva","date":"19 de julho de 2025","format":false,"excerpt":"Belo Horizonte recebe neste fim de semana, dias 19 e 20 de julho, as semifinais da Copa Centen\u00e1rio Wadson Lima de Futebol Amador, uma das maiores competi\u00e7\u00f5es n\u00e3o profissionais do Brasil. Com partidas decisivas nas categorias Sub-17, Feminino Adulto e Master 40+, o torneio movimenta campos de v\u00e1rzea da capital\u2026","rel":"","context":"Em &quot;Esportes&quot;","block_context":{"text":"Esportes","link":"https:\/\/comunidadeemacao.com.br\/site\/category\/esportes\/"},"img":{"alt_text":"Copa Itatiaia","src":"https:\/\/i0.wp.com\/comunidadeemacao.com.br\/site\/wp-content\/uploads\/2024\/12\/Escola-de-futebol-a-UFMG-abre-inscricoes.jpg?fit=1200%2C643&ssl=1&resize=350%2C200","width":350,"height":200,"srcset":"https:\/\/i0.wp.com\/comunidadeemacao.com.br\/site\/wp-content\/uploads\/2024\/12\/Escola-de-futebol-a-UFMG-abre-inscricoes.jpg?fit=1200%2C643&ssl=1&resize=350%2C200 1x, https:\/\/i0.wp.com\/comunidadeemacao.com.br\/site\/wp-content\/uploads\/2024\/12\/Escola-de-futebol-a-UFMG-abre-inscricoes.jpg?fit=1200%2C643&ssl=1&resize=525%2C300 1.5x, https:\/\/i0.wp.com\/comunidadeemacao.com.br\/site\/wp-content\/uploads\/2024\/12\/Escola-de-futebol-a-UFMG-abre-inscricoes.jpg?fit=1200%2C643&ssl=1&resize=700%2C400 2x, https:\/\/i0.wp.com\/comunidadeemacao.com.br\/site\/wp-content\/uploads\/2024\/12\/Escola-de-futebol-a-UFMG-abre-inscricoes.jpg?fit=1200%2C643&ssl=1&resize=1050%2C600 3x"},"classes":[]}],"jetpack_featured_media_url":"https:\/\/i0.wp.com\/comunidadeemacao.com.br\/site\/wp-content\/uploads\/2022\/04\/Copa-Centenario.png?fit=1080%2C1080&ssl=1","_links":{"self":[{"href":"https:\/\/comunidadeemacao.com.br\/site\/wp-json\/wp\/v2\/posts\/2677","targetHints":{"allow":["GET"]}}],"collection":[{"href":"https:\/\/comunidadeemacao.com.br\/site\/wp-json\/wp\/v2\/posts"}],"about":[{"href":"https:\/\/comunidadeemacao.com.br\/site\/wp-json\/wp\/v2\/types\/post"}],"author":[{"embeddable":true,"href":"https:\/\/comunidadeemacao.com.br\/site\/wp-json\/wp\/v2\/users\/1"}],"replies":[{"embeddable":true,"href":"https:\/\/comunidadeemacao.com.br\/site\/wp-json\/wp\/v2\/comments?post=2677"}],"version-history":[{"count":3,"href":"https:\/\/comunidadeemacao.com.br\/site\/wp-json\/wp\/v2\/posts\/2677\/revisions"}],"predecessor-version":[{"id":2681,"href":"https:\/\/comunidadeemacao.com.br\/site\/wp-json\/wp\/v2\/posts\/2677\/revisions\/2681"}],"wp:featuredmedia":[{"embeddable":true,"href":"https:\/\/comunidadeemacao.com.br\/site\/wp-json\/wp\/v2\/media\/2678"}],"wp:attachment":[{"href":"https:\/\/comunidadeemacao.com.br\/site\/wp-json\/wp\/v2\/media?parent=2677"}],"wp:term":[{"taxonomy":"category","embeddable":true,"href":"https:\/\/comunidadeemacao.com.br\/site\/wp-json\/wp\/v2\/categories?post=2677"},{"taxonomy":"post_tag","embeddable":true,"href":"https:\/\/comunidadeemacao.com.br\/site\/wp-json\/wp\/v2\/tags?post=2677"},{"taxonomy":"series","embeddable":true,"href":"https:\/\/comunidadeemacao.com.br\/site\/wp-json\/wp\/v2\/series?post=2677"}],"curies":[{"name":"wp","href":"https:\/\/api.w.org\/{rel}","templated":true}]}}