{"id":10478,"date":"2026-09-06T05:35:16","date_gmt":"2026-09-06T08:35:16","guid":{"rendered":"https:\/\/comunidadeemacao.com.br\/site\/?p=10478"},"modified":"2026-09-05T19:44:20","modified_gmt":"2026-09-05T22:44:20","slug":"%f0%9f%8c%a7%ef%b8%8f-bh-tera-domingo-chuvoso-com-queda-de-temperatura-e-alta-umidade-em-6-de-setembro","status":"publish","type":"post","link":"https:\/\/comunidadeemacao.com.br\/site\/%f0%9f%8c%a7%ef%b8%8f-bh-tera-domingo-chuvoso-com-queda-de-temperatura-e-alta-umidade-em-6-de-setembro\/","title":{"rendered":"\ud83c\udf27\ufe0f BH ter\u00e1 domingo chuvoso, com queda de temperatura e alta umidade em 6 de setembro"},"content":{"rendered":"<h2 data-section-id=\"1c1my3b\" data-start=\"101\" data-end=\"254\">Previs\u00e3o indica chuva e possibilidade de trovoadas na capital mineira; moradores devem ficar atentos aos alertas da Defesa Civil e manter a hidrata\u00e7\u00e3o<\/h2>\n<p class=\"PDq2pG_selectionAnchorContainer\" data-start=\"298\" data-end=\"667\"><strong data-start=\"298\" data-end=\"451\">Belo Horizonte deve ter uma mudan\u00e7a significativa no tempo neste domingo (6\/9\/2026), com aumento da nebulosidade, chuva e possibilidade de trovoadas.<\/strong> As previs\u00f5es consultadas apontam tamb\u00e9m para uma queda nas temperaturas em rela\u00e7\u00e3o ao s\u00e1bado, com m\u00e1xima pr\u00f3xima dos <strong data-start=\"569\" data-end=\"577\">26\u00b0C<\/strong> e m\u00ednima entre <strong data-start=\"593\" data-end=\"608\">15\u00b0C e 19\u00b0C<\/strong>, dependendo do modelo e da \u00e1rea de refer\u00eancia considerada.<\/p>\n<p data-start=\"669\" data-end=\"1091\">Os dados mais recentes dispon\u00edveis para a capital mineira mostram um cen\u00e1rio de <strong data-start=\"749\" data-end=\"807\">tempo inst\u00e1vel ao longo de praticamente todo o domingo<\/strong>, com maior possibilidade de chuva entre a tarde e a noite. O Climatempo aponta <strong data-start=\"887\" data-end=\"966\">96% de probabilidade de chuva e acumulado estimado de aproximadamente 35 mm<\/strong>, enquanto o Meteored\/Tempo.com trabalha com <strong data-start=\"1011\" data-end=\"1052\">90% de probabilidade e cerca de 17 mm<\/strong>.<\/p>\n<h3 data-section-id=\"12a91yn\" data-start=\"1093\" data-end=\"1143\">\ud83c\udf27\ufe0f Domingo ser\u00e1 marcado por chuva e trovoadas<\/h3>\n<p data-start=\"1145\" data-end=\"1443\">De acordo com o <strong data-start=\"1161\" data-end=\"1175\">Climatempo<\/strong>, Belo Horizonte ter\u00e1 m\u00ednima de <strong data-start=\"1207\" data-end=\"1215\">19\u00b0C<\/strong> e m\u00e1xima de <strong data-start=\"1228\" data-end=\"1236\">26\u00b0C<\/strong>. A previs\u00e3o indica chuva r\u00e1pida j\u00e1 durante o dia, pancadas com trovoadas no per\u00edodo da tarde e chuva novamente \u00e0 noite. A umidade relativa deve variar de <strong data-start=\"1391\" data-end=\"1404\">56% a 94%<\/strong>.<\/p>\n<p data-start=\"1445\" data-end=\"1701\">J\u00e1 o <strong data-start=\"1450\" data-end=\"1472\">Tempo.com\/Meteored<\/strong> prev\u00ea temperaturas entre <strong data-start=\"1498\" data-end=\"1513\">15\u00b0C e 26\u00b0C<\/strong>, chuva associada a trovoadas, probabilidade de precipita\u00e7\u00e3o de <strong data-start=\"1577\" data-end=\"1584\">90%<\/strong> e vento de sudeste com rajadas que podem chegar a aproximadamente <strong data-start=\"1651\" data-end=\"1662\">35 km\/h<\/strong>.<\/p>\n<p data-start=\"1703\" data-end=\"2091\">O cen\u00e1rio representa uma mudan\u00e7a importante em rela\u00e7\u00e3o ao s\u00e1bado, quando a capital ainda pode registrar temperaturas elevadas. A passagem de uma frente fria pelo Sudeste favorece a forma\u00e7\u00e3o de \u00e1reas de instabilidade e a ocorr\u00eancia de chuva em Minas Gerais. O pr\u00f3prio Tempo.com destaca a atua\u00e7\u00e3o da frente fria sobre o Sudeste durante o fim de semana.<\/p>\n<h3 data-section-id=\"57vvqv\" data-start=\"2093\" data-end=\"2154\">\ud83d\udca7 Umidade do ar sobe, mas hidrata\u00e7\u00e3o continua importante<\/h3>\n<p data-start=\"2156\" data-end=\"2291\">Com a presen\u00e7a de chuva e maior cobertura de nuvens, a <strong data-start=\"2211\" data-end=\"2261\">umidade relativa do ar ficar\u00e1 bem mais elevada<\/strong> em Belo Horizonte no domingo.<\/p>\n<p data-start=\"2293\" data-end=\"2441\">O Climatempo estima \u00edndices entre <strong data-start=\"2327\" data-end=\"2340\">56% e 94%<\/strong>, com os maiores valores previstos durante a noite e madrugada.<\/p>\n<p data-start=\"2443\" data-end=\"2692\">Mesmo com a umidade elevada, a recomenda\u00e7\u00e3o \u00e9 <strong data-start=\"2489\" data-end=\"2520\">n\u00e3o descuidar da hidrata\u00e7\u00e3o<\/strong>. Beber \u00e1gua regularmente ao longo do dia ajuda a manter o organismo hidratado, especialmente para quem vai passar muitas horas fora de casa ou praticar atividades f\u00edsicas.<\/p>\n<p data-start=\"2694\" data-end=\"2783\"><strong data-start=\"2694\" data-end=\"2783\">\ud83d\udca7 Tenha uma garrafa de \u00e1gua por perto e fa\u00e7a a ingest\u00e3o de l\u00edquidos ao longo do dia.<\/strong><\/p>\n<h3 data-section-id=\"1shkd47\" data-start=\"2785\" data-end=\"2832\">\u26a0\ufe0f Aten\u00e7\u00e3o para chuva forte, raios e ventos<\/h3>\n<p data-start=\"2834\" data-end=\"3079\">A previs\u00e3o de instabilidade exige aten\u00e7\u00e3o especialmente durante as pancadas. Em situa\u00e7\u00f5es de chuva acompanhada de raios e ventos fortes, a orienta\u00e7\u00e3o \u00e9 evitar \u00e1reas abertas, \u00e1rvores isoladas, estruturas met\u00e1licas e locais sujeitos a alagamentos.<\/p>\n<p data-start=\"3081\" data-end=\"3335\">A Defesa Civil de Belo Horizonte mant\u00e9m canais oficiais para divulga\u00e7\u00e3o de alertas meteorol\u00f3gicos e orienta\u00e7\u00f5es de preven\u00e7\u00e3o. O \u00f3rg\u00e3o informa que monitora as condi\u00e7\u00f5es meteorol\u00f3gicas e emite alertas para a popula\u00e7\u00e3o.<\/p>\n<p data-start=\"3337\" data-end=\"3634\">O <strong data-start=\"3339\" data-end=\"3350\">Cemaden<\/strong> tamb\u00e9m mant\u00e9m monitoramento dos riscos geo-hidrol\u00f3gicos no pa\u00eds, com atualiza\u00e7\u00f5es peri\u00f3dicas sobre as condi\u00e7\u00f5es de chuva e poss\u00edveis impactos. A p\u00e1gina oficial do \u00f3rg\u00e3o apresentava, em 5 de setembro, uma nova previs\u00e3o de riscos geo-hidrol\u00f3gicos.<\/p>\n<h3 data-section-id=\"1ketg1e\" data-start=\"3636\" data-end=\"3695\">\ud83d\udcf1 Defesa Civil: cadastre-se gratuitamente no SMS 40199<\/h3>\n<p data-start=\"3697\" data-end=\"3826\">Uma das principais recomenda\u00e7\u00f5es aos moradores de Belo Horizonte \u00e9 <strong data-start=\"3764\" data-end=\"3825\">cadastrar o celular no sistema de alertas da Defesa Civil<\/strong>.<\/p>\n<p data-start=\"3828\" data-end=\"4062\">O procedimento \u00e9 simples: basta <strong data-start=\"3860\" data-end=\"3918\">enviar o CEP da resid\u00eancia por SMS para o n\u00famero 40199<\/strong>. O servi\u00e7o \u00e9 gratuito e, ap\u00f3s o cadastro, o usu\u00e1rio recebe mensagens de alerta e orienta\u00e7\u00f5es preventivas.<\/p>\n<p data-start=\"4064\" data-end=\"4137\"><strong data-start=\"4064\" data-end=\"4137\">\ud83d\udcf2 Para receber os alertas: envie o CEP da sua resid\u00eancia para 40199.<\/strong><\/p>\n<p data-start=\"4139\" data-end=\"4276\">A Defesa Civil tamb\u00e9m disponibiliza informa\u00e7\u00f5es por canais como WhatsApp, Telegram e redes sociais.<\/p>\n<h3 data-section-id=\"i21miy\" data-start=\"4278\" data-end=\"4333\">\ud83c\udf21\ufe0f Previs\u00e3o de Belo Horizonte para domingo (06\/09)<\/h3>\n<div class=\"group TyagGW_tableContainer\">\n<div class=\"TyagGW_tableWrapper flex flex-col-reverse w-fit\" tabindex=\"-1\">\n<table class=\"w-fit min-w-(--thread-content-width)\" data-start=\"4335\" data-end=\"4697\">\n<thead data-start=\"4335\" data-end=\"4358\">\n<tr data-start=\"4335\" data-end=\"4358\">\n<th class=\"last:pe-10\" data-start=\"4335\" data-end=\"4346\" data-col-size=\"sm\">Condi\u00e7\u00e3o<\/th>\n<th class=\"last:pe-10\" data-start=\"4346\" data-end=\"4358\" data-col-size=\"sm\">Previs\u00e3o<\/th>\n<\/tr>\n<\/thead>\n<tbody data-start=\"4369\" data-end=\"4697\">\n<tr data-start=\"4369\" data-end=\"4413\">\n<td data-start=\"4369\" data-end=\"4394\" data-col-size=\"sm\">\ud83c\udf21\ufe0f Temperatura m\u00ednima<\/td>\n<td data-start=\"4394\" data-end=\"4413\" data-col-size=\"sm\"><strong data-start=\"4396\" data-end=\"4411\">15\u00b0C a 19\u00b0C<\/strong><\/td>\n<\/tr>\n<tr data-start=\"4414\" data-end=\"4451\">\n<td data-start=\"4414\" data-end=\"4439\" data-col-size=\"sm\">\ud83c\udf21\ufe0f Temperatura m\u00e1xima<\/td>\n<td data-start=\"4439\" data-end=\"4451\" data-col-size=\"sm\"><strong data-start=\"4441\" data-end=\"4449\">26\u00b0C<\/strong><\/td>\n<\/tr>\n<tr data-start=\"4452\" data-end=\"4490\">\n<td data-start=\"4452\" data-end=\"4464\" data-col-size=\"sm\">\ud83c\udf27\ufe0f Chuva<\/td>\n<td data-start=\"4464\" data-end=\"4490\" data-col-size=\"sm\"><strong data-start=\"4466\" data-end=\"4488\">Alta possibilidade<\/strong><\/td>\n<\/tr>\n<tr data-start=\"4491\" data-end=\"4551\">\n<td data-start=\"4491\" data-end=\"4506\" data-col-size=\"sm\">\u26c8\ufe0f Trovoadas<\/td>\n<td data-start=\"4506\" data-end=\"4551\" data-col-size=\"sm\"><strong data-start=\"4508\" data-end=\"4549\">Possibilidade, principalmente \u00e0 tarde<\/strong><\/td>\n<\/tr>\n<tr data-start=\"4552\" data-end=\"4582\">\n<td data-start=\"4552\" data-end=\"4565\" data-col-size=\"sm\">\ud83d\udca7 Umidade<\/td>\n<td data-start=\"4565\" data-end=\"4582\" data-col-size=\"sm\"><strong data-start=\"4567\" data-end=\"4580\">56% a 94%<\/strong><\/td>\n<\/tr>\n<tr data-start=\"4583\" data-end=\"4638\">\n<td data-start=\"4583\" data-end=\"4595\" data-col-size=\"sm\">\ud83d\udca8 Ventos<\/td>\n<td data-start=\"4595\" data-end=\"4638\" data-col-size=\"sm\"><strong data-start=\"4597\" data-end=\"4636\">Sudeste, com rajadas de at\u00e9 35 km\/h<\/strong><\/td>\n<\/tr>\n<tr data-start=\"4639\" data-end=\"4697\">\n<td data-start=\"4639\" data-end=\"4660\" data-col-size=\"sm\">\ud83c\udf27\ufe0f Chuva estimada<\/td>\n<td data-start=\"4660\" data-end=\"4697\" data-col-size=\"sm\"><strong data-start=\"4662\" data-end=\"4695\">17 a 35 mm, conforme o modelo<\/strong><\/td>\n<\/tr>\n<\/tbody>\n<\/table>\n<\/div>\n<\/div>\n<p data-start=\"4699\" data-end=\"4973\">Os valores apresentam diferen\u00e7as entre os modelos meteorol\u00f3gicos, algo normal em previs\u00f5es de curto prazo. Por isso, <strong data-start=\"4816\" data-end=\"4890\">o acompanhamento dos boletins oficiais no pr\u00f3prio domingo \u00e9 importante<\/strong>, sobretudo diante da possibilidade de mudan\u00e7as r\u00e1pidas nas condi\u00e7\u00f5es atmosf\u00e9ricas.<\/p>\n<h3 data-section-id=\"atmpcl\" data-start=\"4975\" data-end=\"5006\">\u2614 Como fica o domingo em BH<\/h3>\n<p data-start=\"5008\" data-end=\"5093\"><strong data-start=\"5008\" data-end=\"5021\">\ud83c\udf05 Manh\u00e3:<\/strong> temperaturas amenas, aumento das nuvens e possibilidade de chuva fraca.<\/p>\n<p data-start=\"5095\" data-end=\"5204\"><strong data-start=\"5095\" data-end=\"5109\">\ud83c\udf26\ufe0f Tarde:<\/strong> maior instabilidade, com possibilidade de <strong data-start=\"5152\" data-end=\"5203\">pancadas de chuva, trovoadas e rajadas de vento<\/strong>.<\/p>\n<p data-start=\"5206\" data-end=\"5277\"><strong data-start=\"5206\" data-end=\"5220\">\ud83c\udf27\ufe0f Noite:<\/strong> previs\u00e3o de continuidade da chuva e eleva\u00e7\u00e3o da umidade.<\/p>\n<p data-start=\"5279\" data-end=\"5456\">Para quem pretende sair de casa, a recomenda\u00e7\u00e3o \u00e9 acompanhar os alertas meteorol\u00f3gicos antes de iniciar o deslocamento e evitar \u00e1reas sujeitas a alagamentos durante as pancadas.<\/p>\n<blockquote data-start=\"5458\" data-end=\"5703\">\n<p data-start=\"5460\" data-end=\"5703\"><strong data-start=\"5460\" data-end=\"5490\">\ud83d\udce2 Aten\u00e7\u00e3o, morador de BH:<\/strong> cadastre seu CEP no <strong data-start=\"5511\" data-end=\"5524\">SMS 40199<\/strong>, acompanhe os alertas da Defesa Civil e mantenha uma garrafa de \u00e1gua por perto. A previs\u00e3o aponta um domingo de mudan\u00e7a no tempo, com chuva, trovoadas e temperaturas mais amenas.<\/p>\n<\/blockquote>\n<h3 data-section-id=\"1j1jxvs\" data-start=\"5705\" data-end=\"5727\">Fontes consultadas<\/h3>\n<ul data-start=\"5729\" data-end=\"6549\">\n<li data-section-id=\"d9lmyf\" data-start=\"5729\" data-end=\"5804\"><span class=\"contents\" data-content-reference-start=\"5699\" data-content-reference-end=\"5776\"><span class=\"\" data-state=\"closed\"><a class=\"decorated-link\" href=\"https:\/\/portal.inmet.gov.br\/?utm_source=chatgpt.com\" target=\"_blank\" rel=\"noopener nofollow\">INMET \u2013 Instituto Nacional de Meteorologia<\/a><\/span><\/span> \u2014 previs\u00e3o meteorol\u00f3gica oficial.<\/li>\n<li data-section-id=\"1kydzrh\" data-start=\"5805\" data-end=\"5932\"><span class=\"contents\" data-content-reference-start=\"5813\" data-content-reference-end=\"5866\"><span class=\"\" data-state=\"closed\"><a class=\"decorated-link\" href=\"https:\/\/previsao.inmet.gov.br\/?utm_source=chatgpt.com\" target=\"_blank\" rel=\"noopener nofollow\">INMET \u2013 Previs\u00e3o<\/a><\/span><\/span> \u2014 acompanhamento das previs\u00f5es por munic\u00edpio.<\/li>\n<li data-section-id=\"1v8h9b8\" data-start=\"5933\" data-end=\"6053\"><span class=\"contents\" data-content-reference-start=\"5934\" data-content-reference-end=\"5981\"><span class=\"\" data-state=\"closed\"><a class=\"decorated-link\" href=\"https:\/\/www.climatempo.com.br\/?utm_source=chatgpt.com\" target=\"_blank\" rel=\"noopener nofollow\">Climatempo<\/a><\/span><\/span> \u2014 previs\u00e3o de Belo Horizonte para 6\/9.<\/li>\n<li data-section-id=\"taavru\" data-start=\"6054\" data-end=\"6177\"><span class=\"contents\" data-content-reference-start=\"6052\" data-content-reference-end=\"6108\"><span class=\"\" data-state=\"closed\"><a class=\"decorated-link\" href=\"https:\/\/www.tempo.com\/belo-horizonte.htm?utm_source=chatgpt.com\" target=\"_blank\" rel=\"noopener nofollow\">Tempo.com<\/a><\/span><\/span> \u2014 previs\u00e3o de chuva, temperatura e vento.<\/li>\n<li data-section-id=\"e75poc\" data-start=\"6178\" data-end=\"6309\"><span class=\"contents\" data-content-reference-start=\"6183\" data-content-reference-end=\"6295\"><span class=\"\" data-state=\"closed\"><a class=\"decorated-link\" href=\"https:\/\/weather.com\/pt-BR\/br\/minas-gerais\/city\/belo-horizonte\/hourbyhour?utm_source=chatgpt.com\" target=\"_blank\" rel=\"noopener nofollow\">Weather.com \/ The Weather Channel<\/a><\/span><\/span> \u2014 acompanhamento meteorol\u00f3gico de Belo Horizonte.<\/li>\n<li data-section-id=\"1827g82\" data-start=\"6310\" data-end=\"6435\"><span class=\"contents\" data-content-reference-start=\"6367\" data-content-reference-end=\"6446\"><span class=\"\" data-state=\"closed\"><a class=\"decorated-link\" href=\"https:\/\/www.gov.br\/cemaden\/pt-br\/assuntos\/riscos-geo-hidrologicos?utm_source=chatgpt.com\" target=\"_blank\" rel=\"noopener nofollow\">Cemaden<\/a><\/span><\/span> \u2014 monitoramento de riscos geo-hidrol\u00f3gicos.<\/li>\n<li data-section-id=\"1cdju4u\" data-start=\"6436\" data-end=\"6549\"><span class=\"contents\" data-content-reference-start=\"6513\" data-content-reference-end=\"6628\"><span class=\"\" data-state=\"closed\"><a class=\"decorated-link\" href=\"https:\/\/prefeitura.pbh.gov.br\/defesa-civil\/alertas-de-risco?utm_source=chatgpt.com\" target=\"_blank\" rel=\"noopener nofollow\">Defesa Civil de Belo Horizonte \u2013 Alertas de risco<\/a><\/span><\/span> \u2014 alertas e cadastro SMS 40199.<\/li>\n<\/ul>\n","protected":false},"excerpt":{"rendered":"Previs\u00e3o indica chuva e possibilidade de trovoadas na capital mineira; moradores devem ficar atentos aos alertas da Defesa Civil e manter a hidrata\u00e7\u00e3o Belo Horizonte [&hellip;]","protected":false},"author":1,"featured_media":10480,"comment_status":"closed","ping_status":"closed","sticky":false,"template":"","format":"standard","meta":{"episode_type":"audio","audio_file":"","podmotor_file_id":"","podmotor_episode_id":"","cover_image":"","cover_image_id":"","duration":"","filesize":"","filesize_raw":"","date_recorded":"","explicit":"","block":"","_jetpack_newsletter_access":"","_jetpack_dont_email_post_to_subs":false,"_jetpack_newsletter_tier_id":0,"_jetpack_memberships_contains_paywalled_content":false,"_jetpack_feature_clip_id":0,"_jetpack_memberships_contains_paid_content":false,"footnotes":"","jetpack_post_was_ever_published":false},"categories":[2051,1],"tags":[2119,374,627],"series":[],"class_list":["post-10478","post","type-post","status-publish","format-standard","has-post-thumbnail","hentry","category-mateorologia","category-noticiasdacomunidaede","tag-climaembelohorizonte","tag-comunidadeemacao","tag-jornaldebairro"],"episode_featured_image":"https:\/\/comunidadeemacao.com.br\/site\/wp-content\/uploads\/2026\/09\/ChatGPT-Image-5-de-set.-de-2026-19_40_20.png","episode_player_image":"https:\/\/i0.wp.com\/comunidadeemacao.com.br\/site\/wp-content\/uploads\/2025\/07\/Logo-Fala-Zona-Norte-1400-pix1.jpg?fit=1400%2C1400&ssl=1","download_link":"","player_link":"","audio_player":false,"episode_data":{"playerMode":"light","subscribeUrls":{"youtube":{"key":"youtube","url":"","label":"YouTube","class":"youtube","icon":"youtube.png"}},"rssFeedUrl":"https:\/\/comunidadeemacao.com.br\/site\/feed\/podcast\/comunidade-em-acao","embedCode":"<blockquote class=\"wp-embedded-content\" data-secret=\"YrGQOB7Gkg\"><a href=\"https:\/\/comunidadeemacao.com.br\/site\/%f0%9f%8c%a7%ef%b8%8f-bh-tera-domingo-chuvoso-com-queda-de-temperatura-e-alta-umidade-em-6-de-setembro\/\">\ud83c\udf27\ufe0f BH ter\u00e1 domingo chuvoso, com queda de temperatura e alta umidade em 6 de setembro<\/a><\/blockquote><iframe sandbox=\"allow-scripts\" security=\"restricted\" src=\"https:\/\/comunidadeemacao.com.br\/site\/%f0%9f%8c%a7%ef%b8%8f-bh-tera-domingo-chuvoso-com-queda-de-temperatura-e-alta-umidade-em-6-de-setembro\/embed\/#?secret=YrGQOB7Gkg\" width=\"500\" height=\"350\" title=\"&#8220;\ud83c\udf27\ufe0f BH ter\u00e1 domingo chuvoso, com queda de temperatura e alta umidade em 6 de setembro&#8221; &#8212; COMUNIDADE EM A\u00c7\u00c3O\" data-secret=\"YrGQOB7Gkg\" frameborder=\"0\" marginwidth=\"0\" marginheight=\"0\" scrolling=\"no\" class=\"wp-embedded-content\"><\/iframe><script>\n\/*! This file is auto-generated *\/\n!function(d,l){\"use strict\";l.querySelector&&d.addEventListener&&\"undefined\"!=typeof URL&&(d.wp=d.wp||{},d.wp.receiveEmbedMessage||(d.wp.receiveEmbedMessage=function(e){var t=e.data;if((t||t.secret||t.message||t.value)&&!\/[^a-zA-Z0-9]\/.test(t.secret)){for(var s,r,n,a=l.querySelectorAll('iframe[data-secret=\"'+t.secret+'\"]'),o=l.querySelectorAll('blockquote[data-secret=\"'+t.secret+'\"]'),c=new RegExp(\"^https?:$\",\"i\"),i=0;i<o.length;i++)o[i].style.display=\"none\";for(i=0;i<a.length;i++)s=a[i],e.source===s.contentWindow&&(s.removeAttribute(\"style\"),\"height\"===t.message?(1e3<(r=parseInt(t.value,10))?r=1e3:~~r<200&&(r=200),s.height=r):\"link\"===t.message&&(r=new URL(s.getAttribute(\"src\")),n=new URL(t.value),c.test(n.protocol))&&n.host===r.host&&l.activeElement===s&&(d.top.location.href=t.value))}},d.addEventListener(\"message\",d.wp.receiveEmbedMessage,!1),l.addEventListener(\"DOMContentLoaded\",function(){for(var e,t,s=l.querySelectorAll(\"iframe.wp-embedded-content\"),r=0;r<s.length;r++)(t=(e=s[r]).getAttribute(\"data-secret\"))||(t=Math.random().toString(36).substring(2,12),e.src+=\"#?secret=\"+t,e.setAttribute(\"data-secret\",t)),e.contentWindow.postMessage({message:\"ready\",secret:t},\"*\")},!1)))}(window,document);\n\/\/# sourceURL=https:\/\/comunidadeemacao.com.br\/site\/wp-includes\/js\/wp-embed.min.js\n<\/script>\n"},"jetpack_sharing_enabled":true,"jetpack_likes_enabled":true,"jetpack-related-posts":[{"id":7570,"url":"https:\/\/comunidadeemacao.com.br\/site\/%f0%9f%8c%a7%ef%b8%8f-chuva-pode-marcar-a-final-veja-a-previsao-do-tempo-para-atletico-x-cruzeiro-neste-domingo-8-em-belo-horizonte\/","url_meta":{"origin":10478,"position":0},"title":"\ud83c\udf27\ufe0f Chuva pode marcar a final: veja a previs\u00e3o do tempo para Atl\u00e9tico x Cruzeiro neste domingo (8) em Belo Horizonte","author":"Marcos Silva","date":"8 de mar\u00e7o de 2026","format":false,"excerpt":"Belo Horizonte ter\u00e1 calor, tempo abafado e possibilidade de pancadas de chuva neste domingo (08\/03\/2026). A instabilidade atmosf\u00e9rica t\u00edpica do ver\u00e3o pode provocar trovoadas e descargas el\u00e9tricas principalmente \u00e0 tarde e \u00e0 noite, inclusive no hor\u00e1rio da final do Campeonato Mineiro entre Atl\u00e9tico e Cruzeiro, \u00e0s 18h, no Mineir\u00e3o. A\u2026","rel":"","context":"Em &quot;Mateorologia&quot;","block_context":{"text":"Mateorologia","link":"https:\/\/comunidadeemacao.com.br\/site\/category\/dia-a-dia\/mateorologia\/"},"img":{"alt_text":"","src":"https:\/\/i0.wp.com\/comunidadeemacao.com.br\/site\/wp-content\/uploads\/2026\/03\/ChatGPT-Image-7-de-mar.-de-2026-20_25_00.jpg?fit=1200%2C800&ssl=1&resize=350%2C200","width":350,"height":200,"srcset":"https:\/\/i0.wp.com\/comunidadeemacao.com.br\/site\/wp-content\/uploads\/2026\/03\/ChatGPT-Image-7-de-mar.-de-2026-20_25_00.jpg?fit=1200%2C800&ssl=1&resize=350%2C200 1x, https:\/\/i0.wp.com\/comunidadeemacao.com.br\/site\/wp-content\/uploads\/2026\/03\/ChatGPT-Image-7-de-mar.-de-2026-20_25_00.jpg?fit=1200%2C800&ssl=1&resize=525%2C300 1.5x, https:\/\/i0.wp.com\/comunidadeemacao.com.br\/site\/wp-content\/uploads\/2026\/03\/ChatGPT-Image-7-de-mar.-de-2026-20_25_00.jpg?fit=1200%2C800&ssl=1&resize=700%2C400 2x, https:\/\/i0.wp.com\/comunidadeemacao.com.br\/site\/wp-content\/uploads\/2026\/03\/ChatGPT-Image-7-de-mar.-de-2026-20_25_00.jpg?fit=1200%2C800&ssl=1&resize=1050%2C600 3x"},"classes":[]},{"id":7652,"url":"https:\/\/comunidadeemacao.com.br\/site\/defesa-civil-alerta-para-chuva-forte-em-belo-horizonte-neste-domingo-15-veja-a-previsao-completa\/","url_meta":{"origin":10478,"position":1},"title":"Defesa Civil alerta para chuva forte em Belo Horizonte neste domingo (15); veja a previs\u00e3o completa","author":"Marcos Silva","date":"15 de mar\u00e7o de 2026","format":false,"excerpt":"INMET, Climatempo e Tempo.com indicam dia abafado com possibilidade de trovoadas na capital mineira; Defesa Civil refor\u00e7a cadastro para receber alertas de risco por SMS no n\u00famero 40199. Belo Horizonte deve enfrentar calor, aumento de nuvens e pancadas de chuva ao longo deste domingo (15 de mar\u00e7o de 2026). A\u2026","rel":"","context":"Em &quot;Mateorologia&quot;","block_context":{"text":"Mateorologia","link":"https:\/\/comunidadeemacao.com.br\/site\/category\/dia-a-dia\/mateorologia\/"},"img":{"alt_text":"","src":"https:\/\/i0.wp.com\/comunidadeemacao.com.br\/site\/wp-content\/uploads\/2026\/03\/ChatGPT-Image-14-de-mar.-de-2026-19_06_35.jpg?fit=1200%2C800&ssl=1&resize=350%2C200","width":350,"height":200,"srcset":"https:\/\/i0.wp.com\/comunidadeemacao.com.br\/site\/wp-content\/uploads\/2026\/03\/ChatGPT-Image-14-de-mar.-de-2026-19_06_35.jpg?fit=1200%2C800&ssl=1&resize=350%2C200 1x, https:\/\/i0.wp.com\/comunidadeemacao.com.br\/site\/wp-content\/uploads\/2026\/03\/ChatGPT-Image-14-de-mar.-de-2026-19_06_35.jpg?fit=1200%2C800&ssl=1&resize=525%2C300 1.5x, https:\/\/i0.wp.com\/comunidadeemacao.com.br\/site\/wp-content\/uploads\/2026\/03\/ChatGPT-Image-14-de-mar.-de-2026-19_06_35.jpg?fit=1200%2C800&ssl=1&resize=700%2C400 2x, https:\/\/i0.wp.com\/comunidadeemacao.com.br\/site\/wp-content\/uploads\/2026\/03\/ChatGPT-Image-14-de-mar.-de-2026-19_06_35.jpg?fit=1200%2C800&ssl=1&resize=1050%2C600 3x"},"classes":[]},{"id":7616,"url":"https:\/\/comunidadeemacao.com.br\/site\/previsao-do-tempo-em-belo-horizonte-mg-para-quinta-feira-12-de-marco-de-2026\/","url_meta":{"origin":10478,"position":2},"title":"Previs\u00e3o do tempo em Belo Horizonte (MG) para quinta-feira, 12 de mar\u00e7o de 2026","author":"Marcos Silva","date":"12 de mar\u00e7o de 2026","format":false,"excerpt":"Chuva isolada, calor moderado e aten\u00e7\u00e3o para alertas da Defesa Civil \ud83d\udccd Belo Horizonte (MG) deve ter tempo inst\u00e1vel t\u00edpico do fim do ver\u00e3o nesta quinta-feira (12), com sol entre nuvens, pancadas de chuva r\u00e1pidas e possibilidade de trovoadas isoladas, principalmente entre a tarde e a noite. A previs\u00e3o \u00e9\u2026","rel":"","context":"Em &quot;Mateorologia&quot;","block_context":{"text":"Mateorologia","link":"https:\/\/comunidadeemacao.com.br\/site\/category\/dia-a-dia\/mateorologia\/"},"img":{"alt_text":"","src":"https:\/\/i0.wp.com\/comunidadeemacao.com.br\/site\/wp-content\/uploads\/2026\/03\/infografico_previsao_bh_1200x650-1.jpg?fit=1200%2C650&ssl=1&resize=350%2C200","width":350,"height":200,"srcset":"https:\/\/i0.wp.com\/comunidadeemacao.com.br\/site\/wp-content\/uploads\/2026\/03\/infografico_previsao_bh_1200x650-1.jpg?fit=1200%2C650&ssl=1&resize=350%2C200 1x, https:\/\/i0.wp.com\/comunidadeemacao.com.br\/site\/wp-content\/uploads\/2026\/03\/infografico_previsao_bh_1200x650-1.jpg?fit=1200%2C650&ssl=1&resize=525%2C300 1.5x, https:\/\/i0.wp.com\/comunidadeemacao.com.br\/site\/wp-content\/uploads\/2026\/03\/infografico_previsao_bh_1200x650-1.jpg?fit=1200%2C650&ssl=1&resize=700%2C400 2x, https:\/\/i0.wp.com\/comunidadeemacao.com.br\/site\/wp-content\/uploads\/2026\/03\/infografico_previsao_bh_1200x650-1.jpg?fit=1200%2C650&ssl=1&resize=1050%2C600 3x"},"classes":[]},{"id":10418,"url":"https:\/\/comunidadeemacao.com.br\/site\/previsao-do-tempo-em-bh-para-2-de-setembro-chuva-raios-e-queda-de-temperatura\/","url_meta":{"origin":10478,"position":3},"title":"Previs\u00e3o do tempo em BH para 2 de setembro: chuva, raios e queda de temperatura","author":"Marcos Silva","date":"2 de setembro de 2026","format":false,"excerpt":"Quarta-feira deve ser marcada pela atua\u00e7\u00e3o de instabilidades sobre a capital mineira, ap\u00f3s alerta de chuva e ventos emitido para a noite de 1\u00ba de setembro. Temperaturas ficam mais amenas e a popula\u00e7\u00e3o deve manter aten\u00e7\u00e3o aos avisos da Defesa Civil. \ud83c\udf27\ufe0f Belo Horizonte ter\u00e1 uma quarta-feira (2) de mudan\u00e7a\u2026","rel":"","context":"Em &quot;Mateorologia&quot;","block_context":{"text":"Mateorologia","link":"https:\/\/comunidadeemacao.com.br\/site\/category\/dia-a-dia\/mateorologia\/"},"img":{"alt_text":"","src":"https:\/\/i0.wp.com\/comunidadeemacao.com.br\/site\/wp-content\/uploads\/2026\/09\/IInfografico-2-set.png?fit=1200%2C600&ssl=1&resize=350%2C200","width":350,"height":200,"srcset":"https:\/\/i0.wp.com\/comunidadeemacao.com.br\/site\/wp-content\/uploads\/2026\/09\/IInfografico-2-set.png?fit=1200%2C600&ssl=1&resize=350%2C200 1x, https:\/\/i0.wp.com\/comunidadeemacao.com.br\/site\/wp-content\/uploads\/2026\/09\/IInfografico-2-set.png?fit=1200%2C600&ssl=1&resize=525%2C300 1.5x, https:\/\/i0.wp.com\/comunidadeemacao.com.br\/site\/wp-content\/uploads\/2026\/09\/IInfografico-2-set.png?fit=1200%2C600&ssl=1&resize=700%2C400 2x, https:\/\/i0.wp.com\/comunidadeemacao.com.br\/site\/wp-content\/uploads\/2026\/09\/IInfografico-2-set.png?fit=1200%2C600&ssl=1&resize=1050%2C600 3x"},"classes":[]},{"id":7677,"url":"https:\/\/comunidadeemacao.com.br\/site\/belo-horizonte-tera-chuva-nesta-terca-17-defesa-civil-alerta-para-temporais-e-raios\/","url_meta":{"origin":10478,"position":4},"title":"Belo Horizonte ter\u00e1 chuva nesta ter\u00e7a (17); Defesa Civil alerta para temporais e raios","author":"Marcos Silva","date":"17 de mar\u00e7o de 2026","format":false,"excerpt":"Capital mineira ter\u00e1 ter\u00e7a-feira de muitas nuvens e pancadas de chuva; moradores devem ficar atentos a risco de alagamentos, raios e instabilidade A previs\u00e3o do tempo para Belo Horizonte nesta ter\u00e7a-feira, 17 de mar\u00e7o de 2026, indica dia de tempo inst\u00e1vel, c\u00e9u nublado e pancadas de chuva ao longo do\u2026","rel":"","context":"Em &quot;Mateorologia&quot;","block_context":{"text":"Mateorologia","link":"https:\/\/comunidadeemacao.com.br\/site\/category\/dia-a-dia\/mateorologia\/"},"img":{"alt_text":"","src":"https:\/\/i0.wp.com\/comunidadeemacao.com.br\/site\/wp-content\/uploads\/2026\/03\/ChatGPT-Image-16-de-mar.-de-2026-19_39_58.jpg?fit=1200%2C800&ssl=1&resize=350%2C200","width":350,"height":200,"srcset":"https:\/\/i0.wp.com\/comunidadeemacao.com.br\/site\/wp-content\/uploads\/2026\/03\/ChatGPT-Image-16-de-mar.-de-2026-19_39_58.jpg?fit=1200%2C800&ssl=1&resize=350%2C200 1x, https:\/\/i0.wp.com\/comunidadeemacao.com.br\/site\/wp-content\/uploads\/2026\/03\/ChatGPT-Image-16-de-mar.-de-2026-19_39_58.jpg?fit=1200%2C800&ssl=1&resize=525%2C300 1.5x, https:\/\/i0.wp.com\/comunidadeemacao.com.br\/site\/wp-content\/uploads\/2026\/03\/ChatGPT-Image-16-de-mar.-de-2026-19_39_58.jpg?fit=1200%2C800&ssl=1&resize=700%2C400 2x, https:\/\/i0.wp.com\/comunidadeemacao.com.br\/site\/wp-content\/uploads\/2026\/03\/ChatGPT-Image-16-de-mar.-de-2026-19_39_58.jpg?fit=1200%2C800&ssl=1&resize=1050%2C600 3x"},"classes":[]},{"id":7981,"url":"https:\/\/comunidadeemacao.com.br\/site\/previsao-do-tempo-em-belo-horizonte-mg\/","url_meta":{"origin":10478,"position":5},"title":"PREVIS\u00c3O DO TEMPO EM BELO HORIZONTE (MG)","author":"Marcos Silva","date":"12 de abril de 2026","format":false,"excerpt":"\ud83c\udf27\ufe0f Belo Horizonte tem domingo de tempo inst\u00e1vel e alerta para chuvas fortes neste 12 de abril Capital mineira deve registrar pancadas de chuva com raios e risco de alagamentos; Defesa Civil refor\u00e7a cadastro para alertas por SMS Belo Horizonte ter\u00e1 um domingo (12) marcado por tempo inst\u00e1vel, calor moderado\u2026","rel":"","context":"Em &quot;Mateorologia&quot;","block_context":{"text":"Mateorologia","link":"https:\/\/comunidadeemacao.com.br\/site\/category\/dia-a-dia\/mateorologia\/"},"img":{"alt_text":"Previs\u00e3o do tempo e alerta civil","src":"https:\/\/i0.wp.com\/comunidadeemacao.com.br\/site\/wp-content\/uploads\/2026\/04\/ChatGPT-Image-11-de-abr.-de-2026-18_40_15.jpg?fit=1200%2C800&ssl=1&resize=350%2C200","width":350,"height":200,"srcset":"https:\/\/i0.wp.com\/comunidadeemacao.com.br\/site\/wp-content\/uploads\/2026\/04\/ChatGPT-Image-11-de-abr.-de-2026-18_40_15.jpg?fit=1200%2C800&ssl=1&resize=350%2C200 1x, https:\/\/i0.wp.com\/comunidadeemacao.com.br\/site\/wp-content\/uploads\/2026\/04\/ChatGPT-Image-11-de-abr.-de-2026-18_40_15.jpg?fit=1200%2C800&ssl=1&resize=525%2C300 1.5x, https:\/\/i0.wp.com\/comunidadeemacao.com.br\/site\/wp-content\/uploads\/2026\/04\/ChatGPT-Image-11-de-abr.-de-2026-18_40_15.jpg?fit=1200%2C800&ssl=1&resize=700%2C400 2x, https:\/\/i0.wp.com\/comunidadeemacao.com.br\/site\/wp-content\/uploads\/2026\/04\/ChatGPT-Image-11-de-abr.-de-2026-18_40_15.jpg?fit=1200%2C800&ssl=1&resize=1050%2C600 3x"},"classes":[]}],"jetpack_featured_media_url":"https:\/\/i0.wp.com\/comunidadeemacao.com.br\/site\/wp-content\/uploads\/2026\/09\/ChatGPT-Image-5-de-set.-de-2026-19_40_20.png?fit=1774%2C887&ssl=1","_links":{"self":[{"href":"https:\/\/comunidadeemacao.com.br\/site\/wp-json\/wp\/v2\/posts\/10478","targetHints":{"allow":["GET"]}}],"collection":[{"href":"https:\/\/comunidadeemacao.com.br\/site\/wp-json\/wp\/v2\/posts"}],"about":[{"href":"https:\/\/comunidadeemacao.com.br\/site\/wp-json\/wp\/v2\/types\/post"}],"author":[{"embeddable":true,"href":"https:\/\/comunidadeemacao.com.br\/site\/wp-json\/wp\/v2\/users\/1"}],"replies":[{"embeddable":true,"href":"https:\/\/comunidadeemacao.com.br\/site\/wp-json\/wp\/v2\/comments?post=10478"}],"version-history":[{"count":2,"href":"https:\/\/comunidadeemacao.com.br\/site\/wp-json\/wp\/v2\/posts\/10478\/revisions"}],"predecessor-version":[{"id":10481,"href":"https:\/\/comunidadeemacao.com.br\/site\/wp-json\/wp\/v2\/posts\/10478\/revisions\/10481"}],"wp:featuredmedia":[{"embeddable":true,"href":"https:\/\/comunidadeemacao.com.br\/site\/wp-json\/wp\/v2\/media\/10480"}],"wp:attachment":[{"href":"https:\/\/comunidadeemacao.com.br\/site\/wp-json\/wp\/v2\/media?parent=10478"}],"wp:term":[{"taxonomy":"category","embeddable":true,"href":"https:\/\/comunidadeemacao.com.br\/site\/wp-json\/wp\/v2\/categories?post=10478"},{"taxonomy":"post_tag","embeddable":true,"href":"https:\/\/comunidadeemacao.com.br\/site\/wp-json\/wp\/v2\/tags?post=10478"},{"taxonomy":"series","embeddable":true,"href":"https:\/\/comunidadeemacao.com.br\/site\/wp-json\/wp\/v2\/series?post=10478"}],"curies":[{"name":"wp","href":"https:\/\/api.w.org\/{rel}","templated":true}]}}