{"id":10475,"date":"2026-09-06T07:18:36","date_gmt":"2026-09-06T10:18:36","guid":{"rendered":"https:\/\/comunidadeemacao.com.br\/site\/?p=10475"},"modified":"2026-09-05T19:27:34","modified_gmt":"2026-09-05T22:27:34","slug":"vagas-no-sine-municipal-bh-tera-614-oportunidades-em-oito-processos-seletivos","status":"publish","type":"post","link":"https:\/\/comunidadeemacao.com.br\/site\/vagas-no-sine-municipal-bh-tera-614-oportunidades-em-oito-processos-seletivos\/","title":{"rendered":"Vagas no Sine Municipal: BH ter\u00e1 614 oportunidades em oito processos seletivos"},"content":{"rendered":"<h2><em>Vagas de emprego ser\u00e3o oferecidas entre 8 e 17 de setembro, com sal\u00e1rios de at\u00e9 R$ 2.921,15 e benef\u00edcios<\/em><\/h2>\n<p data-start=\"204\" data-end=\"562\">O <strong data-start=\"206\" data-end=\"242\">Sine Municipal de Belo Horizonte<\/strong> vai oferecer 614 oportunidades de inser\u00e7\u00e3o no mercado de trabalho entre os dias <strong data-start=\"323\" data-end=\"353\">8 e 17 de setembro de 2026<\/strong>. As vagas ser\u00e3o disponibilizadas em oito processos seletivos realizados nas unidades do Sine no <strong data-start=\"450\" data-end=\"464\">BH Resolve<\/strong> e no <strong data-start=\"470\" data-end=\"482\">Barreiro<\/strong>. A informa\u00e7\u00e3o foi divulgada pela Prefeitura de Belo Horizonte em 4 de setembro.<\/p>\n<p data-start=\"564\" data-end=\"736\">Entre os cargos previstos est\u00e3o <strong data-start=\"596\" data-end=\"735\">atendente de loja, frentista, vendedor, instalador de aparelhos de telecomunica\u00e7\u00f5es, operador de log\u00edstica e atendente de telemarketing<\/strong>.<\/p>\n<h3 data-section-id=\"x6fuc5\" data-start=\"738\" data-end=\"791\">Vagas no Sine Municipal t\u00eam diferentes exig\u00eancias<\/h3>\n<p data-start=\"793\" data-end=\"893\">De acordo com a Prefeitura, os sal\u00e1rios variam de <strong data-start=\"843\" data-end=\"872\">R$ 1.621,00 a R$ 2.921,15<\/strong>, al\u00e9m de benef\u00edcios.<\/p>\n<p data-start=\"895\" data-end=\"1121\">As oportunidades tamb\u00e9m apresentam diferentes requisitos de experi\u00eancia. H\u00e1 fun\u00e7\u00f5es que exigem <strong data-start=\"990\" data-end=\"1027\">tr\u00eas ou seis meses de experi\u00eancia<\/strong>, enquanto outras est\u00e3o dispon\u00edveis para candidatos que ainda n\u00e3o tenham experi\u00eancia no setor.<\/p>\n<p data-start=\"1123\" data-end=\"1241\">A escolaridade necess\u00e1ria varia conforme a fun\u00e7\u00e3o, indo do <strong data-start=\"1182\" data-end=\"1240\">ensino fundamental incompleto ao ensino m\u00e9dio completo<\/strong>.<\/p>\n<h3 data-section-id=\"1cm6zvv\" data-start=\"1243\" data-end=\"1285\">Documentos necess\u00e1rios para participar<\/h3>\n<p data-start=\"1287\" data-end=\"1522\">Para participar dos processos seletivos, os candidatos dever\u00e3o comparecer \u00e0s unidades do Sine Municipal levando <strong data-start=\"1399\" data-end=\"1438\">documento de identifica\u00e7\u00e3o com foto<\/strong> e a <strong data-start=\"1443\" data-end=\"1467\">Carteira de Trabalho<\/strong>, que pode ser apresentada na vers\u00e3o f\u00edsica ou digital.<\/p>\n<p data-start=\"1524\" data-end=\"1704\">O Sine do <strong data-start=\"1534\" data-end=\"1548\">BH Resolve<\/strong> funciona na <strong data-start=\"1561\" data-end=\"1625\">Avenida Santos Dumont, 363, no Hipercentro de Belo Horizonte<\/strong>. J\u00e1 a unidade do Barreiro est\u00e1 localizada na <strong data-start=\"1671\" data-end=\"1703\">Rua Bar\u00e3o de Coromandel, 982<\/strong>.<\/p>\n<p data-start=\"1706\" data-end=\"1832\">A rela\u00e7\u00e3o das vagas e os respectivos locais dos processos seletivos est\u00e1 dispon\u00edvel no <strong><a href=\"https:\/\/prefeitura.pbh.gov.br\/sites\/default\/files\/estrutura-de-governo\/comunicacao\/vagas-processos-seletivos-sine-8-a-17-09.pdf\" target=\"_blank\" rel=\"noopener nofollow\">portal da Prefeitura de Belo Horizonte<\/a><\/strong>.<\/p>\n<h3 data-section-id=\"jwdfwp\" data-start=\"1834\" data-end=\"1880\">Oportunidades de emprego em Belo Horizonte<\/h3>\n<p data-start=\"1882\" data-end=\"2241\">A programa\u00e7\u00e3o concentra, em duas semanas, 614 oportunidades distribu\u00eddas entre diferentes fun\u00e7\u00f5es, n\u00edveis de escolaridade e exig\u00eancias de experi\u00eancia. Para os candidatos, a diversidade dos requisitos permite que tanto trabalhadores com experi\u00eancia quanto pessoas que buscam uma oportunidade sem experi\u00eancia no setor encontrem vagas compat\u00edveis com seu perfil.<\/p>\n<p class=\"\" data-start=\"2243\" data-end=\"2342\">Os processos seletivos ocorrer\u00e3o entre <strong data-start=\"2282\" data-end=\"2304\">8 e 17 de setembro<\/strong>, nas duas unidades do Sine Municipal.<\/p>\n","protected":false},"excerpt":{"rendered":"Vagas de emprego ser\u00e3o oferecidas entre 8 e 17 de setembro, com sal\u00e1rios de at\u00e9 R$ 2.921,15 e benef\u00edcios O Sine Municipal de Belo Horizonte [&hellip;]","protected":false},"author":1,"featured_media":10476,"comment_status":"closed","ping_status":"closed","sticky":false,"template":"","format":"standard","meta":{"episode_type":"audio","audio_file":"","podmotor_file_id":"","podmotor_episode_id":"","cover_image":"","cover_image_id":"","duration":"","filesize":"","filesize_raw":"","date_recorded":"","explicit":"","block":"","_jetpack_newsletter_access":"","_jetpack_dont_email_post_to_subs":false,"_jetpack_newsletter_tier_id":0,"_jetpack_memberships_contains_paywalled_content":false,"_jetpack_feature_clip_id":0,"_jetpack_memberships_contains_paid_content":false,"footnotes":"","jetpack_post_was_ever_published":false},"categories":[54],"tags":[627,2937,2008],"series":[],"class_list":["post-10475","post","type-post","status-publish","format-standard","has-post-thumbnail","hentry","category-dia-a-dia","tag-jornaldebairro","tag-oportunidadesdeemprego","tag-comunidaadeemacao"],"episode_featured_image":"https:\/\/comunidadeemacao.com.br\/site\/wp-content\/uploads\/2026\/09\/carteira-de-trabalho-pbh-divulgacao.jpg","episode_player_image":"https:\/\/i0.wp.com\/comunidadeemacao.com.br\/site\/wp-content\/uploads\/2025\/07\/Logo-Fala-Zona-Norte-1400-pix1.jpg?fit=1400%2C1400&ssl=1","download_link":"","player_link":"","audio_player":false,"episode_data":{"playerMode":"light","subscribeUrls":{"youtube":{"key":"youtube","url":"","label":"YouTube","class":"youtube","icon":"youtube.png"}},"rssFeedUrl":"https:\/\/comunidadeemacao.com.br\/site\/feed\/podcast\/comunidade-em-acao","embedCode":"<blockquote class=\"wp-embedded-content\" data-secret=\"zlllkkkMli\"><a href=\"https:\/\/comunidadeemacao.com.br\/site\/vagas-no-sine-municipal-bh-tera-614-oportunidades-em-oito-processos-seletivos\/\">Vagas no Sine Municipal: BH ter\u00e1 614 oportunidades em oito processos seletivos<\/a><\/blockquote><iframe sandbox=\"allow-scripts\" security=\"restricted\" src=\"https:\/\/comunidadeemacao.com.br\/site\/vagas-no-sine-municipal-bh-tera-614-oportunidades-em-oito-processos-seletivos\/embed\/#?secret=zlllkkkMli\" width=\"500\" height=\"350\" title=\"&#8220;Vagas no Sine Municipal: BH ter\u00e1 614 oportunidades em oito processos seletivos&#8221; &#8212; COMUNIDADE EM A\u00c7\u00c3O\" data-secret=\"zlllkkkMli\" frameborder=\"0\" marginwidth=\"0\" marginheight=\"0\" scrolling=\"no\" class=\"wp-embedded-content\"><\/iframe><script>\n\/*! This file is auto-generated *\/\n!function(d,l){\"use strict\";l.querySelector&&d.addEventListener&&\"undefined\"!=typeof URL&&(d.wp=d.wp||{},d.wp.receiveEmbedMessage||(d.wp.receiveEmbedMessage=function(e){var t=e.data;if((t||t.secret||t.message||t.value)&&!\/[^a-zA-Z0-9]\/.test(t.secret)){for(var s,r,n,a=l.querySelectorAll('iframe[data-secret=\"'+t.secret+'\"]'),o=l.querySelectorAll('blockquote[data-secret=\"'+t.secret+'\"]'),c=new RegExp(\"^https?:$\",\"i\"),i=0;i<o.length;i++)o[i].style.display=\"none\";for(i=0;i<a.length;i++)s=a[i],e.source===s.contentWindow&&(s.removeAttribute(\"style\"),\"height\"===t.message?(1e3<(r=parseInt(t.value,10))?r=1e3:~~r<200&&(r=200),s.height=r):\"link\"===t.message&&(r=new URL(s.getAttribute(\"src\")),n=new URL(t.value),c.test(n.protocol))&&n.host===r.host&&l.activeElement===s&&(d.top.location.href=t.value))}},d.addEventListener(\"message\",d.wp.receiveEmbedMessage,!1),l.addEventListener(\"DOMContentLoaded\",function(){for(var e,t,s=l.querySelectorAll(\"iframe.wp-embedded-content\"),r=0;r<s.length;r++)(t=(e=s[r]).getAttribute(\"data-secret\"))||(t=Math.random().toString(36).substring(2,12),e.src+=\"#?secret=\"+t,e.setAttribute(\"data-secret\",t)),e.contentWindow.postMessage({message:\"ready\",secret:t},\"*\")},!1)))}(window,document);\n\/\/# sourceURL=https:\/\/comunidadeemacao.com.br\/site\/wp-includes\/js\/wp-embed.min.js\n<\/script>\n"},"jetpack_sharing_enabled":true,"jetpack_likes_enabled":true,"jetpack-related-posts":[{"id":10448,"url":"https:\/\/comunidadeemacao.com.br\/site\/cursos-gratuitos-de-gastronomia-abrem-60-vagas-em-bh-a-partir-do-dia-8\/","url_meta":{"origin":10475,"position":0},"title":"Cursos gratuitos de gastronomia abrem 60 vagas em BH a partir do dia 8","author":"Marcos Silva","date":"4 de setembro de 2026","format":false,"excerpt":"Trilhas da Gastronomia oferece treinamento gratuito em massas frescas, quitandas, bombons, trufas e bolos no pote A Prefeitura de Belo Horizonte abrir\u00e1, entre os dias 8 e 21 de setembro, as inscri\u00e7\u00f5es para tr\u00eas novos cursos gratuitos de gastronomia do programa Trilhas da Gastronomia. Ao todo, ser\u00e3o disponibilizadas 60 vagas,\u2026","rel":"","context":"Em &quot;Dicas &amp; Sugest\u00f5es&quot;","block_context":{"text":"Dicas &amp; Sugest\u00f5es","link":"https:\/\/comunidadeemacao.com.br\/site\/category\/dicas-sugestoes\/"},"img":{"alt_text":"Inscri\u00e7\u00f5es para cursos gratuitos de massas, quitandas e doces do Trilhas da Gastronomia","src":"https:\/\/i0.wp.com\/comunidadeemacao.com.br\/site\/wp-content\/uploads\/2026\/09\/captura-de-tela-2026-09-03-114938.jpg?fit=770%2C513&ssl=1&resize=350%2C200","width":350,"height":200,"srcset":"https:\/\/i0.wp.com\/comunidadeemacao.com.br\/site\/wp-content\/uploads\/2026\/09\/captura-de-tela-2026-09-03-114938.jpg?fit=770%2C513&ssl=1&resize=350%2C200 1x, https:\/\/i0.wp.com\/comunidadeemacao.com.br\/site\/wp-content\/uploads\/2026\/09\/captura-de-tela-2026-09-03-114938.jpg?fit=770%2C513&ssl=1&resize=525%2C300 1.5x, https:\/\/i0.wp.com\/comunidadeemacao.com.br\/site\/wp-content\/uploads\/2026\/09\/captura-de-tela-2026-09-03-114938.jpg?fit=770%2C513&ssl=1&resize=700%2C400 2x"},"classes":[]},{"id":10136,"url":"https:\/\/comunidadeemacao.com.br\/site\/curso-gratuito-de-marcenaria-oferece-40-vagas-em-bh\/","url_meta":{"origin":10475,"position":1},"title":"Curso gratuito de marcenaria oferece 40 vagas em BH","author":"Marcos Silva","date":"18 de agosto de 2026","format":false,"excerpt":"Inscri\u00e7\u00f5es ser\u00e3o presenciais nos dias 19 e 26 de agosto; aulas come\u00e7am em setembro A Prefeitura de Belo Horizonte (PBH), em parceria com a Associa\u00e7\u00e3o Comunit\u00e1ria de A\u00e7\u00e3o Social e Aprendizagem (Ascasa), abriu inscri\u00e7\u00f5es para 40 vagas no curso gratuito de marcenaria, chamado oficialmente de \u201cFabrica\u00e7\u00e3o de M\u00f3veis sob Encomenda\u201d.\u2026","rel":"","context":"Em &quot;Dicas &amp; Sugest\u00f5es&quot;","block_context":{"text":"Dicas &amp; Sugest\u00f5es","link":"https:\/\/comunidadeemacao.com.br\/site\/category\/dicas-sugestoes\/"},"img":{"alt_text":"40 vagas do curso gratuito de marcenaria","src":"https:\/\/i0.wp.com\/comunidadeemacao.com.br\/site\/wp-content\/uploads\/2026\/08\/marcenaria-2-divulgacao.jpg?fit=770%2C513&ssl=1&resize=350%2C200","width":350,"height":200,"srcset":"https:\/\/i0.wp.com\/comunidadeemacao.com.br\/site\/wp-content\/uploads\/2026\/08\/marcenaria-2-divulgacao.jpg?fit=770%2C513&ssl=1&resize=350%2C200 1x, https:\/\/i0.wp.com\/comunidadeemacao.com.br\/site\/wp-content\/uploads\/2026\/08\/marcenaria-2-divulgacao.jpg?fit=770%2C513&ssl=1&resize=525%2C300 1.5x, https:\/\/i0.wp.com\/comunidadeemacao.com.br\/site\/wp-content\/uploads\/2026\/08\/marcenaria-2-divulgacao.jpg?fit=770%2C513&ssl=1&resize=700%2C400 2x"},"classes":[]},{"id":3180,"url":"https:\/\/comunidadeemacao.com.br\/site\/cursos-gratuitos-de-barbearia-e-circuito-fechado-de-tv\/","url_meta":{"origin":10475,"position":2},"title":"Cursos gratuitos de Barbearia e Circuito Fechado de TV","author":"Marcos Silva","date":"17 de janeiro de 2023","format":false,"excerpt":"Est\u00e1 com a pr\u00e9-inscri\u00e7\u00e3o aberta para os cursos de Barbearia e Circuito Fechado de TV, ofertados pelo Programa Municipal de Qualifica\u00e7\u00e3o, Emprego e Renda (PMQER) gerenciado pela Prefeitura. Os interessados podem fazer o pr\u00e9-cadastro ser feito on-line ou presencialmente no Sine Barreiro, Sine Venda Nova e no BH Resolve at\u00e9\u2026","rel":"","context":"Em &quot;Cidade&quot;","block_context":{"text":"Cidade","link":"https:\/\/comunidadeemacao.com.br\/site\/category\/cidade\/"},"img":{"alt_text":"Curso gratuito de barbearia","src":"https:\/\/i0.wp.com\/comunidadeemacao.com.br\/site\/wp-content\/uploads\/2023\/01\/Curso-PBH.jpg?fit=770%2C420&ssl=1&resize=350%2C200","width":350,"height":200,"srcset":"https:\/\/i0.wp.com\/comunidadeemacao.com.br\/site\/wp-content\/uploads\/2023\/01\/Curso-PBH.jpg?fit=770%2C420&ssl=1&resize=350%2C200 1x, https:\/\/i0.wp.com\/comunidadeemacao.com.br\/site\/wp-content\/uploads\/2023\/01\/Curso-PBH.jpg?fit=770%2C420&ssl=1&resize=525%2C300 1.5x, https:\/\/i0.wp.com\/comunidadeemacao.com.br\/site\/wp-content\/uploads\/2023\/01\/Curso-PBH.jpg?fit=770%2C420&ssl=1&resize=700%2C400 2x"},"classes":[]},{"id":8971,"url":"https:\/\/comunidadeemacao.com.br\/site\/concurso-para-professores-em-bh-abre-112-vagas-com-salario-de-r-36-mil\/","url_meta":{"origin":10475,"position":3},"title":"Concurso para Professores em BH abre 112 vagas com sal\u00e1rio de R$ 3,6 mil","author":"Marcos Silva","date":"15 de junho de 2026","format":false,"excerpt":"A abertura de um novo concurso para professores da Rede Municipal de Educa\u00e7\u00e3o de Belo Horizonte foi oficializada pela administra\u00e7\u00e3o municipal por meio da publica\u00e7\u00e3o do Edital n\u00ba 01\/2026 no Di\u00e1rio Oficial do Munic\u00edpio (DOM). Ao todo, est\u00e3o sendo oferecidas 112 vagas para cargos efetivos de Professor Municipal, contemplando diferentes\u2026","rel":"","context":"Em &quot;Dia A Dia&quot;","block_context":{"text":"Dia A Dia","link":"https:\/\/comunidadeemacao.com.br\/site\/category\/dia-a-dia\/"},"img":{"alt_text":"Belo Horizonte abre concurso para professores com 112 vagas e inscri\u00e7\u00f5es gratuitas","src":"https:\/\/i0.wp.com\/comunidadeemacao.com.br\/site\/wp-content\/uploads\/2026\/06\/whatsapp-image-2026-03-18-at-16.45.06-3_0.jpg?fit=770%2C420&ssl=1&resize=350%2C200","width":350,"height":200,"srcset":"https:\/\/i0.wp.com\/comunidadeemacao.com.br\/site\/wp-content\/uploads\/2026\/06\/whatsapp-image-2026-03-18-at-16.45.06-3_0.jpg?fit=770%2C420&ssl=1&resize=350%2C200 1x, https:\/\/i0.wp.com\/comunidadeemacao.com.br\/site\/wp-content\/uploads\/2026\/06\/whatsapp-image-2026-03-18-at-16.45.06-3_0.jpg?fit=770%2C420&ssl=1&resize=525%2C300 1.5x, https:\/\/i0.wp.com\/comunidadeemacao.com.br\/site\/wp-content\/uploads\/2026\/06\/whatsapp-image-2026-03-18-at-16.45.06-3_0.jpg?fit=770%2C420&ssl=1&resize=700%2C400 2x"},"classes":[]},{"id":9041,"url":"https:\/\/comunidadeemacao.com.br\/site\/copa-centenario-tupinambas-x-tupinense-marca-rodada-sub-17-em-bh\/","url_meta":{"origin":10475,"position":4},"title":"Copa Centen\u00e1rio: Tupinamb\u00e1s x Tupinense marca rodada Sub-17 em BH","author":"Marcos Silva","date":"20 de junho de 2026","format":false,"excerpt":"Copa Centen\u00e1rio Sub-17 e Seletiva Masculina 2026 movimentam Belo Horizonte com 30 jogos no fim de semana A Copa Centen\u00e1rio Sub-17 e Seletiva Masculina 2026, ser\u00e1 realizada neste fim de semana em Belo Horizonte, reunindo equipes de v\u00e1rias comunidades da capital em uma extensa programa\u00e7\u00e3o esportiva. Ao todo, ser\u00e3o 30\u2026","rel":"","context":"Em &quot;Not\u00edcias&quot;","block_context":{"text":"Not\u00edcias","link":"https:\/\/comunidadeemacao.com.br\/site\/category\/noticiasdacomunidaede\/"},"img":{"alt_text":"Copa Centen\u00e1rio tem rodada da Seletiva e sequ\u00eancia do Sub-17 neste fim de semana","src":"https:\/\/i0.wp.com\/comunidadeemacao.com.br\/site\/wp-content\/uploads\/2026\/06\/final-master-50-14.jpg?fit=770%2C420&ssl=1&resize=350%2C200","width":350,"height":200,"srcset":"https:\/\/i0.wp.com\/comunidadeemacao.com.br\/site\/wp-content\/uploads\/2026\/06\/final-master-50-14.jpg?fit=770%2C420&ssl=1&resize=350%2C200 1x, https:\/\/i0.wp.com\/comunidadeemacao.com.br\/site\/wp-content\/uploads\/2026\/06\/final-master-50-14.jpg?fit=770%2C420&ssl=1&resize=525%2C300 1.5x, https:\/\/i0.wp.com\/comunidadeemacao.com.br\/site\/wp-content\/uploads\/2026\/06\/final-master-50-14.jpg?fit=770%2C420&ssl=1&resize=700%2C400 2x"},"classes":[]},{"id":8289,"url":"https:\/\/comunidadeemacao.com.br\/site\/aberta-inscricoes-para-cursos-gratuitos-de-gastronomia-com-60-vagas\/","url_meta":{"origin":10475,"position":5},"title":"Aberta inscri\u00e7\u00f5es para cursos gratuitos de gastronomia com 60 vagas","author":"Marcos Silva","date":"2 de maio de 2026","format":false,"excerpt":"Programa Trilhas da Gastronomia oferece cursos de culin\u00e1ria vegetariana, panifica\u00e7\u00e3o e salgados em BH A Prefeitura de Belo Horizonte (PBH) abriu inscri\u00e7\u00f5es para cursos gratuitos de qualifica\u00e7\u00e3o profissional na \u00e1rea gastron\u00f4mica por meio do Programa Trilhas da Gastronomia. Ao todo, s\u00e3o oferecidas 60 vagas distribu\u00eddas entre tr\u00eas forma\u00e7\u00f5es: culin\u00e1ria vegetariana\u2026","rel":"","context":"Em &quot;Dicas &amp; Sugest\u00f5es&quot;","block_context":{"text":"Dicas &amp; Sugest\u00f5es","link":"https:\/\/comunidadeemacao.com.br\/site\/category\/dicas-sugestoes\/"},"img":{"alt_text":"trilhas-da-gastronomia-divulgacao","src":"https:\/\/i0.wp.com\/comunidadeemacao.com.br\/site\/wp-content\/uploads\/2026\/05\/trilhas-da-gastronomia-divulgacao.jpg?fit=770%2C420&ssl=1&resize=350%2C200","width":350,"height":200,"srcset":"https:\/\/i0.wp.com\/comunidadeemacao.com.br\/site\/wp-content\/uploads\/2026\/05\/trilhas-da-gastronomia-divulgacao.jpg?fit=770%2C420&ssl=1&resize=350%2C200 1x, https:\/\/i0.wp.com\/comunidadeemacao.com.br\/site\/wp-content\/uploads\/2026\/05\/trilhas-da-gastronomia-divulgacao.jpg?fit=770%2C420&ssl=1&resize=525%2C300 1.5x, https:\/\/i0.wp.com\/comunidadeemacao.com.br\/site\/wp-content\/uploads\/2026\/05\/trilhas-da-gastronomia-divulgacao.jpg?fit=770%2C420&ssl=1&resize=700%2C400 2x"},"classes":[]}],"jetpack_featured_media_url":"https:\/\/i0.wp.com\/comunidadeemacao.com.br\/site\/wp-content\/uploads\/2026\/09\/carteira-de-trabalho-pbh-divulgacao.jpg?fit=770%2C513&ssl=1","_links":{"self":[{"href":"https:\/\/comunidadeemacao.com.br\/site\/wp-json\/wp\/v2\/posts\/10475","targetHints":{"allow":["GET"]}}],"collection":[{"href":"https:\/\/comunidadeemacao.com.br\/site\/wp-json\/wp\/v2\/posts"}],"about":[{"href":"https:\/\/comunidadeemacao.com.br\/site\/wp-json\/wp\/v2\/types\/post"}],"author":[{"embeddable":true,"href":"https:\/\/comunidadeemacao.com.br\/site\/wp-json\/wp\/v2\/users\/1"}],"replies":[{"embeddable":true,"href":"https:\/\/comunidadeemacao.com.br\/site\/wp-json\/wp\/v2\/comments?post=10475"}],"version-history":[{"count":1,"href":"https:\/\/comunidadeemacao.com.br\/site\/wp-json\/wp\/v2\/posts\/10475\/revisions"}],"predecessor-version":[{"id":10477,"href":"https:\/\/comunidadeemacao.com.br\/site\/wp-json\/wp\/v2\/posts\/10475\/revisions\/10477"}],"wp:featuredmedia":[{"embeddable":true,"href":"https:\/\/comunidadeemacao.com.br\/site\/wp-json\/wp\/v2\/media\/10476"}],"wp:attachment":[{"href":"https:\/\/comunidadeemacao.com.br\/site\/wp-json\/wp\/v2\/media?parent=10475"}],"wp:term":[{"taxonomy":"category","embeddable":true,"href":"https:\/\/comunidadeemacao.com.br\/site\/wp-json\/wp\/v2\/categories?post=10475"},{"taxonomy":"post_tag","embeddable":true,"href":"https:\/\/comunidadeemacao.com.br\/site\/wp-json\/wp\/v2\/tags?post=10475"},{"taxonomy":"series","embeddable":true,"href":"https:\/\/comunidadeemacao.com.br\/site\/wp-json\/wp\/v2\/series?post=10475"}],"curies":[{"name":"wp","href":"https:\/\/api.w.org\/{rel}","templated":true}]}}