{"id":10472,"date":"2026-09-06T07:00:25","date_gmt":"2026-09-06T10:00:25","guid":{"rendered":"https:\/\/comunidadeemacao.com.br\/site\/?p=10472"},"modified":"2026-09-05T19:16:53","modified_gmt":"2026-09-05T22:16:53","slug":"sus-amplia-oferta-de-tromboliticos-para-infarto-e-avc-isquemico-em-todo-o-pais","status":"publish","type":"post","link":"https:\/\/comunidadeemacao.com.br\/site\/sus-amplia-oferta-de-tromboliticos-para-infarto-e-avc-isquemico-em-todo-o-pais\/","title":{"rendered":"SUS amplia oferta de trombol\u00edticos para infarto e AVC isqu\u00eamico em todo o pa\u00eds"},"content":{"rendered":"<h2 class=\"isSelectedEnd\"><em>Nova medida amplia o acesso a medicamentos nas UPAs e no Samu 192 para casos de emerg\u00eancia cardiovascular e cerebral<\/em><\/h2>\n<p class=\"isSelectedEnd\">O <strong>Sistema \u00danico de Sa\u00fade (SUS)<\/strong>\u00a0vai ampliar a oferta de &lt;strong&gt;trombol\u00edticos&lt;\/strong&gt; na rede p\u00fablica de urg\u00eancia e emerg\u00eancia, incluindo Unidades de Pronto Atendimento (UPAs) e o Servi\u00e7o de Atendimento M\u00f3vel de Urg\u00eancia (Samu 192). A medida foi formalizada nesta quarta-feira (2), com a san\u00e7\u00e3o da Lei n\u00ba 5.972\/2023, e busca aumentar o acesso ao tratamento de pacientes com infarto agudo do mioc\u00e1rdio (IAM) e AVC isqu\u00eamico.<\/p>\n<p class=\"isSelectedEnd\">Os trombol\u00edticos s\u00e3o medicamentos utilizados, conforme avalia\u00e7\u00e3o cl\u00ednica, para dissolver co\u00e1gulos que bloqueiam vasos sangu\u00edneos do cora\u00e7\u00e3o ou do c\u00e9rebro. Com a desobstru\u00e7\u00e3o, o objetivo \u00e9 restabelecer a circula\u00e7\u00e3o sangu\u00ednea.<\/p>\n<h2 class=\"isSelectedEnd\">Rapidez no atendimento \u00e9 determinante<\/h2>\n<p class=\"isSelectedEnd\">Segundo o ministro da Sa\u00fade, Alexandre Padilha, o diagn\u00f3stico r\u00e1pido e o in\u00edcio imediato da terapia aumentam as chances de sobreviv\u00eancia e reduzem o risco de sequelas.<\/p>\n<p class=\"isSelectedEnd\">Nos casos de &lt;strong&gt;infarto&lt;\/strong&gt;, o trombol\u00edtico pode ser indicado principalmente quando procedimentos de maior complexidade, como a angioplastia, n\u00e3o est\u00e3o dispon\u00edveis dentro do tempo recomendado. Dessa forma, o medicamento pode ser administrado enquanto a continuidade do atendimento \u00e9 organizada na rede de sa\u00fade.<\/p>\n<h2 class=\"isSelectedEnd\">Comit\u00ea vai acompanhar implementa\u00e7\u00e3o<\/h2>\n<p class=\"isSelectedEnd\">Embora o SUS j\u00e1 possua protocolos para diagn\u00f3stico e tratamento do infarto e do AVC, a aquisi\u00e7\u00e3o dos trombol\u00edticos \u00e9 atualmente realizada pelos gestores locais de sa\u00fade.<\/p>\n<p class=\"isSelectedEnd\">Para ampliar a disponibilidade dos medicamentos, o Minist\u00e9rio da Sa\u00fade criou um comit\u00ea destinado a acompanhar a implementa\u00e7\u00e3o das linhas de cuidado para doen\u00e7as cerebrovasculares e cardiovasculares tempo-dependentes.<\/p>\n<p class=\"isSelectedEnd\">O grupo dever\u00e1 analisar e propor a\u00e7\u00f5es para ampliar o acesso aos medicamentos e qualificar a assist\u00eancia prestada aos pacientes em todo o pa\u00eds.<\/p>\n<h2 class=\"isSelectedEnd\">N\u00fameros mostram dimens\u00e3o dos atendimentos<\/h2>\n<p class=\"isSelectedEnd\">O Brasil registra entre &lt;strong&gt;300 mil e 400 mil casos de infarto por ano&lt;\/strong&gt;. Em 2025, o SUS contabilizou 292 mil atendimentos por AVC, sendo 218 mil relacionados ao AVC isqu\u00eamico.<\/p>\n<p class=\"isSelectedEnd\">Nas UPAs, as equipes podem realizar o diagn\u00f3stico, avaliar a indica\u00e7\u00e3o cl\u00ednica e iniciar, quando necess\u00e1rio, o tratamento com trombol\u00edticos para infarto e AVC isqu\u00eamico.<\/p>\n<p class=\"isSelectedEnd\">No Samu 192, o medicamento pode ser administrado ap\u00f3s avalia\u00e7\u00e3o da equipe de sa\u00fade nas unidades de Suporte Avan\u00e7ado de Vida habilitadas. Atualmente, 102 unidades est\u00e3o habilitadas para esse tipo de assist\u00eancia.<\/p>\n<p class=\"isSelectedEnd\">Minas Gerais possui 22 unidades habilitadas, ficando atr\u00e1s apenas do Cear\u00e1, que tem 28. Tamb\u00e9m h\u00e1 unidades no Sergipe, Rio Grande do Norte, Bahia, S\u00e3o Paulo e Para\u00edba.<\/p>\n<p class=\"isSelectedEnd\">Em 2025, foram registradas &lt;strong&gt;861 aplica\u00e7\u00f5es de trombol\u00edticos pelo Samu 192&lt;\/strong&gt; em todo o pa\u00eds.<\/p>\n<h2 class=\"isSelectedEnd\">Impacto esperado no atendimento<\/h2>\n<p class=\"isSelectedEnd\">A amplia\u00e7\u00e3o da oferta refor\u00e7a a import\u00e2ncia do atendimento r\u00e1pido em situa\u00e7\u00f5es nas quais cada minuto pode influenciar o desfecho cl\u00ednico. Segundo o ministro da Sa\u00fade, experi\u00eancias acompanhadas pela pasta indicam possibilidade de redu\u00e7\u00e3o de at\u00e9 50% dos \u00f3bitos por infarto com o uso de trombol\u00edticos.<\/p>\n<p>A medida busca, portanto, ampliar a capacidade da rede p\u00fablica de responder a casos de infarto e AVC isqu\u00eamico, especialmente nos servi\u00e7os de urg\u00eancia e emerg\u00eancia.<\/p>\n","protected":false},"excerpt":{"rendered":"Nova medida amplia o acesso a medicamentos nas UPAs e no Samu 192 para casos de emerg\u00eancia cardiovascular e cerebral O Sistema \u00danico de Sa\u00fade [&hellip;]","protected":false},"author":1,"featured_media":10473,"comment_status":"closed","ping_status":"closed","sticky":false,"template":"","format":"standard","meta":{"episode_type":"audio","audio_file":"","podmotor_file_id":"","podmotor_episode_id":"","cover_image":"","cover_image_id":"","duration":"","filesize":"","filesize_raw":"","date_recorded":"","explicit":"","block":"","_jetpack_newsletter_access":"","_jetpack_dont_email_post_to_subs":false,"_jetpack_newsletter_tier_id":0,"_jetpack_memberships_contains_paywalled_content":false,"_jetpack_feature_clip_id":0,"_jetpack_memberships_contains_paid_content":false,"footnotes":"","jetpack_post_was_ever_published":false},"categories":[114],"tags":[374,627,2936],"series":[],"class_list":["post-10472","post","type-post","status-publish","format-standard","has-post-thumbnail","hentry","category-saude","tag-comunidadeemacao","tag-jornaldebairro","tag-susampliaofertadetromboliticos"],"episode_featured_image":"https:\/\/comunidadeemacao.com.br\/site\/wp-content\/uploads\/2026\/09\/03.02.2017_mcmag-0083.webp","episode_player_image":"https:\/\/i0.wp.com\/comunidadeemacao.com.br\/site\/wp-content\/uploads\/2025\/07\/Logo-Fala-Zona-Norte-1400-pix1.jpg?fit=1400%2C1400&ssl=1","download_link":"","player_link":"","audio_player":false,"episode_data":{"playerMode":"light","subscribeUrls":{"youtube":{"key":"youtube","url":"","label":"YouTube","class":"youtube","icon":"youtube.png"}},"rssFeedUrl":"https:\/\/comunidadeemacao.com.br\/site\/feed\/podcast\/comunidade-em-acao","embedCode":"<blockquote class=\"wp-embedded-content\" data-secret=\"UWvUaY0bXX\"><a href=\"https:\/\/comunidadeemacao.com.br\/site\/sus-amplia-oferta-de-tromboliticos-para-infarto-e-avc-isquemico-em-todo-o-pais\/\">SUS amplia oferta de trombol\u00edticos para infarto e AVC isqu\u00eamico em todo o pa\u00eds<\/a><\/blockquote><iframe sandbox=\"allow-scripts\" security=\"restricted\" src=\"https:\/\/comunidadeemacao.com.br\/site\/sus-amplia-oferta-de-tromboliticos-para-infarto-e-avc-isquemico-em-todo-o-pais\/embed\/#?secret=UWvUaY0bXX\" width=\"500\" height=\"350\" title=\"&#8220;SUS amplia oferta de trombol\u00edticos para infarto e AVC isqu\u00eamico em todo o pa\u00eds&#8221; &#8212; COMUNIDADE EM A\u00c7\u00c3O\" data-secret=\"UWvUaY0bXX\" frameborder=\"0\" marginwidth=\"0\" marginheight=\"0\" scrolling=\"no\" class=\"wp-embedded-content\"><\/iframe><script>\n\/*! This file is auto-generated *\/\n!function(d,l){\"use strict\";l.querySelector&&d.addEventListener&&\"undefined\"!=typeof URL&&(d.wp=d.wp||{},d.wp.receiveEmbedMessage||(d.wp.receiveEmbedMessage=function(e){var t=e.data;if((t||t.secret||t.message||t.value)&&!\/[^a-zA-Z0-9]\/.test(t.secret)){for(var s,r,n,a=l.querySelectorAll('iframe[data-secret=\"'+t.secret+'\"]'),o=l.querySelectorAll('blockquote[data-secret=\"'+t.secret+'\"]'),c=new RegExp(\"^https?:$\",\"i\"),i=0;i<o.length;i++)o[i].style.display=\"none\";for(i=0;i<a.length;i++)s=a[i],e.source===s.contentWindow&&(s.removeAttribute(\"style\"),\"height\"===t.message?(1e3<(r=parseInt(t.value,10))?r=1e3:~~r<200&&(r=200),s.height=r):\"link\"===t.message&&(r=new URL(s.getAttribute(\"src\")),n=new URL(t.value),c.test(n.protocol))&&n.host===r.host&&l.activeElement===s&&(d.top.location.href=t.value))}},d.addEventListener(\"message\",d.wp.receiveEmbedMessage,!1),l.addEventListener(\"DOMContentLoaded\",function(){for(var e,t,s=l.querySelectorAll(\"iframe.wp-embedded-content\"),r=0;r<s.length;r++)(t=(e=s[r]).getAttribute(\"data-secret\"))||(t=Math.random().toString(36).substring(2,12),e.src+=\"#?secret=\"+t,e.setAttribute(\"data-secret\",t)),e.contentWindow.postMessage({message:\"ready\",secret:t},\"*\")},!1)))}(window,document);\n\/\/# sourceURL=https:\/\/comunidadeemacao.com.br\/site\/wp-includes\/js\/wp-embed.min.js\n<\/script>\n"},"jetpack_sharing_enabled":true,"jetpack_likes_enabled":true,"jetpack-related-posts":[{"id":7961,"url":"https:\/\/comunidadeemacao.com.br\/site\/belo-horizonte-decreta-emergencia-por-doencas-respiratorias-e-reforca-rede-de-saude\/","url_meta":{"origin":10472,"position":0},"title":"Belo Horizonte decreta emerg\u00eancia por doen\u00e7as respirat\u00f3rias e refor\u00e7a rede de sa\u00fade","author":"Marcos Silva","date":"11 de abril de 2026","format":false,"excerpt":"Medida da Prefeitura amplia estrutura da rede SUS-BH diante do aumento de atendimentos por doen\u00e7as respirat\u00f3rias e da previs\u00e3o de pico de casos nas pr\u00f3ximas semanas A Prefeitura de Belo Horizonte decretou nesta sexta-feira (10) situa\u00e7\u00e3o de emerg\u00eancia em sa\u00fade p\u00fablica em raz\u00e3o do aumento de casos de doen\u00e7as respirat\u00f3rias\u2026","rel":"","context":"Em &quot;Sa\u00fade&quot;","block_context":{"text":"Sa\u00fade","link":"https:\/\/comunidadeemacao.com.br\/site\/category\/noticiasdacomunidaede\/saude\/"},"img":{"alt_text":"Belo Horizonte decreta situa\u00e7\u00e3o de emerg\u00eancia e amplia prepara\u00e7\u00e3o da rede para doen\u00e7as respirat\u00f3rias","src":"https:\/\/i0.wp.com\/comunidadeemacao.com.br\/site\/wp-content\/uploads\/2026\/04\/captura-de-tela-2026-04-09-130527_3.jpg?fit=770%2C420&ssl=1&resize=350%2C200","width":350,"height":200,"srcset":"https:\/\/i0.wp.com\/comunidadeemacao.com.br\/site\/wp-content\/uploads\/2026\/04\/captura-de-tela-2026-04-09-130527_3.jpg?fit=770%2C420&ssl=1&resize=350%2C200 1x, https:\/\/i0.wp.com\/comunidadeemacao.com.br\/site\/wp-content\/uploads\/2026\/04\/captura-de-tela-2026-04-09-130527_3.jpg?fit=770%2C420&ssl=1&resize=525%2C300 1.5x, https:\/\/i0.wp.com\/comunidadeemacao.com.br\/site\/wp-content\/uploads\/2026\/04\/captura-de-tela-2026-04-09-130527_3.jpg?fit=770%2C420&ssl=1&resize=700%2C400 2x"},"classes":[]},{"id":10099,"url":"https:\/\/comunidadeemacao.com.br\/site\/inovadora-pesquisa-com-polipilula-brasileira-busca-voluntarios-para-prevenir-avc\/","url_meta":{"origin":10472,"position":1},"title":"Inovadora Pesquisa com Polip\u00edlula Brasileira Busca Volunt\u00e1rios para Prevenir AVC","author":"Marcos Silva","date":"16 de agosto de 2026","format":false,"excerpt":"Recrutamento de Volunt\u00e1rios para Estudo Revolucion\u00e1rio Pesquisadores brasileiros est\u00e3o em busca de volunt\u00e1rios para participarem de uma pesquisa inovadora, que promete revolucionar a preven\u00e7\u00e3o de acidentes vasculares cerebrais (AVC) e outras doen\u00e7as cardiovasculares. A pesquisa \u00e9 conduzida pelo Hospital Moinhos de Vento, em Porto Alegre, em colabora\u00e7\u00e3o com o Minist\u00e9rio\u2026","rel":"","context":"Em &quot;Sa\u00fade&quot;","block_context":{"text":"Sa\u00fade","link":"https:\/\/comunidadeemacao.com.br\/site\/category\/noticiasdacomunidaede\/saude\/"},"img":{"alt_text":"Participantes receber\u00e3o acompanhamento por at\u00e9 quatro anos","src":"https:\/\/i0.wp.com\/comunidadeemacao.com.br\/site\/wp-content\/uploads\/2026\/08\/pressao_alta_2.webp?fit=1170%2C700&ssl=1&resize=350%2C200","width":350,"height":200,"srcset":"https:\/\/i0.wp.com\/comunidadeemacao.com.br\/site\/wp-content\/uploads\/2026\/08\/pressao_alta_2.webp?fit=1170%2C700&ssl=1&resize=350%2C200 1x, https:\/\/i0.wp.com\/comunidadeemacao.com.br\/site\/wp-content\/uploads\/2026\/08\/pressao_alta_2.webp?fit=1170%2C700&ssl=1&resize=525%2C300 1.5x, https:\/\/i0.wp.com\/comunidadeemacao.com.br\/site\/wp-content\/uploads\/2026\/08\/pressao_alta_2.webp?fit=1170%2C700&ssl=1&resize=700%2C400 2x, https:\/\/i0.wp.com\/comunidadeemacao.com.br\/site\/wp-content\/uploads\/2026\/08\/pressao_alta_2.webp?fit=1170%2C700&ssl=1&resize=1050%2C600 3x"},"classes":[]},{"id":10296,"url":"https:\/\/comunidadeemacao.com.br\/site\/pbh-e-questionada-sobre-ausencia-de-assistentes-sociais-nas-upas-a-noite\/","url_meta":{"origin":10472,"position":2},"title":"PBH \u00e9 questionada sobre aus\u00eancia de assistentes sociais nas UPAs \u00e0 noite","author":"Marcos Silva","date":"27 de agosto de 2026","format":false,"excerpt":"A import\u00e2ncia do Servi\u00e7o Social no atendimento de sa\u00fade A presen\u00e7a de assistentes sociais em unidades de sa\u00fade \u00e9 crucial para garantir um atendimento humanizado e integral, especialmente para pessoas em situa\u00e7\u00e3o de vulnerabilidade social. Esses profissionais s\u00e3o respons\u00e1veis por identificar e compreender os contextos sociais que afetam a sa\u00fade\u2026","rel":"","context":"Em &quot;Dia A Dia&quot;","block_context":{"text":"Dia A Dia","link":"https:\/\/comunidadeemacao.com.br\/site\/category\/dia-a-dia\/"},"img":{"alt_text":"Upa Norte MS","src":"https:\/\/i0.wp.com\/comunidadeemacao.com.br\/site\/wp-content\/uploads\/2023\/04\/Upa-Norte-MS.jpeg?fit=1200%2C675&ssl=1&resize=350%2C200","width":350,"height":200,"srcset":"https:\/\/i0.wp.com\/comunidadeemacao.com.br\/site\/wp-content\/uploads\/2023\/04\/Upa-Norte-MS.jpeg?fit=1200%2C675&ssl=1&resize=350%2C200 1x, https:\/\/i0.wp.com\/comunidadeemacao.com.br\/site\/wp-content\/uploads\/2023\/04\/Upa-Norte-MS.jpeg?fit=1200%2C675&ssl=1&resize=525%2C300 1.5x, https:\/\/i0.wp.com\/comunidadeemacao.com.br\/site\/wp-content\/uploads\/2023\/04\/Upa-Norte-MS.jpeg?fit=1200%2C675&ssl=1&resize=700%2C400 2x, https:\/\/i0.wp.com\/comunidadeemacao.com.br\/site\/wp-content\/uploads\/2023\/04\/Upa-Norte-MS.jpeg?fit=1200%2C675&ssl=1&resize=1050%2C600 3x"},"classes":[]},{"id":4189,"url":"https:\/\/comunidadeemacao.com.br\/site\/regiao-norte-tera-dois-centros-de-saude-abertos-no-fim-de-semana\/","url_meta":{"origin":10472,"position":3},"title":"Regi\u00e3o Norte ter\u00e1 dois centros de sa\u00fade abertos no fim de semana","author":"Marcos Silva","date":"23 de fevereiro de 2024","format":false,"excerpt":"Com aumento da dengue, PBH amplia atendimento para pacientes com sintomas de chikungunya e zika. Treze postos estar\u00e3o dispon\u00edveis para os usu\u00e1rios \u00a0 Os centros de sa\u00fade Aar\u00e3o Reis e Floramar, na regi\u00e3o Norte, estar\u00e3o abertos no s\u00e1bado (24) e domingo (25). Al\u00e9m destes, a Prefeitura de Belo Horizonte abrir\u00e1\u2026","rel":"","context":"Em &quot;Cidade&quot;","block_context":{"text":"Cidade","link":"https:\/\/comunidadeemacao.com.br\/site\/category\/cidade\/"},"img":{"alt_text":"Centro de Sa\u00fade Aar\u00e3o Reis","src":"https:\/\/i0.wp.com\/comunidadeemacao.com.br\/site\/wp-content\/uploads\/2024\/01\/Centro-de-Saude-Aarao-Reis.jpg?fit=820%2C615&ssl=1&resize=350%2C200","width":350,"height":200,"srcset":"https:\/\/i0.wp.com\/comunidadeemacao.com.br\/site\/wp-content\/uploads\/2024\/01\/Centro-de-Saude-Aarao-Reis.jpg?fit=820%2C615&ssl=1&resize=350%2C200 1x, https:\/\/i0.wp.com\/comunidadeemacao.com.br\/site\/wp-content\/uploads\/2024\/01\/Centro-de-Saude-Aarao-Reis.jpg?fit=820%2C615&ssl=1&resize=525%2C300 1.5x, https:\/\/i0.wp.com\/comunidadeemacao.com.br\/site\/wp-content\/uploads\/2024\/01\/Centro-de-Saude-Aarao-Reis.jpg?fit=820%2C615&ssl=1&resize=700%2C400 2x"},"classes":[]},{"id":8691,"url":"https:\/\/comunidadeemacao.com.br\/site\/defeitos-em-calcadas-geram-medo-de-quedas-entre-idosos-revela-estudo\/","url_meta":{"origin":10472,"position":4},"title":"Defeitos em cal\u00e7adas geram medo de quedas entre idosos, revela estudo","author":"Marcos Silva","date":"30 de maio de 2026","format":false,"excerpt":"Preocupa\u00e7\u00e3o crescente com a infraestrutura urbana Cerca de 42% dos idosos que vivem em \u00e1reas urbanas no Brasil relatam um receio constante de sofrer quedas devido a problemas estruturais em cal\u00e7adas, passeios ou vias p\u00fablicas pr\u00f3ximas de suas resid\u00eancias. A situa\u00e7\u00e3o \u00e9 ainda mais alarmante entre as mulheres, cujo \u00edndice\u2026","rel":"","context":"Em &quot;Cidade&quot;","block_context":{"text":"Cidade","link":"https:\/\/comunidadeemacao.com.br\/site\/category\/cidade\/"},"img":{"alt_text":"Receio \u00e9 maior entre as mulheres cujo \u00edndice chega a 50,5%","src":"https:\/\/i0.wp.com\/comunidadeemacao.com.br\/site\/wp-content\/uploads\/2026\/05\/economia-idosos-mc_abr_18042026-1.webp?fit=1170%2C700&ssl=1&resize=350%2C200","width":350,"height":200,"srcset":"https:\/\/i0.wp.com\/comunidadeemacao.com.br\/site\/wp-content\/uploads\/2026\/05\/economia-idosos-mc_abr_18042026-1.webp?fit=1170%2C700&ssl=1&resize=350%2C200 1x, https:\/\/i0.wp.com\/comunidadeemacao.com.br\/site\/wp-content\/uploads\/2026\/05\/economia-idosos-mc_abr_18042026-1.webp?fit=1170%2C700&ssl=1&resize=525%2C300 1.5x, https:\/\/i0.wp.com\/comunidadeemacao.com.br\/site\/wp-content\/uploads\/2026\/05\/economia-idosos-mc_abr_18042026-1.webp?fit=1170%2C700&ssl=1&resize=700%2C400 2x, https:\/\/i0.wp.com\/comunidadeemacao.com.br\/site\/wp-content\/uploads\/2026\/05\/economia-idosos-mc_abr_18042026-1.webp?fit=1170%2C700&ssl=1&resize=1050%2C600 3x"},"classes":[]},{"id":9115,"url":"https:\/\/comunidadeemacao.com.br\/site\/teleconsultas-da-sus-bh-ampliam-atendimento-a-doencas-respiratorias-no-inverno\/","url_meta":{"origin":10472,"position":5},"title":"Teleconsultas da SUS-BH ampliam atendimento a doen\u00e7as respirat\u00f3rias no inverno","author":"Marcos Silva","date":"25 de junho de 2026","format":false,"excerpt":"Servi\u00e7o remoto da rede SUS-BH registra aumento na procura durante per\u00edodo de maior circula\u00e7\u00e3o de v\u00edrus respirat\u00f3rios e amplia hor\u00e1rio de funcionamento Com a chegada do inverno e o aumento dos casos de doen\u00e7as respirat\u00f3rias, as teleconsultas da rede SUS-BH t\u00eam se consolidado como uma alternativa para moradores de Belo\u2026","rel":"","context":"Em &quot;Not\u00edcias&quot;","block_context":{"text":"Not\u00edcias","link":"https:\/\/comunidadeemacao.com.br\/site\/category\/noticiasdacomunidaede\/"},"img":{"alt_text":"Teleconsultas refor\u00e7am o atendimento a casos de doen\u00e7as respirat\u00f3rias leves no inverno","src":"https:\/\/i0.wp.com\/comunidadeemacao.com.br\/site\/wp-content\/uploads\/2026\/06\/foto-aline-resende-1.jpg?fit=770%2C420&ssl=1&resize=350%2C200","width":350,"height":200,"srcset":"https:\/\/i0.wp.com\/comunidadeemacao.com.br\/site\/wp-content\/uploads\/2026\/06\/foto-aline-resende-1.jpg?fit=770%2C420&ssl=1&resize=350%2C200 1x, https:\/\/i0.wp.com\/comunidadeemacao.com.br\/site\/wp-content\/uploads\/2026\/06\/foto-aline-resende-1.jpg?fit=770%2C420&ssl=1&resize=525%2C300 1.5x, https:\/\/i0.wp.com\/comunidadeemacao.com.br\/site\/wp-content\/uploads\/2026\/06\/foto-aline-resende-1.jpg?fit=770%2C420&ssl=1&resize=700%2C400 2x"},"classes":[]}],"jetpack_featured_media_url":"https:\/\/i0.wp.com\/comunidadeemacao.com.br\/site\/wp-content\/uploads\/2026\/09\/03.02.2017_mcmag-0083.webp?fit=1170%2C700&ssl=1","_links":{"self":[{"href":"https:\/\/comunidadeemacao.com.br\/site\/wp-json\/wp\/v2\/posts\/10472","targetHints":{"allow":["GET"]}}],"collection":[{"href":"https:\/\/comunidadeemacao.com.br\/site\/wp-json\/wp\/v2\/posts"}],"about":[{"href":"https:\/\/comunidadeemacao.com.br\/site\/wp-json\/wp\/v2\/types\/post"}],"author":[{"embeddable":true,"href":"https:\/\/comunidadeemacao.com.br\/site\/wp-json\/wp\/v2\/users\/1"}],"replies":[{"embeddable":true,"href":"https:\/\/comunidadeemacao.com.br\/site\/wp-json\/wp\/v2\/comments?post=10472"}],"version-history":[{"count":1,"href":"https:\/\/comunidadeemacao.com.br\/site\/wp-json\/wp\/v2\/posts\/10472\/revisions"}],"predecessor-version":[{"id":10474,"href":"https:\/\/comunidadeemacao.com.br\/site\/wp-json\/wp\/v2\/posts\/10472\/revisions\/10474"}],"wp:featuredmedia":[{"embeddable":true,"href":"https:\/\/comunidadeemacao.com.br\/site\/wp-json\/wp\/v2\/media\/10473"}],"wp:attachment":[{"href":"https:\/\/comunidadeemacao.com.br\/site\/wp-json\/wp\/v2\/media?parent=10472"}],"wp:term":[{"taxonomy":"category","embeddable":true,"href":"https:\/\/comunidadeemacao.com.br\/site\/wp-json\/wp\/v2\/categories?post=10472"},{"taxonomy":"post_tag","embeddable":true,"href":"https:\/\/comunidadeemacao.com.br\/site\/wp-json\/wp\/v2\/tags?post=10472"},{"taxonomy":"series","embeddable":true,"href":"https:\/\/comunidadeemacao.com.br\/site\/wp-json\/wp\/v2\/series?post=10472"}],"curies":[{"name":"wp","href":"https:\/\/api.w.org\/{rel}","templated":true}]}}