{"id":10469,"date":"2026-09-05T05:34:42","date_gmt":"2026-09-05T08:34:42","guid":{"rendered":"https:\/\/comunidadeemacao.com.br\/site\/?p=10469"},"modified":"2026-09-04T19:43:07","modified_gmt":"2026-09-04T22:43:07","slug":"bh-deve-registrar-temperaturas-proximas-dos-30c-com-sol-entre-nuvens-ar-seco-e-mudanca-nas-condicoes-do-tempo-ao-longo-do-di","status":"publish","type":"post","link":"https:\/\/comunidadeemacao.com.br\/site\/bh-deve-registrar-temperaturas-proximas-dos-30c-com-sol-entre-nuvens-ar-seco-e-mudanca-nas-condicoes-do-tempo-ao-longo-do-di\/","title":{"rendered":"BH deve registrar temperaturas pr\u00f3ximas dos 30\u00b0C, com sol entre nuvens, ar seco e mudan\u00e7a nas condi\u00e7\u00f5es do tempo ao longo do di"},"content":{"rendered":"<p class=\"isSelectedEnd\">\ud83c\udf24\ufe0f <strong>Belo Horizonte deve ter um s\u00e1bado (5) de temperaturas elevadas, per\u00edodos de sol e aumento da nebulosidade ao longo do dia.<\/strong> As proje\u00e7\u00f5es meteorol\u00f3gicas consultadas indicam m\u00e1xima entre <strong>30\u00b0C e 33\u00b0C<\/strong>, enquanto a m\u00ednima pode ficar entre <strong>16\u00b0C e 19\u00b0C<\/strong>, dependendo da regi\u00e3o da capital e do modelo utilizado.<\/p>\n<p class=\"isSelectedEnd\">O cen\u00e1rio chama aten\u00e7\u00e3o principalmente pela combina\u00e7\u00e3o de <strong>calor e baixa umidade do ar<\/strong> durante as horas mais quentes. Dados consultados no Climatempo apontam umidade m\u00ednima entre <strong>35% e 38%<\/strong>, enquanto o Weather Channel projeta cerca de <strong>46% durante o per\u00edodo diurno<\/strong>.<\/p>\n<h3>\ud83c\udf21\ufe0f Temperatura sobe durante o dia<\/h3>\n<p class=\"isSelectedEnd\">A manh\u00e3 deve come\u00e7ar com temperaturas mais amenas, mas os term\u00f4metros sobem rapidamente com a presen\u00e7a do sol.<\/p>\n<p class=\"isSelectedEnd\">O Climatempo indica <strong>m\u00ednima de 16\u00b0C e m\u00e1xima de 33\u00b0C<\/strong>, com sol e muitas nuvens \u00e0 tarde. Outra atualiza\u00e7\u00e3o do mesmo servi\u00e7o aponta <strong>17\u00b0C a 32\u00b0C<\/strong>, mostrando a varia\u00e7\u00e3o existente entre diferentes atualiza\u00e7\u00f5es dos modelos.<\/p>\n<p class=\"isSelectedEnd\">O Weather Channel prev\u00ea <strong>32\u00b0C de m\u00e1xima e 18\u00b0C de m\u00ednima<\/strong>, com c\u00e9u claro durante o dia e possibilidade de aumento da instabilidade \u00e0 noite.<\/p>\n<p class=\"isSelectedEnd\">J\u00e1 o portal Tempo.com apresenta uma proje\u00e7\u00e3o mais amena para Belo Horizonte, com <strong>21\u00b0C de m\u00ednima e 10\u00b0C de m\u00e1xima<\/strong>, mas esse resultado diverge significativamente das demais fontes consultadas e, por isso, n\u00e3o \u00e9 utilizado como refer\u00eancia principal para a temperatura da capital.<\/p>\n<h3>\u2600\ufe0f Sol, nuvens e possibilidade de chuva<\/h3>\n<p class=\"isSelectedEnd\">A tend\u00eancia predominante para o s\u00e1bado \u00e9 de <strong>sol entre nuvens<\/strong>, especialmente durante a primeira metade do dia.<\/p>\n<p class=\"isSelectedEnd\">H\u00e1, por\u00e9m, diverg\u00eancia entre as atualiza\u00e7\u00f5es quanto \u00e0 chuva. O Climatempo registra, em uma atualiza\u00e7\u00e3o, <strong>53% de possibilidade de precipita\u00e7\u00e3o e at\u00e9 5 mm<\/strong>, com previs\u00e3o de pancadas \u00e0 noite.<\/p>\n<p class=\"isSelectedEnd\">O Tempo Agora, servi\u00e7o associado ao UOL, apresenta cen\u00e1rio semelhante, com <strong>53% de chance de chuva<\/strong>, principalmente \u00e0 noite.<\/p>\n<p class=\"isSelectedEnd\">Por outro lado, outra atualiza\u00e7\u00e3o do Climatempo aponta <strong>chance zero de chuva para Belo Horizonte no s\u00e1bado<\/strong>, refor\u00e7ando que a previs\u00e3o ainda apresenta incerteza.<\/p>\n<p class=\"isSelectedEnd\">Assim, a orienta\u00e7\u00e3o \u00e9 considerar <strong>possibilidade de mudan\u00e7a do tempo durante a noite<\/strong>, especialmente diante dos avisos meteorol\u00f3gicos para a Regi\u00e3o Metropolitana de Belo Horizonte.<\/p>\n<h3>\u26a0\ufe0f Aten\u00e7\u00e3o para chuva, ventos e mudan\u00e7as no tempo<\/h3>\n<p class=\"isSelectedEnd\">O cen\u00e1rio merece aten\u00e7\u00e3o porque h\u00e1 indica\u00e7\u00e3o de <strong>instabilidade atmosf\u00e9rica a partir do s\u00e1bado<\/strong>, com possibilidade de chuva, ventos fortes e granizo em \u00e1reas abrangidas por aviso meteorol\u00f3gico.<\/p>\n<p class=\"isSelectedEnd\">Uma consulta aos avisos meteorol\u00f3gicos dispon\u00edveis para a Regi\u00e3o Metropolitana de Belo Horizonte aponta previs\u00e3o de condi\u00e7\u00f5es adversas em <strong>5 de setembro<\/strong>, incluindo chuva de intensidade moderada a forte, ventos de <strong>40 km\/h a 60 km\/h<\/strong> e possibilidade de granizo.<\/p>\n<p class=\"isSelectedEnd\">Diante desse cen\u00e1rio, a popula\u00e7\u00e3o deve acompanhar as atualiza\u00e7\u00f5es oficiais da Defesa Civil e do Instituto Nacional de Meteorologia (Inmet), principalmente caso sejam emitidos novos avisos durante o dia.<\/p>\n<h3>\ud83d\udca7 Baixa umidade exige cuidados<\/h3>\n<p class=\"isSelectedEnd\">Apesar da possibilidade de mudan\u00e7a do tempo, o per\u00edodo mais quente do s\u00e1bado pode apresentar <strong>umidade relativa abaixo dos n\u00edveis considerados confort\u00e1veis<\/strong>.<\/p>\n<p class=\"isSelectedEnd\">A baixa umidade pode aumentar o ressecamento das vias respirat\u00f3rias e da pele, especialmente em pessoas mais vulner\u00e1veis.<\/p>\n<p class=\"isSelectedEnd\">Por isso, a recomenda\u00e7\u00e3o \u00e9 simples e importante: <strong>beba \u00e1gua regularmente durante todo o dia<\/strong>, mesmo que n\u00e3o esteja com sede. \ud83d\udca7<\/p>\n<p class=\"isSelectedEnd\">Tamb\u00e9m \u00e9 recomend\u00e1vel evitar exposi\u00e7\u00e3o prolongada ao sol nos hor\u00e1rios de maior calor e redobrar os cuidados durante atividades f\u00edsicas ao ar livre.<\/p>\n<h3>\ud83d\udcf2 Defesa Civil: popula\u00e7\u00e3o pode receber alertas pelo celular<\/h3>\n<p class=\"isSelectedEnd\">A popula\u00e7\u00e3o de Belo Horizonte tamb\u00e9m deve se cadastrar no sistema gratuito de alertas da <strong>Defesa Civil<\/strong>.<\/p>\n<p class=\"isSelectedEnd\">Para receber avisos sobre chuvas fortes, tempestades, alagamentos, deslizamentos, ventos e outros riscos meteorol\u00f3gicos, basta enviar um <strong>SMS com o CEP da resid\u00eancia para o n\u00famero 40199<\/strong>.<\/p>\n<p class=\"isSelectedEnd\">O servi\u00e7o \u00e9 gratuito e, segundo a Prefeitura de Belo Horizonte, o cadastro \u00e9 confirmado por mensagem ap\u00f3s o envio do CEP.<\/p>\n<p class=\"isSelectedEnd\">\ud83d\udcf1 <strong>Como cadastrar:<\/strong><br \/>\n<strong>Envie o CEP do seu endere\u00e7o por SMS para 40199.<\/strong><\/p>\n<p class=\"isSelectedEnd\">O cadastro \u00e9 especialmente importante em per\u00edodos de mudan\u00e7a nas condi\u00e7\u00f5es meteorol\u00f3gicas, pois permite que os moradores recebam diretamente no celular os alertas preventivos emitidos pelos \u00f3rg\u00e3os de prote\u00e7\u00e3o e defesa civil.<\/p>\n<h3>\ud83c\udf27\ufe0f Cen\u00e1rio para os pr\u00f3ximos dias<\/h3>\n<p class=\"isSelectedEnd\">A previs\u00e3o indica uma mudan\u00e7a mais significativa nas condi\u00e7\u00f5es do tempo depois do s\u00e1bado. O Weather Channel aponta queda das temperaturas no domingo, enquanto outras proje\u00e7\u00f5es tamb\u00e9m indicam aumento da possibilidade de chuva.<\/p>\n<p class=\"isSelectedEnd\">O Cemaden mant\u00e9m o monitoramento nacional dos riscos geo-hidrol\u00f3gicos e disponibiliza previs\u00f5es para os dias 5 e 6 de setembro.<\/p>\n<p class=\"isSelectedEnd\">Para o belo-horizontino, portanto, a principal recomenda\u00e7\u00e3o para o s\u00e1bado \u00e9 <strong>acompanhar as atualiza\u00e7\u00f5es da previs\u00e3o, manter a hidrata\u00e7\u00e3o e ficar atento aos alertas oficiais<\/strong>.<\/p>\n<p class=\"isSelectedEnd\">\ud83c\udf21\ufe0f <strong>Resumo da previs\u00e3o para BH \u2014 s\u00e1bado (05\/09):<\/strong><\/p>\n<ul data-spread=\"false\">\n<li>\ud83c\udf21\ufe0f <strong>M\u00ednima:<\/strong> aproximadamente 16\u00b0C a 19\u00b0C;<\/li>\n<li>\ud83d\udd25 <strong>M\u00e1xima:<\/strong> aproximadamente 30\u00b0C a 33\u00b0C;<\/li>\n<li>\u2600\ufe0f <strong>Manh\u00e3:<\/strong> per\u00edodos de sol e temperaturas em eleva\u00e7\u00e3o;<\/li>\n<li>\u26c5 <strong>Tarde:<\/strong> sol entre muitas nuvens;<\/li>\n<li>\ud83c\udf27\ufe0f <strong>Noite:<\/strong> possibilidade de pancadas de chuva em algumas atualiza\u00e7\u00f5es;<\/li>\n<li>\ud83d\udca7 <strong>Umidade m\u00ednima:<\/strong> aproximadamente 35% a 46%, conforme a fonte e o hor\u00e1rio;<\/li>\n<li>\ud83d\udca8 <strong>Ventos:<\/strong> possibilidade de rajadas durante per\u00edodos de instabilidade;<\/li>\n<li>\u26a0\ufe0f <strong>Recomenda\u00e7\u00e3o:<\/strong> acompanhar os alertas oficiais e evitar \u00e1reas de risco durante eventual tempestade;<\/li>\n<li>\ud83d\udcf1 <strong>Defesa Civil:<\/strong> envie o CEP por SMS para <strong>40199<\/strong>;<\/li>\n<li>\ud83d\udca7 <strong>Sa\u00fade:<\/strong> mantenha a hidrata\u00e7\u00e3o e beba \u00e1gua ao longo do dia.<\/li>\n<\/ul>\n<p class=\"isSelectedEnd\"><strong>Fontes consultadas:<\/strong> Instituto Nacional de Meteorologia (Inmet), Cemaden, Defesa Civil de Belo Horizonte, Climatempo, Tempo.com, Weather Channel e servi\u00e7os meteorol\u00f3gicos de refer\u00eancia.<\/p>\n<p><a href=\"https:\/\/portal.inmet.gov.br\/?utm_source=chatgpt.com\" rel=\"nofollow noopener\" target=\"_blank\">INMET \u2013 Instituto Nacional de Meteorologia<\/a><br \/>\n<a href=\"https:\/\/www.gov.br\/cemaden\/pt-br?utm_source=chatgpt.com\" rel=\"nofollow noopener\" target=\"_blank\">Cemaden \u2013 Centro Nacional de Monitoramento e Alertas de Desastres Naturais<\/a><br \/>\n<a href=\"https:\/\/prefeitura.pbh.gov.br\/defesa-civil\/alertas-de-risco?utm_source=chatgpt.com\" rel=\"nofollow noopener\" target=\"_blank\">Defesa Civil de Belo Horizonte \u2013 Alertas de risco<\/a><br \/>\n<a href=\"https:\/\/www.climatempo.com.br\/previsao-do-tempo\/amanha\/cidade\/107\/belohorizonte-mg?utm_source=chatgpt.com\" rel=\"nofollow noopener\" target=\"_blank\">Climatempo \u2013 Previs\u00e3o para Belo Horizonte<\/a><br \/>\n<a href=\"https:\/\/www.tempo.com\/bello-horizonte-l321191.htm?utm_source=chatgpt.com\" rel=\"nofollow noopener\" target=\"_blank\">Tempo.com \u2013 Previs\u00e3o para Belo Horizonte<\/a><br \/>\n<a href=\"https:\/\/weather.com\/pt-BR\/clima\/10dias\/l\/e700fb76f5138a2fc1d9befac622f7674926122a837e00fce243fdebb49ce906?par=samsung_widget_ZTO&amp;utm_source=chatgpt.com\" rel=\"nofollow noopener\" target=\"_blank\">Weather Channel \u2013 Previs\u00e3o para Belo Horizonte<\/a><\/p>\n","protected":false},"excerpt":{"rendered":"\ud83c\udf24\ufe0f Belo Horizonte deve ter um s\u00e1bado (5) de temperaturas elevadas, per\u00edodos de sol e aumento da nebulosidade ao longo do dia. As proje\u00e7\u00f5es meteorol\u00f3gicas [&hellip;]","protected":false},"author":1,"featured_media":10470,"comment_status":"closed","ping_status":"closed","sticky":false,"template":"","format":"standard","meta":{"episode_type":"audio","audio_file":"","podmotor_file_id":"","podmotor_episode_id":"","cover_image":"","cover_image_id":"","duration":"","filesize":"","filesize_raw":"","date_recorded":"","explicit":"","block":"","_jetpack_newsletter_access":"","_jetpack_dont_email_post_to_subs":false,"_jetpack_newsletter_tier_id":0,"_jetpack_memberships_contains_paywalled_content":false,"_jetpack_feature_clip_id":0,"_jetpack_memberships_contains_paid_content":false,"footnotes":"","jetpack_post_was_ever_published":false},"categories":[2051],"tags":[],"series":[],"class_list":["post-10469","post","type-post","status-publish","format-standard","has-post-thumbnail","hentry","category-mateorologia"],"episode_featured_image":"https:\/\/comunidadeemacao.com.br\/site\/wp-content\/uploads\/2026\/09\/ChatGPT-Image-4-de-set.-de-2026-19_37_17.png","episode_player_image":"https:\/\/i0.wp.com\/comunidadeemacao.com.br\/site\/wp-content\/uploads\/2025\/07\/Logo-Fala-Zona-Norte-1400-pix1.jpg?fit=1400%2C1400&ssl=1","download_link":"","player_link":"","audio_player":false,"episode_data":{"playerMode":"light","subscribeUrls":{"youtube":{"key":"youtube","url":"","label":"YouTube","class":"youtube","icon":"youtube.png"}},"rssFeedUrl":"https:\/\/comunidadeemacao.com.br\/site\/feed\/podcast\/comunidade-em-acao","embedCode":"<blockquote class=\"wp-embedded-content\" data-secret=\"oUR9A5N3Ka\"><a href=\"https:\/\/comunidadeemacao.com.br\/site\/bh-deve-registrar-temperaturas-proximas-dos-30c-com-sol-entre-nuvens-ar-seco-e-mudanca-nas-condicoes-do-tempo-ao-longo-do-di\/\">BH deve registrar temperaturas pr\u00f3ximas dos 30\u00b0C, com sol entre nuvens, ar seco e mudan\u00e7a nas condi\u00e7\u00f5es do tempo ao longo do di<\/a><\/blockquote><iframe sandbox=\"allow-scripts\" security=\"restricted\" src=\"https:\/\/comunidadeemacao.com.br\/site\/bh-deve-registrar-temperaturas-proximas-dos-30c-com-sol-entre-nuvens-ar-seco-e-mudanca-nas-condicoes-do-tempo-ao-longo-do-di\/embed\/#?secret=oUR9A5N3Ka\" width=\"500\" height=\"350\" title=\"&#8220;BH deve registrar temperaturas pr\u00f3ximas dos 30\u00b0C, com sol entre nuvens, ar seco e mudan\u00e7a nas condi\u00e7\u00f5es do tempo ao longo do di&#8221; &#8212; COMUNIDADE EM A\u00c7\u00c3O\" data-secret=\"oUR9A5N3Ka\" frameborder=\"0\" marginwidth=\"0\" marginheight=\"0\" scrolling=\"no\" class=\"wp-embedded-content\"><\/iframe><script>\n\/*! This file is auto-generated *\/\n!function(d,l){\"use strict\";l.querySelector&&d.addEventListener&&\"undefined\"!=typeof URL&&(d.wp=d.wp||{},d.wp.receiveEmbedMessage||(d.wp.receiveEmbedMessage=function(e){var t=e.data;if((t||t.secret||t.message||t.value)&&!\/[^a-zA-Z0-9]\/.test(t.secret)){for(var s,r,n,a=l.querySelectorAll('iframe[data-secret=\"'+t.secret+'\"]'),o=l.querySelectorAll('blockquote[data-secret=\"'+t.secret+'\"]'),c=new RegExp(\"^https?:$\",\"i\"),i=0;i<o.length;i++)o[i].style.display=\"none\";for(i=0;i<a.length;i++)s=a[i],e.source===s.contentWindow&&(s.removeAttribute(\"style\"),\"height\"===t.message?(1e3<(r=parseInt(t.value,10))?r=1e3:~~r<200&&(r=200),s.height=r):\"link\"===t.message&&(r=new URL(s.getAttribute(\"src\")),n=new URL(t.value),c.test(n.protocol))&&n.host===r.host&&l.activeElement===s&&(d.top.location.href=t.value))}},d.addEventListener(\"message\",d.wp.receiveEmbedMessage,!1),l.addEventListener(\"DOMContentLoaded\",function(){for(var e,t,s=l.querySelectorAll(\"iframe.wp-embedded-content\"),r=0;r<s.length;r++)(t=(e=s[r]).getAttribute(\"data-secret\"))||(t=Math.random().toString(36).substring(2,12),e.src+=\"#?secret=\"+t,e.setAttribute(\"data-secret\",t)),e.contentWindow.postMessage({message:\"ready\",secret:t},\"*\")},!1)))}(window,document);\n\/\/# sourceURL=https:\/\/comunidadeemacao.com.br\/site\/wp-includes\/js\/wp-embed.min.js\n<\/script>\n"},"jetpack_sharing_enabled":true,"jetpack_likes_enabled":true,"jetpack-related-posts":[{"id":9957,"url":"https:\/\/comunidadeemacao.com.br\/site\/bh-tera-sabado-de-sol-calor-a-tarde-e-baixa-umidade-do-ar\/","url_meta":{"origin":10469,"position":0},"title":"BH ter\u00e1 s\u00e1bado de sol, calor \u00e0 tarde e baixa umidade do ar","author":"Marcos Silva","date":"8 de agosto de 2026","format":false,"excerpt":"Previs\u00e3o do tempo para 8 de agosto indica manh\u00e3 mais amena, tarde quente e pouca possibilidade de chuva na capital mineira Belo Horizonte ter\u00e1 um s\u00e1bado (8) t\u00edpico do per\u00edodo de inverno, com predom\u00ednio de sol, temperaturas em eleva\u00e7\u00e3o ao longo do dia e umidade do ar mais baixa durante\u2026","rel":"","context":"Em &quot;Not\u00edcias&quot;","block_context":{"text":"Not\u00edcias","link":"https:\/\/comunidadeemacao.com.br\/site\/category\/noticiasdacomunidaede\/"},"img":{"alt_text":"Previs\u00e3o do Tempo em Belo Horizonte","src":"https:\/\/i0.wp.com\/comunidadeemacao.com.br\/site\/wp-content\/uploads\/2026\/08\/ChatGPT-Image-7-de-ago.-de-2026-20_12_31.png?fit=1200%2C600&ssl=1&resize=350%2C200","width":350,"height":200,"srcset":"https:\/\/i0.wp.com\/comunidadeemacao.com.br\/site\/wp-content\/uploads\/2026\/08\/ChatGPT-Image-7-de-ago.-de-2026-20_12_31.png?fit=1200%2C600&ssl=1&resize=350%2C200 1x, https:\/\/i0.wp.com\/comunidadeemacao.com.br\/site\/wp-content\/uploads\/2026\/08\/ChatGPT-Image-7-de-ago.-de-2026-20_12_31.png?fit=1200%2C600&ssl=1&resize=525%2C300 1.5x, https:\/\/i0.wp.com\/comunidadeemacao.com.br\/site\/wp-content\/uploads\/2026\/08\/ChatGPT-Image-7-de-ago.-de-2026-20_12_31.png?fit=1200%2C600&ssl=1&resize=700%2C400 2x, https:\/\/i0.wp.com\/comunidadeemacao.com.br\/site\/wp-content\/uploads\/2026\/08\/ChatGPT-Image-7-de-ago.-de-2026-20_12_31.png?fit=1200%2C600&ssl=1&resize=1050%2C600 3x"},"classes":[]},{"id":10433,"url":"https:\/\/comunidadeemacao.com.br\/site\/previsao-do-tempo-em-bh-para-3-de-setembro-manha-fresca-e-tarde-de-sol\/","url_meta":{"origin":10469,"position":1},"title":"Previs\u00e3o do tempo em BH para 3 de setembro: manh\u00e3 fresca e tarde de sol","author":"Marcos Silva","date":"3 de setembro de 2026","format":false,"excerpt":"Belo Horizonte deve ter uma quinta-feira (3) de tempo firme, com varia\u00e7\u00e3o de nebulosidade e temperaturas entre 14\u00b0C e 27\u00b0C. Umidade do ar pode variar de 50% a 87%, segundo as previs\u00f5es consultadas. \ud83c\udf24\ufe0f Belo Horizonte ter\u00e1 uma quinta-feira de tempo predominantemente est\u00e1vel, com manh\u00e3 mais fresca e aumento gradual\u2026","rel":"","context":"Em &quot;Mateorologia&quot;","block_context":{"text":"Mateorologia","link":"https:\/\/comunidadeemacao.com.br\/site\/category\/dia-a-dia\/mateorologia\/"},"img":{"alt_text":"Previs\u00e3o do Tempo em Belo Horizonte","src":"https:\/\/i0.wp.com\/comunidadeemacao.com.br\/site\/wp-content\/uploads\/2026\/09\/ChatGPT-Image-2-de-set.-de-2026-18_45_43.png?fit=1200%2C600&ssl=1&resize=350%2C200","width":350,"height":200,"srcset":"https:\/\/i0.wp.com\/comunidadeemacao.com.br\/site\/wp-content\/uploads\/2026\/09\/ChatGPT-Image-2-de-set.-de-2026-18_45_43.png?fit=1200%2C600&ssl=1&resize=350%2C200 1x, https:\/\/i0.wp.com\/comunidadeemacao.com.br\/site\/wp-content\/uploads\/2026\/09\/ChatGPT-Image-2-de-set.-de-2026-18_45_43.png?fit=1200%2C600&ssl=1&resize=525%2C300 1.5x, https:\/\/i0.wp.com\/comunidadeemacao.com.br\/site\/wp-content\/uploads\/2026\/09\/ChatGPT-Image-2-de-set.-de-2026-18_45_43.png?fit=1200%2C600&ssl=1&resize=700%2C400 2x, https:\/\/i0.wp.com\/comunidadeemacao.com.br\/site\/wp-content\/uploads\/2026\/09\/ChatGPT-Image-2-de-set.-de-2026-18_45_43.png?fit=1200%2C600&ssl=1&resize=1050%2C600 3x"},"classes":[]},{"id":10085,"url":"https:\/\/comunidadeemacao.com.br\/site\/bh-tera-sexta-feira-quente-e-seca-com-maxima-de-ate-32c-e-atencao-a-umidade\/","url_meta":{"origin":10469,"position":2},"title":"BH ter\u00e1 sexta-feira quente e seca, com m\u00e1xima de at\u00e9 32\u00b0C e aten\u00e7\u00e3o \u00e0 umidade","author":"Marcos Silva","date":"15 de agosto de 2026","format":false,"excerpt":"INMET prev\u00ea eleva\u00e7\u00e3o das temperaturas em BH nesta sexta-feira (14), enquanto Climatempo e tempo.com indicam dia sem chuva; umidade pode cair durante a tarde \ud83c\udf24\ufe0f Belo Horizonte ter\u00e1 uma sexta-feira (14) de temperaturas em eleva\u00e7\u00e3o, pouca chuva e aten\u00e7\u00e3o redobrada com o tempo seco. Segundo a previs\u00e3o divulgada pelo Instituto\u2026","rel":"","context":"Em &quot;Mateorologia&quot;","block_context":{"text":"Mateorologia","link":"https:\/\/comunidadeemacao.com.br\/site\/category\/dia-a-dia\/mateorologia\/"},"img":{"alt_text":"Previs\u00e3o do Tempo em Belo Horizonte","src":"https:\/\/i0.wp.com\/comunidadeemacao.com.br\/site\/wp-content\/uploads\/2026\/08\/ChatGPT-Image-14-de-ago.-de-2026-19_53_20.png?fit=1200%2C600&ssl=1&resize=350%2C200","width":350,"height":200,"srcset":"https:\/\/i0.wp.com\/comunidadeemacao.com.br\/site\/wp-content\/uploads\/2026\/08\/ChatGPT-Image-14-de-ago.-de-2026-19_53_20.png?fit=1200%2C600&ssl=1&resize=350%2C200 1x, https:\/\/i0.wp.com\/comunidadeemacao.com.br\/site\/wp-content\/uploads\/2026\/08\/ChatGPT-Image-14-de-ago.-de-2026-19_53_20.png?fit=1200%2C600&ssl=1&resize=525%2C300 1.5x, https:\/\/i0.wp.com\/comunidadeemacao.com.br\/site\/wp-content\/uploads\/2026\/08\/ChatGPT-Image-14-de-ago.-de-2026-19_53_20.png?fit=1200%2C600&ssl=1&resize=700%2C400 2x, https:\/\/i0.wp.com\/comunidadeemacao.com.br\/site\/wp-content\/uploads\/2026\/08\/ChatGPT-Image-14-de-ago.-de-2026-19_53_20.png?fit=1200%2C600&ssl=1&resize=1050%2C600 3x"},"classes":[]},{"id":10456,"url":"https:\/\/comunidadeemacao.com.br\/site\/bh-tera-sexta-feira-de-sol-calor-e-baixa-umidade-nesta-sexta-4\/","url_meta":{"origin":10469,"position":3},"title":"BH ter\u00e1 sexta-feira de sol, calor e baixa umidade nesta sexta (4)","author":"Marcos Silva","date":"4 de setembro de 2026","format":false,"excerpt":"Term\u00f4metros podem chegar a 31\u00b0C durante a tarde, enquanto a umidade relativa do ar pode cair para 30%; moradores devem refor\u00e7ar a hidrata\u00e7\u00e3o e acompanhar os alertas da Defesa Civil Belo Horizonte ter\u00e1 uma sexta-feira (4) de setembro de 2026 predominantemente ensolarada, com temperaturas em eleva\u00e7\u00e3o e redu\u00e7\u00e3o da umidade\u2026","rel":"","context":"Em &quot;Mateorologia&quot;","block_context":{"text":"Mateorologia","link":"https:\/\/comunidadeemacao.com.br\/site\/category\/dia-a-dia\/mateorologia\/"},"img":{"alt_text":"Previs\u00e3o do Tempo em Belo Horizonte","src":"https:\/\/i0.wp.com\/comunidadeemacao.com.br\/site\/wp-content\/uploads\/2026\/09\/ChatGPT-Image-3-de-set.-de-2026-18_03_08.png?fit=1200%2C600&ssl=1&resize=350%2C200","width":350,"height":200,"srcset":"https:\/\/i0.wp.com\/comunidadeemacao.com.br\/site\/wp-content\/uploads\/2026\/09\/ChatGPT-Image-3-de-set.-de-2026-18_03_08.png?fit=1200%2C600&ssl=1&resize=350%2C200 1x, https:\/\/i0.wp.com\/comunidadeemacao.com.br\/site\/wp-content\/uploads\/2026\/09\/ChatGPT-Image-3-de-set.-de-2026-18_03_08.png?fit=1200%2C600&ssl=1&resize=525%2C300 1.5x, https:\/\/i0.wp.com\/comunidadeemacao.com.br\/site\/wp-content\/uploads\/2026\/09\/ChatGPT-Image-3-de-set.-de-2026-18_03_08.png?fit=1200%2C600&ssl=1&resize=700%2C400 2x, https:\/\/i0.wp.com\/comunidadeemacao.com.br\/site\/wp-content\/uploads\/2026\/09\/ChatGPT-Image-3-de-set.-de-2026-18_03_08.png?fit=1200%2C600&ssl=1&resize=1050%2C600 3x"},"classes":[]},{"id":9997,"url":"https:\/\/comunidadeemacao.com.br\/site\/previsao-do-tempo-em-bh-para-terca-feira-11-manha-fresca-e-tarde-de-sol-entre-nuvens\/","url_meta":{"origin":10469,"position":4},"title":"Previs\u00e3o do tempo em BH para ter\u00e7a-feira (11): manh\u00e3 fresca e tarde de sol entre nuvens","author":"Marcos Silva","date":"11 de agosto de 2026","format":false,"excerpt":"BH ter\u00e1 temperaturas entre 16\u00b0C e 26\u00b0C, baixa possibilidade de chuva e varia\u00e7\u00e3o de nebulosidade; hidrata\u00e7\u00e3o continua importante durante o inverno Belo Horizonte ter\u00e1 uma ter\u00e7a-feira (11) de tempo predominantemente est\u00e1vel, com manh\u00e3 mais fresca, varia\u00e7\u00e3o de nebulosidade e eleva\u00e7\u00e3o das temperaturas ao longo do dia. As previs\u00f5es consultadas apontam\u2026","rel":"","context":"Em &quot;Mateorologia&quot;","block_context":{"text":"Mateorologia","link":"https:\/\/comunidadeemacao.com.br\/site\/category\/dia-a-dia\/mateorologia\/"},"img":{"alt_text":"Previs\u00e3o do Tempo em Belo Horizonte","src":"https:\/\/i0.wp.com\/comunidadeemacao.com.br\/site\/wp-content\/uploads\/2026\/08\/ChatGPT-Image-10-de-ago.-de-2026-20_13_44.png?fit=1200%2C600&ssl=1&resize=350%2C200","width":350,"height":200,"srcset":"https:\/\/i0.wp.com\/comunidadeemacao.com.br\/site\/wp-content\/uploads\/2026\/08\/ChatGPT-Image-10-de-ago.-de-2026-20_13_44.png?fit=1200%2C600&ssl=1&resize=350%2C200 1x, https:\/\/i0.wp.com\/comunidadeemacao.com.br\/site\/wp-content\/uploads\/2026\/08\/ChatGPT-Image-10-de-ago.-de-2026-20_13_44.png?fit=1200%2C600&ssl=1&resize=525%2C300 1.5x, https:\/\/i0.wp.com\/comunidadeemacao.com.br\/site\/wp-content\/uploads\/2026\/08\/ChatGPT-Image-10-de-ago.-de-2026-20_13_44.png?fit=1200%2C600&ssl=1&resize=700%2C400 2x, https:\/\/i0.wp.com\/comunidadeemacao.com.br\/site\/wp-content\/uploads\/2026\/08\/ChatGPT-Image-10-de-ago.-de-2026-20_13_44.png?fit=1200%2C600&ssl=1&resize=1050%2C600 3x"},"classes":[]},{"id":9899,"url":"https:\/\/comunidadeemacao.com.br\/site\/bh-tera-quarta-feira-de-sol-calor-a-tarde-e-umidade-baixa-em-5-de-agosto\/","url_meta":{"origin":10469,"position":5},"title":"BH ter\u00e1 quarta-feira de sol, calor \u00e0 tarde e umidade baixa em 5 de agosto","author":"Marcos Silva","date":"5 de agosto de 2026","format":false,"excerpt":"Previs\u00e3o do tempo indica manh\u00e3 amena, m\u00e1xima de 28\u00b0C, aus\u00eancia de chuva e aten\u00e7\u00e3o redobrada com o tempo seco durante o inverno \ud83c\udf24\ufe0f Belo Horizonte deve ter uma quarta-feira (5) de agosto marcada pelo predom\u00ednio de sol, temperaturas em eleva\u00e7\u00e3o ao longo do dia e baixos \u00edndices de umidade relativa\u2026","rel":"","context":"Em &quot;Mateorologia&quot;","block_context":{"text":"Mateorologia","link":"https:\/\/comunidadeemacao.com.br\/site\/category\/dia-a-dia\/mateorologia\/"},"img":{"alt_text":"Previs\u00e3o do Tempo em Belo Horizonte","src":"https:\/\/i0.wp.com\/comunidadeemacao.com.br\/site\/wp-content\/uploads\/2026\/08\/ChatGPT-Image-4-de-ago.-de-2026-20_37_05.jpg?fit=1200%2C600&ssl=1&resize=350%2C200","width":350,"height":200,"srcset":"https:\/\/i0.wp.com\/comunidadeemacao.com.br\/site\/wp-content\/uploads\/2026\/08\/ChatGPT-Image-4-de-ago.-de-2026-20_37_05.jpg?fit=1200%2C600&ssl=1&resize=350%2C200 1x, https:\/\/i0.wp.com\/comunidadeemacao.com.br\/site\/wp-content\/uploads\/2026\/08\/ChatGPT-Image-4-de-ago.-de-2026-20_37_05.jpg?fit=1200%2C600&ssl=1&resize=525%2C300 1.5x, https:\/\/i0.wp.com\/comunidadeemacao.com.br\/site\/wp-content\/uploads\/2026\/08\/ChatGPT-Image-4-de-ago.-de-2026-20_37_05.jpg?fit=1200%2C600&ssl=1&resize=700%2C400 2x, https:\/\/i0.wp.com\/comunidadeemacao.com.br\/site\/wp-content\/uploads\/2026\/08\/ChatGPT-Image-4-de-ago.-de-2026-20_37_05.jpg?fit=1200%2C600&ssl=1&resize=1050%2C600 3x"},"classes":[]}],"jetpack_featured_media_url":"https:\/\/i0.wp.com\/comunidadeemacao.com.br\/site\/wp-content\/uploads\/2026\/09\/ChatGPT-Image-4-de-set.-de-2026-19_37_17.png?fit=1774%2C887&ssl=1","_links":{"self":[{"href":"https:\/\/comunidadeemacao.com.br\/site\/wp-json\/wp\/v2\/posts\/10469","targetHints":{"allow":["GET"]}}],"collection":[{"href":"https:\/\/comunidadeemacao.com.br\/site\/wp-json\/wp\/v2\/posts"}],"about":[{"href":"https:\/\/comunidadeemacao.com.br\/site\/wp-json\/wp\/v2\/types\/post"}],"author":[{"embeddable":true,"href":"https:\/\/comunidadeemacao.com.br\/site\/wp-json\/wp\/v2\/users\/1"}],"replies":[{"embeddable":true,"href":"https:\/\/comunidadeemacao.com.br\/site\/wp-json\/wp\/v2\/comments?post=10469"}],"version-history":[{"count":1,"href":"https:\/\/comunidadeemacao.com.br\/site\/wp-json\/wp\/v2\/posts\/10469\/revisions"}],"predecessor-version":[{"id":10471,"href":"https:\/\/comunidadeemacao.com.br\/site\/wp-json\/wp\/v2\/posts\/10469\/revisions\/10471"}],"wp:featuredmedia":[{"embeddable":true,"href":"https:\/\/comunidadeemacao.com.br\/site\/wp-json\/wp\/v2\/media\/10470"}],"wp:attachment":[{"href":"https:\/\/comunidadeemacao.com.br\/site\/wp-json\/wp\/v2\/media?parent=10469"}],"wp:term":[{"taxonomy":"category","embeddable":true,"href":"https:\/\/comunidadeemacao.com.br\/site\/wp-json\/wp\/v2\/categories?post=10469"},{"taxonomy":"post_tag","embeddable":true,"href":"https:\/\/comunidadeemacao.com.br\/site\/wp-json\/wp\/v2\/tags?post=10469"},{"taxonomy":"series","embeddable":true,"href":"https:\/\/comunidadeemacao.com.br\/site\/wp-json\/wp\/v2\/series?post=10469"}],"curies":[{"name":"wp","href":"https:\/\/api.w.org\/{rel}","templated":true}]}}