{"id":10462,"date":"2026-09-05T07:19:34","date_gmt":"2026-09-05T10:19:34","guid":{"rendered":"https:\/\/comunidadeemacao.com.br\/site\/?p=10462"},"modified":"2026-09-04T19:34:37","modified_gmt":"2026-09-04T22:34:37","slug":"copa-centenario-reune-18-equipes-em-jogos-neste-domingo-e-no-feriado-em-bh","status":"publish","type":"post","link":"https:\/\/comunidadeemacao.com.br\/site\/copa-centenario-reune-18-equipes-em-jogos-neste-domingo-e-no-feriado-em-bh\/","title":{"rendered":"Copa Centen\u00e1rio re\u00fane 18 equipes em jogos neste domingo e no feriado em BH"},"content":{"rendered":"<h4>Futebol amador de Belo Horizonte ter\u00e1 partidas pelos M\u00f3dulos A e C nos dias 6 e 7 de setembro<\/h4>\n<p data-start=\"189\" data-end=\"503\">A <strong data-start=\"191\" data-end=\"222\">Copa Centen\u00e1rio Wadson Lima<\/strong> ter\u00e1 uma nova rodada neste domingo (6) e na segunda-feira (7), feriado de 7 de Setembro, em Belo Horizonte. A programa\u00e7\u00e3o re\u00fane <strong data-start=\"351\" data-end=\"394\">18 equipes do futebol amador da capital<\/strong>, com partidas v\u00e1lidas pelo M\u00f3dulo A e pela segunda rodada do M\u00f3dulo C.<\/p>\n<p data-start=\"505\" data-end=\"740\">Nesta rodada, n\u00e3o haver\u00e1 confrontos pelo M\u00f3dulo B. A competi\u00e7\u00e3o chega \u00e0 28\u00aa edi\u00e7\u00e3o e re\u00fane categorias masculinas, femininas, de base e veteranos, envolvendo atletas de diferentes regi\u00f5es da cidade.<\/p>\n<h2>Copa Centen\u00e1rio ter\u00e1 oito jogos no domingo<\/h2>\n<p data-start=\"795\" data-end=\"892\">No domingo (6), a programa\u00e7\u00e3o come\u00e7a \u00e0s 13h, com partidas em diferentes campos de Belo Horizonte.<\/p>\n<p data-start=\"894\" data-end=\"1300\">Na <strong data-start=\"897\" data-end=\"914\">Arena Pomp\u00e9ia<\/strong>, no Bairro Boa Vista, o Onze F.C. enfrenta o Vila Real Soccer, \u00e0s 13h, pelo M\u00f3dulo C. \u00c0s 15h, Taquarinense F.C. e A.E. Vila Paquet\u00e1 tamb\u00e9m entram em campo pelo mesmo m\u00f3dulo. \u00c0s 16h, A.R. Itatiaia Santa Terezinha e Itamarense F.C. disputam partida pelo M\u00f3dulo A, na Arena Prime\/Campo de Futebol Bet\u00e2nia\/Est\u00e1dio Osvaldo Faria, no Estrela do Oriente.<\/p>\n<p data-start=\"1302\" data-end=\"1467\">No <strong data-start=\"1305\" data-end=\"1338\">Campo da Barragem Santa L\u00facia<\/strong>, est\u00e3o previstos dois jogos pelo M\u00f3dulo C: Prointer F.C. x Acaiaca F.C., \u00e0s 14h, e A.E. Bola de Fogo x S.R. Castanheira, \u00e0s 16h.<\/p>\n<p data-start=\"1469\" data-end=\"1728\">Tamb\u00e9m pelo M\u00f3dulo C, o Campo de Dan\u00fabio recebe C.D. Campinense x Planalto E.C., \u00e0s 13h. J\u00e1 no Campo do Naj\u00e1, Novo S\u00e3o Lucas E.C. x Uni\u00e3o do Gl\u00f3ria F.C. jogam \u00e0s 13h, enquanto A.D. Uracan x Tit\u00e3s F.C. se enfrentam \u00e0s 15h.<\/p>\n<h2>Partida no feriado de 7 de Setembro<\/h2>\n<p data-start=\"1776\" data-end=\"1982\">Na segunda-feira (7), feriado de 7 de Setembro, a programa\u00e7\u00e3o come\u00e7a \u00e0s 10h, na Arena Pomp\u00e9ia, com o confronto entre <strong data-start=\"1893\" data-end=\"1928\">Comunidade E.C. e Radiante F.C.<\/strong>, pelo M\u00f3dulo A.<\/p>\n<p data-start=\"1984\" data-end=\"2234\">Al\u00e9m dos jogos da rodada, a competi\u00e7\u00e3o define caminhos importantes para as equipes. O campe\u00e3o do M\u00f3dulo A garantir\u00e1 vaga na <strong data-start=\"2108\" data-end=\"2125\">Copa Itatiaia<\/strong>. J\u00e1 as quatro primeiras equipes dos M\u00f3dulos B e C disputar\u00e3o o acesso.<\/p>\n<h2>Futebol de v\u00e1rzea mant\u00e9m espa\u00e7o na competi\u00e7\u00e3o<\/h2>\n<p data-start=\"2292\" data-end=\"2591\">A Copa Centen\u00e1rio Wadson Lima tem como proposta valorizar e promover o futebol de v\u00e1rzea de Belo Horizonte. A competi\u00e7\u00e3o re\u00fane diferentes categorias e atletas de v\u00e1rias regi\u00f5es da capital, mantendo o futebol amador como parte da programa\u00e7\u00e3o esportiva da cidade.<\/p>\n","protected":false},"excerpt":{"rendered":"Futebol amador de Belo Horizonte ter\u00e1 partidas pelos M\u00f3dulos A e C nos dias 6 e 7 de setembro A Copa Centen\u00e1rio Wadson Lima ter\u00e1 [&hellip;]","protected":false},"author":1,"featured_media":10467,"comment_status":"closed","ping_status":"closed","sticky":false,"template":"","format":"standard","meta":{"episode_type":"audio","audio_file":"","podmotor_file_id":"","podmotor_episode_id":"","cover_image":"","cover_image_id":"","duration":"","filesize":"","filesize_raw":"","date_recorded":"","explicit":"","block":"","_jetpack_newsletter_access":"","_jetpack_dont_email_post_to_subs":false,"_jetpack_newsletter_tier_id":0,"_jetpack_memberships_contains_paywalled_content":false,"_jetpack_feature_clip_id":0,"_jetpack_memberships_contains_paid_content":false,"footnotes":"","jetpack_post_was_ever_published":false},"categories":[1],"tags":[1450,627],"series":[],"class_list":["post-10462","post","type-post","status-publish","format-standard","has-post-thumbnail","hentry","category-noticiasdacomunidaede","tag-comunidadeemaca","tag-jornaldebairro"],"episode_featured_image":"https:\/\/comunidadeemacao.com.br\/site\/wp-content\/uploads\/2026\/09\/centenario_1.jpg","episode_player_image":"https:\/\/i0.wp.com\/comunidadeemacao.com.br\/site\/wp-content\/uploads\/2025\/07\/Logo-Fala-Zona-Norte-1400-pix1.jpg?fit=1400%2C1400&ssl=1","download_link":"","player_link":"","audio_player":false,"episode_data":{"playerMode":"light","subscribeUrls":{"youtube":{"key":"youtube","url":"","label":"YouTube","class":"youtube","icon":"youtube.png"}},"rssFeedUrl":"https:\/\/comunidadeemacao.com.br\/site\/feed\/podcast\/comunidade-em-acao","embedCode":"<blockquote class=\"wp-embedded-content\" data-secret=\"SPYnmzU7kg\"><a href=\"https:\/\/comunidadeemacao.com.br\/site\/copa-centenario-reune-18-equipes-em-jogos-neste-domingo-e-no-feriado-em-bh\/\">Copa Centen\u00e1rio re\u00fane 18 equipes em jogos neste domingo e no feriado em BH<\/a><\/blockquote><iframe sandbox=\"allow-scripts\" security=\"restricted\" src=\"https:\/\/comunidadeemacao.com.br\/site\/copa-centenario-reune-18-equipes-em-jogos-neste-domingo-e-no-feriado-em-bh\/embed\/#?secret=SPYnmzU7kg\" width=\"500\" height=\"350\" title=\"&#8220;Copa Centen\u00e1rio re\u00fane 18 equipes em jogos neste domingo e no feriado em BH&#8221; &#8212; COMUNIDADE EM A\u00c7\u00c3O\" data-secret=\"SPYnmzU7kg\" frameborder=\"0\" marginwidth=\"0\" marginheight=\"0\" scrolling=\"no\" class=\"wp-embedded-content\"><\/iframe><script>\n\/*! This file is auto-generated *\/\n!function(d,l){\"use strict\";l.querySelector&&d.addEventListener&&\"undefined\"!=typeof URL&&(d.wp=d.wp||{},d.wp.receiveEmbedMessage||(d.wp.receiveEmbedMessage=function(e){var t=e.data;if((t||t.secret||t.message||t.value)&&!\/[^a-zA-Z0-9]\/.test(t.secret)){for(var s,r,n,a=l.querySelectorAll('iframe[data-secret=\"'+t.secret+'\"]'),o=l.querySelectorAll('blockquote[data-secret=\"'+t.secret+'\"]'),c=new RegExp(\"^https?:$\",\"i\"),i=0;i<o.length;i++)o[i].style.display=\"none\";for(i=0;i<a.length;i++)s=a[i],e.source===s.contentWindow&&(s.removeAttribute(\"style\"),\"height\"===t.message?(1e3<(r=parseInt(t.value,10))?r=1e3:~~r<200&&(r=200),s.height=r):\"link\"===t.message&&(r=new URL(s.getAttribute(\"src\")),n=new URL(t.value),c.test(n.protocol))&&n.host===r.host&&l.activeElement===s&&(d.top.location.href=t.value))}},d.addEventListener(\"message\",d.wp.receiveEmbedMessage,!1),l.addEventListener(\"DOMContentLoaded\",function(){for(var e,t,s=l.querySelectorAll(\"iframe.wp-embedded-content\"),r=0;r<s.length;r++)(t=(e=s[r]).getAttribute(\"data-secret\"))||(t=Math.random().toString(36).substring(2,12),e.src+=\"#?secret=\"+t,e.setAttribute(\"data-secret\",t)),e.contentWindow.postMessage({message:\"ready\",secret:t},\"*\")},!1)))}(window,document);\n\/\/# sourceURL=https:\/\/comunidadeemacao.com.br\/site\/wp-includes\/js\/wp-embed.min.js\n<\/script>\n"},"jetpack_sharing_enabled":true,"jetpack_likes_enabled":true,"jetpack-related-posts":[{"id":10215,"url":"https:\/\/comunidadeemacao.com.br\/site\/futebol-feminino-ganha-destaque-nas-semifinais-da-copa-centenario-neste-domingo\/","url_meta":{"origin":10462,"position":0},"title":"Futebol feminino ganha destaque nas semifinais da Copa Centen\u00e1rio neste domingo","author":"Marcos Silva","date":"22 de agosto de 2026","format":false,"excerpt":"Rodada ter\u00e1 24 jogos em Belo Horizonte, com duas semifinais do Feminino Adulto na Arena Prime O futebol feminino ser\u00e1 o destaque da rodada da Copa Centen\u00e1rio de Futebol Amador Wadson Lima neste domingo (23), em Belo Horizonte. As semifinais da categoria Feminino Adulto ser\u00e3o realizadas na Arena Prime, no\u2026","rel":"","context":"Em &quot;Esportes&quot;","block_context":{"text":"Esportes","link":"https:\/\/comunidadeemacao.com.br\/site\/category\/esportes\/"},"img":{"alt_text":"Futebol feminino ganha destaque na rodada da Copa Centen\u00e1rio","src":"https:\/\/i0.wp.com\/comunidadeemacao.com.br\/site\/wp-content\/uploads\/2026\/08\/final-copa-centenario-feminino-adulto-2025-15.jpg?fit=770%2C513&ssl=1&resize=350%2C200","width":350,"height":200,"srcset":"https:\/\/i0.wp.com\/comunidadeemacao.com.br\/site\/wp-content\/uploads\/2026\/08\/final-copa-centenario-feminino-adulto-2025-15.jpg?fit=770%2C513&ssl=1&resize=350%2C200 1x, https:\/\/i0.wp.com\/comunidadeemacao.com.br\/site\/wp-content\/uploads\/2026\/08\/final-copa-centenario-feminino-adulto-2025-15.jpg?fit=770%2C513&ssl=1&resize=525%2C300 1.5x, https:\/\/i0.wp.com\/comunidadeemacao.com.br\/site\/wp-content\/uploads\/2026\/08\/final-copa-centenario-feminino-adulto-2025-15.jpg?fit=770%2C513&ssl=1&resize=700%2C400 2x"},"classes":[]},{"id":10367,"url":"https:\/\/comunidadeemacao.com.br\/site\/copa-centenario-final-do-feminino-adulto-e-destaque-em-belo-horizonte-neste-domingo\/","url_meta":{"origin":10462,"position":1},"title":"Copa Centen\u00e1rio: final do Feminino Adulto \u00e9 destaque em Belo Horizonte neste domingo","author":"Marcos Silva","date":"29 de agosto de 2026","format":false,"excerpt":"A.E. Transforma\u00e7\u00e3o e Prointer F.C. disputam o t\u00edtulo da categoria Feminino Adulto, enquanto a competi\u00e7\u00e3o movimenta campos de Belo Horizonte com jogos dos m\u00f3dulos B e C A Copa Centen\u00e1rio de Futebol Amador Wadson Lima ter\u00e1 como principal atra\u00e7\u00e3o neste fim de semana a final da categoria Feminino Adulto. A.E.\u2026","rel":"","context":"Em &quot;Esportes&quot;","block_context":{"text":"Esportes","link":"https:\/\/comunidadeemacao.com.br\/site\/category\/esportes\/"},"img":{"alt_text":"","src":"https:\/\/i0.wp.com\/comunidadeemacao.com.br\/site\/wp-content\/uploads\/2026\/08\/final-copa-centenario-feminino-adulto-2025.jpg?fit=770%2C513&ssl=1&resize=350%2C200","width":350,"height":200,"srcset":"https:\/\/i0.wp.com\/comunidadeemacao.com.br\/site\/wp-content\/uploads\/2026\/08\/final-copa-centenario-feminino-adulto-2025.jpg?fit=770%2C513&ssl=1&resize=350%2C200 1x, https:\/\/i0.wp.com\/comunidadeemacao.com.br\/site\/wp-content\/uploads\/2026\/08\/final-copa-centenario-feminino-adulto-2025.jpg?fit=770%2C513&ssl=1&resize=525%2C300 1.5x, https:\/\/i0.wp.com\/comunidadeemacao.com.br\/site\/wp-content\/uploads\/2026\/08\/final-copa-centenario-feminino-adulto-2025.jpg?fit=770%2C513&ssl=1&resize=700%2C400 2x"},"classes":[]},{"id":9827,"url":"https:\/\/comunidadeemacao.com.br\/site\/copa-centenario-tera-27-jogos-neste-domingo-com-estreia-dos-modulos-b-e-c\/","url_meta":{"origin":10462,"position":2},"title":"Copa Centen\u00e1rio ter\u00e1 27 jogos neste domingo com estreia dos m\u00f3dulos B e C","author":"Marcos Silva","date":"2 de agosto de 2026","format":false,"excerpt":"Rodada de 2 de agosto re\u00fane 16 partidas do M\u00f3dulo B, sete do M\u00f3dulo C e quatro do Feminino Adulto A\u00a0 Copa Centen\u00e1rio de Futebol Amador Wadson Lima ter\u00e1 27 partidas neste domingo (2), em 19 campos de Belo Horizonte. A rodada marca a estreia do M\u00f3dulo C e a\u2026","rel":"","context":"Em &quot;Esportes&quot;","block_context":{"text":"Esportes","link":"https:\/\/comunidadeemacao.com.br\/site\/category\/esportes\/"},"img":{"alt_text":"Copa Centen\u00e1rio tem semifinais e estreia de m\u00f3dulos neste fim de semana","src":"https:\/\/i0.wp.com\/comunidadeemacao.com.br\/site\/wp-content\/uploads\/2026\/08\/ceu-azul-x-poliester-2025-1.jpg?fit=770%2C513&ssl=1&resize=350%2C200","width":350,"height":200,"srcset":"https:\/\/i0.wp.com\/comunidadeemacao.com.br\/site\/wp-content\/uploads\/2026\/08\/ceu-azul-x-poliester-2025-1.jpg?fit=770%2C513&ssl=1&resize=350%2C200 1x, https:\/\/i0.wp.com\/comunidadeemacao.com.br\/site\/wp-content\/uploads\/2026\/08\/ceu-azul-x-poliester-2025-1.jpg?fit=770%2C513&ssl=1&resize=525%2C300 1.5x, https:\/\/i0.wp.com\/comunidadeemacao.com.br\/site\/wp-content\/uploads\/2026\/08\/ceu-azul-x-poliester-2025-1.jpg?fit=770%2C513&ssl=1&resize=700%2C400 2x"},"classes":[]},{"id":6032,"url":"https:\/\/comunidadeemacao.com.br\/site\/copa-centenario-2025-tem-rodada-decisiva-com-semifinais-e-quartas-neste-domingo-26\/","url_meta":{"origin":10462,"position":3},"title":"Copa Centen\u00e1rio 2025 tem rodada decisiva com semifinais e quartas neste domingo (26)","author":"Marcos Silva","date":"25 de outubro de 2025","format":false,"excerpt":"Jogos do M\u00f3dulo A e M\u00f3dulo B definem classificados e movimentam o futebol amador de Belo Horizonte neste domingo A Copa Centen\u00e1rio de Futebol Amador Wadson Lima 2025 chega a um dos momentos mais importantes neste domingo (26), com rodada decisiva nos m\u00f3dulos A e B.\u00a0 As semifinais do M\u00f3dulo\u2026","rel":"","context":"Em &quot;Esportes&quot;","block_context":{"text":"Esportes","link":"https:\/\/comunidadeemacao.com.br\/site\/category\/esportes\/"},"img":{"alt_text":"Arena 2","src":"https:\/\/i0.wp.com\/comunidadeemacao.com.br\/site\/wp-content\/uploads\/2025\/10\/Arena-2-1.jpg?fit=964%2C516&ssl=1&resize=350%2C200","width":350,"height":200,"srcset":"https:\/\/i0.wp.com\/comunidadeemacao.com.br\/site\/wp-content\/uploads\/2025\/10\/Arena-2-1.jpg?fit=964%2C516&ssl=1&resize=350%2C200 1x, https:\/\/i0.wp.com\/comunidadeemacao.com.br\/site\/wp-content\/uploads\/2025\/10\/Arena-2-1.jpg?fit=964%2C516&ssl=1&resize=525%2C300 1.5x, https:\/\/i0.wp.com\/comunidadeemacao.com.br\/site\/wp-content\/uploads\/2025\/10\/Arena-2-1.jpg?fit=964%2C516&ssl=1&resize=700%2C400 2x"},"classes":[]},{"id":5787,"url":"https:\/\/comunidadeemacao.com.br\/site\/copa-centenario-tem-rodada-decisiva-neste-domingo-7-veja-jogos-e-horarios\/","url_meta":{"origin":10462,"position":4},"title":"Copa Centen\u00e1rio tem rodada decisiva neste domingo (7); veja jogos e hor\u00e1rios","author":"Marcos Silva","date":"6 de setembro de 2025","format":false,"excerpt":"Copa Centen\u00e1rio 2025 tem rodada decisiva neste domingo (7) em Belo Horizonte. Confira a tabela completa dos jogos dos m\u00f3dulos A, B e C e saiba quais equipes est\u00e3o na disputa por vaga na Copa Itatiaia. Futebol de Varzea se prepara para uma tarde de fortes emo\u00e7\u00f5es no futebol amador\u2026","rel":"","context":"Em &quot;Not\u00edcias&quot;","block_context":{"text":"Not\u00edcias","link":"https:\/\/comunidadeemacao.com.br\/site\/category\/noticiasdacomunidaede\/"},"img":{"alt_text":"","src":"https:\/\/i0.wp.com\/comunidadeemacao.com.br\/site\/wp-content\/uploads\/2025\/09\/01-Copa-Centenario.jpg?fit=770%2C420&ssl=1&resize=350%2C200","width":350,"height":200,"srcset":"https:\/\/i0.wp.com\/comunidadeemacao.com.br\/site\/wp-content\/uploads\/2025\/09\/01-Copa-Centenario.jpg?fit=770%2C420&ssl=1&resize=350%2C200 1x, https:\/\/i0.wp.com\/comunidadeemacao.com.br\/site\/wp-content\/uploads\/2025\/09\/01-Copa-Centenario.jpg?fit=770%2C420&ssl=1&resize=525%2C300 1.5x, https:\/\/i0.wp.com\/comunidadeemacao.com.br\/site\/wp-content\/uploads\/2025\/09\/01-Copa-Centenario.jpg?fit=770%2C420&ssl=1&resize=700%2C400 2x"},"classes":[]},{"id":9041,"url":"https:\/\/comunidadeemacao.com.br\/site\/copa-centenario-tupinambas-x-tupinense-marca-rodada-sub-17-em-bh\/","url_meta":{"origin":10462,"position":5},"title":"Copa Centen\u00e1rio: Tupinamb\u00e1s x Tupinense marca rodada Sub-17 em BH","author":"Marcos Silva","date":"20 de junho de 2026","format":false,"excerpt":"Copa Centen\u00e1rio Sub-17 e Seletiva Masculina 2026 movimentam Belo Horizonte com 30 jogos no fim de semana A Copa Centen\u00e1rio Sub-17 e Seletiva Masculina 2026, ser\u00e1 realizada neste fim de semana em Belo Horizonte, reunindo equipes de v\u00e1rias comunidades da capital em uma extensa programa\u00e7\u00e3o esportiva. Ao todo, ser\u00e3o 30\u2026","rel":"","context":"Em &quot;Not\u00edcias&quot;","block_context":{"text":"Not\u00edcias","link":"https:\/\/comunidadeemacao.com.br\/site\/category\/noticiasdacomunidaede\/"},"img":{"alt_text":"Copa Centen\u00e1rio tem rodada da Seletiva e sequ\u00eancia do Sub-17 neste fim de semana","src":"https:\/\/i0.wp.com\/comunidadeemacao.com.br\/site\/wp-content\/uploads\/2026\/06\/final-master-50-14.jpg?fit=770%2C420&ssl=1&resize=350%2C200","width":350,"height":200,"srcset":"https:\/\/i0.wp.com\/comunidadeemacao.com.br\/site\/wp-content\/uploads\/2026\/06\/final-master-50-14.jpg?fit=770%2C420&ssl=1&resize=350%2C200 1x, https:\/\/i0.wp.com\/comunidadeemacao.com.br\/site\/wp-content\/uploads\/2026\/06\/final-master-50-14.jpg?fit=770%2C420&ssl=1&resize=525%2C300 1.5x, https:\/\/i0.wp.com\/comunidadeemacao.com.br\/site\/wp-content\/uploads\/2026\/06\/final-master-50-14.jpg?fit=770%2C420&ssl=1&resize=700%2C400 2x"},"classes":[]}],"jetpack_featured_media_url":"https:\/\/i0.wp.com\/comunidadeemacao.com.br\/site\/wp-content\/uploads\/2026\/09\/centenario_1.jpg?fit=770%2C513&ssl=1","_links":{"self":[{"href":"https:\/\/comunidadeemacao.com.br\/site\/wp-json\/wp\/v2\/posts\/10462","targetHints":{"allow":["GET"]}}],"collection":[{"href":"https:\/\/comunidadeemacao.com.br\/site\/wp-json\/wp\/v2\/posts"}],"about":[{"href":"https:\/\/comunidadeemacao.com.br\/site\/wp-json\/wp\/v2\/types\/post"}],"author":[{"embeddable":true,"href":"https:\/\/comunidadeemacao.com.br\/site\/wp-json\/wp\/v2\/users\/1"}],"replies":[{"embeddable":true,"href":"https:\/\/comunidadeemacao.com.br\/site\/wp-json\/wp\/v2\/comments?post=10462"}],"version-history":[{"count":2,"href":"https:\/\/comunidadeemacao.com.br\/site\/wp-json\/wp\/v2\/posts\/10462\/revisions"}],"predecessor-version":[{"id":10468,"href":"https:\/\/comunidadeemacao.com.br\/site\/wp-json\/wp\/v2\/posts\/10462\/revisions\/10468"}],"wp:featuredmedia":[{"embeddable":true,"href":"https:\/\/comunidadeemacao.com.br\/site\/wp-json\/wp\/v2\/media\/10467"}],"wp:attachment":[{"href":"https:\/\/comunidadeemacao.com.br\/site\/wp-json\/wp\/v2\/media?parent=10462"}],"wp:term":[{"taxonomy":"category","embeddable":true,"href":"https:\/\/comunidadeemacao.com.br\/site\/wp-json\/wp\/v2\/categories?post=10462"},{"taxonomy":"post_tag","embeddable":true,"href":"https:\/\/comunidadeemacao.com.br\/site\/wp-json\/wp\/v2\/tags?post=10462"},{"taxonomy":"series","embeddable":true,"href":"https:\/\/comunidadeemacao.com.br\/site\/wp-json\/wp\/v2\/series?post=10462"}],"curies":[{"name":"wp","href":"https:\/\/api.w.org\/{rel}","templated":true}]}}