{"id":10459,"date":"2026-09-04T08:12:37","date_gmt":"2026-09-04T11:12:37","guid":{"rendered":"https:\/\/comunidadeemacao.com.br\/site\/?p=10459"},"modified":"2026-09-03T18:23:56","modified_gmt":"2026-09-03T21:23:56","slug":"anvisa-suspende-fabricacao-de-produtos-de-limpeza-da-unilever-apos-inspecao","status":"publish","type":"post","link":"https:\/\/comunidadeemacao.com.br\/site\/anvisa-suspende-fabricacao-de-produtos-de-limpeza-da-unilever-apos-inspecao\/","title":{"rendered":"Anvisa suspende fabrica\u00e7\u00e3o de produtos de limpeza da Unilever ap\u00f3s inspe\u00e7\u00e3o"},"content":{"rendered":"<h2 class=\"isSelectedEnd\">Medida preventiva atinge unidade de Vinhedo e aponta falhas em controles de produ\u00e7\u00e3o e monitoramento da \u00e1gua<\/h2>\n<p class=\"isSelectedEnd\">A Ag\u00eancia Nacional de Vigil\u00e2ncia Sanit\u00e1ria (Anvisa) suspendeu, na quarta-feira (2), a fabrica\u00e7\u00e3o de produtos de limpeza na unidade da Unilever localizada em Vinhedo, no estado de S\u00e3o Paulo. A medida preventiva foi adotada ap\u00f3s uma inspe\u00e7\u00e3o realizada entre os dias 24 e 28 de agosto e tem como objetivo evitar riscos \u00e0 sa\u00fade p\u00fablica em futuros lotes produzidos pela empresa.<\/p>\n<p class=\"isSelectedEnd\">A determina\u00e7\u00e3o consta na <em><strong><a href=\"https:\/\/www.in.gov.br\/en\/web\/dou\/-\/resolucao-re-n-3.443-de-1-de-setembro-de-2026-729412771b\" target=\"_blank\" rel=\"noopener nofollow\">Resolu\u00e7\u00e3o 3.443\/2026<\/a><\/strong><\/em>, publicada no <strong>Di\u00e1rio Oficial da Uni\u00e3o<\/strong>. Na unidade s\u00e3o fabricados, entre outros produtos, sab\u00e3o l\u00edquido para lavar roupas e amaciante l\u00edquido para roupas.<\/p>\n<h2 class=\"isSelectedEnd\">Anvisa identificou falhas na fabrica\u00e7\u00e3o<\/h2>\n<p class=\"isSelectedEnd\">Segundo a Anvisa, a inspe\u00e7\u00e3o encontrou falhas nas Boas Pr\u00e1ticas de Fabrica\u00e7\u00e3o (BPF), conjunto de requisitos destinados a garantir sistemas adequados de controle de qualidade durante a produ\u00e7\u00e3o.<\/p>\n<p class=\"isSelectedEnd\">Entre os problemas identificados est\u00e3o falhas nos controles realizados durante a fabrica\u00e7\u00e3o e antes da libera\u00e7\u00e3o dos produtos, al\u00e9m de defici\u00eancias no monitoramento da \u00e1gua utilizada na produ\u00e7\u00e3o.<\/p>\n<p class=\"isSelectedEnd\">A fiscaliza\u00e7\u00e3o tamb\u00e9m apontou fragilidades nos procedimentos adotados para investigar e corrigir problemas identificados pela pr\u00f3pria empresa.<\/p>\n<p class=\"isSelectedEnd\">A inspe\u00e7\u00e3o foi realizada pela Anvisa em conjunto com o Centro de Vigil\u00e2ncia Sanit\u00e1ria do Estado de S\u00e3o Paulo e a Vigil\u00e2ncia Sanit\u00e1ria do Munic\u00edpio de Vinhedo.<\/p>\n<h2 class=\"isSelectedEnd\">Produtos dispon\u00edveis nas lojas n\u00e3o ser\u00e3o recolhidos<\/h2>\n<p class=\"isSelectedEnd\">Apesar da suspens\u00e3o da fabrica\u00e7\u00e3o, a Anvisa informou que, at\u00e9 o momento, n\u00e3o existe indica\u00e7\u00e3o de contamina\u00e7\u00e3o microbiol\u00f3gica ou de outros problemas relacionados aos lotes produzidos na f\u00e1brica.<\/p>\n<p class=\"isSelectedEnd\">Por esse motivo, a ag\u00eancia n\u00e3o determinou a suspens\u00e3o da comercializa\u00e7\u00e3o, distribui\u00e7\u00e3o ou utiliza\u00e7\u00e3o dos produtos j\u00e1 fabricados e dispon\u00edveis no mercado. Tamb\u00e9m n\u00e3o foi determinado o recolhimento desses lotes.<\/p>\n<h2 class=\"isSelectedEnd\">Unilever diz que iniciou corre\u00e7\u00f5es<\/h2>\n<p class=\"isSelectedEnd\">Em comunicado, a Unilever Brasil informou que a inspe\u00e7\u00e3o identificou oportunidades de melhoria em processos de documenta\u00e7\u00e3o e controle relacionados \u00e0s linhas de sab\u00e3o l\u00edquido para lavar roupas e amaciante l\u00edquido.<\/p>\n<p class=\"isSelectedEnd\">A empresa afirmou que iniciou as a\u00e7\u00f5es determinadas pela Anvisa e suspendeu temporariamente a produ\u00e7\u00e3o desses itens para implementar as corre\u00e7\u00f5es.<\/p>\n<p class=\"isSelectedEnd\">De acordo com a companhia, as demais linhas de produ\u00e7\u00e3o da unidade, voltadas a produtos de cuidados com a casa, continuam funcionando normalmente.<\/p>\n<p class=\"isSelectedEnd\">A Unilever tamb\u00e9m informou que permanece colaborando com a Anvisa e considera os apontamentos parte do processo de evolu\u00e7\u00e3o de seus procedimentos produtivos.<\/p>\n<h2 class=\"isSelectedEnd\">Fiscaliza\u00e7\u00e3o de fabricantes de saneantes<\/h2>\n<p class=\"isSelectedEnd\">A inspe\u00e7\u00e3o na unidade da Unilever integra outras a\u00e7\u00f5es de fiscaliza\u00e7\u00e3o sanit\u00e1ria realizadas em fabricantes de saneantes \u2014 categoria que re\u00fane produtos destinados \u00e0 limpeza, desinfec\u00e7\u00e3o e conserva\u00e7\u00e3o de ambientes.<\/p>\n<p class=\"isSelectedEnd\">Segundo a Anvisa, sete inspe\u00e7\u00f5es em fabricantes j\u00e1 foram realizadas neste ano, incluindo quatro dos maiores fabricantes do Brasil.<\/p>\n<p class=\"isSelectedEnd\">A suspens\u00e3o da fabrica\u00e7\u00e3o, portanto, ocorre como medida preventiva para que as falhas identificadas sejam corrigidas antes da produ\u00e7\u00e3o de novos lotes destinados \u00e0 popula\u00e7\u00e3o.<\/p>\n<p>&nbsp;<\/p>\n","protected":false},"excerpt":{"rendered":"Medida preventiva atinge unidade de Vinhedo e aponta falhas em controles de produ\u00e7\u00e3o e monitoramento da \u00e1gua A Ag\u00eancia Nacional de Vigil\u00e2ncia Sanit\u00e1ria (Anvisa) suspendeu, [&hellip;]","protected":false},"author":1,"featured_media":10460,"comment_status":"closed","ping_status":"closed","sticky":false,"template":"","format":"standard","meta":{"episode_type":"audio","audio_file":"","podmotor_file_id":"","podmotor_episode_id":"","cover_image":"","cover_image_id":"","duration":"","filesize":"","filesize_raw":"","date_recorded":"","explicit":"","block":"","_jetpack_newsletter_access":"","_jetpack_dont_email_post_to_subs":false,"_jetpack_newsletter_tier_id":0,"_jetpack_memberships_contains_paywalled_content":false,"_jetpack_feature_clip_id":0,"_jetpack_memberships_contains_paid_content":false,"footnotes":"","jetpack_post_was_ever_published":false},"categories":[114,1],"tags":[374,627,2934,2935],"series":[],"class_list":["post-10459","post","type-post","status-publish","format-standard","has-post-thumbnail","hentry","category-saude","category-noticiasdacomunidaede","tag-comunidadeemacao","tag-jornaldebairro","tag-unilever","tag-anvisasuspendefabricacaodeprodutosdelimpeza"],"episode_featured_image":"https:\/\/comunidadeemacao.com.br\/site\/wp-content\/uploads\/2026\/09\/saneantes.webp","episode_player_image":"https:\/\/i0.wp.com\/comunidadeemacao.com.br\/site\/wp-content\/uploads\/2025\/07\/Logo-Fala-Zona-Norte-1400-pix1.jpg?fit=1400%2C1400&ssl=1","download_link":"","player_link":"","audio_player":false,"episode_data":{"playerMode":"light","subscribeUrls":{"youtube":{"key":"youtube","url":"","label":"YouTube","class":"youtube","icon":"youtube.png"}},"rssFeedUrl":"https:\/\/comunidadeemacao.com.br\/site\/feed\/podcast\/comunidade-em-acao","embedCode":"<blockquote class=\"wp-embedded-content\" data-secret=\"kBFMKxLvAG\"><a href=\"https:\/\/comunidadeemacao.com.br\/site\/anvisa-suspende-fabricacao-de-produtos-de-limpeza-da-unilever-apos-inspecao\/\">Anvisa suspende fabrica\u00e7\u00e3o de produtos de limpeza da Unilever ap\u00f3s inspe\u00e7\u00e3o<\/a><\/blockquote><iframe sandbox=\"allow-scripts\" security=\"restricted\" src=\"https:\/\/comunidadeemacao.com.br\/site\/anvisa-suspende-fabricacao-de-produtos-de-limpeza-da-unilever-apos-inspecao\/embed\/#?secret=kBFMKxLvAG\" width=\"500\" height=\"350\" title=\"&#8220;Anvisa suspende fabrica\u00e7\u00e3o de produtos de limpeza da Unilever ap\u00f3s inspe\u00e7\u00e3o&#8221; &#8212; COMUNIDADE EM A\u00c7\u00c3O\" data-secret=\"kBFMKxLvAG\" frameborder=\"0\" marginwidth=\"0\" marginheight=\"0\" scrolling=\"no\" class=\"wp-embedded-content\"><\/iframe><script>\n\/*! This file is auto-generated *\/\n!function(d,l){\"use strict\";l.querySelector&&d.addEventListener&&\"undefined\"!=typeof URL&&(d.wp=d.wp||{},d.wp.receiveEmbedMessage||(d.wp.receiveEmbedMessage=function(e){var t=e.data;if((t||t.secret||t.message||t.value)&&!\/[^a-zA-Z0-9]\/.test(t.secret)){for(var s,r,n,a=l.querySelectorAll('iframe[data-secret=\"'+t.secret+'\"]'),o=l.querySelectorAll('blockquote[data-secret=\"'+t.secret+'\"]'),c=new RegExp(\"^https?:$\",\"i\"),i=0;i<o.length;i++)o[i].style.display=\"none\";for(i=0;i<a.length;i++)s=a[i],e.source===s.contentWindow&&(s.removeAttribute(\"style\"),\"height\"===t.message?(1e3<(r=parseInt(t.value,10))?r=1e3:~~r<200&&(r=200),s.height=r):\"link\"===t.message&&(r=new URL(s.getAttribute(\"src\")),n=new URL(t.value),c.test(n.protocol))&&n.host===r.host&&l.activeElement===s&&(d.top.location.href=t.value))}},d.addEventListener(\"message\",d.wp.receiveEmbedMessage,!1),l.addEventListener(\"DOMContentLoaded\",function(){for(var e,t,s=l.querySelectorAll(\"iframe.wp-embedded-content\"),r=0;r<s.length;r++)(t=(e=s[r]).getAttribute(\"data-secret\"))||(t=Math.random().toString(36).substring(2,12),e.src+=\"#?secret=\"+t,e.setAttribute(\"data-secret\",t)),e.contentWindow.postMessage({message:\"ready\",secret:t},\"*\")},!1)))}(window,document);\n\/\/# sourceURL=https:\/\/comunidadeemacao.com.br\/site\/wp-includes\/js\/wp-embed.min.js\n<\/script>\n"},"jetpack_sharing_enabled":true,"jetpack_likes_enabled":true,"jetpack-related-posts":[{"id":8509,"url":"https:\/\/comunidadeemacao.com.br\/site\/anvisa-mantem-suspensao-de-produtos-ype-devido-a-falhas-de-qualidade\/","url_meta":{"origin":10459,"position":0},"title":"Anvisa mant\u00e9m suspens\u00e3o de produtos Yp\u00ea devido a falhas de qualidade","author":"Marcos Silva","date":"17 de maio de 2026","format":false,"excerpt":"Decis\u00e3o da Anvisa sobre produtos Yp\u00ea A Ag\u00eancia Nacional de Vigil\u00e2ncia Sanit\u00e1ria (Anvisa) decidiu, em uma reuni\u00e3o extraordin\u00e1ria, manter a suspens\u00e3o da fabrica\u00e7\u00e3o, distribui\u00e7\u00e3o e venda de determinados lotes de produtos da marca Yp\u00ea. A decis\u00e3o foi oficializada nesta sexta-feira (15) e afeta lotes cuja numera\u00e7\u00e3o termina em 1. Esta\u2026","rel":"","context":"Em &quot;Sa\u00fade&quot;","block_context":{"text":"Sa\u00fade","link":"https:\/\/comunidadeemacao.com.br\/site\/category\/noticiasdacomunidaede\/saude\/"},"img":{"alt_text":"Produtos Yp\u00ea","src":"https:\/\/i0.wp.com\/comunidadeemacao.com.br\/site\/wp-content\/uploads\/2026\/05\/0d4a8389.webp?fit=1170%2C700&ssl=1&resize=350%2C200","width":350,"height":200,"srcset":"https:\/\/i0.wp.com\/comunidadeemacao.com.br\/site\/wp-content\/uploads\/2026\/05\/0d4a8389.webp?fit=1170%2C700&ssl=1&resize=350%2C200 1x, https:\/\/i0.wp.com\/comunidadeemacao.com.br\/site\/wp-content\/uploads\/2026\/05\/0d4a8389.webp?fit=1170%2C700&ssl=1&resize=525%2C300 1.5x, https:\/\/i0.wp.com\/comunidadeemacao.com.br\/site\/wp-content\/uploads\/2026\/05\/0d4a8389.webp?fit=1170%2C700&ssl=1&resize=700%2C400 2x, https:\/\/i0.wp.com\/comunidadeemacao.com.br\/site\/wp-content\/uploads\/2026\/05\/0d4a8389.webp?fit=1170%2C700&ssl=1&resize=1050%2C600 3x"},"classes":[]},{"id":9865,"url":"https:\/\/comunidadeemacao.com.br\/site\/anvisa-intervem-em-produtos-medicos-irregulares-para-garantir-seguranca-da-saude\/","url_meta":{"origin":10459,"position":1},"title":"Anvisa interv\u00e9m em produtos m\u00e9dicos irregulares para garantir seguran\u00e7a da sa\u00fade","author":"Marcos Silva","date":"4 de agosto de 2026","format":false,"excerpt":"Medida de suspens\u00e3o abrange produto importado A Ag\u00eancia Nacional de Vigil\u00e2ncia Sanit\u00e1ria (Anvisa) tomou uma a\u00e7\u00e3o decisiva ao suspender a venda, importa\u00e7\u00e3o, distribui\u00e7\u00e3o, divulga\u00e7\u00e3o e uso do produto Bio-Aid - Curativo Fixador para Cateter. Este produto \u00e9 importado no Brasil pela empresa Bio Company Com\u00e9rcio e Servi\u00e7os Ltda., e a\u2026","rel":"","context":"Em &quot;Dia A Dia&quot;","block_context":{"text":"Dia A Dia","link":"https:\/\/comunidadeemacao.com.br\/site\/category\/dia-a-dia\/"},"img":{"alt_text":"Medidas se referem a cateter intravenoso e curativo fixador","src":"https:\/\/i0.wp.com\/comunidadeemacao.com.br\/site\/wp-content\/uploads\/2026\/08\/0d7a5833-2.webp?fit=1170%2C700&ssl=1&resize=350%2C200","width":350,"height":200,"srcset":"https:\/\/i0.wp.com\/comunidadeemacao.com.br\/site\/wp-content\/uploads\/2026\/08\/0d7a5833-2.webp?fit=1170%2C700&ssl=1&resize=350%2C200 1x, https:\/\/i0.wp.com\/comunidadeemacao.com.br\/site\/wp-content\/uploads\/2026\/08\/0d7a5833-2.webp?fit=1170%2C700&ssl=1&resize=525%2C300 1.5x, https:\/\/i0.wp.com\/comunidadeemacao.com.br\/site\/wp-content\/uploads\/2026\/08\/0d7a5833-2.webp?fit=1170%2C700&ssl=1&resize=700%2C400 2x, https:\/\/i0.wp.com\/comunidadeemacao.com.br\/site\/wp-content\/uploads\/2026\/08\/0d7a5833-2.webp?fit=1170%2C700&ssl=1&resize=1050%2C600 3x"},"classes":[]},{"id":8755,"url":"https:\/\/comunidadeemacao.com.br\/site\/anvisa-determina-suspensao-de-medicamentos-para-hipertensao-e-cancer-de-mama\/","url_meta":{"origin":10459,"position":2},"title":"Anvisa determina suspens\u00e3o de medicamentos para hipertens\u00e3o e c\u00e2ncer de mama","author":"Marcos Silva","date":"3 de junho de 2026","format":false,"excerpt":"Restri\u00e7\u00f5es impostas pela Anvisa A Ag\u00eancia Nacional de Vigil\u00e2ncia Sanit\u00e1ria (Anvisa) anunciou a suspens\u00e3o imediata de diversos medicamentos ap\u00f3s identificar irregularidades em seus lotes. A medida foi formalizada atrav\u00e9s da Resolu\u00e7\u00e3o 2.238\/2026, publicada no Di\u00e1rio Oficial da Uni\u00e3o em 2 de junho de 2026. Entre os medicamentos afetados est\u00e1 o\u2026","rel":"","context":"Em &quot;Sa\u00fade&quot;","block_context":{"text":"Sa\u00fade","link":"https:\/\/comunidadeemacao.com.br\/site\/category\/noticiasdacomunidaede\/saude\/"},"img":{"alt_text":"Anvisa suspende lote de medicamentos para hipertens\u00e3o e c\u00e2ncer de mama","src":"https:\/\/i0.wp.com\/comunidadeemacao.com.br\/site\/wp-content\/uploads\/2026\/06\/11-11-2020_sede_anvisa-4_0.webp?fit=1170%2C700&ssl=1&resize=350%2C200","width":350,"height":200,"srcset":"https:\/\/i0.wp.com\/comunidadeemacao.com.br\/site\/wp-content\/uploads\/2026\/06\/11-11-2020_sede_anvisa-4_0.webp?fit=1170%2C700&ssl=1&resize=350%2C200 1x, https:\/\/i0.wp.com\/comunidadeemacao.com.br\/site\/wp-content\/uploads\/2026\/06\/11-11-2020_sede_anvisa-4_0.webp?fit=1170%2C700&ssl=1&resize=525%2C300 1.5x, https:\/\/i0.wp.com\/comunidadeemacao.com.br\/site\/wp-content\/uploads\/2026\/06\/11-11-2020_sede_anvisa-4_0.webp?fit=1170%2C700&ssl=1&resize=700%2C400 2x, https:\/\/i0.wp.com\/comunidadeemacao.com.br\/site\/wp-content\/uploads\/2026\/06\/11-11-2020_sede_anvisa-4_0.webp?fit=1170%2C700&ssl=1&resize=1050%2C600 3x"},"classes":[]},{"id":8592,"url":"https:\/\/comunidadeemacao.com.br\/site\/anvisa-suspende-comercializacao-de-medicamentos-por-problemas-em-lotes-especificos\/","url_meta":{"origin":10459,"position":3},"title":"Anvisa Suspende Comercializa\u00e7\u00e3o de Medicamentos por Problemas em Lotes Espec\u00edficos","author":"Marcos Silva","date":"22 de maio de 2026","format":false,"excerpt":"Anvisa Imp\u00f5e Suspens\u00f5es Rigorosas Em uma a\u00e7\u00e3o de controle rigoroso, a Ag\u00eancia Nacional de Vigil\u00e2ncia Sanit\u00e1ria (Anvisa) anunciou, nesta segunda-feira (18), a suspens\u00e3o da comercializa\u00e7\u00e3o, distribui\u00e7\u00e3o e uso de determinados medicamentos no Brasil. A decis\u00e3o veio ap\u00f3s a identifica\u00e7\u00e3o de problemas em lotes espec\u00edficos de produtos fabricados pelas farmac\u00eauticas Hypofarma\u2026","rel":"","context":"Em &quot;Dia A Dia&quot;","block_context":{"text":"Dia A Dia","link":"https:\/\/comunidadeemacao.com.br\/site\/category\/dia-a-dia\/"},"img":{"alt_text":"Ag\u00eancia tamb\u00e9m proibiu venda de compostos sem registro sanit\u00e1rio","src":"https:\/\/i0.wp.com\/comunidadeemacao.com.br\/site\/wp-content\/uploads\/2026\/05\/recolhe_remedios_colesterol_anvisa_c4799a6702_copiar.webp?fit=1170%2C700&ssl=1&resize=350%2C200","width":350,"height":200,"srcset":"https:\/\/i0.wp.com\/comunidadeemacao.com.br\/site\/wp-content\/uploads\/2026\/05\/recolhe_remedios_colesterol_anvisa_c4799a6702_copiar.webp?fit=1170%2C700&ssl=1&resize=350%2C200 1x, https:\/\/i0.wp.com\/comunidadeemacao.com.br\/site\/wp-content\/uploads\/2026\/05\/recolhe_remedios_colesterol_anvisa_c4799a6702_copiar.webp?fit=1170%2C700&ssl=1&resize=525%2C300 1.5x, https:\/\/i0.wp.com\/comunidadeemacao.com.br\/site\/wp-content\/uploads\/2026\/05\/recolhe_remedios_colesterol_anvisa_c4799a6702_copiar.webp?fit=1170%2C700&ssl=1&resize=700%2C400 2x, https:\/\/i0.wp.com\/comunidadeemacao.com.br\/site\/wp-content\/uploads\/2026\/05\/recolhe_remedios_colesterol_anvisa_c4799a6702_copiar.webp?fit=1170%2C700&ssl=1&resize=1050%2C600 3x"},"classes":[]},{"id":9564,"url":"https:\/\/comunidadeemacao.com.br\/site\/anvisa-interdita-venda-de-energetico-mister-hemp-e-lotes-de-agua-mineral-mamba-water\/","url_meta":{"origin":10459,"position":4},"title":"Anvisa Interdita Venda de Energ\u00e9tico Mister Hemp e Lotes de \u00c1gua Mineral Mamba Water","author":"Marcos Silva","date":"18 de julho de 2026","format":false,"excerpt":"Suspens\u00e3o de Vendas Por Falta de Estudos de Estabilidade A Ag\u00eancia Nacional de Vigil\u00e2ncia Sanit\u00e1ria (Anvisa) tomou uma decis\u00e3o crucial ao suspender a venda de todas as bebidas energ\u00e9ticas da marca Mister Hemp. A medida, anunciada nesta quinta-feira (16), tamb\u00e9m abrangeu dois lotes espec\u00edficos da \u00e1gua mineral Mamba Water. A\u2026","rel":"","context":"Em &quot;Dia A Dia&quot;","block_context":{"text":"Dia A Dia","link":"https:\/\/comunidadeemacao.com.br\/site\/category\/dia-a-dia\/"},"img":{"alt_text":"Fabricante da \u00e1gua mineral Mamba Water recolhe lotes","src":"https:\/\/i0.wp.com\/comunidadeemacao.com.br\/site\/wp-content\/uploads\/2026\/07\/11-11-2020_sede_anvisa-3_0.webp?fit=1170%2C700&ssl=1&resize=350%2C200","width":350,"height":200,"srcset":"https:\/\/i0.wp.com\/comunidadeemacao.com.br\/site\/wp-content\/uploads\/2026\/07\/11-11-2020_sede_anvisa-3_0.webp?fit=1170%2C700&ssl=1&resize=350%2C200 1x, https:\/\/i0.wp.com\/comunidadeemacao.com.br\/site\/wp-content\/uploads\/2026\/07\/11-11-2020_sede_anvisa-3_0.webp?fit=1170%2C700&ssl=1&resize=525%2C300 1.5x, https:\/\/i0.wp.com\/comunidadeemacao.com.br\/site\/wp-content\/uploads\/2026\/07\/11-11-2020_sede_anvisa-3_0.webp?fit=1170%2C700&ssl=1&resize=700%2C400 2x, https:\/\/i0.wp.com\/comunidadeemacao.com.br\/site\/wp-content\/uploads\/2026\/07\/11-11-2020_sede_anvisa-3_0.webp?fit=1170%2C700&ssl=1&resize=1050%2C600 3x"},"classes":[]},{"id":9156,"url":"https:\/\/comunidadeemacao.com.br\/site\/anvisa-proibe-suplemento-irregular-e-suspende-lotes-de-creatina\/","url_meta":{"origin":10459,"position":5},"title":"Anvisa pro\u00edbe suplemento irregular e suspende lotes de creatina","author":"Marcos Silva","date":"28 de junho de 2026","format":false,"excerpt":"Decis\u00e3o da Anvisa sobre o suplemento Artro100 A Ag\u00eancia Nacional de Vigil\u00e2ncia Sanit\u00e1ria (Anvisa) anunciou medidas restritivas contra o suplemento alimentar Artro100. A resolu\u00e7\u00e3o, divulgada no Di\u00e1rio Oficial da Uni\u00e3o nesta quinta-feira (25), determina a apreens\u00e3o imediata do produto, al\u00e9m de proibir sua venda, distribui\u00e7\u00e3o, fabrica\u00e7\u00e3o, divulga\u00e7\u00e3o e uso. O\u2026","rel":"","context":"Em &quot;Sa\u00fade&quot;","block_context":{"text":"Sa\u00fade","link":"https:\/\/comunidadeemacao.com.br\/site\/category\/noticiasdacomunidaede\/saude\/"},"img":{"alt_text":"Medidas est\u00e3o publicadas no Di\u00e1rio Oficial da Uni\u00e3o","src":"https:\/\/i0.wp.com\/comunidadeemacao.com.br\/site\/wp-content\/uploads\/2026\/06\/0d7a5833-1.webp?fit=1170%2C700&ssl=1&resize=350%2C200","width":350,"height":200,"srcset":"https:\/\/i0.wp.com\/comunidadeemacao.com.br\/site\/wp-content\/uploads\/2026\/06\/0d7a5833-1.webp?fit=1170%2C700&ssl=1&resize=350%2C200 1x, https:\/\/i0.wp.com\/comunidadeemacao.com.br\/site\/wp-content\/uploads\/2026\/06\/0d7a5833-1.webp?fit=1170%2C700&ssl=1&resize=525%2C300 1.5x, https:\/\/i0.wp.com\/comunidadeemacao.com.br\/site\/wp-content\/uploads\/2026\/06\/0d7a5833-1.webp?fit=1170%2C700&ssl=1&resize=700%2C400 2x, https:\/\/i0.wp.com\/comunidadeemacao.com.br\/site\/wp-content\/uploads\/2026\/06\/0d7a5833-1.webp?fit=1170%2C700&ssl=1&resize=1050%2C600 3x"},"classes":[]}],"jetpack_featured_media_url":"https:\/\/i0.wp.com\/comunidadeemacao.com.br\/site\/wp-content\/uploads\/2026\/09\/saneantes.webp?fit=1170%2C700&ssl=1","_links":{"self":[{"href":"https:\/\/comunidadeemacao.com.br\/site\/wp-json\/wp\/v2\/posts\/10459","targetHints":{"allow":["GET"]}}],"collection":[{"href":"https:\/\/comunidadeemacao.com.br\/site\/wp-json\/wp\/v2\/posts"}],"about":[{"href":"https:\/\/comunidadeemacao.com.br\/site\/wp-json\/wp\/v2\/types\/post"}],"author":[{"embeddable":true,"href":"https:\/\/comunidadeemacao.com.br\/site\/wp-json\/wp\/v2\/users\/1"}],"replies":[{"embeddable":true,"href":"https:\/\/comunidadeemacao.com.br\/site\/wp-json\/wp\/v2\/comments?post=10459"}],"version-history":[{"count":1,"href":"https:\/\/comunidadeemacao.com.br\/site\/wp-json\/wp\/v2\/posts\/10459\/revisions"}],"predecessor-version":[{"id":10461,"href":"https:\/\/comunidadeemacao.com.br\/site\/wp-json\/wp\/v2\/posts\/10459\/revisions\/10461"}],"wp:featuredmedia":[{"embeddable":true,"href":"https:\/\/comunidadeemacao.com.br\/site\/wp-json\/wp\/v2\/media\/10460"}],"wp:attachment":[{"href":"https:\/\/comunidadeemacao.com.br\/site\/wp-json\/wp\/v2\/media?parent=10459"}],"wp:term":[{"taxonomy":"category","embeddable":true,"href":"https:\/\/comunidadeemacao.com.br\/site\/wp-json\/wp\/v2\/categories?post=10459"},{"taxonomy":"post_tag","embeddable":true,"href":"https:\/\/comunidadeemacao.com.br\/site\/wp-json\/wp\/v2\/tags?post=10459"},{"taxonomy":"series","embeddable":true,"href":"https:\/\/comunidadeemacao.com.br\/site\/wp-json\/wp\/v2\/series?post=10459"}],"curies":[{"name":"wp","href":"https:\/\/api.w.org\/{rel}","templated":true}]}}