{"id":10456,"date":"2026-09-04T05:56:36","date_gmt":"2026-09-04T08:56:36","guid":{"rendered":"https:\/\/comunidadeemacao.com.br\/site\/?p=10456"},"modified":"2026-09-03T18:12:21","modified_gmt":"2026-09-03T21:12:21","slug":"bh-tera-sexta-feira-de-sol-calor-e-baixa-umidade-nesta-sexta-4","status":"publish","type":"post","link":"https:\/\/comunidadeemacao.com.br\/site\/bh-tera-sexta-feira-de-sol-calor-e-baixa-umidade-nesta-sexta-4\/","title":{"rendered":"BH ter\u00e1 sexta-feira de sol, calor e baixa umidade nesta sexta (4)"},"content":{"rendered":"<div class=\"flex max-w-full flex-col gap-4 grow\">\n<div class=\"min-h-8 text-message relative flex w-full flex-col items-end gap-2 text-start break-words whitespace-normal outline-none keyboard-focused:focus-ring [.text-message+&amp;]:mt-1\" dir=\"auto\" tabindex=\"0\" data-message-author-role=\"assistant\" data-message-id=\"9f871d08-6f21-4ba7-98f0-5dc73e6f126a\" data-turn-start-message=\"true\" data-message-model-slug=\"gpt-5-6\">\n<div class=\"flex w-full flex-col gap-1 empty:hidden\">\n<div class=\"fbskMG_root markdown prose dark:prose-invert wrap-break-word w-full light markdown-new-styling\">\n<h2 data-start=\"84\" data-end=\"268\"><strong data-start=\"84\" data-end=\"268\">Term\u00f4metros podem chegar a 31\u00b0C durante a tarde, enquanto a umidade relativa do ar pode cair para 30%; moradores devem refor\u00e7ar a hidrata\u00e7\u00e3o e acompanhar os alertas da Defesa Civil<\/strong><\/h2>\n<p data-start=\"270\" data-end=\"635\">Belo Horizonte ter\u00e1 uma <strong data-start=\"294\" data-end=\"444\">sexta-feira (4) de setembro de 2026 predominantemente ensolarada, com temperaturas em eleva\u00e7\u00e3o e redu\u00e7\u00e3o da umidade relativa do ar ao longo do dia<\/strong>. A previs\u00e3o do Instituto Nacional de Meteorologia (INMET) indica m\u00ednima de <strong data-start=\"520\" data-end=\"545\">13\u00b0C e m\u00e1xima de 31\u00b0C<\/strong>, com umidade relativa variando entre <strong data-start=\"583\" data-end=\"596\">90% e 30%<\/strong>.<\/p>\n<p data-start=\"637\" data-end=\"982\">As proje\u00e7\u00f5es consultadas apresentam pequenas diferen\u00e7as nos valores, mas apontam para o mesmo cen\u00e1rio: <strong data-start=\"740\" data-end=\"824\">manh\u00e3 mais fresca, tarde quente e tempo predominantemente seco em Belo Horizonte<\/strong>. O Tempo, por exemplo, indica aproximadamente <strong data-start=\"871\" data-end=\"906\">28\u00b0C de m\u00e1xima e 14\u00b0C de m\u00ednima<\/strong>, sem previs\u00e3o de chuva significativa.<\/p>\n<h3 data-section-id=\"1m8iotj\" data-start=\"984\" data-end=\"1024\">\ud83c\udf21\ufe0f Temperaturas sobem durante o dia<\/h3>\n<p data-start=\"1026\" data-end=\"1207\">A madrugada e o in\u00edcio da manh\u00e3 devem apresentar temperaturas mais amenas. Com a presen\u00e7a do sol, os term\u00f4metros sobem gradualmente e a tarde tende a ser a parte mais quente do dia.<\/p>\n<p data-start=\"1209\" data-end=\"1432\">O INMET aponta <strong data-start=\"1224\" data-end=\"1242\">31\u00b0C de m\u00e1xima<\/strong>, enquanto outras proje\u00e7\u00f5es consultadas ficam pr\u00f3ximas de 28\u00b0C a 31\u00b0C. A diferen\u00e7a entre os modelos \u00e9 normal e est\u00e1 relacionada \u00e0s metodologias e aos hor\u00e1rios de atualiza\u00e7\u00e3o de cada servi\u00e7o.<\/p>\n<p data-start=\"1434\" data-end=\"1649\">A previs\u00e3o do Climatempo tamb\u00e9m indica <strong data-start=\"1473\" data-end=\"1592\">tempo est\u00e1vel em grande parte de Minas Gerais, com predom\u00ednio de sol entre poucas nuvens e temperaturas em eleva\u00e7\u00e3o<\/strong> nesta sexta-feira.<\/p>\n<h3 data-section-id=\"1sag92q\" data-start=\"1651\" data-end=\"1685\">\ud83d\udca7 Umidade do ar exige aten\u00e7\u00e3o<\/h3>\n<p data-start=\"1687\" data-end=\"1782\">Um dos principais pontos de aten\u00e7\u00e3o ser\u00e1 a <strong data-start=\"1730\" data-end=\"1781\">queda da umidade relativa do ar durante a tarde<\/strong>.<\/p>\n<p data-start=\"1784\" data-end=\"1940\">Segundo o INMET, a umidade pode variar de <strong data-start=\"1826\" data-end=\"1901\">90% no per\u00edodo mais \u00famido para cerca de 30% no momento de menor umidade<\/strong>.<\/p>\n<p data-start=\"1942\" data-end=\"2158\">Por isso, a recomenda\u00e7\u00e3o \u00e9 <strong data-start=\"1969\" data-end=\"2012\">n\u00e3o esperar sentir sede para beber \u00e1gua<\/strong>. Manter uma garrafa por perto e tomar \u00e1gua regularmente ao longo do dia ajuda a manter a hidrata\u00e7\u00e3o, especialmente durante as horas mais quentes.<\/p>\n<p data-start=\"2160\" data-end=\"2338\">Tamb\u00e9m \u00e9 importante evitar exposi\u00e7\u00e3o prolongada ao sol nos hor\u00e1rios de maior calor e redobrar a aten\u00e7\u00e3o com crian\u00e7as, idosos e pessoas mais vulner\u00e1veis aos efeitos do tempo seco.<\/p>\n<h3 data-section-id=\"1w4vcrg\" data-start=\"2340\" data-end=\"2371\">\ud83c\udf24\ufe0f Como fica o tempo em BH<\/h3>\n<ul data-start=\"2373\" data-end=\"2688\">\n<li data-section-id=\"9o35ne\" data-start=\"2373\" data-end=\"2397\">\ud83c\udf21\ufe0f <strong data-start=\"2379\" data-end=\"2390\">M\u00ednima:<\/strong> 13\u00b0C<\/li>\n<li data-section-id=\"1mk6ukq\" data-start=\"2398\" data-end=\"2421\">\ud83d\udd25 <strong data-start=\"2403\" data-end=\"2414\">M\u00e1xima:<\/strong> 31\u00b0C<\/li>\n<li data-section-id=\"1p1d4m8\" data-start=\"2422\" data-end=\"2452\">\ud83d\udca7 <strong data-start=\"2427\" data-end=\"2446\">Umidade m\u00e1xima:<\/strong> 90%<\/li>\n<li data-section-id=\"1jgps85\" data-start=\"2453\" data-end=\"2483\">\u26a0\ufe0f <strong data-start=\"2458\" data-end=\"2477\">Umidade m\u00ednima:<\/strong> 30%<\/li>\n<li data-section-id=\"y718tm\" data-start=\"2484\" data-end=\"2529\">\u2600\ufe0f <strong data-start=\"2489\" data-end=\"2504\">Predom\u00ednio:<\/strong> sol, com poucas nuvens<\/li>\n<li data-section-id=\"627g4e\" data-start=\"2530\" data-end=\"2606\">\ud83c\udf27\ufe0f <strong data-start=\"2536\" data-end=\"2546\">Chuva:<\/strong> tend\u00eancia de tempo seco, sem chuva significativa prevista<\/li>\n<li data-section-id=\"pjnbhz\" data-start=\"2607\" data-end=\"2688\">\ud83c\udf2c\ufe0f <strong data-start=\"2613\" data-end=\"2624\">Ventos:<\/strong> fracos a moderados, conforme os diferentes modelos consultados.<\/li>\n<\/ul>\n<p data-start=\"2690\" data-end=\"2867\">O cen\u00e1rio tamb\u00e9m \u00e9 compat\u00edvel com a previs\u00e3o do CEMADEN para 4 de setembro, que mant\u00e9m o monitoramento nacional de riscos geo-hidrol\u00f3gicos.<\/p>\n<h3 data-section-id=\"35xane\" data-start=\"2869\" data-end=\"2926\">\ud83d\udea8 Defesa Civil: popula\u00e7\u00e3o deve acompanhar os alertas<\/h3>\n<p data-start=\"2928\" data-end=\"3229\">A <strong data-start=\"2930\" data-end=\"2964\">Defesa Civil de Belo Horizonte<\/strong> mant\u00e9m canais oficiais para divulga\u00e7\u00e3o de alertas e recomenda\u00e7\u00f5es preventivas. A Prefeitura informa que os moradores podem acompanhar as informa\u00e7\u00f5es por WhatsApp, Telegram, redes sociais e tamb\u00e9m pelo servi\u00e7o de <strong data-start=\"3177\" data-end=\"3190\">SMS 40199<\/strong>.<\/p>\n<p data-start=\"3231\" data-end=\"3420\"><strong data-start=\"3231\" data-end=\"3263\">\ud83d\udcf1 Fa\u00e7a o cadastro gratuito:<\/strong> envie um SMS com o <strong data-start=\"3283\" data-end=\"3328\">CEP da sua resid\u00eancia para o n\u00famero 40199<\/strong>. Depois, o sistema envia uma mensagem de confirma\u00e7\u00e3o.<\/p>\n<p data-start=\"3422\" data-end=\"3605\">O cadastro \u00e9 uma medida simples que permite receber diretamente no celular informa\u00e7\u00f5es e alertas preventivos relacionados \u00e0s condi\u00e7\u00f5es meteorol\u00f3gicas e a poss\u00edveis situa\u00e7\u00f5es de risco.<\/p>\n<h3 data-section-id=\"oh5o0n\" data-start=\"3607\" data-end=\"3632\">\ud83d\udcdd Resumo da previs\u00e3o<\/h3>\n<p data-start=\"3634\" data-end=\"3930\"><strong data-start=\"3634\" data-end=\"3930\">Belo Horizonte come\u00e7a a sexta-feira com temperaturas baixas, mas o cen\u00e1rio muda rapidamente ao longo do dia. O sol favorece a eleva\u00e7\u00e3o dos term\u00f4metros, com m\u00e1xima prevista de 31\u00b0C pelo INMET. A umidade relativa pode chegar a apenas 30% durante a tarde, exigindo aten\u00e7\u00e3o especial \u00e0 hidrata\u00e7\u00e3o.<\/strong><\/p>\n<p data-start=\"3932\" data-end=\"4100\">A orienta\u00e7\u00e3o \u00e9 <strong data-start=\"3947\" data-end=\"3993\">beber \u00e1gua regularmente durante todo o dia<\/strong>, evitar exposi\u00e7\u00e3o excessiva ao sol nas horas mais quentes e acompanhar os canais oficiais da Defesa Civil.<\/p>\n<blockquote data-start=\"4102\" data-end=\"4285\">\n<p data-start=\"4104\" data-end=\"4285\"><strong data-start=\"4104\" data-end=\"4127\">\ud83d\udcf2 Defesa Civil BH:<\/strong> envie gratuitamente o <strong data-start=\"4150\" data-end=\"4194\">CEP da sua resid\u00eancia por SMS para 40199<\/strong> e receba alertas preventivos diretamente no celular.<\/p>\n<\/blockquote>\n<p data-start=\"4287\" data-end=\"4555\" data-is-last-node=\"\" data-is-only-node=\"\"><strong data-start=\"4287\" data-end=\"4310\">Fontes consultadas:<\/strong> <span class=\"contents\" data-content-reference-start=\"4195\" data-content-reference-end=\"4272\"><span class=\"\" data-state=\"delayed-open\" aria-describedby=\"radix-_r_mj_\" data-radix-popper-side=\"top\" data-radix-popper-align=\"start\"><a class=\"decorated-link\" href=\"https:\/\/portal.inmet.gov.br\/?utm_source=chatgpt.com\" target=\"_blank\" rel=\"noopener nofollow\" aria-describedby=\"radix-_r_mj_\">INMET \u2013 Instituto Nacional de Meteorologia<\/a><\/span><\/span> \u00b7 <span class=\"contents\" data-content-reference-start=\"4275\" data-content-reference-end=\"4388\"><span class=\"\" data-state=\"closed\"><a class=\"decorated-link\" href=\"https:\/\/www.gov.br\/cemaden\/pt-br?utm_source=chatgpt.com\" target=\"_blank\" rel=\"noopener nofollow\">CEMADEN \u2013 Centro Nacional de Monitoramento e Alertas de Desastres Naturais<\/a><\/span><\/span> \u00b7 <span class=\"contents\" data-content-reference-start=\"4391\" data-content-reference-end=\"4438\"><span class=\"\" data-state=\"closed\"><a class=\"decorated-link\" href=\"https:\/\/www.climatempo.com.br\/?utm_source=chatgpt.com\" target=\"_blank\" rel=\"noopener nofollow\">Climatempo<\/a><\/span><\/span> \u00b7 <span class=\"contents\" data-content-reference-start=\"4441\" data-content-reference-end=\"4506\"><span class=\"\" data-state=\"closed\"><a class=\"decorated-link\" href=\"https:\/\/www.tempo.com\/belo-horizonte.htm?utm_source=chatgpt.com\" target=\"_blank\" rel=\"noopener nofollow\">O Tempo \u2013 Meteored<\/a><\/span><\/span> \u00b7 <span class=\"contents\" data-content-reference-start=\"4509\" data-content-reference-end=\"4605\"><span class=\"\" data-state=\"closed\"><a class=\"decorated-link\" href=\"https:\/\/prefeitura.pbh.gov.br\/defesa-civil\/alertas-de-risco?utm_source=chatgpt.com\" target=\"_blank\" rel=\"noopener nofollow\">Defesa Civil de Belo Horizonte<\/a><\/span><\/span>.<\/p>\n<\/div>\n<\/div>\n<\/div>\n<\/div>\n<div class=\"z-0 flex min-h-[46px] justify-start\"><\/div>\n<div class=\"pointer-events-none -mb-px h-px w-full opacity-0\" aria-hidden=\"true\"><\/div>\n<div class=\"mt-3 w-full empty:hidden has-[&gt;_:empty]:hidden\">\n<div class=\"text-center\">\n<div>\n<div class=\"inline-flex border border-gray-100 dark:border-gray-700 rounded-xl\">\n<div class=\"bg-token-main-surface-tertiary w-px flex-1 self-stretch\"><\/div>\n<\/div>\n<\/div>\n<\/div>\n<\/div>\n","protected":false},"excerpt":{"rendered":"Term\u00f4metros podem chegar a 31\u00b0C durante a tarde, enquanto a umidade relativa do ar pode cair para 30%; moradores devem refor\u00e7ar a hidrata\u00e7\u00e3o e acompanhar [&hellip;]","protected":false},"author":1,"featured_media":10457,"comment_status":"closed","ping_status":"closed","sticky":false,"template":"","format":"standard","meta":{"episode_type":"audio","audio_file":"","podmotor_file_id":"","podmotor_episode_id":"","cover_image":"","cover_image_id":"","duration":"","filesize":"","filesize_raw":"","date_recorded":"","explicit":"","block":"","_jetpack_newsletter_access":"","_jetpack_dont_email_post_to_subs":false,"_jetpack_newsletter_tier_id":0,"_jetpack_memberships_contains_paywalled_content":false,"_jetpack_feature_clip_id":0,"_jetpack_memberships_contains_paid_content":false,"footnotes":"","jetpack_post_was_ever_published":false},"categories":[2051],"tags":[2034,1800,374,627],"series":[],"class_list":["post-10456","post","type-post","status-publish","format-standard","has-post-thumbnail","hentry","category-mateorologia","tag-climabelohorizontehoje","tag-climaetempohoje","tag-comunidadeemacao","tag-jornaldebairro"],"episode_featured_image":"https:\/\/comunidadeemacao.com.br\/site\/wp-content\/uploads\/2026\/09\/ChatGPT-Image-3-de-set.-de-2026-18_03_08.png","episode_player_image":"https:\/\/i0.wp.com\/comunidadeemacao.com.br\/site\/wp-content\/uploads\/2025\/07\/Logo-Fala-Zona-Norte-1400-pix1.jpg?fit=1400%2C1400&ssl=1","download_link":"","player_link":"","audio_player":false,"episode_data":{"playerMode":"light","subscribeUrls":{"youtube":{"key":"youtube","url":"","label":"YouTube","class":"youtube","icon":"youtube.png"}},"rssFeedUrl":"https:\/\/comunidadeemacao.com.br\/site\/feed\/podcast\/comunidade-em-acao","embedCode":"<blockquote class=\"wp-embedded-content\" data-secret=\"y9MvLfoyuA\"><a href=\"https:\/\/comunidadeemacao.com.br\/site\/bh-tera-sexta-feira-de-sol-calor-e-baixa-umidade-nesta-sexta-4\/\">BH ter\u00e1 sexta-feira de sol, calor e baixa umidade nesta sexta (4)<\/a><\/blockquote><iframe sandbox=\"allow-scripts\" security=\"restricted\" src=\"https:\/\/comunidadeemacao.com.br\/site\/bh-tera-sexta-feira-de-sol-calor-e-baixa-umidade-nesta-sexta-4\/embed\/#?secret=y9MvLfoyuA\" width=\"500\" height=\"350\" title=\"&#8220;BH ter\u00e1 sexta-feira de sol, calor e baixa umidade nesta sexta (4)&#8221; &#8212; COMUNIDADE EM A\u00c7\u00c3O\" data-secret=\"y9MvLfoyuA\" frameborder=\"0\" marginwidth=\"0\" marginheight=\"0\" scrolling=\"no\" class=\"wp-embedded-content\"><\/iframe><script>\n\/*! This file is auto-generated *\/\n!function(d,l){\"use strict\";l.querySelector&&d.addEventListener&&\"undefined\"!=typeof URL&&(d.wp=d.wp||{},d.wp.receiveEmbedMessage||(d.wp.receiveEmbedMessage=function(e){var t=e.data;if((t||t.secret||t.message||t.value)&&!\/[^a-zA-Z0-9]\/.test(t.secret)){for(var s,r,n,a=l.querySelectorAll('iframe[data-secret=\"'+t.secret+'\"]'),o=l.querySelectorAll('blockquote[data-secret=\"'+t.secret+'\"]'),c=new RegExp(\"^https?:$\",\"i\"),i=0;i<o.length;i++)o[i].style.display=\"none\";for(i=0;i<a.length;i++)s=a[i],e.source===s.contentWindow&&(s.removeAttribute(\"style\"),\"height\"===t.message?(1e3<(r=parseInt(t.value,10))?r=1e3:~~r<200&&(r=200),s.height=r):\"link\"===t.message&&(r=new URL(s.getAttribute(\"src\")),n=new URL(t.value),c.test(n.protocol))&&n.host===r.host&&l.activeElement===s&&(d.top.location.href=t.value))}},d.addEventListener(\"message\",d.wp.receiveEmbedMessage,!1),l.addEventListener(\"DOMContentLoaded\",function(){for(var e,t,s=l.querySelectorAll(\"iframe.wp-embedded-content\"),r=0;r<s.length;r++)(t=(e=s[r]).getAttribute(\"data-secret\"))||(t=Math.random().toString(36).substring(2,12),e.src+=\"#?secret=\"+t,e.setAttribute(\"data-secret\",t)),e.contentWindow.postMessage({message:\"ready\",secret:t},\"*\")},!1)))}(window,document);\n\/\/# sourceURL=https:\/\/comunidadeemacao.com.br\/site\/wp-includes\/js\/wp-embed.min.js\n<\/script>\n"},"jetpack_sharing_enabled":true,"jetpack_likes_enabled":true,"jetpack-related-posts":[{"id":10085,"url":"https:\/\/comunidadeemacao.com.br\/site\/bh-tera-sexta-feira-quente-e-seca-com-maxima-de-ate-32c-e-atencao-a-umidade\/","url_meta":{"origin":10456,"position":0},"title":"BH ter\u00e1 sexta-feira quente e seca, com m\u00e1xima de at\u00e9 32\u00b0C e aten\u00e7\u00e3o \u00e0 umidade","author":"Marcos Silva","date":"15 de agosto de 2026","format":false,"excerpt":"INMET prev\u00ea eleva\u00e7\u00e3o das temperaturas em BH nesta sexta-feira (14), enquanto Climatempo e tempo.com indicam dia sem chuva; umidade pode cair durante a tarde \ud83c\udf24\ufe0f Belo Horizonte ter\u00e1 uma sexta-feira (14) de temperaturas em eleva\u00e7\u00e3o, pouca chuva e aten\u00e7\u00e3o redobrada com o tempo seco. Segundo a previs\u00e3o divulgada pelo Instituto\u2026","rel":"","context":"Em &quot;Mateorologia&quot;","block_context":{"text":"Mateorologia","link":"https:\/\/comunidadeemacao.com.br\/site\/category\/dia-a-dia\/mateorologia\/"},"img":{"alt_text":"Previs\u00e3o do Tempo em Belo Horizonte","src":"https:\/\/i0.wp.com\/comunidadeemacao.com.br\/site\/wp-content\/uploads\/2026\/08\/ChatGPT-Image-14-de-ago.-de-2026-19_53_20.png?fit=1200%2C600&ssl=1&resize=350%2C200","width":350,"height":200,"srcset":"https:\/\/i0.wp.com\/comunidadeemacao.com.br\/site\/wp-content\/uploads\/2026\/08\/ChatGPT-Image-14-de-ago.-de-2026-19_53_20.png?fit=1200%2C600&ssl=1&resize=350%2C200 1x, https:\/\/i0.wp.com\/comunidadeemacao.com.br\/site\/wp-content\/uploads\/2026\/08\/ChatGPT-Image-14-de-ago.-de-2026-19_53_20.png?fit=1200%2C600&ssl=1&resize=525%2C300 1.5x, https:\/\/i0.wp.com\/comunidadeemacao.com.br\/site\/wp-content\/uploads\/2026\/08\/ChatGPT-Image-14-de-ago.-de-2026-19_53_20.png?fit=1200%2C600&ssl=1&resize=700%2C400 2x, https:\/\/i0.wp.com\/comunidadeemacao.com.br\/site\/wp-content\/uploads\/2026\/08\/ChatGPT-Image-14-de-ago.-de-2026-19_53_20.png?fit=1200%2C600&ssl=1&resize=1050%2C600 3x"},"classes":[]},{"id":8797,"url":"https:\/\/comunidadeemacao.com.br\/site\/frio-intenso-atinge-o-sul-e-sudeste-com-possibilidade-de-geada-alerta-o-inmet\/","url_meta":{"origin":10456,"position":1},"title":"Frio Intenso Atinge o Sul e Sudeste com Possibilidade de Geada, Alerta o Inmet","author":"Marcos Silva","date":"6 de junho de 2026","format":false,"excerpt":"Alerta de Frio Intenso Emitido pelo Inmet O Instituto Nacional de Meteorologia (Inmet) manteve na \u00faltima sexta-feira (5) o alerta amarelo devido \u00e0 queda acentuada de temperatura prevista para os pr\u00f3ximos dias. Esse aviso de perigo potencial abrange uma vasta \u00e1rea que inclui cerca de 2,6 mil munic\u00edpios em diversos\u2026","rel":"","context":"Em &quot;Dia A Dia&quot;","block_context":{"text":"Dia A Dia","link":"https:\/\/comunidadeemacao.com.br\/site\/category\/dia-a-dia\/"},"img":{"alt_text":"M\u00ednimas abaixo de 10\u00b0C s\u00e3o previstas tamb\u00e9m para o Centro-Oeste","src":"https:\/\/i0.wp.com\/comunidadeemacao.com.br\/site\/wp-content\/uploads\/2026\/06\/mapa_do_instituto_nacional_de_meteorologia.webp?resize=350%2C200&ssl=1","width":350,"height":200,"srcset":"https:\/\/i0.wp.com\/comunidadeemacao.com.br\/site\/wp-content\/uploads\/2026\/06\/mapa_do_instituto_nacional_de_meteorologia.webp?resize=350%2C200&ssl=1 1x, https:\/\/i0.wp.com\/comunidadeemacao.com.br\/site\/wp-content\/uploads\/2026\/06\/mapa_do_instituto_nacional_de_meteorologia.webp?resize=525%2C300&ssl=1 1.5x, https:\/\/i0.wp.com\/comunidadeemacao.com.br\/site\/wp-content\/uploads\/2026\/06\/mapa_do_instituto_nacional_de_meteorologia.webp?resize=700%2C400&ssl=1 2x"},"classes":[]},{"id":9941,"url":"https:\/\/comunidadeemacao.com.br\/site\/bh-tera-sexta-feira-de-sol-tempo-seco-e-baixa-umidade-em-7-de-agosto\/","url_meta":{"origin":10456,"position":2},"title":"BH ter\u00e1 sexta-feira de sol, tempo seco e baixa umidade em 7 de agosto","author":"Marcos Silva","date":"7 de agosto de 2026","format":false,"excerpt":"Capital mineira deve ter temperatura entre 18\u00b0C e 28\u00b0C, sem previs\u00e3o de chuva e com umidade relativa podendo chegar a 30% nas horas mais secas Belo Horizonte deve ter uma sexta-feira (7 de agosto de 2026) de tempo est\u00e1vel, sol e baixa umidade do ar, em mais um dia t\u00edpico\u2026","rel":"","context":"Em &quot;Mateorologia&quot;","block_context":{"text":"Mateorologia","link":"https:\/\/comunidadeemacao.com.br\/site\/category\/dia-a-dia\/mateorologia\/"},"img":{"alt_text":"Previs\u00e3o do Tempo em Belo Horizonte","src":"https:\/\/i0.wp.com\/comunidadeemacao.com.br\/site\/wp-content\/uploads\/2026\/08\/image.png?fit=944%2C630&ssl=1&resize=350%2C200","width":350,"height":200,"srcset":"https:\/\/i0.wp.com\/comunidadeemacao.com.br\/site\/wp-content\/uploads\/2026\/08\/image.png?fit=944%2C630&ssl=1&resize=350%2C200 1x, https:\/\/i0.wp.com\/comunidadeemacao.com.br\/site\/wp-content\/uploads\/2026\/08\/image.png?fit=944%2C630&ssl=1&resize=525%2C300 1.5x, https:\/\/i0.wp.com\/comunidadeemacao.com.br\/site\/wp-content\/uploads\/2026\/08\/image.png?fit=944%2C630&ssl=1&resize=700%2C400 2x"},"classes":[]},{"id":10201,"url":"https:\/\/comunidadeemacao.com.br\/site\/previsao-do-tempo-em-bh-para-sexta-feira-21-calor-e-baixa-umidade-exigem-atencao\/","url_meta":{"origin":10456,"position":3},"title":"Previs\u00e3o do tempo em BH para sexta-feira, 21: calor e baixa umidade exigem aten\u00e7\u00e3o","author":"Marcos Silva","date":"21 de agosto de 2026","format":false,"excerpt":"Belo Horizonte deve ter uma sexta-feira de inverno marcada por temperaturas elevadas, tempo predominantemente aberto e umidade do ar baixa. Modelos consultados apresentam diferen\u00e7as na possibilidade de chuva, mas indicam aten\u00e7\u00e3o especial ao calor e \u00e0 hidrata\u00e7\u00e3o. \u2600\ufe0f Belo Horizonte ter\u00e1 uma sexta-feira, 21 de agosto, de caracter\u00edsticas t\u00edpicas do\u2026","rel":"","context":"Em &quot;Mateorologia&quot;","block_context":{"text":"Mateorologia","link":"https:\/\/comunidadeemacao.com.br\/site\/category\/dia-a-dia\/mateorologia\/"},"img":{"alt_text":"Previs\u00e3o do Tempo em Belo Horizonte","src":"https:\/\/i0.wp.com\/comunidadeemacao.com.br\/site\/wp-content\/uploads\/2026\/08\/ChatGPT-Image-20-de-ago.-de-2026-18_58_05.png?fit=1200%2C600&ssl=1&resize=350%2C200","width":350,"height":200,"srcset":"https:\/\/i0.wp.com\/comunidadeemacao.com.br\/site\/wp-content\/uploads\/2026\/08\/ChatGPT-Image-20-de-ago.-de-2026-18_58_05.png?fit=1200%2C600&ssl=1&resize=350%2C200 1x, https:\/\/i0.wp.com\/comunidadeemacao.com.br\/site\/wp-content\/uploads\/2026\/08\/ChatGPT-Image-20-de-ago.-de-2026-18_58_05.png?fit=1200%2C600&ssl=1&resize=525%2C300 1.5x, https:\/\/i0.wp.com\/comunidadeemacao.com.br\/site\/wp-content\/uploads\/2026\/08\/ChatGPT-Image-20-de-ago.-de-2026-18_58_05.png?fit=1200%2C600&ssl=1&resize=700%2C400 2x, https:\/\/i0.wp.com\/comunidadeemacao.com.br\/site\/wp-content\/uploads\/2026\/08\/ChatGPT-Image-20-de-ago.-de-2026-18_58_05.png?fit=1200%2C600&ssl=1&resize=1050%2C600 3x"},"classes":[]},{"id":9873,"url":"https:\/\/comunidadeemacao.com.br\/site\/bh-tera-terca-feira-de-tempo-seco-e-baixa-umidade-do-ar-maxima-chega-a-29c\/","url_meta":{"origin":10456,"position":4},"title":"BH ter\u00e1 ter\u00e7a-feira de tempo seco e baixa umidade do ar; m\u00e1xima chega a 29\u00b0C","author":"Marcos Silva","date":"4 de agosto de 2026","format":false,"excerpt":"Previs\u00e3o para 4 de agosto indica manh\u00e3 amena, tarde mais quente e umidade baixa; popula\u00e7\u00e3o deve refor\u00e7ar a hidrata\u00e7\u00e3o durante o dia Belo Horizonte ter\u00e1 uma ter\u00e7a-feira (4) t\u00edpica do inverno, com tempo firme, pouca possibilidade de chuva e grande varia\u00e7\u00e3o da umidade do ar ao longo do dia. As\u2026","rel":"","context":"Em &quot;Mateorologia&quot;","block_context":{"text":"Mateorologia","link":"https:\/\/comunidadeemacao.com.br\/site\/category\/dia-a-dia\/mateorologia\/"},"img":{"alt_text":"Previs\u00e3o do Tempo em Belo Horizonte","src":"https:\/\/i0.wp.com\/comunidadeemacao.com.br\/site\/wp-content\/uploads\/2026\/08\/ChatGPT-Image-3-de-ago.-de-2026-18_51_33.jpg?fit=1200%2C600&ssl=1&resize=350%2C200","width":350,"height":200,"srcset":"https:\/\/i0.wp.com\/comunidadeemacao.com.br\/site\/wp-content\/uploads\/2026\/08\/ChatGPT-Image-3-de-ago.-de-2026-18_51_33.jpg?fit=1200%2C600&ssl=1&resize=350%2C200 1x, https:\/\/i0.wp.com\/comunidadeemacao.com.br\/site\/wp-content\/uploads\/2026\/08\/ChatGPT-Image-3-de-ago.-de-2026-18_51_33.jpg?fit=1200%2C600&ssl=1&resize=525%2C300 1.5x, https:\/\/i0.wp.com\/comunidadeemacao.com.br\/site\/wp-content\/uploads\/2026\/08\/ChatGPT-Image-3-de-ago.-de-2026-18_51_33.jpg?fit=1200%2C600&ssl=1&resize=700%2C400 2x, https:\/\/i0.wp.com\/comunidadeemacao.com.br\/site\/wp-content\/uploads\/2026\/08\/ChatGPT-Image-3-de-ago.-de-2026-18_51_33.jpg?fit=1200%2C600&ssl=1&resize=1050%2C600 3x"},"classes":[]},{"id":9792,"url":"https:\/\/comunidadeemacao.com.br\/site\/previsao-do-tempo-em-bh-para-sexta-feira-31-de-julho-de-2026-tempo-firme-e-baixa-umidade-exigem-atencao\/","url_meta":{"origin":10456,"position":5},"title":"Previs\u00e3o do tempo em BH para sexta-feira, 31 de julho de 2026: tempo firme e baixa umidade exigem aten\u00e7\u00e3o","author":"Marcos Silva","date":"31 de julho de 2026","format":false,"excerpt":"\ud83c\udf21\ufe0f Belo Horizonte ter\u00e1 mais um dia t\u00edpico de inverno nesta sexta-feira (31), com predom\u00ednio de sol entre poucas nuvens, temperaturas amenas nas primeiras horas da manh\u00e3 e calor moderado durante a tarde. A baixa umidade relativa do ar continua sendo o principal fator de aten\u00e7\u00e3o, aumentando o risco de\u2026","rel":"","context":"Em &quot;Mateorologia&quot;","block_context":{"text":"Mateorologia","link":"https:\/\/comunidadeemacao.com.br\/site\/category\/dia-a-dia\/mateorologia\/"},"img":{"alt_text":"Previs\u00e3o do Tempo em Belo Horizonte","src":"https:\/\/i0.wp.com\/comunidadeemacao.com.br\/site\/wp-content\/uploads\/2026\/07\/ChatGPT-Image-30-de-jul.-de-2026-18_20_01.jpg?fit=1200%2C600&ssl=1&resize=350%2C200","width":350,"height":200,"srcset":"https:\/\/i0.wp.com\/comunidadeemacao.com.br\/site\/wp-content\/uploads\/2026\/07\/ChatGPT-Image-30-de-jul.-de-2026-18_20_01.jpg?fit=1200%2C600&ssl=1&resize=350%2C200 1x, https:\/\/i0.wp.com\/comunidadeemacao.com.br\/site\/wp-content\/uploads\/2026\/07\/ChatGPT-Image-30-de-jul.-de-2026-18_20_01.jpg?fit=1200%2C600&ssl=1&resize=525%2C300 1.5x, https:\/\/i0.wp.com\/comunidadeemacao.com.br\/site\/wp-content\/uploads\/2026\/07\/ChatGPT-Image-30-de-jul.-de-2026-18_20_01.jpg?fit=1200%2C600&ssl=1&resize=700%2C400 2x, https:\/\/i0.wp.com\/comunidadeemacao.com.br\/site\/wp-content\/uploads\/2026\/07\/ChatGPT-Image-30-de-jul.-de-2026-18_20_01.jpg?fit=1200%2C600&ssl=1&resize=1050%2C600 3x"},"classes":[]}],"jetpack_featured_media_url":"https:\/\/i0.wp.com\/comunidadeemacao.com.br\/site\/wp-content\/uploads\/2026\/09\/ChatGPT-Image-3-de-set.-de-2026-18_03_08.png?fit=1774%2C887&ssl=1","_links":{"self":[{"href":"https:\/\/comunidadeemacao.com.br\/site\/wp-json\/wp\/v2\/posts\/10456","targetHints":{"allow":["GET"]}}],"collection":[{"href":"https:\/\/comunidadeemacao.com.br\/site\/wp-json\/wp\/v2\/posts"}],"about":[{"href":"https:\/\/comunidadeemacao.com.br\/site\/wp-json\/wp\/v2\/types\/post"}],"author":[{"embeddable":true,"href":"https:\/\/comunidadeemacao.com.br\/site\/wp-json\/wp\/v2\/users\/1"}],"replies":[{"embeddable":true,"href":"https:\/\/comunidadeemacao.com.br\/site\/wp-json\/wp\/v2\/comments?post=10456"}],"version-history":[{"count":1,"href":"https:\/\/comunidadeemacao.com.br\/site\/wp-json\/wp\/v2\/posts\/10456\/revisions"}],"predecessor-version":[{"id":10458,"href":"https:\/\/comunidadeemacao.com.br\/site\/wp-json\/wp\/v2\/posts\/10456\/revisions\/10458"}],"wp:featuredmedia":[{"embeddable":true,"href":"https:\/\/comunidadeemacao.com.br\/site\/wp-json\/wp\/v2\/media\/10457"}],"wp:attachment":[{"href":"https:\/\/comunidadeemacao.com.br\/site\/wp-json\/wp\/v2\/media?parent=10456"}],"wp:term":[{"taxonomy":"category","embeddable":true,"href":"https:\/\/comunidadeemacao.com.br\/site\/wp-json\/wp\/v2\/categories?post=10456"},{"taxonomy":"post_tag","embeddable":true,"href":"https:\/\/comunidadeemacao.com.br\/site\/wp-json\/wp\/v2\/tags?post=10456"},{"taxonomy":"series","embeddable":true,"href":"https:\/\/comunidadeemacao.com.br\/site\/wp-json\/wp\/v2\/series?post=10456"}],"curies":[{"name":"wp","href":"https:\/\/api.w.org\/{rel}","templated":true}]}}