{"id":10448,"date":"2026-09-04T07:06:36","date_gmt":"2026-09-04T10:06:36","guid":{"rendered":"https:\/\/comunidadeemacao.com.br\/site\/?p=10448"},"modified":"2026-09-03T17:25:12","modified_gmt":"2026-09-03T20:25:12","slug":"cursos-gratuitos-de-gastronomia-abrem-60-vagas-em-bh-a-partir-do-dia-8","status":"publish","type":"post","link":"https:\/\/comunidadeemacao.com.br\/site\/cursos-gratuitos-de-gastronomia-abrem-60-vagas-em-bh-a-partir-do-dia-8\/","title":{"rendered":"Cursos gratuitos de gastronomia abrem 60 vagas em BH a partir do dia 8"},"content":{"rendered":"<h2 class=\"isSelectedEnd\"><em><span dir=\"auto\" style=\"vertical-align: inherit;\"><span dir=\"auto\" style=\"vertical-align: inherit;\">Trilhas da Gastronomia oferece treinamento gratuito em massas frescas, quitandas, bombons, trufas e bolos no pote<\/span><\/span><\/em><\/h2>\n<p class=\"isSelectedEnd\">A Prefeitura de Belo Horizonte abrir\u00e1, entre os dias <strong>8 e 21 de setembro<\/strong>, as inscri\u00e7\u00f5es para tr\u00eas novos <strong>cursos gratuitos de gastronomia<\/strong> do programa Trilhas da Gastronomia. Ao todo, ser\u00e3o disponibilizadas <strong>60 vagas<\/strong>, distribu\u00eddas entre forma\u00e7\u00f5es em Massas Frescas; Quitandas Mineiras, com bolos, biscoitos e p\u00e3es caseiros; e Bombons, Trufas e Bolos no Pote. As atividades ser\u00e3o realizadas no Centro de Refer\u00eancia em Seguran\u00e7a Alimentar e Nutricional (Cresan) Mercado da Lagoinha.<\/p>\n<p class=\"isSelectedEnd\">A iniciativa busca capacitar pessoas interessadas em empreender ou conquistar oportunidades de trabalho no setor gastron\u00f4mico de Belo Horizonte.<\/p>\n<h2 class=\"isSelectedEnd\">Vagas e p\u00fablico priorit\u00e1rio<\/h2>\n<p class=\"isSelectedEnd\">Cada curso ter\u00e1 <strong>20 vagas<\/strong>. Desse total, oito ser\u00e3o destinadas \u00e0 ampla concorr\u00eancia e 12 ao p\u00fablico priorit\u00e1rio.<\/p>\n<p class=\"isSelectedEnd\">Fazem parte desse grupo moradores do territ\u00f3rio da Lagoinha; pessoas LGBTQIA+; mulheres em situa\u00e7\u00e3o de viol\u00eancia dom\u00e9stica; participantes do Programa de Assist\u00eancia Alimentar e Nutricional Emergencial \u2013 Comida na Mesa; pessoas em situa\u00e7\u00e3o de rua; estudantes da Educa\u00e7\u00e3o de Jovens e Adultos (EJA); participantes do Programa Territ\u00f3rios Sustent\u00e1veis e benefici\u00e1rios das feiras da cidade.<\/p>\n<p class=\"isSelectedEnd\">As inscri\u00e7\u00f5es do p\u00fablico priorit\u00e1rio devem ser realizadas nos servi\u00e7os, programas e projetos da PBH aos quais essas pessoas est\u00e3o vinculadas. J\u00e1 os interessados pela ampla concorr\u00eancia poder\u00e3o utilizar o formul\u00e1rio que ser\u00e1 disponibilizado na p\u00e1gina do <strong>Trilhas da Gastronomia<\/strong> durante o per\u00edodo de inscri\u00e7\u00f5es.<\/p>\n<h2 class=\"isSelectedEnd\">Quando ser\u00e3o realizados os cursos<\/h2>\n<p class=\"isSelectedEnd\">As aulas est\u00e3o previstas para come\u00e7ar em <strong>13 de outubro<\/strong>. Os cursos de Quitandas Mineiras e Bombons e de Trufas e Bolos no Pote ocorrer\u00e3o no per\u00edodo da manh\u00e3, das <strong>8h \u00e0s 12h<\/strong>, com 40 horas de aula distribu\u00eddas em dez dias.<\/p>\n<p class=\"isSelectedEnd\"><span dir=\"auto\" style=\"vertical-align: inherit;\"><span dir=\"auto\" style=\"vertical-align: inherit;\">J\u00e1 o treinamento em Massas Frescas ser\u00e1 realizado \u00e0 tarde, das <\/span><\/span><strong><span dir=\"auto\" style=\"vertical-align: inherit;\"><span dir=\"auto\" style=\"vertical-align: inherit;\">13h \u00e0s 17h<\/span><\/span><\/strong><span dir=\"auto\" style=\"vertical-align: inherit;\"><span dir=\"auto\" style=\"vertical-align: inherit;\"> , com carga hor\u00e1ria de 48 horas divididas em 12 dias.<\/span><\/span><\/p>\n<p class=\"isSelectedEnd\">As aulas combinam conhecimentos te\u00f3ricos e pr\u00e1ticos da gastronomia e integram as trilhas de Panifica\u00e7\u00e3o, Comida Mineira e Belorizontina e Confeitaria.<\/p>\n<h2 class=\"isSelectedEnd\">Qualifica\u00e7\u00e3o profissional<\/h2>\n<p class=\"isSelectedEnd\">Segundo a PBH, mais de <strong>600 pessoas receberam certifica\u00e7\u00e3o<\/strong> nas forma\u00e7\u00f5es oferecidas pelo Trilhas da Gastronomia no ano passado.<\/p>\n<p class=\"isSelectedEnd\">A experi\u00eancia tamb\u00e9m \u00e9 apresentada como possibilidade de transforma\u00e7\u00e3o profissional. Desde 2024, Iuri Trevizani participa dos cursos do programa e relata que a forma\u00e7\u00e3o contribuiu para sua entrada no setor gastron\u00f4mico.<\/p>\n<p class=\"isSelectedEnd\">Para o coordenador de Qualifica\u00e7\u00e3o Profissional e Trilhas Formativas do Cresan Mercado da Lagoinha, Leonardo Tolentino, o conhecimento adquirido pode representar um caminho para conquistar emprego, ampliar a renda ou transformar uma habilidade em oportunidade de trabalho.<\/p>\n<h2 class=\"isSelectedEnd\">Resultado das inscri\u00e7\u00f5es<\/h2>\n<p class=\"isSelectedEnd\">As listas de classificados e de espera ser\u00e3o divulgadas em <strong>23 de setembro<\/strong>, no site da PBH. Os selecionados ter\u00e3o at\u00e9 <strong>29 de setembro<\/strong> para confirmar a matr\u00edcula. As vagas n\u00e3o confirmadas ser\u00e3o destinadas \u00e0 lista de espera, com convoca\u00e7\u00f5es previstas at\u00e9 <strong>5 de outubro<\/strong>.<\/p>\n<p>Em caso de d\u00favidas, os interessados podem procurar o Cresan Mercado da Lagoinha, na Avenida Ant\u00f4nio Carlos, 821, bairro Lagoinha, ou entrar em contato pelo e-mail <a href=\"mailto:cresan.trilhas@pbh.gov.br\">cresan.trilhas@pbh.gov.br<\/a>. A secretaria das Trilhas tamb\u00e9m atende pelo telefone e <em>WhatsApp<\/em> <strong>(31) 3277-6085<\/strong>.<\/p>\n","protected":false},"excerpt":{"rendered":"Trilhas da Gastronomia oferece treinamento gratuito em massas frescas, quitandas, bombons, trufas e bolos no pote A Prefeitura de Belo Horizonte abrir\u00e1, entre os dias [&hellip;]","protected":false},"author":1,"featured_media":10450,"comment_status":"closed","ping_status":"closed","sticky":false,"template":"","format":"standard","meta":{"episode_type":"audio","audio_file":"","podmotor_file_id":"","podmotor_episode_id":"","cover_image":"","cover_image_id":"","duration":"","filesize":"","filesize_raw":"","date_recorded":"","explicit":"","block":"","_jetpack_newsletter_access":"","_jetpack_dont_email_post_to_subs":false,"_jetpack_newsletter_tier_id":0,"_jetpack_memberships_contains_paywalled_content":false,"_jetpack_feature_clip_id":0,"_jetpack_memberships_contains_paid_content":false,"footnotes":"","jetpack_post_was_ever_published":false},"categories":[59],"tags":[374,2931,2932,627,2839],"series":[],"class_list":["post-10448","post","type-post","status-publish","format-standard","has-post-thumbnail","hentry","category-dicas-sugestoes","tag-comunidadeemacao","tag-cursogastronomico","tag-cursosgratuitosdegastronomia","tag-jornaldebairro","tag-trilhasdagastronomia"],"episode_featured_image":"https:\/\/comunidadeemacao.com.br\/site\/wp-content\/uploads\/2026\/09\/captura-de-tela-2026-09-03-114938.jpg","episode_player_image":"https:\/\/i0.wp.com\/comunidadeemacao.com.br\/site\/wp-content\/uploads\/2025\/07\/Logo-Fala-Zona-Norte-1400-pix1.jpg?fit=1400%2C1400&ssl=1","download_link":"","player_link":"","audio_player":false,"episode_data":{"playerMode":"light","subscribeUrls":{"youtube":{"key":"youtube","url":"","label":"YouTube","class":"youtube","icon":"youtube.png"}},"rssFeedUrl":"https:\/\/comunidadeemacao.com.br\/site\/feed\/podcast\/comunidade-em-acao","embedCode":"<blockquote class=\"wp-embedded-content\" data-secret=\"33uQI17djP\"><a href=\"https:\/\/comunidadeemacao.com.br\/site\/cursos-gratuitos-de-gastronomia-abrem-60-vagas-em-bh-a-partir-do-dia-8\/\">Cursos gratuitos de gastronomia abrem 60 vagas em BH a partir do dia 8<\/a><\/blockquote><iframe sandbox=\"allow-scripts\" security=\"restricted\" src=\"https:\/\/comunidadeemacao.com.br\/site\/cursos-gratuitos-de-gastronomia-abrem-60-vagas-em-bh-a-partir-do-dia-8\/embed\/#?secret=33uQI17djP\" width=\"500\" height=\"350\" title=\"&#8220;Cursos gratuitos de gastronomia abrem 60 vagas em BH a partir do dia 8&#8221; &#8212; COMUNIDADE EM A\u00c7\u00c3O\" data-secret=\"33uQI17djP\" frameborder=\"0\" marginwidth=\"0\" marginheight=\"0\" scrolling=\"no\" class=\"wp-embedded-content\"><\/iframe><script>\n\/*! This file is auto-generated *\/\n!function(d,l){\"use strict\";l.querySelector&&d.addEventListener&&\"undefined\"!=typeof URL&&(d.wp=d.wp||{},d.wp.receiveEmbedMessage||(d.wp.receiveEmbedMessage=function(e){var t=e.data;if((t||t.secret||t.message||t.value)&&!\/[^a-zA-Z0-9]\/.test(t.secret)){for(var s,r,n,a=l.querySelectorAll('iframe[data-secret=\"'+t.secret+'\"]'),o=l.querySelectorAll('blockquote[data-secret=\"'+t.secret+'\"]'),c=new RegExp(\"^https?:$\",\"i\"),i=0;i<o.length;i++)o[i].style.display=\"none\";for(i=0;i<a.length;i++)s=a[i],e.source===s.contentWindow&&(s.removeAttribute(\"style\"),\"height\"===t.message?(1e3<(r=parseInt(t.value,10))?r=1e3:~~r<200&&(r=200),s.height=r):\"link\"===t.message&&(r=new URL(s.getAttribute(\"src\")),n=new URL(t.value),c.test(n.protocol))&&n.host===r.host&&l.activeElement===s&&(d.top.location.href=t.value))}},d.addEventListener(\"message\",d.wp.receiveEmbedMessage,!1),l.addEventListener(\"DOMContentLoaded\",function(){for(var e,t,s=l.querySelectorAll(\"iframe.wp-embedded-content\"),r=0;r<s.length;r++)(t=(e=s[r]).getAttribute(\"data-secret\"))||(t=Math.random().toString(36).substring(2,12),e.src+=\"#?secret=\"+t,e.setAttribute(\"data-secret\",t)),e.contentWindow.postMessage({message:\"ready\",secret:t},\"*\")},!1)))}(window,document);\n\/\/# sourceURL=https:\/\/comunidadeemacao.com.br\/site\/wp-includes\/js\/wp-embed.min.js\n<\/script>\n"},"jetpack_sharing_enabled":true,"jetpack_likes_enabled":true,"jetpack-related-posts":[{"id":9989,"url":"https:\/\/comunidadeemacao.com.br\/site\/trilhas-da-gastronomia-abre-60-vagas-gratuitas-para-cursos-em-bh\/","url_meta":{"origin":10448,"position":0},"title":"Trilhas da Gastronomia abre 60 vagas gratuitas para cursos em BH","author":"Marcos Silva","date":"11 de agosto de 2026","format":false,"excerpt":"Inscri\u00e7\u00f5es seguem at\u00e9 23 de agosto para forma\u00e7\u00f5es em Comida de Boteco, Pizzaiolo e Bolos Decorados no Cresan Mercado da Lagoinha A Prefeitura abriu nesta segunda-feira (10) 60 vagas gratuitas para tr\u00eas cursos de gastronomia no Centro de Refer\u00eancia em Seguran\u00e7a Alimentar e Nutricional (Cresan) Mercado da Lagoinha, em Belo\u2026","rel":"","context":"Em &quot;Dia A Dia&quot;","block_context":{"text":"Dia A Dia","link":"https:\/\/comunidadeemacao.com.br\/site\/category\/dia-a-dia\/"},"img":{"alt_text":"Inscri\u00e7\u00f5es abertas para cursos gratuitos de Gastronomia","src":"https:\/\/i0.wp.com\/comunidadeemacao.com.br\/site\/wp-content\/uploads\/2026\/08\/bolo-trilhas.jpg?fit=770%2C513&ssl=1&resize=350%2C200","width":350,"height":200,"srcset":"https:\/\/i0.wp.com\/comunidadeemacao.com.br\/site\/wp-content\/uploads\/2026\/08\/bolo-trilhas.jpg?fit=770%2C513&ssl=1&resize=350%2C200 1x, https:\/\/i0.wp.com\/comunidadeemacao.com.br\/site\/wp-content\/uploads\/2026\/08\/bolo-trilhas.jpg?fit=770%2C513&ssl=1&resize=525%2C300 1.5x, https:\/\/i0.wp.com\/comunidadeemacao.com.br\/site\/wp-content\/uploads\/2026\/08\/bolo-trilhas.jpg?fit=770%2C513&ssl=1&resize=700%2C400 2x"},"classes":[]},{"id":7577,"url":"https:\/\/comunidadeemacao.com.br\/site\/cursos-gratuitos-de-gastronomia-em-bh-abrem-60-vagas-para-comida-de-boteco-e-panificacao\/","url_meta":{"origin":10448,"position":1},"title":"Cursos gratuitos de gastronomia em BH abrem 60 vagas para Comida de Boteco e Panifica\u00e7\u00e3o","author":"Marcos Silva","date":"8 de mar\u00e7o de 2026","format":false,"excerpt":"Programa Trilhas da Gastronomia oferece cursos de Comida de Boteco, Panifica\u00e7\u00e3o Caseira e Bolos Decorados com foco em gera\u00e7\u00e3o de renda A Prefeitura de Belo Horizonte abre nesta segunda-feira (9) as inscri\u00e7\u00f5es para 60 vagas em cursos gratuitos de gastronomia por meio do programa Trilhas da Gastronomia. As oportunidades s\u00e3o\u2026","rel":"","context":"Em &quot;Mesa de Boteco&quot;","block_context":{"text":"Mesa de Boteco","link":"https:\/\/comunidadeemacao.com.br\/site\/category\/mesa-de-boteco\/"},"img":{"alt_text":"Cursos de Comida de Boteco","src":"https:\/\/i0.wp.com\/comunidadeemacao.com.br\/site\/wp-content\/uploads\/2026\/03\/comida-de-boteco-divulgacao.jpg?fit=770%2C420&ssl=1&resize=350%2C200","width":350,"height":200,"srcset":"https:\/\/i0.wp.com\/comunidadeemacao.com.br\/site\/wp-content\/uploads\/2026\/03\/comida-de-boteco-divulgacao.jpg?fit=770%2C420&ssl=1&resize=350%2C200 1x, https:\/\/i0.wp.com\/comunidadeemacao.com.br\/site\/wp-content\/uploads\/2026\/03\/comida-de-boteco-divulgacao.jpg?fit=770%2C420&ssl=1&resize=525%2C300 1.5x, https:\/\/i0.wp.com\/comunidadeemacao.com.br\/site\/wp-content\/uploads\/2026\/03\/comida-de-boteco-divulgacao.jpg?fit=770%2C420&ssl=1&resize=700%2C400 2x"},"classes":[]},{"id":8289,"url":"https:\/\/comunidadeemacao.com.br\/site\/aberta-inscricoes-para-cursos-gratuitos-de-gastronomia-com-60-vagas\/","url_meta":{"origin":10448,"position":2},"title":"Aberta inscri\u00e7\u00f5es para cursos gratuitos de gastronomia com 60 vagas","author":"Marcos Silva","date":"2 de maio de 2026","format":false,"excerpt":"Programa Trilhas da Gastronomia oferece cursos de culin\u00e1ria vegetariana, panifica\u00e7\u00e3o e salgados em BH A Prefeitura de Belo Horizonte (PBH) abriu inscri\u00e7\u00f5es para cursos gratuitos de qualifica\u00e7\u00e3o profissional na \u00e1rea gastron\u00f4mica por meio do Programa Trilhas da Gastronomia. Ao todo, s\u00e3o oferecidas 60 vagas distribu\u00eddas entre tr\u00eas forma\u00e7\u00f5es: culin\u00e1ria vegetariana\u2026","rel":"","context":"Em &quot;Dicas &amp; Sugest\u00f5es&quot;","block_context":{"text":"Dicas &amp; Sugest\u00f5es","link":"https:\/\/comunidadeemacao.com.br\/site\/category\/dicas-sugestoes\/"},"img":{"alt_text":"trilhas-da-gastronomia-divulgacao","src":"https:\/\/i0.wp.com\/comunidadeemacao.com.br\/site\/wp-content\/uploads\/2026\/05\/trilhas-da-gastronomia-divulgacao.jpg?fit=770%2C420&ssl=1&resize=350%2C200","width":350,"height":200,"srcset":"https:\/\/i0.wp.com\/comunidadeemacao.com.br\/site\/wp-content\/uploads\/2026\/05\/trilhas-da-gastronomia-divulgacao.jpg?fit=770%2C420&ssl=1&resize=350%2C200 1x, https:\/\/i0.wp.com\/comunidadeemacao.com.br\/site\/wp-content\/uploads\/2026\/05\/trilhas-da-gastronomia-divulgacao.jpg?fit=770%2C420&ssl=1&resize=525%2C300 1.5x, https:\/\/i0.wp.com\/comunidadeemacao.com.br\/site\/wp-content\/uploads\/2026\/05\/trilhas-da-gastronomia-divulgacao.jpg?fit=770%2C420&ssl=1&resize=700%2C400 2x"},"classes":[]},{"id":5565,"url":"https:\/\/comunidadeemacao.com.br\/site\/prefeitura-de-bh-abre-vagas-em-cursos-gratuitos-de-gastronomia-no-senac\/","url_meta":{"origin":10448,"position":3},"title":"Prefeitura de BH abre vagas em cursos gratuitos de gastronomia no Senac","author":"Marcos Silva","date":"25 de julho de 2025","format":false,"excerpt":"A Prefeitura de Belo Horizonte est\u00e1 com inscri\u00e7\u00f5es abertas para cursos gratuitos de gastronomia, uma oportunidade valiosa para quem deseja se capacitar no setor de alimenta\u00e7\u00e3o. A a\u00e7\u00e3o \u00e9 realizada pela Secretaria Municipal de Desenvolvimento Econ\u00f4mico, Trabalho e Rela\u00e7\u00f5es Internacionais, em parceria com o Senac Minas. S\u00e3o 100 vagas no\u2026","rel":"","context":"Em &quot;Dia A Dia&quot;","block_context":{"text":"Dia A Dia","link":"https:\/\/comunidadeemacao.com.br\/site\/category\/dia-a-dia\/"},"img":{"alt_text":"","src":"https:\/\/i0.wp.com\/comunidadeemacao.com.br\/site\/wp-content\/uploads\/2025\/07\/qu4rto-studio-divulgacao.jpg?fit=770%2C420&ssl=1&resize=350%2C200","width":350,"height":200,"srcset":"https:\/\/i0.wp.com\/comunidadeemacao.com.br\/site\/wp-content\/uploads\/2025\/07\/qu4rto-studio-divulgacao.jpg?fit=770%2C420&ssl=1&resize=350%2C200 1x, https:\/\/i0.wp.com\/comunidadeemacao.com.br\/site\/wp-content\/uploads\/2025\/07\/qu4rto-studio-divulgacao.jpg?fit=770%2C420&ssl=1&resize=525%2C300 1.5x, https:\/\/i0.wp.com\/comunidadeemacao.com.br\/site\/wp-content\/uploads\/2025\/07\/qu4rto-studio-divulgacao.jpg?fit=770%2C420&ssl=1&resize=700%2C400 2x"},"classes":[]},{"id":9404,"url":"https:\/\/comunidadeemacao.com.br\/site\/concurso-prato-junino-define-vencedores-neste-sabado-durante-programacao-do-arraial-de-belo-2026\/","url_meta":{"origin":10448,"position":4},"title":"Concurso Prato Junino define vencedores neste s\u00e1bado durante programa\u00e7\u00e3o do Arraial de Bel\u00f4 2026","author":"Marcos Silva","date":"10 de julho de 2026","format":false,"excerpt":"Grande final do Concurso Prato Junino re\u00fane estudantes de gastronomia, valoriza a culin\u00e1ria mineira, a sustentabilidade e integra a programa\u00e7\u00e3o do Arraial de Bel\u00f4 2026 A Prefeitura de Belo Horizonte realiza neste s\u00e1bado, 11 de julho, a grande final da 7\u00aa edi\u00e7\u00e3o do Concurso Prato Junino, uma das atra\u00e7\u00f5es da\u2026","rel":"","context":"Em &quot;Not\u00edcias&quot;","block_context":{"text":"Not\u00edcias","link":"https:\/\/comunidadeemacao.com.br\/site\/category\/noticiasdacomunidaede\/"},"img":{"alt_text":"Vencedores do Concurso Prato Junino ser\u00e3o conhecidos em grande final neste s\u00e1bado","src":"https:\/\/i0.wp.com\/comunidadeemacao.com.br\/site\/wp-content\/uploads\/2026\/07\/pratojunino.jpg?fit=770%2C513&ssl=1&resize=350%2C200","width":350,"height":200,"srcset":"https:\/\/i0.wp.com\/comunidadeemacao.com.br\/site\/wp-content\/uploads\/2026\/07\/pratojunino.jpg?fit=770%2C513&ssl=1&resize=350%2C200 1x, https:\/\/i0.wp.com\/comunidadeemacao.com.br\/site\/wp-content\/uploads\/2026\/07\/pratojunino.jpg?fit=770%2C513&ssl=1&resize=525%2C300 1.5x, https:\/\/i0.wp.com\/comunidadeemacao.com.br\/site\/wp-content\/uploads\/2026\/07\/pratojunino.jpg?fit=770%2C513&ssl=1&resize=700%2C400 2x"},"classes":[]},{"id":4713,"url":"https:\/\/comunidadeemacao.com.br\/site\/pbh-encerra-matriculas-na-segunda-feira-10-para-cursos-gratuitos-de-idiomas\/","url_meta":{"origin":10448,"position":5},"title":"PBH encerra matr\u00edculas na segunda-feira (10) para cursos gratuitos de idiomas","author":"Marcos Silva","date":"8 de fevereiro de 2025","format":false,"excerpt":"A Prefeitura de Belo Horizonte est\u00e1 com inscri\u00e7\u00f5es abertas para cursos gratuitos de idiomas, oferecendo 670 vagas para estudantes da Rede Municipal de Educa\u00e7\u00e3o (RME) e para a comunidade em geral. As matr\u00edculas devem ser realizadas at\u00e9 a pr\u00f3xima segunda-feira, dia 10 de fevereiro, por meio do preenchimento de um\u2026","rel":"","context":"Em &quot;Dia A Dia&quot;","block_context":{"text":"Dia A Dia","link":"https:\/\/comunidadeemacao.com.br\/site\/category\/dia-a-dia\/"},"img":{"alt_text":"Curso-de-Idioma","src":"https:\/\/i0.wp.com\/comunidadeemacao.com.br\/site\/wp-content\/uploads\/2025\/02\/Curso-de-Idiomas.jpg?fit=953%2C558&ssl=1&resize=350%2C200","width":350,"height":200,"srcset":"https:\/\/i0.wp.com\/comunidadeemacao.com.br\/site\/wp-content\/uploads\/2025\/02\/Curso-de-Idiomas.jpg?fit=953%2C558&ssl=1&resize=350%2C200 1x, https:\/\/i0.wp.com\/comunidadeemacao.com.br\/site\/wp-content\/uploads\/2025\/02\/Curso-de-Idiomas.jpg?fit=953%2C558&ssl=1&resize=525%2C300 1.5x, https:\/\/i0.wp.com\/comunidadeemacao.com.br\/site\/wp-content\/uploads\/2025\/02\/Curso-de-Idiomas.jpg?fit=953%2C558&ssl=1&resize=700%2C400 2x"},"classes":[]}],"jetpack_featured_media_url":"https:\/\/i0.wp.com\/comunidadeemacao.com.br\/site\/wp-content\/uploads\/2026\/09\/captura-de-tela-2026-09-03-114938.jpg?fit=770%2C513&ssl=1","_links":{"self":[{"href":"https:\/\/comunidadeemacao.com.br\/site\/wp-json\/wp\/v2\/posts\/10448","targetHints":{"allow":["GET"]}}],"collection":[{"href":"https:\/\/comunidadeemacao.com.br\/site\/wp-json\/wp\/v2\/posts"}],"about":[{"href":"https:\/\/comunidadeemacao.com.br\/site\/wp-json\/wp\/v2\/types\/post"}],"author":[{"embeddable":true,"href":"https:\/\/comunidadeemacao.com.br\/site\/wp-json\/wp\/v2\/users\/1"}],"replies":[{"embeddable":true,"href":"https:\/\/comunidadeemacao.com.br\/site\/wp-json\/wp\/v2\/comments?post=10448"}],"version-history":[{"count":3,"href":"https:\/\/comunidadeemacao.com.br\/site\/wp-json\/wp\/v2\/posts\/10448\/revisions"}],"predecessor-version":[{"id":10452,"href":"https:\/\/comunidadeemacao.com.br\/site\/wp-json\/wp\/v2\/posts\/10448\/revisions\/10452"}],"wp:featuredmedia":[{"embeddable":true,"href":"https:\/\/comunidadeemacao.com.br\/site\/wp-json\/wp\/v2\/media\/10450"}],"wp:attachment":[{"href":"https:\/\/comunidadeemacao.com.br\/site\/wp-json\/wp\/v2\/media?parent=10448"}],"wp:term":[{"taxonomy":"category","embeddable":true,"href":"https:\/\/comunidadeemacao.com.br\/site\/wp-json\/wp\/v2\/categories?post=10448"},{"taxonomy":"post_tag","embeddable":true,"href":"https:\/\/comunidadeemacao.com.br\/site\/wp-json\/wp\/v2\/tags?post=10448"},{"taxonomy":"series","embeddable":true,"href":"https:\/\/comunidadeemacao.com.br\/site\/wp-json\/wp\/v2\/series?post=10448"}],"curies":[{"name":"wp","href":"https:\/\/api.w.org\/{rel}","templated":true}]}}