{"id":10443,"date":"2026-09-04T07:51:51","date_gmt":"2026-09-04T10:51:51","guid":{"rendered":"https:\/\/comunidadeemacao.com.br\/site\/?p=10443"},"modified":"2026-09-03T17:06:32","modified_gmt":"2026-09-03T20:06:32","slug":"cine-santa-tereza-destaca-cinema-brasileiro-com-programacao-gratuita-em-setembro","status":"publish","type":"post","link":"https:\/\/comunidadeemacao.com.br\/site\/cine-santa-tereza-destaca-cinema-brasileiro-com-programacao-gratuita-em-setembro\/","title":{"rendered":"Cine Santa Tereza destaca cinema brasileiro com programa\u00e7\u00e3o gratuita em setembro"},"content":{"rendered":"<h2><em>Mostra Brasilidades, document\u00e1rio sobre a CPI da Covid-19 e CineCip\u00f3 integram a programa\u00e7\u00e3o<\/em><\/h2>\n<p data-start=\"193\" data-end=\"566\">O <strong data-start=\"195\" data-end=\"216\">Cine Santa Tereza<\/strong> re\u00fane, ao longo de setembro, uma programa\u00e7\u00e3o gratuita dedicada a diferentes perspectivas sobre a hist\u00f3ria, a cultura e a realidade do Brasil. As atividades come\u00e7am nesta sexta-feira (4) e incluem a mostra <strong data-start=\"422\" data-end=\"440\">\u201cBrasilidades\u201d<\/strong>, uma sess\u00e3o especial do document\u00e1rio <em data-start=\"478\" data-end=\"496\">Anatomia do Caos<\/em> e a 14\u00aa edi\u00e7\u00e3o do <strong data-start=\"515\" data-end=\"527\">CineCip\u00f3<\/strong>.<\/p>\n<h3 data-section-id=\"10hwehi\" data-start=\"568\" data-end=\"622\">Mostra Brasilidades re\u00fane tr\u00eas vis\u00f5es sobre o pa\u00eds<\/h3>\n<p data-start=\"624\" data-end=\"931\">Entre os dias <strong data-start=\"638\" data-end=\"659\">4 e 6 de setembro<\/strong>, a mostra \u201cBrasilidades\u201d apresenta tr\u00eas produ\u00e7\u00f5es de diferentes d\u00e9cadas e linguagens. A programa\u00e7\u00e3o inclui <em data-start=\"767\" data-end=\"785\">Os Inconfidentes<\/em> (1972), de Joaquim Pedro de Andrade; <em data-start=\"823\" data-end=\"861\">Carlota Joaquina, princesa do Brasil<\/em> (1995), de Carla Camurati; e <em data-start=\"891\" data-end=\"903\">Brasil S\/A<\/em> (2014), de Marcelo Pedroso.<\/p>\n<p data-start=\"933\" data-end=\"1111\">As obras abordam, sob perspectivas distintas, quest\u00f5es relacionadas \u00e0 hist\u00f3ria e \u00e0 realidade brasileira, tendo o pa\u00eds como ponto de partida.<\/p>\n<h3 data-section-id=\"1q076nf\" data-start=\"1113\" data-end=\"1154\">Document\u00e1rio aborda a CPI da Covid-19<\/h3>\n<p data-start=\"1156\" data-end=\"1311\">Tamb\u00e9m nesta sexta-feira, <strong data-start=\"1182\" data-end=\"1207\">4 de setembro, \u00e0s 20h<\/strong>, o cinema recebe uma sess\u00e3o especial de <em data-start=\"1248\" data-end=\"1266\">Anatomia do Caos<\/em>, document\u00e1rio dirigido por Dandara Ferreira.<\/p>\n<p data-start=\"1313\" data-end=\"1497\">A produ\u00e7\u00e3o acompanha a trajet\u00f3ria da <strong data-start=\"1350\" data-end=\"1369\">CPI da Covid-19<\/strong> e transforma em registro cinematogr\u00e1fico um dos momentos marcantes da pandemia no Brasil.<\/p>\n<h3 data-section-id=\"4tvuih\" data-start=\"1499\" data-end=\"1559\">Cine Cip\u00f3 promove filmes, debates e atividades formativas<\/h3>\n<p data-start=\"1561\" data-end=\"1737\">De <strong data-start=\"1564\" data-end=\"1586\">8 a 12 de setembro<\/strong>, o Cine Santa Tereza ser\u00e1 palco da <strong data-start=\"1622\" data-end=\"1648\">14\u00aa edi\u00e7\u00e3o do CineCip\u00f3<\/strong>, que re\u00fane produ\u00e7\u00f5es relacionadas a quest\u00f5es sociais, ambientais, pol\u00edticas e culturais.<\/p>\n<p data-start=\"1739\" data-end=\"1875\">A programa\u00e7\u00e3o inclui filmes de diferentes linguagens e territ\u00f3rios, al\u00e9m de debates, encontros com realizadores e atividades formativas.<\/p>\n<p data-start=\"1877\" data-end=\"2223\">Um dos destaques \u00e9 <em data-start=\"1896\" data-end=\"1915\">Para os guardados<\/em>, de Desali e Rafael Rocha, com exibi\u00e7\u00e3o marcada para <strong data-start=\"1969\" data-end=\"1994\">8 de setembro, \u00e0s 19h<\/strong>. O filme acompanha, na periferia de Contagem, viv\u00eancias e redes de cuidado constru\u00eddas em torno do sistema prisional. Ap\u00f3s a sess\u00e3o, os realizadores participam de uma conversa com o p\u00fablico.<\/p>\n<p data-start=\"2225\" data-end=\"2373\">O festival tamb\u00e9m ter\u00e1 sess\u00f5es de curtas-metragens, produ\u00e7\u00f5es ind\u00edgenas e obras que tratam de temas como trabalho, territ\u00f3rio, mem\u00f3ria e identidade.<\/p>\n<h3 data-section-id=\"s4q6u6\" data-start=\"2375\" data-end=\"2408\">Ana Carolina ser\u00e1 homenageada<\/h3>\n<p data-start=\"2410\" data-end=\"2607\">A cineasta <strong data-start=\"2421\" data-end=\"2437\">Ana Carolina<\/strong>, aos 84 anos, ser\u00e1 a homenageada desta edi\u00e7\u00e3o do CineCip\u00f3. Ela estar\u00e1 presente nas duas sess\u00f5es dedicadas \u00e0 sua obra para apresentar os filmes e conversar com o p\u00fablico.<\/p>\n<p data-start=\"2609\" data-end=\"2789\">No dia <strong data-start=\"2616\" data-end=\"2634\">11 de setembro<\/strong>, ser\u00e1 exibido <em data-start=\"2649\" data-end=\"2663\">Mar de Rosas<\/em> (1977). No dia seguinte, <strong data-start=\"2689\" data-end=\"2707\">12 de setembro<\/strong>, ser\u00e1 a vez de <em data-start=\"2723\" data-end=\"2743\">Das Tripas Cora\u00e7\u00e3o<\/em> (1982).<\/p>\n<p data-start=\"2791\" data-end=\"2999\">Como parte das atividades formativas, entre <strong data-start=\"2835\" data-end=\"2857\">9 e 12 de setembro<\/strong>, o festival tamb\u00e9m promove a oficina <strong data-start=\"2895\" data-end=\"2936\">\u201cDocument\u00e1rio com Imagens de Arquivo\u201d<\/strong>, ministrada por Leandro Olimpio, no Espa\u00e7o Comum Luiz Estrela.<\/p>\n<h3 data-section-id=\"16ob2mt\" data-start=\"3001\" data-end=\"3012\">Servi\u00e7o<\/h3>\n<p data-start=\"3014\" data-end=\"3165\">As sess\u00f5es s\u00e3o <strong data-start=\"3029\" data-end=\"3042\">gratuitas<\/strong>. Os ingressos podem ser retirados antecipadamente pelo Sympla ou na bilheteria do cinema, 30 minutos antes de cada sess\u00e3o.<\/p>\n<p data-start=\"3167\" data-end=\"3251\"><strong data-start=\"3167\" data-end=\"3177\">Local:<\/strong> Cine Santa Tereza \u2014 Rua Estrela do Sul, 89, Santa Tereza, Belo Horizonte.<\/p>\n<p data-start=\"3253\" data-end=\"3523\">A programa\u00e7\u00e3o re\u00fane cinema, debates e atividades formativas em torno de diferentes aspectos da experi\u00eancia brasileira, ampliando o acesso do p\u00fablico a produ\u00e7\u00f5es e discuss\u00f5es sobre hist\u00f3ria, cultura, mem\u00f3ria, territ\u00f3rio e identidade.<\/p>\n<p data-start=\"3525\" data-end=\"3609\">\n","protected":false},"excerpt":{"rendered":"Mostra Brasilidades, document\u00e1rio sobre a CPI da Covid-19 e CineCip\u00f3 integram a programa\u00e7\u00e3o O Cine Santa Tereza re\u00fane, ao longo de setembro, uma programa\u00e7\u00e3o gratuita [&hellip;]","protected":false},"author":1,"featured_media":10444,"comment_status":"closed","ping_status":"closed","sticky":false,"template":"","format":"standard","meta":{"episode_type":"audio","audio_file":"","podmotor_file_id":"","podmotor_episode_id":"","cover_image":"","cover_image_id":"","duration":"","filesize":"","filesize_raw":"","date_recorded":"","explicit":"","block":"","_jetpack_newsletter_access":"","_jetpack_dont_email_post_to_subs":false,"_jetpack_newsletter_tier_id":0,"_jetpack_memberships_contains_paywalled_content":false,"_jetpack_feature_clip_id":0,"_jetpack_memberships_contains_paid_content":false,"footnotes":"","jetpack_post_was_ever_published":false},"categories":[61,62],"tags":[374,627,2930],"series":[],"class_list":["post-10443","post","type-post","status-publish","format-standard","has-post-thumbnail","hentry","category-diversao","category-lazer","tag-comunidadeemacao","tag-jornaldebairro","tag-cine-santa-tereza-destaca-diferentes-olhares-sobre-o-brasil"],"episode_featured_image":"https:\/\/comunidadeemacao.com.br\/site\/wp-content\/uploads\/2026\/09\/photo-2-kakxop_pahok_1-divulgacao.jpg","episode_player_image":"https:\/\/i0.wp.com\/comunidadeemacao.com.br\/site\/wp-content\/uploads\/2025\/07\/Logo-Fala-Zona-Norte-1400-pix1.jpg?fit=1400%2C1400&ssl=1","download_link":"","player_link":"","audio_player":false,"episode_data":{"playerMode":"light","subscribeUrls":{"youtube":{"key":"youtube","url":"","label":"YouTube","class":"youtube","icon":"youtube.png"}},"rssFeedUrl":"https:\/\/comunidadeemacao.com.br\/site\/feed\/podcast\/comunidade-em-acao","embedCode":"<blockquote class=\"wp-embedded-content\" data-secret=\"JpRmQewGxj\"><a href=\"https:\/\/comunidadeemacao.com.br\/site\/cine-santa-tereza-destaca-cinema-brasileiro-com-programacao-gratuita-em-setembro\/\">Cine Santa Tereza destaca cinema brasileiro com programa\u00e7\u00e3o gratuita em setembro<\/a><\/blockquote><iframe sandbox=\"allow-scripts\" security=\"restricted\" src=\"https:\/\/comunidadeemacao.com.br\/site\/cine-santa-tereza-destaca-cinema-brasileiro-com-programacao-gratuita-em-setembro\/embed\/#?secret=JpRmQewGxj\" width=\"500\" height=\"350\" title=\"&#8220;Cine Santa Tereza destaca cinema brasileiro com programa\u00e7\u00e3o gratuita em setembro&#8221; &#8212; COMUNIDADE EM A\u00c7\u00c3O\" data-secret=\"JpRmQewGxj\" frameborder=\"0\" marginwidth=\"0\" marginheight=\"0\" scrolling=\"no\" class=\"wp-embedded-content\"><\/iframe><script>\n\/*! This file is auto-generated *\/\n!function(d,l){\"use strict\";l.querySelector&&d.addEventListener&&\"undefined\"!=typeof URL&&(d.wp=d.wp||{},d.wp.receiveEmbedMessage||(d.wp.receiveEmbedMessage=function(e){var t=e.data;if((t||t.secret||t.message||t.value)&&!\/[^a-zA-Z0-9]\/.test(t.secret)){for(var s,r,n,a=l.querySelectorAll('iframe[data-secret=\"'+t.secret+'\"]'),o=l.querySelectorAll('blockquote[data-secret=\"'+t.secret+'\"]'),c=new RegExp(\"^https?:$\",\"i\"),i=0;i<o.length;i++)o[i].style.display=\"none\";for(i=0;i<a.length;i++)s=a[i],e.source===s.contentWindow&&(s.removeAttribute(\"style\"),\"height\"===t.message?(1e3<(r=parseInt(t.value,10))?r=1e3:~~r<200&&(r=200),s.height=r):\"link\"===t.message&&(r=new URL(s.getAttribute(\"src\")),n=new URL(t.value),c.test(n.protocol))&&n.host===r.host&&l.activeElement===s&&(d.top.location.href=t.value))}},d.addEventListener(\"message\",d.wp.receiveEmbedMessage,!1),l.addEventListener(\"DOMContentLoaded\",function(){for(var e,t,s=l.querySelectorAll(\"iframe.wp-embedded-content\"),r=0;r<s.length;r++)(t=(e=s[r]).getAttribute(\"data-secret\"))||(t=Math.random().toString(36).substring(2,12),e.src+=\"#?secret=\"+t,e.setAttribute(\"data-secret\",t)),e.contentWindow.postMessage({message:\"ready\",secret:t},\"*\")},!1)))}(window,document);\n\/\/# sourceURL=https:\/\/comunidadeemacao.com.br\/site\/wp-includes\/js\/wp-embed.min.js\n<\/script>\n"},"jetpack_sharing_enabled":true,"jetpack_likes_enabled":true,"jetpack-related-posts":[{"id":7286,"url":"https:\/\/comunidadeemacao.com.br\/site\/cine-santa-tereza-exibe-mostra-um-pouquinho-de-brasil-no-carnaval-com-sessoes-gratuitas\/","url_meta":{"origin":10443,"position":0},"title":"Cine Santa Tereza exibe mostra \u201cUm Pouquinho de Brasil\u201d no Carnaval com sess\u00f5es gratuitas","author":"Marcos Silva","date":"6 de fevereiro de 2026","format":false,"excerpt":"Programa\u00e7\u00e3o especial re\u00fane document\u00e1rios e filmes sobre a m\u00fasica brasileira, do samba \u00e0 tropic\u00e1lia O Cine Santa Tereza promove, entre os dias 10 e 27 de fevereiro, a mostra especial de Carnaval \u201cUm Pouquinho de Brasil\u201d, dedicada \u00e0 exibi\u00e7\u00e3o de document\u00e1rios e filmes que retratam a m\u00fasica brasileira em diferentes\u2026","rel":"","context":"Em &quot;Divers\u00e3o&quot;","block_context":{"text":"Divers\u00e3o","link":"https:\/\/comunidadeemacao.com.br\/site\/category\/diversao\/"},"img":{"alt_text":"Cine Santa Tereza","src":"https:\/\/i0.wp.com\/comunidadeemacao.com.br\/site\/wp-content\/uploads\/2026\/02\/whatsapp-image-2026-02-04-at-10.57.19.jpg?fit=770%2C420&ssl=1&resize=350%2C200","width":350,"height":200,"srcset":"https:\/\/i0.wp.com\/comunidadeemacao.com.br\/site\/wp-content\/uploads\/2026\/02\/whatsapp-image-2026-02-04-at-10.57.19.jpg?fit=770%2C420&ssl=1&resize=350%2C200 1x, https:\/\/i0.wp.com\/comunidadeemacao.com.br\/site\/wp-content\/uploads\/2026\/02\/whatsapp-image-2026-02-04-at-10.57.19.jpg?fit=770%2C420&ssl=1&resize=525%2C300 1.5x, https:\/\/i0.wp.com\/comunidadeemacao.com.br\/site\/wp-content\/uploads\/2026\/02\/whatsapp-image-2026-02-04-at-10.57.19.jpg?fit=770%2C420&ssl=1&resize=700%2C400 2x"},"classes":[]},{"id":6377,"url":"https:\/\/comunidadeemacao.com.br\/site\/mostra-inclusiva-lais-movimenta-o-cine-santa-tereza-com-curtas-acessiveis-e-programacao-gratuita\/","url_meta":{"origin":10443,"position":1},"title":"Mostra Inclusiva Lais movimenta o Cine Santa Tereza com curtas acess\u00edveis e programa\u00e7\u00e3o gratuita","author":"Marcos Silva","date":"28 de novembro de 2025","format":false,"excerpt":"Evento re\u00fane 11 produ\u00e7\u00f5es nacionais com libras e audiodescri\u00e7\u00e3o e refor\u00e7a inclus\u00e3o no audiovisual A Mostra Inclusiva Lais chega \u00e0 sua 3\u00aa edi\u00e7\u00e3o neste fim de semana no Cine Santa Tereza, principal palavra-chave desta reportagem. A iniciativa, realizada pela produtora Opalmas e com curadoria de B\u00e1rbara Sturm, acontece no s\u00e1bado,\u2026","rel":"","context":"Em &quot;Divers\u00e3o&quot;","block_context":{"text":"Divers\u00e3o","link":"https:\/\/comunidadeemacao.com.br\/site\/category\/diversao\/"},"img":{"alt_text":"cine-santa-tereza_ricardo-laf","src":"https:\/\/i0.wp.com\/comunidadeemacao.com.br\/site\/wp-content\/uploads\/2025\/11\/cine-santa-tereza_ricardo-laf.jpg?fit=770%2C420&ssl=1&resize=350%2C200","width":350,"height":200,"srcset":"https:\/\/i0.wp.com\/comunidadeemacao.com.br\/site\/wp-content\/uploads\/2025\/11\/cine-santa-tereza_ricardo-laf.jpg?fit=770%2C420&ssl=1&resize=350%2C200 1x, https:\/\/i0.wp.com\/comunidadeemacao.com.br\/site\/wp-content\/uploads\/2025\/11\/cine-santa-tereza_ricardo-laf.jpg?fit=770%2C420&ssl=1&resize=525%2C300 1.5x, https:\/\/i0.wp.com\/comunidadeemacao.com.br\/site\/wp-content\/uploads\/2025\/11\/cine-santa-tereza_ricardo-laf.jpg?fit=770%2C420&ssl=1&resize=700%2C400 2x"},"classes":[]},{"id":5548,"url":"https:\/\/comunidadeemacao.com.br\/site\/cine-santa-tereza-oferece-programacao-gratuita-nas-ferias-escolares-com-classicos-do-cinema-infantil\/","url_meta":{"origin":10443,"position":2},"title":"Cine Santa Tereza oferece programa\u00e7\u00e3o gratuita nas f\u00e9rias escolares com cl\u00e1ssicos do cinema infantil","author":"Marcos Silva","date":"22 de julho de 2025","format":false,"excerpt":"Belo Horizonte, julho de 2025 \u2013 Durante o recesso escolar, o Cine Santa Tereza, em Belo Horizonte, exibe uma sele\u00e7\u00e3o especial de filmes infantis cl\u00e1ssicos e anima\u00e7\u00f5es premiadas na mostra \u201cEspecial de F\u00e9rias: Conex\u00f5es\u201d, entre os dias 22 e 31 de julho. A programa\u00e7\u00e3o inclui 15 longas-metragens gratuitos voltados para\u2026","rel":"","context":"Em &quot;Divers\u00e3o&quot;","block_context":{"text":"Divers\u00e3o","link":"https:\/\/comunidadeemacao.com.br\/site\/category\/diversao\/"},"img":{"alt_text":"","src":"https:\/\/i0.wp.com\/comunidadeemacao.com.br\/site\/wp-content\/uploads\/2025\/07\/ferias-no-cine-santa-tereza.jpg?fit=770%2C420&ssl=1&resize=350%2C200","width":350,"height":200,"srcset":"https:\/\/i0.wp.com\/comunidadeemacao.com.br\/site\/wp-content\/uploads\/2025\/07\/ferias-no-cine-santa-tereza.jpg?fit=770%2C420&ssl=1&resize=350%2C200 1x, https:\/\/i0.wp.com\/comunidadeemacao.com.br\/site\/wp-content\/uploads\/2025\/07\/ferias-no-cine-santa-tereza.jpg?fit=770%2C420&ssl=1&resize=525%2C300 1.5x, https:\/\/i0.wp.com\/comunidadeemacao.com.br\/site\/wp-content\/uploads\/2025\/07\/ferias-no-cine-santa-tereza.jpg?fit=770%2C420&ssl=1&resize=700%2C400 2x"},"classes":[]},{"id":5531,"url":"https:\/\/comunidadeemacao.com.br\/site\/festival-de-cinema-infantil-agita-belo-horizonte-com-filmes-gratuitos-no-cine-santa-tereza\/","url_meta":{"origin":10443,"position":3},"title":"Festival de Cinema Infantil agita Belo Horizonte com filmes gratuitos no Cine Santa Tereza","author":"Marcos Silva","date":"20 de julho de 2025","format":false,"excerpt":"5\u00ba Festival de Cinema Infantil de Belo Horizonte exibe curtas e longas nacionais e internacionais com entrada gratuita no Cine Santa Tereza at\u00e9 agosto. Programa\u00e7\u00e3o inclui oficinas e sess\u00f5es acess\u00edveis. Quem curte cinema infantil em Belo Horizonte tem programa\u00e7\u00e3o garantida com entrada gratuita no Cine Santa Tereza. O espa\u00e7o cultural\u2026","rel":"","context":"Em &quot;Divers\u00e3o&quot;","block_context":{"text":"Divers\u00e3o","link":"https:\/\/comunidadeemacao.com.br\/site\/category\/diversao\/"},"img":{"alt_text":"5\u00ba Festival de Cinema Infantil de Belo Horizonte","src":"https:\/\/i0.wp.com\/comunidadeemacao.com.br\/site\/wp-content\/uploads\/2025\/07\/whatsapp-image-2025-07-17-at-10.50.19.jpg?fit=770%2C420&ssl=1&resize=350%2C200","width":350,"height":200,"srcset":"https:\/\/i0.wp.com\/comunidadeemacao.com.br\/site\/wp-content\/uploads\/2025\/07\/whatsapp-image-2025-07-17-at-10.50.19.jpg?fit=770%2C420&ssl=1&resize=350%2C200 1x, https:\/\/i0.wp.com\/comunidadeemacao.com.br\/site\/wp-content\/uploads\/2025\/07\/whatsapp-image-2025-07-17-at-10.50.19.jpg?fit=770%2C420&ssl=1&resize=525%2C300 1.5x, https:\/\/i0.wp.com\/comunidadeemacao.com.br\/site\/wp-content\/uploads\/2025\/07\/whatsapp-image-2025-07-17-at-10.50.19.jpg?fit=770%2C420&ssl=1&resize=700%2C400 2x"},"classes":[]},{"id":5928,"url":"https:\/\/comunidadeemacao.com.br\/site\/mes-da-crianca-em-bh-tem-mais-de-60-atracoes-culturais-gratuitas-ate-novembro\/","url_meta":{"origin":10443,"position":4},"title":"M\u00eas da Crian\u00e7a em BH tem mais de 60 atra\u00e7\u00f5es culturais gratuitas at\u00e9 novembro","author":"Marcos Silva","date":"3 de outubro de 2025","format":false,"excerpt":"Teatros, museus e centros culturais recebem programa\u00e7\u00e3o com oficinas, cinema e espet\u00e1culos infantis; Zona Norte ganha destaque no Jardim Guanabara e S\u00e3o Bernardo\u00a0 Mais de 60 atra\u00e7\u00f5es gratuitas em Belo Horizonte. Ter\u00e1 uma agenda especial para celebrar o M\u00eas das Crian\u00e7as. At\u00e9 o dia 1\u00ba de novembro, ser\u00e3o oferecidas mais\u2026","rel":"","context":"Em &quot;Divers\u00e3o&quot;","block_context":{"text":"Divers\u00e3o","link":"https:\/\/comunidadeemacao.com.br\/site\/category\/diversao\/"},"img":{"alt_text":"Centro Cultural S\u00e3o Bernardo","src":"https:\/\/i0.wp.com\/comunidadeemacao.com.br\/site\/wp-content\/uploads\/2021\/11\/Notas-Reporter-1.jpeg?fit=1023%2C761&ssl=1&resize=350%2C200","width":350,"height":200,"srcset":"https:\/\/i0.wp.com\/comunidadeemacao.com.br\/site\/wp-content\/uploads\/2021\/11\/Notas-Reporter-1.jpeg?fit=1023%2C761&ssl=1&resize=350%2C200 1x, https:\/\/i0.wp.com\/comunidadeemacao.com.br\/site\/wp-content\/uploads\/2021\/11\/Notas-Reporter-1.jpeg?fit=1023%2C761&ssl=1&resize=525%2C300 1.5x, https:\/\/i0.wp.com\/comunidadeemacao.com.br\/site\/wp-content\/uploads\/2021\/11\/Notas-Reporter-1.jpeg?fit=1023%2C761&ssl=1&resize=700%2C400 2x"},"classes":[]},{"id":5411,"url":"https:\/\/comunidadeemacao.com.br\/site\/mestre-belini-o-choro-do-cerrado-resgata-a-historia-de-um-icone-da-musica-brasileira\/","url_meta":{"origin":10443,"position":5},"title":"Mestre Belini: O Choro do Cerrado resgata a hist\u00f3ria de um \u00edcone da m\u00fasica brasileira","author":"Marcos Silva","date":"5 de julho de 2025","format":false,"excerpt":"O Cine Santa Tereza ser\u00e1 palco, neste s\u00e1bado (5), do lan\u00e7amento oficial do document\u00e1rio \u201cMestre Belini: O Choro do Cerrado\u201d. A sess\u00e3o especial come\u00e7a \u00e0s 19h e a entrada \u00e9 gratuita, com retirada de ingressos antecipada pelo Sympla ou na bilheteria do cinema. Com dire\u00e7\u00e3o de Bellini Andrade, filho do\u2026","rel":"","context":"Em &quot;Divers\u00e3o&quot;","block_context":{"text":"Divers\u00e3o","link":"https:\/\/comunidadeemacao.com.br\/site\/category\/diversao\/"},"img":{"alt_text":"mestre-belini-01-divulgacao","src":"https:\/\/i0.wp.com\/comunidadeemacao.com.br\/site\/wp-content\/uploads\/2025\/07\/mestre-belini-01-divulgacao.png?fit=770%2C420&ssl=1&resize=350%2C200","width":350,"height":200,"srcset":"https:\/\/i0.wp.com\/comunidadeemacao.com.br\/site\/wp-content\/uploads\/2025\/07\/mestre-belini-01-divulgacao.png?fit=770%2C420&ssl=1&resize=350%2C200 1x, https:\/\/i0.wp.com\/comunidadeemacao.com.br\/site\/wp-content\/uploads\/2025\/07\/mestre-belini-01-divulgacao.png?fit=770%2C420&ssl=1&resize=525%2C300 1.5x, https:\/\/i0.wp.com\/comunidadeemacao.com.br\/site\/wp-content\/uploads\/2025\/07\/mestre-belini-01-divulgacao.png?fit=770%2C420&ssl=1&resize=700%2C400 2x"},"classes":[]}],"jetpack_featured_media_url":"https:\/\/i0.wp.com\/comunidadeemacao.com.br\/site\/wp-content\/uploads\/2026\/09\/photo-2-kakxop_pahok_1-divulgacao.jpg?fit=770%2C513&ssl=1","_links":{"self":[{"href":"https:\/\/comunidadeemacao.com.br\/site\/wp-json\/wp\/v2\/posts\/10443","targetHints":{"allow":["GET"]}}],"collection":[{"href":"https:\/\/comunidadeemacao.com.br\/site\/wp-json\/wp\/v2\/posts"}],"about":[{"href":"https:\/\/comunidadeemacao.com.br\/site\/wp-json\/wp\/v2\/types\/post"}],"author":[{"embeddable":true,"href":"https:\/\/comunidadeemacao.com.br\/site\/wp-json\/wp\/v2\/users\/1"}],"replies":[{"embeddable":true,"href":"https:\/\/comunidadeemacao.com.br\/site\/wp-json\/wp\/v2\/comments?post=10443"}],"version-history":[{"count":3,"href":"https:\/\/comunidadeemacao.com.br\/site\/wp-json\/wp\/v2\/posts\/10443\/revisions"}],"predecessor-version":[{"id":10447,"href":"https:\/\/comunidadeemacao.com.br\/site\/wp-json\/wp\/v2\/posts\/10443\/revisions\/10447"}],"wp:featuredmedia":[{"embeddable":true,"href":"https:\/\/comunidadeemacao.com.br\/site\/wp-json\/wp\/v2\/media\/10444"}],"wp:attachment":[{"href":"https:\/\/comunidadeemacao.com.br\/site\/wp-json\/wp\/v2\/media?parent=10443"}],"wp:term":[{"taxonomy":"category","embeddable":true,"href":"https:\/\/comunidadeemacao.com.br\/site\/wp-json\/wp\/v2\/categories?post=10443"},{"taxonomy":"post_tag","embeddable":true,"href":"https:\/\/comunidadeemacao.com.br\/site\/wp-json\/wp\/v2\/tags?post=10443"},{"taxonomy":"series","embeddable":true,"href":"https:\/\/comunidadeemacao.com.br\/site\/wp-json\/wp\/v2\/series?post=10443"}],"curies":[{"name":"wp","href":"https:\/\/api.w.org\/{rel}","templated":true}]}}