{"id":10437,"date":"2026-09-03T07:55:08","date_gmt":"2026-09-03T10:55:08","guid":{"rendered":"https:\/\/comunidadeemacao.com.br\/site\/?p=10437"},"modified":"2026-09-02T19:01:28","modified_gmt":"2026-09-02T22:01:28","slug":"anvisa-interdita-agua-mineral-vitoriosa-apos-deteccao-de-coliformes-no-produto","status":"publish","type":"post","link":"https:\/\/comunidadeemacao.com.br\/site\/anvisa-interdita-agua-mineral-vitoriosa-apos-deteccao-de-coliformes-no-produto\/","title":{"rendered":"Anvisa interdita \u00e1gua mineral Vitoriosa ap\u00f3s detec\u00e7\u00e3o de coliformes no produto"},"content":{"rendered":"<h2 class=\"isSelectedEnd\"><em>\u00c1gua mineral sem g\u00e1s da marca Vitoriosa n\u00e3o deve ser consumida ou comercializada at\u00e9 que novos testes comprovem sua seguran\u00e7a<\/em><\/h2>\n<p class=\"isSelectedEnd\">A Ag\u00eancia Nacional de Vigil\u00e2ncia Sanit\u00e1ria (Anvisa) determinou nesta quarta-feira (2) a <strong>interdi\u00e7\u00e3o cautelar da \u00e1gua mineral sem g\u00e1s da marca Vitoriosa<\/strong>, ap\u00f3s um laudo apontar resultado insatisfat\u00f3rio em ensaio microbiol\u00f3gico. O exame identificou a presen\u00e7a de coliformes totais em 250 mililitros do produto.<\/p>\n<p class=\"isSelectedEnd\">A medida impede, temporariamente, o consumo e a comercializa\u00e7\u00e3o da <strong>\u00e1gua mineral Vitoriosa<\/strong> at\u00e9 que seja comprovada a seguran\u00e7a do produto. A decis\u00e3o foi formalizada pela Resolu\u00e7\u00e3o 3.441\/2026, publicada no Di\u00e1rio Oficial da Uni\u00e3o (DOU) nesta quarta-feira.<\/p>\n<h2 class=\"isSelectedEnd\">Laudo identificou coliformes totais<\/h2>\n<p class=\"isSelectedEnd\">O resultado que motivou a interdi\u00e7\u00e3o foi emitido pelo Laborat\u00f3rio Central de Sa\u00fade P\u00fablica Noel Nutels (CRF\/RJ). Segundo o documento, o ensaio microbiol\u00f3gico apresentou resultado insatisfat\u00f3rio, com detec\u00e7\u00e3o de <strong>coliformes totais em 250 ml da \u00e1gua mineral<\/strong>.<\/p>\n<p class=\"isSelectedEnd\">O produto \u00e9 fabricado pela GEPF Agroind\u00fastria Ltda., empresa localizada em Engenheiro Paulo de Frontin, no estado do Rio de Janeiro. O fabricante est\u00e1 identificado pelo CNPJ 08.144.303\/0001-90.<\/p>\n<h2 class=\"isSelectedEnd\">Interdi\u00e7\u00e3o \u00e9 preventiva e tempor\u00e1ria<\/h2>\n<p class=\"isSelectedEnd\">De acordo com a Anvisa, a interdi\u00e7\u00e3o tem car\u00e1ter preventivo e tempor\u00e1rio e busca proteger a sa\u00fade da popula\u00e7\u00e3o. A medida continuar\u00e1 em vigor enquanto forem realizados novos testes, provas, an\u00e1lises ou outras provid\u00eancias necess\u00e1rias para a investiga\u00e7\u00e3o e a conclus\u00e3o do caso.<\/p>\n<p class=\"isSelectedEnd\">At\u00e9 que a seguran\u00e7a seja comprovada, a orienta\u00e7\u00e3o \u00e9 que o produto <strong>n\u00e3o seja consumido nem comercializado<\/strong>.<\/p>\n<h2 class=\"isSelectedEnd\">Empresa ainda n\u00e3o se manifestou<\/h2>\n<p class=\"isSelectedEnd\">A Ag\u00eancia Brasil informou que entrou em contato com a GEPF Agroind\u00fastria Ltda. para obter um posicionamento sobre a determina\u00e7\u00e3o da Anvisa. At\u00e9 a publica\u00e7\u00e3o da reportagem original, a empresa ainda n\u00e3o havia apresentado resposta.<\/p>\n<p>A interdi\u00e7\u00e3o cautelar, portanto, permanece vinculada \u00e0 investiga\u00e7\u00e3o sanit\u00e1ria e aos novos procedimentos que ser\u00e3o realizados para avaliar a seguran\u00e7a da \u00e1gua mineral.<\/p>\n","protected":false},"excerpt":{"rendered":"\u00c1gua mineral sem g\u00e1s da marca Vitoriosa n\u00e3o deve ser consumida ou comercializada at\u00e9 que novos testes comprovem sua seguran\u00e7a A Ag\u00eancia Nacional de Vigil\u00e2ncia [&hellip;]","protected":false},"author":1,"featured_media":10438,"comment_status":"closed","ping_status":"closed","sticky":false,"template":"","format":"standard","meta":{"episode_type":"audio","audio_file":"","podmotor_file_id":"","podmotor_episode_id":"","cover_image":"","cover_image_id":"","duration":"","filesize":"","filesize_raw":"","date_recorded":"","explicit":"","block":"","_jetpack_newsletter_access":"","_jetpack_dont_email_post_to_subs":false,"_jetpack_newsletter_tier_id":0,"_jetpack_memberships_contains_paywalled_content":false,"_jetpack_feature_clip_id":0,"_jetpack_memberships_contains_paid_content":false,"footnotes":"","jetpack_post_was_ever_published":false},"categories":[114],"tags":[85,374,627],"series":[],"class_list":["post-10437","post","type-post","status-publish","format-standard","has-post-thumbnail","hentry","category-saude","tag-bhip","tag-comunidadeemacao","tag-jornaldebairro"],"episode_featured_image":"https:\/\/comunidadeemacao.com.br\/site\/wp-content\/uploads\/2026\/09\/agua_mineral_vitoriosa02.webp","episode_player_image":"https:\/\/i0.wp.com\/comunidadeemacao.com.br\/site\/wp-content\/uploads\/2025\/07\/Logo-Fala-Zona-Norte-1400-pix1.jpg?fit=1400%2C1400&ssl=1","download_link":"","player_link":"","audio_player":false,"episode_data":{"playerMode":"light","subscribeUrls":{"youtube":{"key":"youtube","url":"","label":"YouTube","class":"youtube","icon":"youtube.png"}},"rssFeedUrl":"https:\/\/comunidadeemacao.com.br\/site\/feed\/podcast\/comunidade-em-acao","embedCode":"<blockquote class=\"wp-embedded-content\" data-secret=\"SCFCAo9PZi\"><a href=\"https:\/\/comunidadeemacao.com.br\/site\/anvisa-interdita-agua-mineral-vitoriosa-apos-deteccao-de-coliformes-no-produto\/\">Anvisa interdita \u00e1gua mineral Vitoriosa ap\u00f3s detec\u00e7\u00e3o de coliformes no produto<\/a><\/blockquote><iframe sandbox=\"allow-scripts\" security=\"restricted\" src=\"https:\/\/comunidadeemacao.com.br\/site\/anvisa-interdita-agua-mineral-vitoriosa-apos-deteccao-de-coliformes-no-produto\/embed\/#?secret=SCFCAo9PZi\" width=\"500\" height=\"350\" title=\"&#8220;Anvisa interdita \u00e1gua mineral Vitoriosa ap\u00f3s detec\u00e7\u00e3o de coliformes no produto&#8221; &#8212; COMUNIDADE EM A\u00c7\u00c3O\" data-secret=\"SCFCAo9PZi\" frameborder=\"0\" marginwidth=\"0\" marginheight=\"0\" scrolling=\"no\" class=\"wp-embedded-content\"><\/iframe><script>\n\/*! This file is auto-generated *\/\n!function(d,l){\"use strict\";l.querySelector&&d.addEventListener&&\"undefined\"!=typeof URL&&(d.wp=d.wp||{},d.wp.receiveEmbedMessage||(d.wp.receiveEmbedMessage=function(e){var t=e.data;if((t||t.secret||t.message||t.value)&&!\/[^a-zA-Z0-9]\/.test(t.secret)){for(var s,r,n,a=l.querySelectorAll('iframe[data-secret=\"'+t.secret+'\"]'),o=l.querySelectorAll('blockquote[data-secret=\"'+t.secret+'\"]'),c=new RegExp(\"^https?:$\",\"i\"),i=0;i<o.length;i++)o[i].style.display=\"none\";for(i=0;i<a.length;i++)s=a[i],e.source===s.contentWindow&&(s.removeAttribute(\"style\"),\"height\"===t.message?(1e3<(r=parseInt(t.value,10))?r=1e3:~~r<200&&(r=200),s.height=r):\"link\"===t.message&&(r=new URL(s.getAttribute(\"src\")),n=new URL(t.value),c.test(n.protocol))&&n.host===r.host&&l.activeElement===s&&(d.top.location.href=t.value))}},d.addEventListener(\"message\",d.wp.receiveEmbedMessage,!1),l.addEventListener(\"DOMContentLoaded\",function(){for(var e,t,s=l.querySelectorAll(\"iframe.wp-embedded-content\"),r=0;r<s.length;r++)(t=(e=s[r]).getAttribute(\"data-secret\"))||(t=Math.random().toString(36).substring(2,12),e.src+=\"#?secret=\"+t,e.setAttribute(\"data-secret\",t)),e.contentWindow.postMessage({message:\"ready\",secret:t},\"*\")},!1)))}(window,document);\n\/\/# sourceURL=https:\/\/comunidadeemacao.com.br\/site\/wp-includes\/js\/wp-embed.min.js\n<\/script>\n"},"jetpack_sharing_enabled":true,"jetpack_likes_enabled":true,"jetpack-related-posts":[{"id":9564,"url":"https:\/\/comunidadeemacao.com.br\/site\/anvisa-interdita-venda-de-energetico-mister-hemp-e-lotes-de-agua-mineral-mamba-water\/","url_meta":{"origin":10437,"position":0},"title":"Anvisa Interdita Venda de Energ\u00e9tico Mister Hemp e Lotes de \u00c1gua Mineral Mamba Water","author":"Marcos Silva","date":"18 de julho de 2026","format":false,"excerpt":"Suspens\u00e3o de Vendas Por Falta de Estudos de Estabilidade A Ag\u00eancia Nacional de Vigil\u00e2ncia Sanit\u00e1ria (Anvisa) tomou uma decis\u00e3o crucial ao suspender a venda de todas as bebidas energ\u00e9ticas da marca Mister Hemp. A medida, anunciada nesta quinta-feira (16), tamb\u00e9m abrangeu dois lotes espec\u00edficos da \u00e1gua mineral Mamba Water. A\u2026","rel":"","context":"Em &quot;Dia A Dia&quot;","block_context":{"text":"Dia A Dia","link":"https:\/\/comunidadeemacao.com.br\/site\/category\/dia-a-dia\/"},"img":{"alt_text":"Fabricante da \u00e1gua mineral Mamba Water recolhe lotes","src":"https:\/\/i0.wp.com\/comunidadeemacao.com.br\/site\/wp-content\/uploads\/2026\/07\/11-11-2020_sede_anvisa-3_0.webp?fit=1170%2C700&ssl=1&resize=350%2C200","width":350,"height":200,"srcset":"https:\/\/i0.wp.com\/comunidadeemacao.com.br\/site\/wp-content\/uploads\/2026\/07\/11-11-2020_sede_anvisa-3_0.webp?fit=1170%2C700&ssl=1&resize=350%2C200 1x, https:\/\/i0.wp.com\/comunidadeemacao.com.br\/site\/wp-content\/uploads\/2026\/07\/11-11-2020_sede_anvisa-3_0.webp?fit=1170%2C700&ssl=1&resize=525%2C300 1.5x, https:\/\/i0.wp.com\/comunidadeemacao.com.br\/site\/wp-content\/uploads\/2026\/07\/11-11-2020_sede_anvisa-3_0.webp?fit=1170%2C700&ssl=1&resize=700%2C400 2x, https:\/\/i0.wp.com\/comunidadeemacao.com.br\/site\/wp-content\/uploads\/2026\/07\/11-11-2020_sede_anvisa-3_0.webp?fit=1170%2C700&ssl=1&resize=1050%2C600 3x"},"classes":[]},{"id":8789,"url":"https:\/\/comunidadeemacao.com.br\/site\/anvisa-anuncia-recolhimento-voluntario-de-lote-da-agua-crystal-sem-gas\/","url_meta":{"origin":10437,"position":1},"title":"Anvisa anuncia recolhimento volunt\u00e1rio de lote da \u00e1gua Crystal sem g\u00e1s","author":"Marcos Silva","date":"5 de junho de 2026","format":false,"excerpt":"Anvisa e Minera\u00e7\u00e3o Bom Jesus atuam em conjunto A Ag\u00eancia Nacional de Vigil\u00e2ncia Sanit\u00e1ria (Anvisa) comunicou, na \u00faltima quarta-feira (3), a decis\u00e3o de recolher voluntariamente um lote espec\u00edfico da \u00c1gua Mineral Natural sem G\u00e1s da marca Crystal. A resolu\u00e7\u00e3o, de n\u00famero 2.247\/2026, determinou que o lote LZ1 VAL200127 3 P\u2026","rel":"","context":"Em &quot;Sa\u00fade&quot;","block_context":{"text":"Sa\u00fade","link":"https:\/\/comunidadeemacao.com.br\/site\/category\/noticiasdacomunidaede\/saude\/"},"img":{"alt_text":"Laudo laboratorial feito pela empresa constatou presen\u00e7a de bact\u00e9ria","src":"https:\/\/i0.wp.com\/comunidadeemacao.com.br\/site\/wp-content\/uploads\/2026\/06\/agua_crystal.webp?fit=1170%2C700&ssl=1&resize=350%2C200","width":350,"height":200,"srcset":"https:\/\/i0.wp.com\/comunidadeemacao.com.br\/site\/wp-content\/uploads\/2026\/06\/agua_crystal.webp?fit=1170%2C700&ssl=1&resize=350%2C200 1x, https:\/\/i0.wp.com\/comunidadeemacao.com.br\/site\/wp-content\/uploads\/2026\/06\/agua_crystal.webp?fit=1170%2C700&ssl=1&resize=525%2C300 1.5x, https:\/\/i0.wp.com\/comunidadeemacao.com.br\/site\/wp-content\/uploads\/2026\/06\/agua_crystal.webp?fit=1170%2C700&ssl=1&resize=700%2C400 2x, https:\/\/i0.wp.com\/comunidadeemacao.com.br\/site\/wp-content\/uploads\/2026\/06\/agua_crystal.webp?fit=1170%2C700&ssl=1&resize=1050%2C600 3x"},"classes":[]},{"id":9924,"url":"https:\/\/comunidadeemacao.com.br\/site\/anvisa-proibe-tres-repelentes-de-inseto-por-resultados-insatisfatorios\/","url_meta":{"origin":10437,"position":2},"title":"Anvisa pro\u00edbe tr\u00eas repelentes de inseto por resultados insatisfat\u00f3rios","author":"Marcos Silva","date":"7 de agosto de 2026","format":false,"excerpt":"Interdi\u00e7\u00e3o de repelentes pela Anvisa A Ag\u00eancia Nacional de Vigil\u00e2ncia Sanit\u00e1ria (Anvisa) anunciou, nesta segunda-feira (3 de agosto), a interdi\u00e7\u00e3o cautelar de tr\u00eas tipos de repelentes de insetos, como parte de uma medida preventiva. Laudos emitidos pelo Instituto Adolfo Lutz, um importante laborat\u00f3rio p\u00fablico localizado no Estado de S\u00e3o Paulo,\u2026","rel":"","context":"Em &quot;Dia A Dia&quot;","block_context":{"text":"Dia A Dia","link":"https:\/\/comunidadeemacao.com.br\/site\/category\/dia-a-dia\/"},"img":{"alt_text":"Repelentes de inseto s\u00e3o proibidos pela Anvisa","src":"https:\/\/i0.wp.com\/comunidadeemacao.com.br\/site\/wp-content\/uploads\/2026\/08\/Gemini_Generated_Image_gwt8q5gwt8q5gwt8.png?fit=1200%2C593&ssl=1&resize=350%2C200","width":350,"height":200,"srcset":"https:\/\/i0.wp.com\/comunidadeemacao.com.br\/site\/wp-content\/uploads\/2026\/08\/Gemini_Generated_Image_gwt8q5gwt8q5gwt8.png?fit=1200%2C593&ssl=1&resize=350%2C200 1x, https:\/\/i0.wp.com\/comunidadeemacao.com.br\/site\/wp-content\/uploads\/2026\/08\/Gemini_Generated_Image_gwt8q5gwt8q5gwt8.png?fit=1200%2C593&ssl=1&resize=525%2C300 1.5x, https:\/\/i0.wp.com\/comunidadeemacao.com.br\/site\/wp-content\/uploads\/2026\/08\/Gemini_Generated_Image_gwt8q5gwt8q5gwt8.png?fit=1200%2C593&ssl=1&resize=700%2C400 2x, https:\/\/i0.wp.com\/comunidadeemacao.com.br\/site\/wp-content\/uploads\/2026\/08\/Gemini_Generated_Image_gwt8q5gwt8q5gwt8.png?fit=1200%2C593&ssl=1&resize=1050%2C600 3x"},"classes":[]},{"id":9865,"url":"https:\/\/comunidadeemacao.com.br\/site\/anvisa-intervem-em-produtos-medicos-irregulares-para-garantir-seguranca-da-saude\/","url_meta":{"origin":10437,"position":3},"title":"Anvisa interv\u00e9m em produtos m\u00e9dicos irregulares para garantir seguran\u00e7a da sa\u00fade","author":"Marcos Silva","date":"4 de agosto de 2026","format":false,"excerpt":"Medida de suspens\u00e3o abrange produto importado A Ag\u00eancia Nacional de Vigil\u00e2ncia Sanit\u00e1ria (Anvisa) tomou uma a\u00e7\u00e3o decisiva ao suspender a venda, importa\u00e7\u00e3o, distribui\u00e7\u00e3o, divulga\u00e7\u00e3o e uso do produto Bio-Aid - Curativo Fixador para Cateter. Este produto \u00e9 importado no Brasil pela empresa Bio Company Com\u00e9rcio e Servi\u00e7os Ltda., e a\u2026","rel":"","context":"Em &quot;Dia A Dia&quot;","block_context":{"text":"Dia A Dia","link":"https:\/\/comunidadeemacao.com.br\/site\/category\/dia-a-dia\/"},"img":{"alt_text":"Medidas se referem a cateter intravenoso e curativo fixador","src":"https:\/\/i0.wp.com\/comunidadeemacao.com.br\/site\/wp-content\/uploads\/2026\/08\/0d7a5833-2.webp?fit=1170%2C700&ssl=1&resize=350%2C200","width":350,"height":200,"srcset":"https:\/\/i0.wp.com\/comunidadeemacao.com.br\/site\/wp-content\/uploads\/2026\/08\/0d7a5833-2.webp?fit=1170%2C700&ssl=1&resize=350%2C200 1x, https:\/\/i0.wp.com\/comunidadeemacao.com.br\/site\/wp-content\/uploads\/2026\/08\/0d7a5833-2.webp?fit=1170%2C700&ssl=1&resize=525%2C300 1.5x, https:\/\/i0.wp.com\/comunidadeemacao.com.br\/site\/wp-content\/uploads\/2026\/08\/0d7a5833-2.webp?fit=1170%2C700&ssl=1&resize=700%2C400 2x, https:\/\/i0.wp.com\/comunidadeemacao.com.br\/site\/wp-content\/uploads\/2026\/08\/0d7a5833-2.webp?fit=1170%2C700&ssl=1&resize=1050%2C600 3x"},"classes":[]},{"id":8755,"url":"https:\/\/comunidadeemacao.com.br\/site\/anvisa-determina-suspensao-de-medicamentos-para-hipertensao-e-cancer-de-mama\/","url_meta":{"origin":10437,"position":4},"title":"Anvisa determina suspens\u00e3o de medicamentos para hipertens\u00e3o e c\u00e2ncer de mama","author":"Marcos Silva","date":"3 de junho de 2026","format":false,"excerpt":"Restri\u00e7\u00f5es impostas pela Anvisa A Ag\u00eancia Nacional de Vigil\u00e2ncia Sanit\u00e1ria (Anvisa) anunciou a suspens\u00e3o imediata de diversos medicamentos ap\u00f3s identificar irregularidades em seus lotes. A medida foi formalizada atrav\u00e9s da Resolu\u00e7\u00e3o 2.238\/2026, publicada no Di\u00e1rio Oficial da Uni\u00e3o em 2 de junho de 2026. Entre os medicamentos afetados est\u00e1 o\u2026","rel":"","context":"Em &quot;Sa\u00fade&quot;","block_context":{"text":"Sa\u00fade","link":"https:\/\/comunidadeemacao.com.br\/site\/category\/noticiasdacomunidaede\/saude\/"},"img":{"alt_text":"Anvisa suspende lote de medicamentos para hipertens\u00e3o e c\u00e2ncer de mama","src":"https:\/\/i0.wp.com\/comunidadeemacao.com.br\/site\/wp-content\/uploads\/2026\/06\/11-11-2020_sede_anvisa-4_0.webp?fit=1170%2C700&ssl=1&resize=350%2C200","width":350,"height":200,"srcset":"https:\/\/i0.wp.com\/comunidadeemacao.com.br\/site\/wp-content\/uploads\/2026\/06\/11-11-2020_sede_anvisa-4_0.webp?fit=1170%2C700&ssl=1&resize=350%2C200 1x, https:\/\/i0.wp.com\/comunidadeemacao.com.br\/site\/wp-content\/uploads\/2026\/06\/11-11-2020_sede_anvisa-4_0.webp?fit=1170%2C700&ssl=1&resize=525%2C300 1.5x, https:\/\/i0.wp.com\/comunidadeemacao.com.br\/site\/wp-content\/uploads\/2026\/06\/11-11-2020_sede_anvisa-4_0.webp?fit=1170%2C700&ssl=1&resize=700%2C400 2x, https:\/\/i0.wp.com\/comunidadeemacao.com.br\/site\/wp-content\/uploads\/2026\/06\/11-11-2020_sede_anvisa-4_0.webp?fit=1170%2C700&ssl=1&resize=1050%2C600 3x"},"classes":[]},{"id":8380,"url":"https:\/\/comunidadeemacao.com.br\/site\/copasa-desmente-boato-sobre-consumo-de-agua-da-torneira-em-belo-horizonte\/","url_meta":{"origin":10437,"position":5},"title":"Copasa Desmente Boato sobre Consumo de \u00c1gua da Torneira em Belo Horizonte","author":"Marcos Silva","date":"7 de maio de 2026","format":false,"excerpt":"Comunica\u00e7\u00e3o Oficial da Copasa A Companhia de Saneamento de Minas Gerais (Copasa) veio a p\u00fablico nesta quarta-feira (6) para desmentir um boato que ganhou for\u00e7a nas redes sociais e em grupos de aplicativos de mensagens, recomendando que a popula\u00e7\u00e3o evitasse o consumo de \u00e1gua da torneira pelos pr\u00f3ximos sete dias.\u2026","rel":"","context":"Em &quot;Cidade&quot;","block_context":{"text":"Cidade","link":"https:\/\/comunidadeemacao.com.br\/site\/category\/cidade\/"},"img":{"alt_text":"Fake news Copasa","src":"https:\/\/i0.wp.com\/comunidadeemacao.com.br\/site\/wp-content\/uploads\/2026\/05\/IMAGENS-PORTAL-ITATIAIA-12.webp?fit=660%2C440&ssl=1&resize=350%2C200","width":350,"height":200,"srcset":"https:\/\/i0.wp.com\/comunidadeemacao.com.br\/site\/wp-content\/uploads\/2026\/05\/IMAGENS-PORTAL-ITATIAIA-12.webp?fit=660%2C440&ssl=1&resize=350%2C200 1x, https:\/\/i0.wp.com\/comunidadeemacao.com.br\/site\/wp-content\/uploads\/2026\/05\/IMAGENS-PORTAL-ITATIAIA-12.webp?fit=660%2C440&ssl=1&resize=525%2C300 1.5x"},"classes":[]}],"jetpack_featured_media_url":"https:\/\/i0.wp.com\/comunidadeemacao.com.br\/site\/wp-content\/uploads\/2026\/09\/agua_mineral_vitoriosa02.webp?fit=1170%2C700&ssl=1","_links":{"self":[{"href":"https:\/\/comunidadeemacao.com.br\/site\/wp-json\/wp\/v2\/posts\/10437","targetHints":{"allow":["GET"]}}],"collection":[{"href":"https:\/\/comunidadeemacao.com.br\/site\/wp-json\/wp\/v2\/posts"}],"about":[{"href":"https:\/\/comunidadeemacao.com.br\/site\/wp-json\/wp\/v2\/types\/post"}],"author":[{"embeddable":true,"href":"https:\/\/comunidadeemacao.com.br\/site\/wp-json\/wp\/v2\/users\/1"}],"replies":[{"embeddable":true,"href":"https:\/\/comunidadeemacao.com.br\/site\/wp-json\/wp\/v2\/comments?post=10437"}],"version-history":[{"count":2,"href":"https:\/\/comunidadeemacao.com.br\/site\/wp-json\/wp\/v2\/posts\/10437\/revisions"}],"predecessor-version":[{"id":10440,"href":"https:\/\/comunidadeemacao.com.br\/site\/wp-json\/wp\/v2\/posts\/10437\/revisions\/10440"}],"wp:featuredmedia":[{"embeddable":true,"href":"https:\/\/comunidadeemacao.com.br\/site\/wp-json\/wp\/v2\/media\/10438"}],"wp:attachment":[{"href":"https:\/\/comunidadeemacao.com.br\/site\/wp-json\/wp\/v2\/media?parent=10437"}],"wp:term":[{"taxonomy":"category","embeddable":true,"href":"https:\/\/comunidadeemacao.com.br\/site\/wp-json\/wp\/v2\/categories?post=10437"},{"taxonomy":"post_tag","embeddable":true,"href":"https:\/\/comunidadeemacao.com.br\/site\/wp-json\/wp\/v2\/tags?post=10437"},{"taxonomy":"series","embeddable":true,"href":"https:\/\/comunidadeemacao.com.br\/site\/wp-json\/wp\/v2\/series?post=10437"}],"curies":[{"name":"wp","href":"https:\/\/api.w.org\/{rel}","templated":true}]}}