{"id":10433,"date":"2026-09-03T05:40:17","date_gmt":"2026-09-03T08:40:17","guid":{"rendered":"https:\/\/comunidadeemacao.com.br\/site\/?p=10433"},"modified":"2026-09-02T18:54:38","modified_gmt":"2026-09-02T21:54:38","slug":"previsao-do-tempo-em-bh-para-3-de-setembro-manha-fresca-e-tarde-de-sol","status":"publish","type":"post","link":"https:\/\/comunidadeemacao.com.br\/site\/previsao-do-tempo-em-bh-para-3-de-setembro-manha-fresca-e-tarde-de-sol\/","title":{"rendered":"Previs\u00e3o do tempo em BH para 3 de setembro: manh\u00e3 fresca e tarde de sol"},"content":{"rendered":"<p data-start=\"89\" data-end=\"290\"><strong data-start=\"89\" data-end=\"290\">Belo Horizonte deve ter uma quinta-feira (3) de tempo firme, com varia\u00e7\u00e3o de nebulosidade e temperaturas entre 14\u00b0C e 27\u00b0C. Umidade do ar pode variar de 50% a 87%, segundo as previs\u00f5es consultadas.<\/strong><\/p>\n<p data-start=\"292\" data-end=\"632\">\ud83c\udf24\ufe0f <strong data-start=\"296\" data-end=\"371\">Belo Horizonte ter\u00e1 uma quinta-feira de tempo predominantemente est\u00e1vel<\/strong>, com manh\u00e3 mais fresca e aumento gradual das temperaturas ao longo do dia. Os dados mais recentes consultados apontam <strong data-start=\"490\" data-end=\"533\">m\u00ednima de 14\u00b0C e m\u00e1xima pr\u00f3xima de 27\u00b0C<\/strong>, sem previs\u00e3o significativa de chuva para a capital mineira.<\/p>\n<p data-start=\"634\" data-end=\"975\">A previs\u00e3o do <span class=\"contents\" data-content-reference-start=\"642\" data-content-reference-end=\"682\"><span class=\"\" data-state=\"closed\"><a class=\"decorated-link\" href=\"https:\/\/portal.inmet.gov.br\/?utm_source=chatgpt.com\" target=\"_blank\" rel=\"noopener nofollow\">INMET<\/a><\/span><\/span> para Belo Horizonte indica <strong data-start=\"713\" data-end=\"789\">temperaturas m\u00ednimas na faixa de 13\u00b0C a 18\u00b0C e m\u00e1ximas entre 23\u00b0C e 27\u00b0C<\/strong>, dependendo da regi\u00e3o da cidade. Para \u00e1reas como Pampulha, Santo Agostinho e Cercadinho, o instituto prev\u00ea c\u00e9u de <strong data-start=\"904\" data-end=\"936\">claro a parcialmente nublado<\/strong>.<\/p>\n<h3 data-section-id=\"1igxrkt\" data-start=\"977\" data-end=\"1017\">\ud83c\udf21\ufe0f Temperatura sobe durante a tarde<\/h3>\n<p data-start=\"1019\" data-end=\"1261\">Segundo o <span class=\"contents\" data-content-reference-start=\"1021\" data-content-reference-end=\"1120\"><span class=\"\" data-state=\"closed\"><a class=\"decorated-link\" href=\"https:\/\/www.climatempo.com.br\/previsao-do-tempo\/amanha\/cidade\/107\/belohorizonte-mg?utm_source=chatgpt.com\" target=\"_blank\" rel=\"noopener nofollow\">Climatempo<\/a><\/span><\/span>, Belo Horizonte deve registrar <strong data-start=\"1098\" data-end=\"1133\">14\u00b0C de m\u00ednima e 27\u00b0C de m\u00e1xima<\/strong>, com sol entre algumas nuvens durante manh\u00e3 e tarde. A previs\u00e3o indica <strong data-start=\"1205\" data-end=\"1222\">0 mm de chuva<\/strong>.<\/p>\n<p data-start=\"1263\" data-end=\"1568\">O <span class=\"contents\" data-content-reference-start=\"1301\" data-content-reference-end=\"1424\"><span class=\"\" data-state=\"closed\"><a class=\"decorated-link\" href=\"https:\/\/weather.com\/pt-BR\/clima\/10dias\/l\/e700fb76f5138a2fc1d9befac622f7674926122a837e00fce243fdebb49ce906?utm_source=chatgpt.com\" target=\"_blank\" rel=\"noopener nofollow\">Weather.com<\/a><\/span><\/span> apresenta cen\u00e1rio semelhante, embora com pequena diferen\u00e7a nas temperaturas: <strong data-start=\"1380\" data-end=\"1415\">16\u00b0C de m\u00ednima e 26\u00b0C de m\u00e1xima<\/strong>, c\u00e9u claro e apenas <strong data-start=\"1436\" data-end=\"1468\">7% de possibilidade de chuva<\/strong>. A umidade prevista \u00e9 de <strong data-start=\"1494\" data-end=\"1529\">64% durante o dia e 84% \u00e0 noite<\/strong>.<\/p>\n<p data-start=\"1570\" data-end=\"1761\">J\u00e1 dados publicados pelo servi\u00e7o meteorol\u00f3gico consultado pelo UOL indicam <strong data-start=\"1645\" data-end=\"1660\">14\u00b0C a 27\u00b0C<\/strong>, sem previs\u00e3o de chuva e umidade variando entre <strong data-start=\"1709\" data-end=\"1722\">61% e 87%<\/strong>.<\/p>\n<h3 data-section-id=\"btjd85\" data-start=\"1763\" data-end=\"1804\">\u2600\ufe0f Como fica o tempo ao longo do dia?<\/h3>\n<p data-start=\"1806\" data-end=\"1922\"><strong data-start=\"1806\" data-end=\"1819\">\ud83c\udf05 Manh\u00e3:<\/strong> temperaturas baixas no in\u00edcio do dia, com c\u00e9u parcialmente nublado e eleva\u00e7\u00e3o gradual dos term\u00f4metros.<\/p>\n<p data-start=\"1924\" data-end=\"2030\"><strong data-start=\"1924\" data-end=\"1938\">\ud83c\udf24\ufe0f Tarde:<\/strong> tempo firme, com presen\u00e7a de sol e temperaturas mais elevadas, chegando perto dos <strong data-start=\"2021\" data-end=\"2029\">27\u00b0C<\/strong>.<\/p>\n<p data-start=\"2032\" data-end=\"2135\"><strong data-start=\"2032\" data-end=\"2045\">\ud83c\udf19 Noite:<\/strong> queda gradual da temperatura, com c\u00e9u apresentando algumas nuvens e ambiente mais fresco.<\/p>\n<p data-start=\"2137\" data-end=\"2380\">A previs\u00e3o hor\u00e1ria consultada aponta que a temperatura pode sair de aproximadamente <strong data-start=\"2221\" data-end=\"2284\">14\u00b0C nas primeiras horas da manh\u00e3 para 24\u00b0C durante a tarde<\/strong>, enquanto a umidade diminui gradualmente ao longo do dia.<\/p>\n<h3 data-section-id=\"1sag92q\" data-start=\"2382\" data-end=\"2416\">\ud83d\udca7 Umidade do ar exige aten\u00e7\u00e3o<\/h3>\n<p data-start=\"2418\" data-end=\"2578\">Apesar de a quinta-feira n\u00e3o apresentar os menores \u00edndices de umidade caracter\u00edsticos dos per\u00edodos mais secos, \u00e9 importante manter os cuidados com a hidrata\u00e7\u00e3o.<\/p>\n<p data-start=\"2580\" data-end=\"2764\">Os diferentes modelos consultados apresentam varia\u00e7\u00f5es, mas indicam umidade entre aproximadamente <strong data-start=\"2678\" data-end=\"2691\">50% e 87%<\/strong> em Belo Horizonte ao longo do dia.<\/p>\n<p data-start=\"2766\" data-end=\"2980\">\ud83d\udca7 <strong data-start=\"2769\" data-end=\"2832\">A recomenda\u00e7\u00e3o \u00e9 beber \u00e1gua regularmente durante todo o dia<\/strong>, mesmo sem sentir sede. A hidrata\u00e7\u00e3o ajuda a manter o organismo funcionando adequadamente, especialmente durante os per\u00edodos mais quentes da tarde.<\/p>\n<p data-start=\"2982\" data-end=\"3121\">Tamb\u00e9m \u00e9 recomend\u00e1vel evitar exposi\u00e7\u00e3o prolongada ao sol nos hor\u00e1rios de maior intensidade e manter aten\u00e7\u00e3o especial com crian\u00e7as e idosos.<\/p>\n<h3 data-section-id=\"1o4ure8\" data-start=\"3123\" data-end=\"3180\">\u26a0\ufe0f Defesa Civil: popula\u00e7\u00e3o deve acompanhar os alertas<\/h3>\n<p data-start=\"3182\" data-end=\"3536\">O cen\u00e1rio meteorol\u00f3gico nacional indica que a influ\u00eancia de sistemas associados \u00e0 passagem de uma frente fria ainda provoca instabilidades em partes do Sudeste. Para Belo Horizonte, por\u00e9m, a previs\u00e3o espec\u00edfica para quinta-feira aponta <strong data-start=\"3418\" data-end=\"3457\">tempo firme e bastante nebulosidade<\/strong>, sem indica\u00e7\u00e3o de chuva significativa.<\/p>\n<p data-start=\"3538\" data-end=\"3738\">Como as condi\u00e7\u00f5es meteorol\u00f3gicas podem mudar rapidamente, a popula\u00e7\u00e3o deve acompanhar os canais oficiais da <strong data-start=\"3646\" data-end=\"3680\">Defesa Civil de Belo Horizonte<\/strong> e ficar atenta a eventuais atualiza\u00e7\u00f5es ou novos alertas.<\/p>\n<p data-start=\"3740\" data-end=\"3853\">\ud83d\udcf1 <strong data-start=\"3743\" data-end=\"3853\">Uma medida importante \u00e9 cadastrar o celular para receber gratuitamente os alertas da Defesa Civil por SMS.<\/strong><\/p>\n<p data-start=\"3855\" data-end=\"3928\"><strong data-start=\"3855\" data-end=\"3928\">Para se cadastrar, envie o CEP da sua resid\u00eancia para o n\u00famero 40199.<\/strong><\/p>\n<p data-start=\"3930\" data-end=\"4059\">O servi\u00e7o permite receber diretamente no celular informa\u00e7\u00f5es e alertas oficiais relacionados a situa\u00e7\u00f5es meteorol\u00f3gicas e riscos.<\/p>\n<h3 data-section-id=\"107ymwm\" data-start=\"4061\" data-end=\"4107\">\ud83d\udccc Resumo da previs\u00e3o para BH \u2014 03\/09\/2026<\/h3>\n<div class=\"group TyagGW_tableContainer\">\n<div class=\"TyagGW_tableWrapper flex flex-col-reverse w-fit\" tabindex=\"-1\">\n<table class=\"w-fit min-w-(--thread-content-width)\" data-start=\"4109\" data-end=\"4513\">\n<thead data-start=\"4109\" data-end=\"4136\">\n<tr data-start=\"4109\" data-end=\"4136\">\n<th class=\"last:pe-10\" data-start=\"4109\" data-end=\"4124\" data-col-size=\"sm\">\ud83c\udf24\ufe0f Condi\u00e7\u00e3o<\/th>\n<th class=\"last:pe-10\" data-start=\"4124\" data-end=\"4136\" data-col-size=\"sm\">Previs\u00e3o<\/th>\n<\/tr>\n<\/thead>\n<tbody data-start=\"4147\" data-end=\"4513\">\n<tr data-start=\"4147\" data-end=\"4172\">\n<td data-start=\"4147\" data-end=\"4160\" data-col-size=\"sm\">\ud83c\udf21\ufe0f M\u00ednima<\/td>\n<td data-start=\"4160\" data-end=\"4172\" data-col-size=\"sm\"><strong data-start=\"4162\" data-end=\"4170\">14\u00b0C<\/strong><\/td>\n<\/tr>\n<tr data-start=\"4173\" data-end=\"4204\">\n<td data-start=\"4173\" data-end=\"4185\" data-col-size=\"sm\">\ud83d\udd25 M\u00e1xima<\/td>\n<td data-col-size=\"sm\" data-start=\"4185\" data-end=\"4204\"><strong data-start=\"4187\" data-end=\"4202\">26\u00b0C a 27\u00b0C<\/strong><\/td>\n<\/tr>\n<tr data-start=\"4205\" data-end=\"4251\">\n<td data-start=\"4205\" data-end=\"4217\" data-col-size=\"sm\">\ud83c\udf27\ufe0f Chuva<\/td>\n<td data-start=\"4217\" data-end=\"4251\" data-col-size=\"sm\"><strong data-start=\"4219\" data-end=\"4249\">N\u00e3o prevista\/significativa<\/strong><\/td>\n<\/tr>\n<tr data-start=\"4252\" data-end=\"4308\">\n<td data-start=\"4252\" data-end=\"4261\" data-col-size=\"sm\">\u2601\ufe0f C\u00e9u<\/td>\n<td data-col-size=\"sm\" data-start=\"4261\" data-end=\"4308\"><strong data-start=\"4263\" data-end=\"4306\">Sol entre nuvens \/ parcialmente nublado<\/strong><\/td>\n<\/tr>\n<tr data-start=\"4309\" data-end=\"4346\">\n<td data-start=\"4309\" data-end=\"4322\" data-col-size=\"sm\">\ud83d\udca7 Umidade<\/td>\n<td data-start=\"4322\" data-end=\"4346\" data-col-size=\"sm\"><strong data-start=\"4324\" data-end=\"4344\">aprox. 50% a 87%<\/strong><\/td>\n<\/tr>\n<tr data-start=\"4347\" data-end=\"4385\">\n<td data-start=\"4347\" data-end=\"4366\" data-col-size=\"sm\">\ud83c\udf05 Nascer do sol<\/td>\n<td data-start=\"4366\" data-end=\"4385\" data-col-size=\"sm\"><strong data-start=\"4368\" data-end=\"4383\">06h02\u201306h03<\/strong><\/td>\n<\/tr>\n<tr data-start=\"4386\" data-end=\"4415\">\n<td data-start=\"4386\" data-end=\"4402\" data-col-size=\"sm\">\ud83c\udf07 P\u00f4r do sol<\/td>\n<td data-col-size=\"sm\" data-start=\"4402\" data-end=\"4415\"><strong data-start=\"4404\" data-end=\"4413\">17h47<\/strong><\/td>\n<\/tr>\n<tr data-start=\"4416\" data-end=\"4468\">\n<td data-start=\"4416\" data-end=\"4434\" data-col-size=\"sm\">\ud83d\udca6 Recomenda\u00e7\u00e3o<\/td>\n<td data-start=\"4434\" data-end=\"4468\" data-col-size=\"sm\"><strong data-start=\"4436\" data-end=\"4466\">Beber \u00e1gua ao longo do dia<\/strong><\/td>\n<\/tr>\n<tr data-start=\"4469\" data-end=\"4513\">\n<td data-start=\"4469\" data-end=\"4482\" data-col-size=\"sm\">\ud83d\udcf1 Alertas<\/td>\n<td data-start=\"4482\" data-end=\"4513\" data-col-size=\"sm\"><strong data-start=\"4484\" data-end=\"4511\">Cadastre o CEP no 40199<\/strong><\/td>\n<\/tr>\n<\/tbody>\n<\/table>\n<\/div>\n<\/div>\n<p data-start=\"4515\" data-end=\"4841\"><strong data-start=\"4515\" data-end=\"4538\">Fontes consultadas:<\/strong> <span class=\"contents\" data-content-reference-start=\"4579\" data-content-reference-end=\"4619\"><span class=\"\" data-state=\"closed\"><a class=\"decorated-link\" href=\"https:\/\/portal.inmet.gov.br\/?utm_source=chatgpt.com\" target=\"_blank\" rel=\"noopener nofollow\">INMET<\/a><\/span><\/span>, <span class=\"contents\" data-content-reference-start=\"4621\" data-content-reference-end=\"4668\"><span class=\"\" data-state=\"closed\"><a class=\"decorated-link\" href=\"https:\/\/www.climatempo.com.br\/?utm_source=chatgpt.com\" target=\"_blank\" rel=\"noopener nofollow\">Climatempo<\/a><\/span><\/span>, <span class=\"contents\" data-content-reference-start=\"4670\" data-content-reference-end=\"4713\"><span class=\"\" data-state=\"closed\"><a class=\"decorated-link\" href=\"https:\/\/weather.com\/pt-BR?utm_source=chatgpt.com\" target=\"_blank\" rel=\"noopener nofollow\">Weather.com<\/a><\/span><\/span>, informa\u00e7\u00f5es meteorol\u00f3gicas do <span class=\"contents\" data-content-reference-start=\"4745\" data-content-reference-end=\"4791\"><span class=\"\" data-state=\"closed\"><a class=\"decorated-link\" href=\"https:\/\/www.gov.br\/cemaden\/pt-br?utm_source=chatgpt.com\" target=\"_blank\" rel=\"noopener nofollow\">Cemaden<\/a><\/span><\/span> e informa\u00e7\u00f5es oficiais relacionadas \u00e0 Defesa Civil de Belo Horizonte.<\/p>\n","protected":false},"excerpt":{"rendered":"Belo Horizonte deve ter uma quinta-feira (3) de tempo firme, com varia\u00e7\u00e3o de nebulosidade e temperaturas entre 14\u00b0C e 27\u00b0C. Umidade do ar pode variar [&hellip;]","protected":false},"author":1,"featured_media":10434,"comment_status":"closed","ping_status":"closed","sticky":false,"template":"","format":"standard","meta":{"episode_type":"audio","audio_file":"","podmotor_file_id":"","podmotor_episode_id":"","cover_image":"","cover_image_id":"","duration":"","filesize":"","filesize_raw":"","date_recorded":"","explicit":"","block":"","_jetpack_newsletter_access":"","_jetpack_dont_email_post_to_subs":false,"_jetpack_newsletter_tier_id":0,"_jetpack_memberships_contains_paywalled_content":false,"_jetpack_feature_clip_id":0,"_jetpack_memberships_contains_paid_content":false,"footnotes":"","jetpack_post_was_ever_published":false},"categories":[2051],"tags":[2704,374,627,2929],"series":[],"class_list":["post-10433","post","type-post","status-publish","format-standard","has-post-thumbnail","hentry","category-mateorologia","tag-climaeotempodembh","tag-comunidadeemacao","tag-jornaldebairro","tag-previsao-do-tempo-belo-horizonte-03-09-2026"],"episode_featured_image":"https:\/\/comunidadeemacao.com.br\/site\/wp-content\/uploads\/2026\/09\/ChatGPT-Image-2-de-set.-de-2026-18_45_43.png","episode_player_image":"https:\/\/i0.wp.com\/comunidadeemacao.com.br\/site\/wp-content\/uploads\/2025\/07\/Logo-Fala-Zona-Norte-1400-pix1.jpg?fit=1400%2C1400&ssl=1","download_link":"","player_link":"","audio_player":false,"episode_data":{"playerMode":"light","subscribeUrls":{"youtube":{"key":"youtube","url":"","label":"YouTube","class":"youtube","icon":"youtube.png"}},"rssFeedUrl":"https:\/\/comunidadeemacao.com.br\/site\/feed\/podcast\/comunidade-em-acao","embedCode":"<blockquote class=\"wp-embedded-content\" data-secret=\"1ZoYaKyHsC\"><a href=\"https:\/\/comunidadeemacao.com.br\/site\/previsao-do-tempo-em-bh-para-3-de-setembro-manha-fresca-e-tarde-de-sol\/\">Previs\u00e3o do tempo em BH para 3 de setembro: manh\u00e3 fresca e tarde de sol<\/a><\/blockquote><iframe sandbox=\"allow-scripts\" security=\"restricted\" src=\"https:\/\/comunidadeemacao.com.br\/site\/previsao-do-tempo-em-bh-para-3-de-setembro-manha-fresca-e-tarde-de-sol\/embed\/#?secret=1ZoYaKyHsC\" width=\"500\" height=\"350\" title=\"&#8220;Previs\u00e3o do tempo em BH para 3 de setembro: manh\u00e3 fresca e tarde de sol&#8221; &#8212; COMUNIDADE EM A\u00c7\u00c3O\" data-secret=\"1ZoYaKyHsC\" frameborder=\"0\" marginwidth=\"0\" marginheight=\"0\" scrolling=\"no\" class=\"wp-embedded-content\"><\/iframe><script>\n\/*! This file is auto-generated *\/\n!function(d,l){\"use strict\";l.querySelector&&d.addEventListener&&\"undefined\"!=typeof URL&&(d.wp=d.wp||{},d.wp.receiveEmbedMessage||(d.wp.receiveEmbedMessage=function(e){var t=e.data;if((t||t.secret||t.message||t.value)&&!\/[^a-zA-Z0-9]\/.test(t.secret)){for(var s,r,n,a=l.querySelectorAll('iframe[data-secret=\"'+t.secret+'\"]'),o=l.querySelectorAll('blockquote[data-secret=\"'+t.secret+'\"]'),c=new RegExp(\"^https?:$\",\"i\"),i=0;i<o.length;i++)o[i].style.display=\"none\";for(i=0;i<a.length;i++)s=a[i],e.source===s.contentWindow&&(s.removeAttribute(\"style\"),\"height\"===t.message?(1e3<(r=parseInt(t.value,10))?r=1e3:~~r<200&&(r=200),s.height=r):\"link\"===t.message&&(r=new URL(s.getAttribute(\"src\")),n=new URL(t.value),c.test(n.protocol))&&n.host===r.host&&l.activeElement===s&&(d.top.location.href=t.value))}},d.addEventListener(\"message\",d.wp.receiveEmbedMessage,!1),l.addEventListener(\"DOMContentLoaded\",function(){for(var e,t,s=l.querySelectorAll(\"iframe.wp-embedded-content\"),r=0;r<s.length;r++)(t=(e=s[r]).getAttribute(\"data-secret\"))||(t=Math.random().toString(36).substring(2,12),e.src+=\"#?secret=\"+t,e.setAttribute(\"data-secret\",t)),e.contentWindow.postMessage({message:\"ready\",secret:t},\"*\")},!1)))}(window,document);\n\/\/# sourceURL=https:\/\/comunidadeemacao.com.br\/site\/wp-includes\/js\/wp-embed.min.js\n<\/script>\n"},"jetpack_sharing_enabled":true,"jetpack_likes_enabled":true,"jetpack-related-posts":[{"id":9852,"url":"https:\/\/comunidadeemacao.com.br\/site\/previsao-do-tempo-em-bh-para-03-08-2026-dia-seco-sem-chuva-e-com-baixa-umidade\/","url_meta":{"origin":10433,"position":0},"title":"Previs\u00e3o do tempo em BH para 03\/08\/2026: dia seco, sem chuva e com baixa umidade","author":"Marcos Silva","date":"3 de agosto de 2026","format":false,"excerpt":"\ud83c\udf21\ufe0f Temperatura pode chegar a 27\u00b0C nesta segunda-feira; umidade deve cair durante a tarde Belo Horizonte ter\u00e1 uma segunda-feira (3) de agosto com tempo est\u00e1vel, varia\u00e7\u00e3o de nebulosidade e aus\u00eancia de chuva, segundo a tend\u00eancia indicada pelas principais plataformas meteorol\u00f3gicas consultadas. Os term\u00f4metros devem registrar temperaturas amenas no in\u00edcio do\u2026","rel":"","context":"Em &quot;Mateorologia&quot;","block_context":{"text":"Mateorologia","link":"https:\/\/comunidadeemacao.com.br\/site\/category\/dia-a-dia\/mateorologia\/"},"img":{"alt_text":"Previs\u00e3o do Tempo em Belo Horizonte","src":"https:\/\/i0.wp.com\/comunidadeemacao.com.br\/site\/wp-content\/uploads\/2026\/08\/ChatGPT-Image-2-de-ago.-de-2026-18_10_13.jpg?fit=1200%2C600&ssl=1&resize=350%2C200","width":350,"height":200,"srcset":"https:\/\/i0.wp.com\/comunidadeemacao.com.br\/site\/wp-content\/uploads\/2026\/08\/ChatGPT-Image-2-de-ago.-de-2026-18_10_13.jpg?fit=1200%2C600&ssl=1&resize=350%2C200 1x, https:\/\/i0.wp.com\/comunidadeemacao.com.br\/site\/wp-content\/uploads\/2026\/08\/ChatGPT-Image-2-de-ago.-de-2026-18_10_13.jpg?fit=1200%2C600&ssl=1&resize=525%2C300 1.5x, https:\/\/i0.wp.com\/comunidadeemacao.com.br\/site\/wp-content\/uploads\/2026\/08\/ChatGPT-Image-2-de-ago.-de-2026-18_10_13.jpg?fit=1200%2C600&ssl=1&resize=700%2C400 2x, https:\/\/i0.wp.com\/comunidadeemacao.com.br\/site\/wp-content\/uploads\/2026\/08\/ChatGPT-Image-2-de-ago.-de-2026-18_10_13.jpg?fit=1200%2C600&ssl=1&resize=1050%2C600 3x"},"classes":[]},{"id":9997,"url":"https:\/\/comunidadeemacao.com.br\/site\/previsao-do-tempo-em-bh-para-terca-feira-11-manha-fresca-e-tarde-de-sol-entre-nuvens\/","url_meta":{"origin":10433,"position":1},"title":"Previs\u00e3o do tempo em BH para ter\u00e7a-feira (11): manh\u00e3 fresca e tarde de sol entre nuvens","author":"Marcos Silva","date":"11 de agosto de 2026","format":false,"excerpt":"BH ter\u00e1 temperaturas entre 16\u00b0C e 26\u00b0C, baixa possibilidade de chuva e varia\u00e7\u00e3o de nebulosidade; hidrata\u00e7\u00e3o continua importante durante o inverno Belo Horizonte ter\u00e1 uma ter\u00e7a-feira (11) de tempo predominantemente est\u00e1vel, com manh\u00e3 mais fresca, varia\u00e7\u00e3o de nebulosidade e eleva\u00e7\u00e3o das temperaturas ao longo do dia. As previs\u00f5es consultadas apontam\u2026","rel":"","context":"Em &quot;Mateorologia&quot;","block_context":{"text":"Mateorologia","link":"https:\/\/comunidadeemacao.com.br\/site\/category\/dia-a-dia\/mateorologia\/"},"img":{"alt_text":"Previs\u00e3o do Tempo em Belo Horizonte","src":"https:\/\/i0.wp.com\/comunidadeemacao.com.br\/site\/wp-content\/uploads\/2026\/08\/ChatGPT-Image-10-de-ago.-de-2026-20_13_44.png?fit=1200%2C600&ssl=1&resize=350%2C200","width":350,"height":200,"srcset":"https:\/\/i0.wp.com\/comunidadeemacao.com.br\/site\/wp-content\/uploads\/2026\/08\/ChatGPT-Image-10-de-ago.-de-2026-20_13_44.png?fit=1200%2C600&ssl=1&resize=350%2C200 1x, https:\/\/i0.wp.com\/comunidadeemacao.com.br\/site\/wp-content\/uploads\/2026\/08\/ChatGPT-Image-10-de-ago.-de-2026-20_13_44.png?fit=1200%2C600&ssl=1&resize=525%2C300 1.5x, https:\/\/i0.wp.com\/comunidadeemacao.com.br\/site\/wp-content\/uploads\/2026\/08\/ChatGPT-Image-10-de-ago.-de-2026-20_13_44.png?fit=1200%2C600&ssl=1&resize=700%2C400 2x, https:\/\/i0.wp.com\/comunidadeemacao.com.br\/site\/wp-content\/uploads\/2026\/08\/ChatGPT-Image-10-de-ago.-de-2026-20_13_44.png?fit=1200%2C600&ssl=1&resize=1050%2C600 3x"},"classes":[]},{"id":10041,"url":"https:\/\/comunidadeemacao.com.br\/site\/previsao-do-tempo-em-bh-para-13-de-agosto-calor-aumenta-e-umidade-exige-atencao\/","url_meta":{"origin":10433,"position":2},"title":"Previs\u00e3o do tempo em BH para 13 de agosto: calor aumenta e umidade exige aten\u00e7\u00e3o","author":"Marcos Silva","date":"13 de agosto de 2026","format":false,"excerpt":"Quinta-feira ser\u00e1 marcada por temperaturas mais altas, tempo predominantemente seco e baixa possibilidade de chuva na capital mineira; popula\u00e7\u00e3o deve manter a hidrata\u00e7\u00e3o durante o dia \ud83c\udf24\ufe0f Belo Horizonte ter\u00e1 uma quinta-feira (13) de agosto com caracter\u00edsticas t\u00edpicas do inverno mineiro: manh\u00e3 mais amena, aquecimento ao longo do dia, predom\u00ednio\u2026","rel":"","context":"Em &quot;Mateorologia&quot;","block_context":{"text":"Mateorologia","link":"https:\/\/comunidadeemacao.com.br\/site\/category\/dia-a-dia\/mateorologia\/"},"img":{"alt_text":"Previs\u00e3o do Tempo em Belo Horizonte","src":"https:\/\/i0.wp.com\/comunidadeemacao.com.br\/site\/wp-content\/uploads\/2026\/08\/ChatGPT-Image-12-de-ago.-de-2026-19_52_34.png?fit=1200%2C600&ssl=1&resize=350%2C200","width":350,"height":200,"srcset":"https:\/\/i0.wp.com\/comunidadeemacao.com.br\/site\/wp-content\/uploads\/2026\/08\/ChatGPT-Image-12-de-ago.-de-2026-19_52_34.png?fit=1200%2C600&ssl=1&resize=350%2C200 1x, https:\/\/i0.wp.com\/comunidadeemacao.com.br\/site\/wp-content\/uploads\/2026\/08\/ChatGPT-Image-12-de-ago.-de-2026-19_52_34.png?fit=1200%2C600&ssl=1&resize=525%2C300 1.5x, https:\/\/i0.wp.com\/comunidadeemacao.com.br\/site\/wp-content\/uploads\/2026\/08\/ChatGPT-Image-12-de-ago.-de-2026-19_52_34.png?fit=1200%2C600&ssl=1&resize=700%2C400 2x, https:\/\/i0.wp.com\/comunidadeemacao.com.br\/site\/wp-content\/uploads\/2026\/08\/ChatGPT-Image-12-de-ago.-de-2026-19_52_34.png?fit=1200%2C600&ssl=1&resize=1050%2C600 3x"},"classes":[]},{"id":9002,"url":"https:\/\/comunidadeemacao.com.br\/site\/previsao-do-tempo-em-bh-hoje-18-06-ar-seco-maxima-de-28c-e-alerta-para-baixa-umidade\/","url_meta":{"origin":10433,"position":3},"title":"Previs\u00e3o do tempo em BH hoje (18\/06): ar seco, m\u00e1xima de 28\u00b0C e alerta para baixa umidade","author":"Marcos Silva","date":"18 de junho de 2026","format":false,"excerpt":"\ud83c\udf24\ufe0f Previs\u00e3o do tempo em Belo Horizonte nesta quinta-feira (18\/06\/2026): manh\u00e3 amena, tarde seca e aten\u00e7\u00e3o para a baixa umidade do ar \u2600\ufe0f\ud83c\udf24\ufe0f\ud83d\udca7\ud83c\udf2c\ufe0f\ud83c\udf42 O avan\u00e7o de massas de ar mais seco sobre o Sudeste mant\u00e9m o padr\u00e3o t\u00edpico do outono em Belo Horizonte nesta quinta-feira (18). Embora o El Ni\u00f1o\u2026","rel":"","context":"Em &quot;Mateorologia&quot;","block_context":{"text":"Mateorologia","link":"https:\/\/comunidadeemacao.com.br\/site\/category\/dia-a-dia\/mateorologia\/"},"img":{"alt_text":"Previs\u00e3o do tempo para Belo Horizonte","src":"https:\/\/i0.wp.com\/comunidadeemacao.com.br\/site\/wp-content\/uploads\/2026\/06\/ChatGPT-Image-17-de-jun.-de-2026-19_38_17.jpg?fit=1200%2C600&ssl=1&resize=350%2C200","width":350,"height":200,"srcset":"https:\/\/i0.wp.com\/comunidadeemacao.com.br\/site\/wp-content\/uploads\/2026\/06\/ChatGPT-Image-17-de-jun.-de-2026-19_38_17.jpg?fit=1200%2C600&ssl=1&resize=350%2C200 1x, https:\/\/i0.wp.com\/comunidadeemacao.com.br\/site\/wp-content\/uploads\/2026\/06\/ChatGPT-Image-17-de-jun.-de-2026-19_38_17.jpg?fit=1200%2C600&ssl=1&resize=525%2C300 1.5x, https:\/\/i0.wp.com\/comunidadeemacao.com.br\/site\/wp-content\/uploads\/2026\/06\/ChatGPT-Image-17-de-jun.-de-2026-19_38_17.jpg?fit=1200%2C600&ssl=1&resize=700%2C400 2x, https:\/\/i0.wp.com\/comunidadeemacao.com.br\/site\/wp-content\/uploads\/2026\/06\/ChatGPT-Image-17-de-jun.-de-2026-19_38_17.jpg?fit=1200%2C600&ssl=1&resize=1050%2C600 3x"},"classes":[]},{"id":8926,"url":"https:\/\/comunidadeemacao.com.br\/site\/previsao-do-tempo-em-bh-para-domingo-14-manha-fresca-aumento-de-nuvens-e-atencao-para-mudancas-no-tempo\/","url_meta":{"origin":10433,"position":4},"title":"Previs\u00e3o do tempo em BH para domingo (14): manh\u00e3 fresca, aumento de nuvens e aten\u00e7\u00e3o para mudan\u00e7as no tempo","author":"Marcos Silva","date":"14 de junho de 2026","format":false,"excerpt":"Previs\u00e3o do tempo em Belo Horizonte para domingo (14): manh\u00e3 fresca, aumento de nuvens e aten\u00e7\u00e3o para mudan\u00e7as no tempo \u2601\ufe0f\ud83c\udf21\ufe0f\ud83d\udca7\ud83c\udf42 Belo Horizonte ter\u00e1 um domingo (14 de junho) de temperaturas amenas, aumento da nebulosidade e umidade elevada, caracter\u00edsticas t\u00edpicas do outono mineiro. A atua\u00e7\u00e3o de sistemas atmosf\u00e9ricos sobre o\u2026","rel":"","context":"Em &quot;Mateorologia&quot;","block_context":{"text":"Mateorologia","link":"https:\/\/comunidadeemacao.com.br\/site\/category\/dia-a-dia\/mateorologia\/"},"img":{"alt_text":"Belo Horizonte ter\u00e1 manh\u00e3 fria, tarde amena e tempo seco nesta sexta-feira (5)","src":"https:\/\/i0.wp.com\/comunidadeemacao.com.br\/site\/wp-content\/uploads\/2026\/06\/Clima-tempo-0506.jpg?fit=1200%2C800&ssl=1&resize=350%2C200","width":350,"height":200,"srcset":"https:\/\/i0.wp.com\/comunidadeemacao.com.br\/site\/wp-content\/uploads\/2026\/06\/Clima-tempo-0506.jpg?fit=1200%2C800&ssl=1&resize=350%2C200 1x, https:\/\/i0.wp.com\/comunidadeemacao.com.br\/site\/wp-content\/uploads\/2026\/06\/Clima-tempo-0506.jpg?fit=1200%2C800&ssl=1&resize=525%2C300 1.5x, https:\/\/i0.wp.com\/comunidadeemacao.com.br\/site\/wp-content\/uploads\/2026\/06\/Clima-tempo-0506.jpg?fit=1200%2C800&ssl=1&resize=700%2C400 2x, https:\/\/i0.wp.com\/comunidadeemacao.com.br\/site\/wp-content\/uploads\/2026\/06\/Clima-tempo-0506.jpg?fit=1200%2C800&ssl=1&resize=1050%2C600 3x"},"classes":[]},{"id":10068,"url":"https:\/\/comunidadeemacao.com.br\/site\/previsao-do-tempo-em-bh-para-14-de-agosto-calor-a-tarde-e-atencao-ao-ar-seco\/","url_meta":{"origin":10433,"position":5},"title":"Previs\u00e3o do tempo em BH para 14 de agosto: calor \u00e0 tarde e aten\u00e7\u00e3o ao ar seco","author":"Marcos Silva","date":"14 de agosto de 2026","format":false,"excerpt":"Capital mineira ter\u00e1 sexta-feira de inverno com temperaturas entre 17\u00b0C e 30\u00b0C, poucas nuvens e baixa possibilidade de chuva; umidade do ar exige aten\u00e7\u00e3o durante o per\u00edodo mais quente do dia \ud83c\udf24\ufe0f Belo Horizonte ter\u00e1 uma sexta-feira (14) t\u00edpica do inverno seco, com temperaturas elevadas durante a tarde, manh\u00e3 mais\u2026","rel":"","context":"Em &quot;Mateorologia&quot;","block_context":{"text":"Mateorologia","link":"https:\/\/comunidadeemacao.com.br\/site\/category\/dia-a-dia\/mateorologia\/"},"img":{"alt_text":"Previs\u00e3o do Tempo em Belo Horizonte","src":"https:\/\/i0.wp.com\/comunidadeemacao.com.br\/site\/wp-content\/uploads\/2026\/08\/ChatGPT-Image-13-de-ago.-de-2026-19_34_31.png?fit=1200%2C600&ssl=1&resize=350%2C200","width":350,"height":200,"srcset":"https:\/\/i0.wp.com\/comunidadeemacao.com.br\/site\/wp-content\/uploads\/2026\/08\/ChatGPT-Image-13-de-ago.-de-2026-19_34_31.png?fit=1200%2C600&ssl=1&resize=350%2C200 1x, https:\/\/i0.wp.com\/comunidadeemacao.com.br\/site\/wp-content\/uploads\/2026\/08\/ChatGPT-Image-13-de-ago.-de-2026-19_34_31.png?fit=1200%2C600&ssl=1&resize=525%2C300 1.5x, https:\/\/i0.wp.com\/comunidadeemacao.com.br\/site\/wp-content\/uploads\/2026\/08\/ChatGPT-Image-13-de-ago.-de-2026-19_34_31.png?fit=1200%2C600&ssl=1&resize=700%2C400 2x, https:\/\/i0.wp.com\/comunidadeemacao.com.br\/site\/wp-content\/uploads\/2026\/08\/ChatGPT-Image-13-de-ago.-de-2026-19_34_31.png?fit=1200%2C600&ssl=1&resize=1050%2C600 3x"},"classes":[]}],"jetpack_featured_media_url":"https:\/\/i0.wp.com\/comunidadeemacao.com.br\/site\/wp-content\/uploads\/2026\/09\/ChatGPT-Image-2-de-set.-de-2026-18_45_43.png?fit=1774%2C887&ssl=1","_links":{"self":[{"href":"https:\/\/comunidadeemacao.com.br\/site\/wp-json\/wp\/v2\/posts\/10433","targetHints":{"allow":["GET"]}}],"collection":[{"href":"https:\/\/comunidadeemacao.com.br\/site\/wp-json\/wp\/v2\/posts"}],"about":[{"href":"https:\/\/comunidadeemacao.com.br\/site\/wp-json\/wp\/v2\/types\/post"}],"author":[{"embeddable":true,"href":"https:\/\/comunidadeemacao.com.br\/site\/wp-json\/wp\/v2\/users\/1"}],"replies":[{"embeddable":true,"href":"https:\/\/comunidadeemacao.com.br\/site\/wp-json\/wp\/v2\/comments?post=10433"}],"version-history":[{"count":2,"href":"https:\/\/comunidadeemacao.com.br\/site\/wp-json\/wp\/v2\/posts\/10433\/revisions"}],"predecessor-version":[{"id":10436,"href":"https:\/\/comunidadeemacao.com.br\/site\/wp-json\/wp\/v2\/posts\/10433\/revisions\/10436"}],"wp:featuredmedia":[{"embeddable":true,"href":"https:\/\/comunidadeemacao.com.br\/site\/wp-json\/wp\/v2\/media\/10434"}],"wp:attachment":[{"href":"https:\/\/comunidadeemacao.com.br\/site\/wp-json\/wp\/v2\/media?parent=10433"}],"wp:term":[{"taxonomy":"category","embeddable":true,"href":"https:\/\/comunidadeemacao.com.br\/site\/wp-json\/wp\/v2\/categories?post=10433"},{"taxonomy":"post_tag","embeddable":true,"href":"https:\/\/comunidadeemacao.com.br\/site\/wp-json\/wp\/v2\/tags?post=10433"},{"taxonomy":"series","embeddable":true,"href":"https:\/\/comunidadeemacao.com.br\/site\/wp-json\/wp\/v2\/series?post=10433"}],"curies":[{"name":"wp","href":"https:\/\/api.w.org\/{rel}","templated":true}]}}