{"id":10430,"date":"2026-09-03T07:18:24","date_gmt":"2026-09-03T10:18:24","guid":{"rendered":"https:\/\/comunidadeemacao.com.br\/site\/?p=10430"},"modified":"2026-09-02T18:30:51","modified_gmt":"2026-09-02T21:30:51","slug":"avenida-cristiano-machado-tera-interdicao-noturna-por-obras-da-gasmig-em-bh","status":"publish","type":"post","link":"https:\/\/comunidadeemacao.com.br\/site\/avenida-cristiano-machado-tera-interdicao-noturna-por-obras-da-gasmig-em-bh\/","title":{"rendered":"Avenida Cristiano Machado ter\u00e1 interdi\u00e7\u00e3o noturna por obras da Gasmig em BH"},"content":{"rendered":"<h2 class=\"isSelectedEnd\"><em>Bloqueio come\u00e7a nesta quinta-feira (3) e deve durar cerca de 20 dias para permitir obras necess\u00e1rias \u00e0 trincheira com a Vilarinho<\/em><\/h2>\n<p class=\"isSelectedEnd\">A Avenida Cristiano Machado, em Belo Horizonte, ser\u00e1 interditada no per\u00edodo noturno a partir desta quinta-feira (3) para uma nova etapa das obras da Gasmig, necess\u00e1ria \u00e0 constru\u00e7\u00e3o da trincheira no cruzamento com a Avenida Vilarinho. O bloqueio ocorrer\u00e1 de segunda a sexta-feira, das 20h \u00e0s 4h, no trecho entre a MG-10 e a Vilarinho, no sentido Centro. A previs\u00e3o \u00e9 de que a interven\u00e7\u00e3o dure aproximadamente 20 dias.<\/p>\n<p class=\"isSelectedEnd\">Durante o per\u00edodo de interdi\u00e7\u00e3o, agentes da Unidade Integrada de Tr\u00e2nsito, formada por BHTrans, Guarda Civil Municipal e Pol\u00edcia Militar, v\u00e3o monitorar a regi\u00e3o, orientar os motoristas sobre as rotas alternativas e realizar os ajustes operacionais necess\u00e1rios para garantir seguran\u00e7a e fluidez no tr\u00e2nsito.<\/p>\n<h2 class=\"isSelectedEnd\">Rotas alternativas durante a interdi\u00e7\u00e3o<\/h2>\n<p class=\"isSelectedEnd\">Para quem estiver vindo da MG-10 e precisar acessar a Avenida Cristiano Machado, a Prefeitura indica duas op\u00e7\u00f5es: seguir pela Avenida Pedro I, Rua Bernardo Ferreira da Cruz, Avenida Vilarinho e, posteriormente, Cristiano Machado; ou utilizar a Avenida Pedro I, Rua Padre Pedro Pinto, Rua Doutor \u00c1lvaro Camargos, Avenida Vilarinho e Cristiano Machado.<\/p>\n<p class=\"isSelectedEnd\">Motoristas que seguem para o Shopping Esta\u00e7\u00e3o BH tamb\u00e9m ter\u00e3o orienta\u00e7\u00f5es espec\u00edficas. Quem vier da MG-10 dever\u00e1 utilizar uma das rotas indicadas e acessar o estacionamento G1 pela Avenida Vilarinho e Rua das Macieiras.<\/p>\n<p class=\"isSelectedEnd\">J\u00e1 os condutores que vierem do Centro pela Cristiano Machado com destino ao shopping dever\u00e3o utilizar a Avenida Vilarinho e a Rua Malibu, que funcionar\u00e1 em m\u00e3o dupla durante a interven\u00e7\u00e3o.<\/p>\n<h2 class=\"isSelectedEnd\">Acesso ao Hospital Risoleta Neves e ao Novo Anel<\/h2>\n<p class=\"isSelectedEnd\">Para chegar ao Hospital Risoleta Neves vindo da MG-10, a rota indicada passa pela Rua Bernardo Ferreira da Cruz, Avenida Vilarinho, Rua das Melancias, Avenida Doutor Cristiano Guimar\u00e3es, Avenida Pedro I e Rua Aldemiro Fernandes Torres, onde ser\u00e1 realizado o acesso ao hospital.<\/p>\n<p class=\"isSelectedEnd\">Os motoristas que seguirem em dire\u00e7\u00e3o ao Novo Anel dever\u00e3o utilizar a Avenida Pedro I.<\/p>\n<h2 class=\"isSelectedEnd\">Transporte coletivo e aplicativos<\/h2>\n<p class=\"isSelectedEnd\">Durante a interdi\u00e7\u00e3o, os pontos de \u00f4nibus da Avenida Cristiano Machado, em frente ao Shopping Esta\u00e7\u00e3o, e da Rua Malibu ser\u00e3o desativados temporariamente entre 20h e 4h. Um novo ponto funcionar\u00e1 na Rua das Gabirobas, 100.<\/p>\n<p class=\"isSelectedEnd\">Para ve\u00edculos de transporte por aplicativo, a orienta\u00e7\u00e3o \u00e9 realizar o embarque na Rua Malibu, que estar\u00e1 operando em m\u00e3o dupla. No Shopping Esta\u00e7\u00e3o, tamb\u00e9m ser\u00e1 poss\u00edvel embarcar no estacionamento, no piso G2.<\/p>\n<h2 class=\"isSelectedEnd\">Obras da trincheira com a Vilarinho<\/h2>\n<p class=\"isSelectedEnd\">A Gasmig realiza o remanejamento da rede de distribui\u00e7\u00e3o de g\u00e1s natural que interfere na implanta\u00e7\u00e3o da trincheira. Segundo a Prefeitura, essa etapa t\u00e9cnica \u00e9 indispens\u00e1vel para permitir o avan\u00e7o da obra com seguran\u00e7a e integra os servi\u00e7os preliminares do empreendimento.<\/p>\n<p class=\"isSelectedEnd\">A interven\u00e7\u00e3o d\u00e1 continuidade aos trabalhos da Gasmig no local, cuja primeira etapa foi conclu\u00edda no final de julho.<\/p>\n<p class=\"isSelectedEnd\">O projeto da Prefeitura prev\u00ea uma trincheira no canteiro central da Avenida Cristiano Machado e um boulevard sobre a parte coberta da estrutura, em frente \u00e0 Catedral Cristo Rei. Tamb\u00e9m est\u00e3o previstas uma pista de acelera\u00e7\u00e3o na interse\u00e7\u00e3o com a Avenida Vilarinho, amplia\u00e7\u00e3o do viaduto sobre a linha do metr\u00f4 e melhorias de drenagem, pavimenta\u00e7\u00e3o, ilumina\u00e7\u00e3o, paisagismo e adequa\u00e7\u00f5es geom\u00e9tricas no entorno.<\/p>\n<p class=\"isSelectedEnd\">As obras come\u00e7aram em setembro de 2025, t\u00eam conclus\u00e3o prevista para o segundo semestre de 2028 e contam com investimento de R$ 161,6 milh\u00f5es, provenientes do Fundo de Mobilidade Urbana (FMU).<\/p>\n<p>A interdi\u00e7\u00e3o noturna \u00e9, portanto, uma etapa tempor\u00e1ria necess\u00e1ria para o remanejamento da rede de g\u00e1s e para a continuidade da implanta\u00e7\u00e3o da trincheira.<\/p>\n","protected":false},"excerpt":{"rendered":"Bloqueio come\u00e7a nesta quinta-feira (3) e deve durar cerca de 20 dias para permitir obras necess\u00e1rias \u00e0 trincheira com a Vilarinho A Avenida Cristiano Machado, [&hellip;]","protected":false},"author":1,"featured_media":9231,"comment_status":"closed","ping_status":"closed","sticky":false,"template":"","format":"standard","meta":{"episode_type":"audio","audio_file":"","podmotor_file_id":"","podmotor_episode_id":"","cover_image":"","cover_image_id":"","duration":"","filesize":"","filesize_raw":"","date_recorded":"","explicit":"","block":"","_jetpack_newsletter_access":"","_jetpack_dont_email_post_to_subs":false,"_jetpack_newsletter_tier_id":0,"_jetpack_memberships_contains_paywalled_content":false,"_jetpack_feature_clip_id":0,"_jetpack_memberships_contains_paid_content":false,"footnotes":"","jetpack_post_was_ever_published":false},"categories":[57,51],"tags":[409,374,627],"series":[],"class_list":["post-10430","post","type-post","status-publish","format-standard","has-post-thumbnail","hentry","category-cidade","category-obras","tag-avenidacristianomachado","tag-comunidadeemacao","tag-jornaldebairro"],"episode_featured_image":"https:\/\/comunidadeemacao.com.br\/site\/wp-content\/uploads\/2026\/07\/obrassebastiaodebrito_pbh.jpg","episode_player_image":"https:\/\/i0.wp.com\/comunidadeemacao.com.br\/site\/wp-content\/uploads\/2025\/07\/Logo-Fala-Zona-Norte-1400-pix1.jpg?fit=1400%2C1400&ssl=1","download_link":"","player_link":"","audio_player":false,"episode_data":{"playerMode":"light","subscribeUrls":{"youtube":{"key":"youtube","url":"","label":"YouTube","class":"youtube","icon":"youtube.png"}},"rssFeedUrl":"https:\/\/comunidadeemacao.com.br\/site\/feed\/podcast\/comunidade-em-acao","embedCode":"<blockquote class=\"wp-embedded-content\" data-secret=\"ymrq9vWyyw\"><a href=\"https:\/\/comunidadeemacao.com.br\/site\/avenida-cristiano-machado-tera-interdicao-noturna-por-obras-da-gasmig-em-bh\/\">Avenida Cristiano Machado ter\u00e1 interdi\u00e7\u00e3o noturna por obras da Gasmig em BH<\/a><\/blockquote><iframe sandbox=\"allow-scripts\" security=\"restricted\" src=\"https:\/\/comunidadeemacao.com.br\/site\/avenida-cristiano-machado-tera-interdicao-noturna-por-obras-da-gasmig-em-bh\/embed\/#?secret=ymrq9vWyyw\" width=\"500\" height=\"350\" title=\"&#8220;Avenida Cristiano Machado ter\u00e1 interdi\u00e7\u00e3o noturna por obras da Gasmig em BH&#8221; &#8212; COMUNIDADE EM A\u00c7\u00c3O\" data-secret=\"ymrq9vWyyw\" frameborder=\"0\" marginwidth=\"0\" marginheight=\"0\" scrolling=\"no\" class=\"wp-embedded-content\"><\/iframe><script>\n\/*! This file is auto-generated *\/\n!function(d,l){\"use strict\";l.querySelector&&d.addEventListener&&\"undefined\"!=typeof URL&&(d.wp=d.wp||{},d.wp.receiveEmbedMessage||(d.wp.receiveEmbedMessage=function(e){var t=e.data;if((t||t.secret||t.message||t.value)&&!\/[^a-zA-Z0-9]\/.test(t.secret)){for(var s,r,n,a=l.querySelectorAll('iframe[data-secret=\"'+t.secret+'\"]'),o=l.querySelectorAll('blockquote[data-secret=\"'+t.secret+'\"]'),c=new RegExp(\"^https?:$\",\"i\"),i=0;i<o.length;i++)o[i].style.display=\"none\";for(i=0;i<a.length;i++)s=a[i],e.source===s.contentWindow&&(s.removeAttribute(\"style\"),\"height\"===t.message?(1e3<(r=parseInt(t.value,10))?r=1e3:~~r<200&&(r=200),s.height=r):\"link\"===t.message&&(r=new URL(s.getAttribute(\"src\")),n=new URL(t.value),c.test(n.protocol))&&n.host===r.host&&l.activeElement===s&&(d.top.location.href=t.value))}},d.addEventListener(\"message\",d.wp.receiveEmbedMessage,!1),l.addEventListener(\"DOMContentLoaded\",function(){for(var e,t,s=l.querySelectorAll(\"iframe.wp-embedded-content\"),r=0;r<s.length;r++)(t=(e=s[r]).getAttribute(\"data-secret\"))||(t=Math.random().toString(36).substring(2,12),e.src+=\"#?secret=\"+t,e.setAttribute(\"data-secret\",t)),e.contentWindow.postMessage({message:\"ready\",secret:t},\"*\")},!1)))}(window,document);\n\/\/# sourceURL=https:\/\/comunidadeemacao.com.br\/site\/wp-includes\/js\/wp-embed.min.js\n<\/script>\n"},"jetpack_sharing_enabled":true,"jetpack_likes_enabled":true,"jetpack-related-posts":[{"id":9656,"url":"https:\/\/comunidadeemacao.com.br\/site\/interdicao-na-cristiano-machado-altera-transito-noturno-para-obras-da-trincheira-na-vilarinho\/","url_meta":{"origin":10430,"position":0},"title":"Interdi\u00e7\u00e3o na Cristiano Machado altera tr\u00e2nsito noturno para obras da trincheira na Vilarinho","author":"Marcos Silva","date":"23 de julho de 2026","format":false,"excerpt":"Obras da Gasmig provocam mudan\u00e7as no tr\u00e1fego, transporte coletivo e acessos ao Shopping Esta\u00e7\u00e3o BH e Hospital Risoleta Neves a partir desta quinta-feira (23) A Avenida Cristiano Machado ter\u00e1 altera\u00e7\u00f5es no tr\u00e2nsito durante o per\u00edodo noturno a partir desta quinta-feira (23) em raz\u00e3o das obras executadas pela Companhia de G\u00e1s\u2026","rel":"","context":"Em &quot;Obras&quot;","block_context":{"text":"Obras","link":"https:\/\/comunidadeemacao.com.br\/site\/category\/obras\/"},"img":{"alt_text":"","src":"https:\/\/i0.wp.com\/comunidadeemacao.com.br\/site\/wp-content\/uploads\/2026\/07\/trincheira-cristo-rei2.jpg?fit=770%2C513&ssl=1&resize=350%2C200","width":350,"height":200,"srcset":"https:\/\/i0.wp.com\/comunidadeemacao.com.br\/site\/wp-content\/uploads\/2026\/07\/trincheira-cristo-rei2.jpg?fit=770%2C513&ssl=1&resize=350%2C200 1x, https:\/\/i0.wp.com\/comunidadeemacao.com.br\/site\/wp-content\/uploads\/2026\/07\/trincheira-cristo-rei2.jpg?fit=770%2C513&ssl=1&resize=525%2C300 1.5x, https:\/\/i0.wp.com\/comunidadeemacao.com.br\/site\/wp-content\/uploads\/2026\/07\/trincheira-cristo-rei2.jpg?fit=770%2C513&ssl=1&resize=700%2C400 2x"},"classes":[]},{"id":8547,"url":"https:\/\/comunidadeemacao.com.br\/site\/interdicao-da-av-cristiano-machado-altera-transito-e-exige-desvios-ate-sexta-feira\/","url_meta":{"origin":10430,"position":1},"title":"Interdi\u00e7\u00e3o da Av. Cristiano Machado altera tr\u00e2nsito e exige desvios at\u00e9 sexta-feira","author":"Marcos Silva","date":"19 de maio de 2026","format":false,"excerpt":"Obras de recapeamento na Avenida Cristiano Machado impactam tr\u00e1fego no bairro Vila Cl\u00f3ris durante o per\u00edodo noturno A interdi\u00e7\u00e3o da Avenida Cristiano Machado, no sentido Bairro\/Centro, come\u00e7a nesta segunda-feira (18), em Belo Horizonte, e seguir\u00e1 at\u00e9 a pr\u00f3xima sexta-feira (22). O bloqueio ocorrer\u00e1 diariamente entre 20h30 e 4h, no trecho\u2026","rel":"","context":"Em &quot;Cidade&quot;","block_context":{"text":"Cidade","link":"https:\/\/comunidadeemacao.com.br\/site\/category\/cidade\/"},"img":{"alt_text":"","src":"https:\/\/i0.wp.com\/comunidadeemacao.com.br\/site\/wp-content\/uploads\/2025\/09\/20250910_160942.jpg?fit=1200%2C675&ssl=1&resize=350%2C200","width":350,"height":200,"srcset":"https:\/\/i0.wp.com\/comunidadeemacao.com.br\/site\/wp-content\/uploads\/2025\/09\/20250910_160942.jpg?fit=1200%2C675&ssl=1&resize=350%2C200 1x, https:\/\/i0.wp.com\/comunidadeemacao.com.br\/site\/wp-content\/uploads\/2025\/09\/20250910_160942.jpg?fit=1200%2C675&ssl=1&resize=525%2C300 1.5x, https:\/\/i0.wp.com\/comunidadeemacao.com.br\/site\/wp-content\/uploads\/2025\/09\/20250910_160942.jpg?fit=1200%2C675&ssl=1&resize=700%2C400 2x, https:\/\/i0.wp.com\/comunidadeemacao.com.br\/site\/wp-content\/uploads\/2025\/09\/20250910_160942.jpg?fit=1200%2C675&ssl=1&resize=1050%2C600 3x"},"classes":[]},{"id":8005,"url":"https:\/\/comunidadeemacao.com.br\/site\/avenida-cristiano-machado-tera-nova-faixa-para-reduzir-impacto-de-obra\/","url_meta":{"origin":10430,"position":2},"title":"Avenida Cristiano Machado ter\u00e1 nova faixa para reduzir impacto de obra","author":"Marcos Silva","date":"14 de abril de 2026","format":false,"excerpt":"Interven\u00e7\u00e3o na Avenida Cristiano Machado busca melhorar tr\u00e2nsito durante obra da trincheira A Avenida Cristiano Machado ter\u00e1 uma nova faixa de circula\u00e7\u00e3o em um trecho espec\u00edfico para aumentar a fluidez do tr\u00e2nsito durante as obras da trincheira. A interven\u00e7\u00e3o come\u00e7a na madrugada desta ter\u00e7a-feira (14), em Belo Horizonte, e prev\u00ea\u2026","rel":"","context":"Em &quot;Not\u00edcias&quot;","block_context":{"text":"Not\u00edcias","link":"https:\/\/comunidadeemacao.com.br\/site\/category\/noticiasdacomunidaede\/"},"img":{"alt_text":"Cristiano Machado vai ter mais uma faixa para ve\u00edculos em trecho onde \u00e9 realizada obra da trincheira","src":"https:\/\/i0.wp.com\/comunidadeemacao.com.br\/site\/wp-content\/uploads\/2026\/04\/whatsapp-image-2026-04-13-at-16.25.24.jpg?fit=770%2C420&ssl=1&resize=350%2C200","width":350,"height":200,"srcset":"https:\/\/i0.wp.com\/comunidadeemacao.com.br\/site\/wp-content\/uploads\/2026\/04\/whatsapp-image-2026-04-13-at-16.25.24.jpg?fit=770%2C420&ssl=1&resize=350%2C200 1x, https:\/\/i0.wp.com\/comunidadeemacao.com.br\/site\/wp-content\/uploads\/2026\/04\/whatsapp-image-2026-04-13-at-16.25.24.jpg?fit=770%2C420&ssl=1&resize=525%2C300 1.5x, https:\/\/i0.wp.com\/comunidadeemacao.com.br\/site\/wp-content\/uploads\/2026\/04\/whatsapp-image-2026-04-13-at-16.25.24.jpg?fit=770%2C420&ssl=1&resize=700%2C400 2x"},"classes":[]},{"id":9360,"url":"https:\/\/comunidadeemacao.com.br\/site\/avenida-cristiano-machado-tera-interrupcoes-no-transito-para-obras-da-cemig-nesta-quinta-feira\/","url_meta":{"origin":10430,"position":3},"title":"Avenida Cristiano Machado ter\u00e1 interrup\u00e7\u00f5es no tr\u00e2nsito para obras da Cemig nesta quinta-feira","author":"Marcos Silva","date":"8 de julho de 2026","format":false,"excerpt":"A Avenida Cristiano Machado ter\u00e1 o tr\u00e2nsito momentaneamente interrompido nesta quinta-feira (9) para a realiza\u00e7\u00e3o de obras da Cemig em uma linha de distribui\u00e7\u00e3o de energia. A interven\u00e7\u00e3o acontecer\u00e1 em dois per\u00edodos de 15 minutos, nos dois sentidos da via, na altura da trincheira Cristo Rei, no trecho entre a\u2026","rel":"","context":"Em &quot;Cidade&quot;","block_context":{"text":"Cidade","link":"https:\/\/comunidadeemacao.com.br\/site\/category\/cidade\/"},"img":{"alt_text":"Cristiano-Machado-tera-uma-trincheira-ligando-a-MG-10-","src":"https:\/\/i0.wp.com\/comunidadeemacao.com.br\/site\/wp-content\/uploads\/2025\/09\/Cristiano-Machado-tera-uma-trincheira-ligando-a-MG-10-.jpeg?fit=1200%2C675&ssl=1&resize=350%2C200","width":350,"height":200,"srcset":"https:\/\/i0.wp.com\/comunidadeemacao.com.br\/site\/wp-content\/uploads\/2025\/09\/Cristiano-Machado-tera-uma-trincheira-ligando-a-MG-10-.jpeg?fit=1200%2C675&ssl=1&resize=350%2C200 1x, https:\/\/i0.wp.com\/comunidadeemacao.com.br\/site\/wp-content\/uploads\/2025\/09\/Cristiano-Machado-tera-uma-trincheira-ligando-a-MG-10-.jpeg?fit=1200%2C675&ssl=1&resize=525%2C300 1.5x, https:\/\/i0.wp.com\/comunidadeemacao.com.br\/site\/wp-content\/uploads\/2025\/09\/Cristiano-Machado-tera-uma-trincheira-ligando-a-MG-10-.jpeg?fit=1200%2C675&ssl=1&resize=700%2C400 2x, https:\/\/i0.wp.com\/comunidadeemacao.com.br\/site\/wp-content\/uploads\/2025\/09\/Cristiano-Machado-tera-uma-trincheira-ligando-a-MG-10-.jpeg?fit=1200%2C675&ssl=1&resize=1050%2C600 3x"},"classes":[]},{"id":5872,"url":"https:\/\/comunidadeemacao.com.br\/site\/obras-na-cristiano-machado-alteram-transito-e-rotas-em-belo-horizonte\/","url_meta":{"origin":10430,"position":4},"title":"Obras na Cristiano Machado alteram tr\u00e2nsito e rotas em Belo Horizonte","author":"Marcos Silva","date":"22 de setembro de 2025","format":false,"excerpt":"A partir desta ter\u00e7a-feira, obras para a constru\u00e7\u00e3o de trincheira na Avenida Cristiano Machado ter\u00e3o interdi\u00e7\u00f5es, desvios e mudan\u00e7as no transporte p\u00fablico. A Prefeitura de Belo Horizonte (PBH) anunciou que a partir desta ter\u00e7a-feira, 23 de setembro de 2025, ir\u00e1 iniciar obras na Avenida Cristiano Machado para a constru\u00e7\u00e3o de\u2026","rel":"","context":"Em &quot;Cidade&quot;","block_context":{"text":"Cidade","link":"https:\/\/comunidadeemacao.com.br\/site\/category\/cidade\/"},"img":{"alt_text":"","src":"https:\/\/i0.wp.com\/comunidadeemacao.com.br\/site\/wp-content\/uploads\/2025\/09\/20250910_160942.jpg?fit=1200%2C675&ssl=1&resize=350%2C200","width":350,"height":200,"srcset":"https:\/\/i0.wp.com\/comunidadeemacao.com.br\/site\/wp-content\/uploads\/2025\/09\/20250910_160942.jpg?fit=1200%2C675&ssl=1&resize=350%2C200 1x, https:\/\/i0.wp.com\/comunidadeemacao.com.br\/site\/wp-content\/uploads\/2025\/09\/20250910_160942.jpg?fit=1200%2C675&ssl=1&resize=525%2C300 1.5x, https:\/\/i0.wp.com\/comunidadeemacao.com.br\/site\/wp-content\/uploads\/2025\/09\/20250910_160942.jpg?fit=1200%2C675&ssl=1&resize=700%2C400 2x, https:\/\/i0.wp.com\/comunidadeemacao.com.br\/site\/wp-content\/uploads\/2025\/09\/20250910_160942.jpg?fit=1200%2C675&ssl=1&resize=1050%2C600 3x"},"classes":[]},{"id":8471,"url":"https:\/\/comunidadeemacao.com.br\/site\/trincheira-cristo-rei-ganha-segundo-turno-para-acelerar-obras-na-regiao-norte\/","url_meta":{"origin":10430,"position":5},"title":"Trincheira Cristo Rei ganha segundo turno para acelerar obras na Regi\u00e3o Norte","author":"Marcos Silva","date":"14 de maio de 2026","format":false,"excerpt":"Amplia\u00e7\u00e3o da jornada nas obras da trincheira Cristo Rei busca reduzir impactos no tr\u00e2nsito da Avenida Cristiano Machado e antecipar etapas cr\u00edticas da interven\u00e7\u00e3o As obras da trincheira Cristo Rei, na regi\u00e3o Norte de Belo Horizonte, ter\u00e3o amplia\u00e7\u00e3o do hor\u00e1rio de trabalho com a implanta\u00e7\u00e3o de um segundo turno nas\u2026","rel":"","context":"Em &quot;Cidade&quot;","block_context":{"text":"Cidade","link":"https:\/\/comunidadeemacao.com.br\/site\/category\/cidade\/"},"img":{"alt_text":"Trincheira Cristo Rei","src":"https:\/\/i0.wp.com\/comunidadeemacao.com.br\/site\/wp-content\/uploads\/2026\/05\/dji_0107_0.jpg?fit=770%2C420&ssl=1&resize=350%2C200","width":350,"height":200,"srcset":"https:\/\/i0.wp.com\/comunidadeemacao.com.br\/site\/wp-content\/uploads\/2026\/05\/dji_0107_0.jpg?fit=770%2C420&ssl=1&resize=350%2C200 1x, https:\/\/i0.wp.com\/comunidadeemacao.com.br\/site\/wp-content\/uploads\/2026\/05\/dji_0107_0.jpg?fit=770%2C420&ssl=1&resize=525%2C300 1.5x, https:\/\/i0.wp.com\/comunidadeemacao.com.br\/site\/wp-content\/uploads\/2026\/05\/dji_0107_0.jpg?fit=770%2C420&ssl=1&resize=700%2C400 2x"},"classes":[]}],"jetpack_featured_media_url":"https:\/\/i0.wp.com\/comunidadeemacao.com.br\/site\/wp-content\/uploads\/2026\/07\/obrassebastiaodebrito_pbh.jpg?fit=770%2C420&ssl=1","_links":{"self":[{"href":"https:\/\/comunidadeemacao.com.br\/site\/wp-json\/wp\/v2\/posts\/10430","targetHints":{"allow":["GET"]}}],"collection":[{"href":"https:\/\/comunidadeemacao.com.br\/site\/wp-json\/wp\/v2\/posts"}],"about":[{"href":"https:\/\/comunidadeemacao.com.br\/site\/wp-json\/wp\/v2\/types\/post"}],"author":[{"embeddable":true,"href":"https:\/\/comunidadeemacao.com.br\/site\/wp-json\/wp\/v2\/users\/1"}],"replies":[{"embeddable":true,"href":"https:\/\/comunidadeemacao.com.br\/site\/wp-json\/wp\/v2\/comments?post=10430"}],"version-history":[{"count":2,"href":"https:\/\/comunidadeemacao.com.br\/site\/wp-json\/wp\/v2\/posts\/10430\/revisions"}],"predecessor-version":[{"id":10432,"href":"https:\/\/comunidadeemacao.com.br\/site\/wp-json\/wp\/v2\/posts\/10430\/revisions\/10432"}],"wp:featuredmedia":[{"embeddable":true,"href":"https:\/\/comunidadeemacao.com.br\/site\/wp-json\/wp\/v2\/media\/9231"}],"wp:attachment":[{"href":"https:\/\/comunidadeemacao.com.br\/site\/wp-json\/wp\/v2\/media?parent=10430"}],"wp:term":[{"taxonomy":"category","embeddable":true,"href":"https:\/\/comunidadeemacao.com.br\/site\/wp-json\/wp\/v2\/categories?post=10430"},{"taxonomy":"post_tag","embeddable":true,"href":"https:\/\/comunidadeemacao.com.br\/site\/wp-json\/wp\/v2\/tags?post=10430"},{"taxonomy":"series","embeddable":true,"href":"https:\/\/comunidadeemacao.com.br\/site\/wp-json\/wp\/v2\/series?post=10430"}],"curies":[{"name":"wp","href":"https:\/\/api.w.org\/{rel}","templated":true}]}}