{"id":10425,"date":"2026-09-03T06:40:52","date_gmt":"2026-09-03T09:40:52","guid":{"rendered":"https:\/\/comunidadeemacao.com.br\/site\/?p=10425"},"modified":"2026-09-02T18:18:20","modified_gmt":"2026-09-02T21:18:20","slug":"campo-futebol-providencia-minaslandia-revitalizacao","status":"publish","type":"post","link":"https:\/\/comunidadeemacao.com.br\/site\/campo-futebol-providencia-minaslandia-revitalizacao\/","title":{"rendered":"Campo do Provid\u00eancia ser\u00e1 revitalizado com investimento de R$ 2,2 milh\u00f5es"},"content":{"rendered":"<h2 class=\"isSelectedEnd\"><em>Campo do Provid\u00eancia ter\u00e1 gramado sint\u00e9tico, drenagem, acessibilidade e melhorias estruturais<\/em><\/h2>\n<p class=\"isSelectedEnd\">A Prefeitura de Belo Horizonte publicou, nesta quarta-feira (2), no <strong><a href=\"https:\/\/prefeitura.pbh.gov.br\/transparencia\/licitacoes\" target=\"_blank\" rel=\"noopener nofollow\">Di\u00e1rio Oficial do Munic\u00edpio (DOM)<\/a><\/strong> , o <em><strong><a href=\"https:\/\/compras.mg.gov.br\/\" target=\"_blank\" rel=\"noopener nofollow\">edital de licita\u00e7\u00e3o<\/a><\/strong><\/em> para a reforma e moderniza\u00e7\u00e3o do Campo do Provid\u00eancia, localizado entre as ruas S\u00e3o Sebasti\u00e3o e Rio Grande, no bairro Minasl\u00e2ndia, na Regi\u00e3o Norte de Belo Horizonte. O investimento previsto para a interven\u00e7\u00e3o \u00e9 de R$ 2,2 milh\u00f5es.<\/p>\n<h2 class=\"isSelectedEnd\">Campo do Provid\u00eancia ter\u00e1 gramado sint\u00e9tico<\/h2>\n<p class=\"isSelectedEnd\">Entre as principais mudan\u00e7as previstas est\u00e1 a substitui\u00e7\u00e3o do atual piso de terra por gramado sint\u00e9tico. O projeto tamb\u00e9m inclui a implanta\u00e7\u00e3o de um novo sistema de drenagem pluvial, adequa\u00e7\u00f5es no alambrado, execu\u00e7\u00e3o e forra\u00e7\u00e3o de taludes e pavimenta\u00e7\u00e3o das \u00e1reas de circula\u00e7\u00e3o.<\/p>\n<p class=\"isSelectedEnd\">A reforma prev\u00ea ainda a recupera\u00e7\u00e3o da arquibancada e melhorias nas condi\u00e7\u00f5es de acessibilidade. Segundo a Prefeitura, as interven\u00e7\u00f5es buscam oferecer melhores condi\u00e7\u00f5es de seguran\u00e7a e utiliza\u00e7\u00e3o do espa\u00e7o pela comunidade.<\/p>\n<p class=\"isSelectedEnd\">As empresas interessadas poder\u00e3o apresentar propostas at\u00e9 as 14h de 18 de setembro, quando est\u00e1 previsto o in\u00edcio da sess\u00e3o eletr\u00f4nica de lances.<\/p>\n<h2 class=\"isSelectedEnd\">Revitaliza\u00e7\u00e3o atende demanda da comunidade<\/h2>\n<p class=\"isSelectedEnd\">A revitaliza\u00e7\u00e3o do Campo do Provid\u00eancia faz parte das a\u00e7\u00f5es da Prefeitura para modernizar e qualificar espa\u00e7os p\u00fablicos destinados ao esporte e ao lazer. A interven\u00e7\u00e3o atende uma demanda identificada pela Secretaria Municipal de Esporte e Lazer (Smel) e tem como objetivo solucionar problemas provocados pelo desgaste natural e pelo uso cont\u00ednuo do equipamento ao longo dos anos.<\/p>\n<p class=\"isSelectedEnd\">Com a conclus\u00e3o da reforma, a expectativa apresentada pela Prefeitura \u00e9 de ampliar as possibilidades de pr\u00e1tica esportiva, lazer e conviv\u00eancia social, al\u00e9m de incentivar a ocupa\u00e7\u00e3o dos espa\u00e7os p\u00fablicos pela popula\u00e7\u00e3o.<\/p>\n<h2 class=\"isSelectedEnd\">Atividades esportivas j\u00e1 s\u00e3o realizadas na regi\u00e3o<\/h2>\n<p class=\"isSelectedEnd\">Os moradores do Minasl\u00e2ndia e comunidades vizinhas j\u00e1 participam de atividades esportivas oferecidas pela Prefeitura. O Centro de Refer\u00eancia de Assist\u00eancia Social (Cras) Provid\u00eancia recebe a\u00e7\u00f5es do programa Treina BH, com aulas de treinamento funcional \u00e0s quartas e sextas-feiras, \u00e0s 7h e \u00e0s 8h.<\/p>\n<p class=\"isSelectedEnd\">A revitaliza\u00e7\u00e3o do campo integra um conjunto de investimentos municipais em infraestrutura esportiva. Na Regi\u00e3o Norte, a Prefeitura informou que o Campo do N\u00e1poli, no bairro Tupi, teve sua revitaliza\u00e7\u00e3o entregue no \u00faltimo domingo (30).<\/p>\n<p>A reforma do Campo do Provid\u00eancia representa, portanto, mais uma interven\u00e7\u00e3o prevista para qualificar equipamentos esportivos e ampliar as condi\u00e7\u00f5es de uso desses espa\u00e7os pela popula\u00e7\u00e3o da Regi\u00e3o Norte.<\/p>\n","protected":false},"excerpt":{"rendered":"Campo do Provid\u00eancia ter\u00e1 gramado sint\u00e9tico, drenagem, acessibilidade e melhorias estruturais A Prefeitura de Belo Horizonte publicou, nesta quarta-feira (2), no Di\u00e1rio Oficial do Munic\u00edpio [&hellip;]","protected":false},"author":1,"featured_media":10426,"comment_status":"closed","ping_status":"closed","sticky":false,"template":"","format":"standard","meta":{"episode_type":"audio","audio_file":"","podmotor_file_id":"","podmotor_episode_id":"","cover_image":"","cover_image_id":"","duration":"","filesize":"","filesize_raw":"","date_recorded":"","explicit":"","block":"","_jetpack_newsletter_access":"","_jetpack_dont_email_post_to_subs":false,"_jetpack_newsletter_tier_id":0,"_jetpack_memberships_contains_paywalled_content":false,"_jetpack_feature_clip_id":0,"_jetpack_memberships_contains_paid_content":false,"footnotes":"","jetpack_post_was_ever_published":false},"categories":[51,68],"tags":[2927,374,627,2928],"series":[],"class_list":["post-10425","post","type-post","status-publish","format-standard","has-post-thumbnail","hentry","category-obras","category-esportes","tag-campodoprovidencia","tag-comunidadeemacao","tag-jornaldebairro","tag-reformadocampodoprovidencia"],"episode_featured_image":"https:\/\/comunidadeemacao.com.br\/site\/wp-content\/uploads\/2026\/09\/campo-do-providencia-1.jpg","episode_player_image":"https:\/\/i0.wp.com\/comunidadeemacao.com.br\/site\/wp-content\/uploads\/2025\/07\/Logo-Fala-Zona-Norte-1400-pix1.jpg?fit=1400%2C1400&ssl=1","download_link":"","player_link":"","audio_player":false,"episode_data":{"playerMode":"light","subscribeUrls":{"youtube":{"key":"youtube","url":"","label":"YouTube","class":"youtube","icon":"youtube.png"}},"rssFeedUrl":"https:\/\/comunidadeemacao.com.br\/site\/feed\/podcast\/comunidade-em-acao","embedCode":"<blockquote class=\"wp-embedded-content\" data-secret=\"0d65PXY1ul\"><a href=\"https:\/\/comunidadeemacao.com.br\/site\/campo-futebol-providencia-minaslandia-revitalizacao\/\">Campo do Provid\u00eancia ser\u00e1 revitalizado com investimento de R$ 2,2 milh\u00f5es<\/a><\/blockquote><iframe sandbox=\"allow-scripts\" security=\"restricted\" src=\"https:\/\/comunidadeemacao.com.br\/site\/campo-futebol-providencia-minaslandia-revitalizacao\/embed\/#?secret=0d65PXY1ul\" width=\"500\" height=\"350\" title=\"&#8220;Campo do Provid\u00eancia ser\u00e1 revitalizado com investimento de R$ 2,2 milh\u00f5es&#8221; &#8212; COMUNIDADE EM A\u00c7\u00c3O\" data-secret=\"0d65PXY1ul\" frameborder=\"0\" marginwidth=\"0\" marginheight=\"0\" scrolling=\"no\" class=\"wp-embedded-content\"><\/iframe><script>\n\/*! This file is auto-generated *\/\n!function(d,l){\"use strict\";l.querySelector&&d.addEventListener&&\"undefined\"!=typeof URL&&(d.wp=d.wp||{},d.wp.receiveEmbedMessage||(d.wp.receiveEmbedMessage=function(e){var t=e.data;if((t||t.secret||t.message||t.value)&&!\/[^a-zA-Z0-9]\/.test(t.secret)){for(var s,r,n,a=l.querySelectorAll('iframe[data-secret=\"'+t.secret+'\"]'),o=l.querySelectorAll('blockquote[data-secret=\"'+t.secret+'\"]'),c=new RegExp(\"^https?:$\",\"i\"),i=0;i<o.length;i++)o[i].style.display=\"none\";for(i=0;i<a.length;i++)s=a[i],e.source===s.contentWindow&&(s.removeAttribute(\"style\"),\"height\"===t.message?(1e3<(r=parseInt(t.value,10))?r=1e3:~~r<200&&(r=200),s.height=r):\"link\"===t.message&&(r=new URL(s.getAttribute(\"src\")),n=new URL(t.value),c.test(n.protocol))&&n.host===r.host&&l.activeElement===s&&(d.top.location.href=t.value))}},d.addEventListener(\"message\",d.wp.receiveEmbedMessage,!1),l.addEventListener(\"DOMContentLoaded\",function(){for(var e,t,s=l.querySelectorAll(\"iframe.wp-embedded-content\"),r=0;r<s.length;r++)(t=(e=s[r]).getAttribute(\"data-secret\"))||(t=Math.random().toString(36).substring(2,12),e.src+=\"#?secret=\"+t,e.setAttribute(\"data-secret\",t)),e.contentWindow.postMessage({message:\"ready\",secret:t},\"*\")},!1)))}(window,document);\n\/\/# sourceURL=https:\/\/comunidadeemacao.com.br\/site\/wp-includes\/js\/wp-embed.min.js\n<\/script>\n"},"jetpack_sharing_enabled":true,"jetpack_likes_enabled":true,"jetpack-related-posts":[{"id":10371,"url":"https:\/\/comunidadeemacao.com.br\/site\/campo-do-napoli-e-revitalizado-e-entregue-a-populacao-no-bairro-tupi-em-bh\/","url_meta":{"origin":10425,"position":0},"title":"Campo do Napoli \u00e9 revitalizado e entregue \u00e0 popula\u00e7\u00e3o no Bairro Tupi, em BH","author":"Marcos Silva","date":"31 de agosto de 2026","format":false,"excerpt":"Espa\u00e7o na Regi\u00e3o Norte recebeu grama sint\u00e9tica, nova ilumina\u00e7\u00e3o e melhorias estruturais ap\u00f3s investimento de cerca de R$ 2,3 milh\u00f5es Moradores do Bairro Tupi, na Regi\u00e3o Norte de Belo Horizonte, voltaram a utilizar o Campo do Napoli, entregue \u00e0 comunidade neste domingo (30) ap\u00f3s passar por obras de revitaliza\u00e7\u00e3o e\u2026","rel":"","context":"Em &quot;Esportes&quot;","block_context":{"text":"Esportes","link":"https:\/\/comunidadeemacao.com.br\/site\/category\/esportes\/"},"img":{"alt_text":"Campo do Napoli \u00e9 revitalizado e entregue \u00e0 popula\u00e7\u00e3o no Bairro Tupi","src":"https:\/\/i0.wp.com\/comunidadeemacao.com.br\/site\/wp-content\/uploads\/2026\/08\/Jogo-01.jpg?fit=1200%2C900&ssl=1&resize=350%2C200","width":350,"height":200,"srcset":"https:\/\/i0.wp.com\/comunidadeemacao.com.br\/site\/wp-content\/uploads\/2026\/08\/Jogo-01.jpg?fit=1200%2C900&ssl=1&resize=350%2C200 1x, https:\/\/i0.wp.com\/comunidadeemacao.com.br\/site\/wp-content\/uploads\/2026\/08\/Jogo-01.jpg?fit=1200%2C900&ssl=1&resize=525%2C300 1.5x, https:\/\/i0.wp.com\/comunidadeemacao.com.br\/site\/wp-content\/uploads\/2026\/08\/Jogo-01.jpg?fit=1200%2C900&ssl=1&resize=700%2C400 2x, https:\/\/i0.wp.com\/comunidadeemacao.com.br\/site\/wp-content\/uploads\/2026\/08\/Jogo-01.jpg?fit=1200%2C900&ssl=1&resize=1050%2C600 3x"},"classes":[]},{"id":4538,"url":"https:\/\/comunidadeemacao.com.br\/site\/pbh-abre-licitacao-para-revitalizacao-do-campo-do-napoli-no-tupi\/","url_meta":{"origin":10425,"position":1},"title":"PBH abre licita\u00e7\u00e3o para revitaliza\u00e7\u00e3o do Campo do Napoli no Tupi","author":"Marcos Silva","date":"5 de dezembro de 2024","format":false,"excerpt":"Prefeitura de Belo Horizonte publicou um edital para a revitaliza\u00e7\u00e3o do Campo do Napoli, localizado na Rua Sete, no Bairro Tupi, na regi\u00e3o Norte da cidade. Este projeto, or\u00e7ado em R$ 1.392.460,92, ser\u00e1 custodiado com recursos da Secretaria Municipal de Obras e Infraestrutura (SMOBI), provenientes dos recursos ordin\u00e1rios do Tesouro\u2026","rel":"","context":"Em &quot;Dia A Dia&quot;","block_context":{"text":"Dia A Dia","link":"https:\/\/comunidadeemacao.com.br\/site\/category\/dia-a-dia\/"},"img":{"alt_text":"Campo do Napoli","src":"https:\/\/i0.wp.com\/comunidadeemacao.com.br\/site\/wp-content\/uploads\/2024\/12\/Campo-do-Napoli.jpg?fit=770%2C420&ssl=1&resize=350%2C200","width":350,"height":200,"srcset":"https:\/\/i0.wp.com\/comunidadeemacao.com.br\/site\/wp-content\/uploads\/2024\/12\/Campo-do-Napoli.jpg?fit=770%2C420&ssl=1&resize=350%2C200 1x, https:\/\/i0.wp.com\/comunidadeemacao.com.br\/site\/wp-content\/uploads\/2024\/12\/Campo-do-Napoli.jpg?fit=770%2C420&ssl=1&resize=525%2C300 1.5x, https:\/\/i0.wp.com\/comunidadeemacao.com.br\/site\/wp-content\/uploads\/2024\/12\/Campo-do-Napoli.jpg?fit=770%2C420&ssl=1&resize=700%2C400 2x"},"classes":[]},{"id":4550,"url":"https:\/\/comunidadeemacao.com.br\/site\/a-63a-copa-itatiaia-tem-seis-clubes-da-zona-norte\/","url_meta":{"origin":10425,"position":2},"title":"A 63\u00aa Copa Itatiaia tem seis clubes da Zona Norte","author":"Marcos Silva","date":"7 de dezembro de 2024","format":false,"excerpt":"A 63\u00aa edi\u00e7\u00e3o da Copa Itatiaia KTO, inicia em 15 de dezembro de 2024, j\u00e1 definindo os grupos das Chaves Belo Horizonte (BH) e Metropolitana, prometendo uma competi\u00e7\u00e3o acirrada entre os clubes amadores da regi\u00e3o. O mais tradicional torneio de futebol amador do Brasil come\u00e7a no dia 15 de dezembro\u2026","rel":"","context":"Em &quot;Cidade&quot;","block_context":{"text":"Cidade","link":"https:\/\/comunidadeemacao.com.br\/site\/category\/cidade\/"},"img":{"alt_text":"Geoavana com trof\u00e9u de Campe\u00e3o da Copa Itatiaia 2023 | 2024","src":"https:\/\/i0.wp.com\/comunidadeemacao.com.br\/site\/wp-content\/uploads\/2024\/01\/Bar-do-Ze-Pequeno-1.jpeg?fit=900%2C1200&ssl=1&resize=350%2C200","width":350,"height":200,"srcset":"https:\/\/i0.wp.com\/comunidadeemacao.com.br\/site\/wp-content\/uploads\/2024\/01\/Bar-do-Ze-Pequeno-1.jpeg?fit=900%2C1200&ssl=1&resize=350%2C200 1x, https:\/\/i0.wp.com\/comunidadeemacao.com.br\/site\/wp-content\/uploads\/2024\/01\/Bar-do-Ze-Pequeno-1.jpeg?fit=900%2C1200&ssl=1&resize=525%2C300 1.5x, https:\/\/i0.wp.com\/comunidadeemacao.com.br\/site\/wp-content\/uploads\/2024\/01\/Bar-do-Ze-Pequeno-1.jpeg?fit=900%2C1200&ssl=1&resize=700%2C400 2x"},"classes":[]},{"id":3697,"url":"https:\/\/comunidadeemacao.com.br\/site\/cac-providencia-esta-abandonado\/","url_meta":{"origin":10425,"position":3},"title":"CAC Provid\u00eancia est\u00e1 abandonado","author":"Marcos Silva","date":"1 de agosto de 2023","format":false,"excerpt":"A situa\u00e7\u00e3o de abandono do antigo Centro de Apoio Comunit\u00e1rio Provid\u00eancia (CAC Provid\u00eancia) na Zona Norte de Belo Horizonte mobiliza a comunidade. O espa\u00e7o vem sendo depredado e n\u00e3o recebe manuten\u00e7\u00e3o por parte do munic\u00edpio segundo informa\u00e7\u00f5es da comunidade local. Um morador e usu\u00e1rio do espa\u00e7o denunciaram, informou a nossa\u2026","rel":"","context":"Em &quot;Cidade&quot;","block_context":{"text":"Cidade","link":"https:\/\/comunidadeemacao.com.br\/site\/category\/cidade\/"},"img":{"alt_text":"CAC Providencia BH","src":"https:\/\/i0.wp.com\/comunidadeemacao.com.br\/site\/wp-content\/uploads\/2023\/08\/CAC-02.jpeg?fit=1200%2C900&ssl=1&resize=350%2C200","width":350,"height":200,"srcset":"https:\/\/i0.wp.com\/comunidadeemacao.com.br\/site\/wp-content\/uploads\/2023\/08\/CAC-02.jpeg?fit=1200%2C900&ssl=1&resize=350%2C200 1x, https:\/\/i0.wp.com\/comunidadeemacao.com.br\/site\/wp-content\/uploads\/2023\/08\/CAC-02.jpeg?fit=1200%2C900&ssl=1&resize=525%2C300 1.5x, https:\/\/i0.wp.com\/comunidadeemacao.com.br\/site\/wp-content\/uploads\/2023\/08\/CAC-02.jpeg?fit=1200%2C900&ssl=1&resize=700%2C400 2x, https:\/\/i0.wp.com\/comunidadeemacao.com.br\/site\/wp-content\/uploads\/2023\/08\/CAC-02.jpeg?fit=1200%2C900&ssl=1&resize=1050%2C600 3x"},"classes":[]},{"id":1936,"url":"https:\/\/comunidadeemacao.com.br\/site\/pracas-sao-reformadas-na-regiao-norte\/","url_meta":{"origin":10425,"position":4},"title":"Pra\u00e7as s\u00e3o reformadas na Regi\u00e3o Norte","author":"Marcos Silva","date":"8 de julho de 2021","format":false,"excerpt":"Duas pra\u00e7as na regional Norte foram reformadas, Pra\u00e7a Santo Ant\u00f4nio, no bairro Primeiro de Maio, e a C\u00e2ndido Portinari, no bairro Tupi, que tem pend\u00eancias para conclus\u00e3o. Ambas s\u00e3o obras do Or\u00e7amento Participativo que entraram no programa de obras da atual gest\u00e3o da Prefeitura. At\u00e9 maio deste ano 164 interven\u00e7\u00f5es\u2026","rel":"","context":"Em &quot;Not\u00edcias&quot;","block_context":{"text":"Not\u00edcias","link":"https:\/\/comunidadeemacao.com.br\/site\/category\/noticiasdacomunidaede\/"},"img":{"alt_text":"Pra\u00e7a C\u00e2ndido Portinari","src":"https:\/\/i0.wp.com\/comunidadeemacao.com.br\/site\/wp-content\/uploads\/2021\/07\/CP-01.jpeg?fit=1200%2C841&ssl=1&resize=350%2C200","width":350,"height":200,"srcset":"https:\/\/i0.wp.com\/comunidadeemacao.com.br\/site\/wp-content\/uploads\/2021\/07\/CP-01.jpeg?fit=1200%2C841&ssl=1&resize=350%2C200 1x, https:\/\/i0.wp.com\/comunidadeemacao.com.br\/site\/wp-content\/uploads\/2021\/07\/CP-01.jpeg?fit=1200%2C841&ssl=1&resize=525%2C300 1.5x, https:\/\/i0.wp.com\/comunidadeemacao.com.br\/site\/wp-content\/uploads\/2021\/07\/CP-01.jpeg?fit=1200%2C841&ssl=1&resize=700%2C400 2x, https:\/\/i0.wp.com\/comunidadeemacao.com.br\/site\/wp-content\/uploads\/2021\/07\/CP-01.jpeg?fit=1200%2C841&ssl=1&resize=1050%2C600 3x"},"classes":[]},{"id":9695,"url":"https:\/\/comunidadeemacao.com.br\/site\/https-comunidadeemacao-com-br-projeto-providencia-em-acao-escolinha-futsal-inscricoes-bh\/","url_meta":{"origin":10425,"position":5},"title":"Projeto Provid\u00eancia em A\u00e7\u00e3o abre vagas para futsal","author":"Marcos Silva","date":"25 de julho de 2026","format":false,"excerpt":"Projeto Provid\u00eancia em A\u00e7\u00e3o oferece 30 vagas para meninas e meninos de 8 a 12 anos na Regi\u00e3o Norte de Belo Horizonte, com aulas conduzidas por profissionais da Guarda Civil Municipal O Projeto Provid\u00eancia em A\u00e7\u00e3o, desenvolvido pela Guarda Civil Municipal de Belo Horizonte (GCMBH), est\u00e1 com inscri\u00e7\u00f5es abertas para\u2026","rel":"","context":"Em &quot;Comunidade&quot;","block_context":{"text":"Comunidade","link":"https:\/\/comunidadeemacao.com.br\/site\/category\/comunidade\/"},"img":{"alt_text":"Inscri\u00e7\u00f5es abertas para escolinha de futsal","src":"https:\/\/i0.wp.com\/comunidadeemacao.com.br\/site\/wp-content\/uploads\/2026\/07\/ChatGPT-Image-24-de-jul.-de-2026-09_27_13.jpg?fit=1200%2C800&ssl=1&resize=350%2C200","width":350,"height":200,"srcset":"https:\/\/i0.wp.com\/comunidadeemacao.com.br\/site\/wp-content\/uploads\/2026\/07\/ChatGPT-Image-24-de-jul.-de-2026-09_27_13.jpg?fit=1200%2C800&ssl=1&resize=350%2C200 1x, https:\/\/i0.wp.com\/comunidadeemacao.com.br\/site\/wp-content\/uploads\/2026\/07\/ChatGPT-Image-24-de-jul.-de-2026-09_27_13.jpg?fit=1200%2C800&ssl=1&resize=525%2C300 1.5x, https:\/\/i0.wp.com\/comunidadeemacao.com.br\/site\/wp-content\/uploads\/2026\/07\/ChatGPT-Image-24-de-jul.-de-2026-09_27_13.jpg?fit=1200%2C800&ssl=1&resize=700%2C400 2x, https:\/\/i0.wp.com\/comunidadeemacao.com.br\/site\/wp-content\/uploads\/2026\/07\/ChatGPT-Image-24-de-jul.-de-2026-09_27_13.jpg?fit=1200%2C800&ssl=1&resize=1050%2C600 3x"},"classes":[]}],"jetpack_featured_media_url":"https:\/\/i0.wp.com\/comunidadeemacao.com.br\/site\/wp-content\/uploads\/2026\/09\/campo-do-providencia-1.jpg?fit=770%2C513&ssl=1","_links":{"self":[{"href":"https:\/\/comunidadeemacao.com.br\/site\/wp-json\/wp\/v2\/posts\/10425","targetHints":{"allow":["GET"]}}],"collection":[{"href":"https:\/\/comunidadeemacao.com.br\/site\/wp-json\/wp\/v2\/posts"}],"about":[{"href":"https:\/\/comunidadeemacao.com.br\/site\/wp-json\/wp\/v2\/types\/post"}],"author":[{"embeddable":true,"href":"https:\/\/comunidadeemacao.com.br\/site\/wp-json\/wp\/v2\/users\/1"}],"replies":[{"embeddable":true,"href":"https:\/\/comunidadeemacao.com.br\/site\/wp-json\/wp\/v2\/comments?post=10425"}],"version-history":[{"count":3,"href":"https:\/\/comunidadeemacao.com.br\/site\/wp-json\/wp\/v2\/posts\/10425\/revisions"}],"predecessor-version":[{"id":10429,"href":"https:\/\/comunidadeemacao.com.br\/site\/wp-json\/wp\/v2\/posts\/10425\/revisions\/10429"}],"wp:featuredmedia":[{"embeddable":true,"href":"https:\/\/comunidadeemacao.com.br\/site\/wp-json\/wp\/v2\/media\/10426"}],"wp:attachment":[{"href":"https:\/\/comunidadeemacao.com.br\/site\/wp-json\/wp\/v2\/media?parent=10425"}],"wp:term":[{"taxonomy":"category","embeddable":true,"href":"https:\/\/comunidadeemacao.com.br\/site\/wp-json\/wp\/v2\/categories?post=10425"},{"taxonomy":"post_tag","embeddable":true,"href":"https:\/\/comunidadeemacao.com.br\/site\/wp-json\/wp\/v2\/tags?post=10425"},{"taxonomy":"series","embeddable":true,"href":"https:\/\/comunidadeemacao.com.br\/site\/wp-json\/wp\/v2\/series?post=10425"}],"curies":[{"name":"wp","href":"https:\/\/api.w.org\/{rel}","templated":true}]}}