{"id":10422,"date":"2026-09-02T07:49:55","date_gmt":"2026-09-02T10:49:55","guid":{"rendered":"https:\/\/comunidadeemacao.com.br\/site\/?p=10422"},"modified":"2026-09-01T19:58:43","modified_gmt":"2026-09-01T22:58:43","slug":"eleicoes-2026-veja-o-que-e-permitido-e-proibido-no-dia-da-votacao","status":"publish","type":"post","link":"https:\/\/comunidadeemacao.com.br\/site\/eleicoes-2026-veja-o-que-e-permitido-e-proibido-no-dia-da-votacao\/","title":{"rendered":"Elei\u00e7\u00f5es 2026: veja o que \u00e9 permitido e proibido no dia da vota\u00e7\u00e3o"},"content":{"rendered":"<h2 class=\"isSelectedEnd\">Eleitores devem seguir regras sobre documentos, celular, manifesta\u00e7\u00e3o pol\u00edtica e condutas durante o pleito<\/h2>\n<p class=\"isSelectedEnd\">Com a proximidade das &lt;strong&gt;Elei\u00e7\u00f5es 2026&lt;\/strong&gt;, marcadas para 4 de outubro, eleitores precisam ficar atentos \u00e0s regras que estabelecem o que \u00e9 permitido e proibido antes e durante a vota\u00e7\u00e3o. As orienta\u00e7\u00f5es est\u00e3o reunidas no Manual do Eleitor elaborado pelo Tribunal Superior Eleitoral (TSE) com base na Resolu\u00e7\u00e3o n\u00ba 23.759, publicada em mar\u00e7o deste ano.<\/p>\n<p class=\"isSelectedEnd\">A vota\u00e7\u00e3o ocorrer\u00e1 em todo o Brasil das 8h \u00e0s 17h, pelo hor\u00e1rio de Bras\u00edlia. Caso seja necess\u00e1rio um segundo turno, a vota\u00e7\u00e3o est\u00e1 prevista para 25 de outubro.<\/p>\n<h2 class=\"isSelectedEnd\">Elei\u00e7\u00f5es 2026 exigem aten\u00e7\u00e3o \u00e0s regras para votar<\/h2>\n<p class=\"isSelectedEnd\">Para votar, \u00e9 obrigat\u00f3rio apresentar um documento oficial original com foto, como RG, CNH ou passaporte. Eleitores com t\u00edtulo eleitoral regular podem votar mesmo sem terem coletado a biometria.<\/p>\n<p class=\"isSelectedEnd\">O voto \u00e9 obrigat\u00f3rio para pessoas a partir dos 18 anos e facultativo para jovens de 16 e 17 anos, maiores de 70 anos e analfabetos. Quem estiver com o t\u00edtulo de eleitor cancelado n\u00e3o poder\u00e1 votar.<\/p>\n<p class=\"isSelectedEnd\">O eleitor tamb\u00e9m pode levar anotados em um papel os nomes e n\u00fameros de registro dos candidatos para consultar durante a vota\u00e7\u00e3o.<\/p>\n<h2 class=\"isSelectedEnd\">Celular \u00e9 proibido dentro da cabine de vota\u00e7\u00e3o<\/h2>\n<p class=\"isSelectedEnd\">Uma das principais regras para o dia da elei\u00e7\u00e3o \u00e9 a proibi\u00e7\u00e3o de ingressar na cabine de vota\u00e7\u00e3o com telefone celular. O aparelho dever\u00e1 ser deixado em local indicado pelos mes\u00e1rios.<\/p>\n<p class=\"isSelectedEnd\">Tamb\u00e9m s\u00e3o proibidas a boca de urna e as aglomera\u00e7\u00f5es de pessoas usando roupas padronizadas. Por outro lado, o eleitor pode manifestar individualmente e de forma silenciosa sua prefer\u00eancia pol\u00edtica por meio de bandeiras, broches, adesivos e camisetas.<\/p>\n<p class=\"isSelectedEnd\">A propaganda eleitoral em ve\u00edculos particulares tamb\u00e9m possui restri\u00e7\u00f5es. \u00c9 proibida a coloca\u00e7\u00e3o de propaganda, com exce\u00e7\u00e3o de adesivos microperfurados at\u00e9 a extens\u00e3o total do para-brisa traseiro e de adesivos em outras posi\u00e7\u00f5es dentro da dimens\u00e3o m\u00e1xima estabelecida.<\/p>\n<h2 class=\"isSelectedEnd\">Transporte, acessibilidade e direitos do eleitor<\/h2>\n<p class=\"isSelectedEnd\">Candidatos ou partidos pol\u00edticos n\u00e3o podem oferecer transporte ou refei\u00e7\u00f5es aos eleitores em troca de votos.<\/p>\n<p class=\"isSelectedEnd\">Pessoas com defici\u00eancia ou mobilidade reduzida podem ser auxiliadas por algu\u00e9m de sua escolha durante a vota\u00e7\u00e3o e tamb\u00e9m podem acessar a urna acompanhadas de c\u00e3o-guia.<\/p>\n<p class=\"isSelectedEnd\">O direito ao voto dos eleitores ind\u00edgenas deve ser assegurado independentemente de falarem ou n\u00e3o portugu\u00eas, inclusive com a possibilidade de se expressarem em suas l\u00ednguas maternas. Pessoas transg\u00eanero tamb\u00e9m t\u00eam direito ao respeito \u00e0 identidade de g\u00eanero e ao nome social no cadastro eleitoral.<\/p>\n<h2 class=\"isSelectedEnd\">Hor\u00e1rio e justificativa da aus\u00eancia<\/h2>\n<p class=\"isSelectedEnd\">Os port\u00f5es dos locais de vota\u00e7\u00e3o ser\u00e3o fechados \u00e0s 17h, no hor\u00e1rio de Bras\u00edlia. Depois desse momento, somente quem j\u00e1 estiver na fila poder\u00e1 votar.<\/p>\n<p class=\"isSelectedEnd\">Quem for obrigado a votar e n\u00e3o comparecer dever\u00e1 justificar a aus\u00eancia at\u00e9 3 de dezembro, no caso do primeiro turno, e at\u00e9 8 de janeiro de 2027, se faltar ao segundo turno.<\/p>\n<p class=\"isSelectedEnd\">A justificativa poder\u00e1 ser apresentada pela internet, pelo aplicativo e-T\u00edtulo ou diretamente no cart\u00f3rio eleitoral.<\/p>\n<p>As regras t\u00eam como objetivo orientar o eleitor sobre seus direitos e deveres e contribuir para o exerc\u00edcio consciente do voto durante as Elei\u00e7\u00f5es 2026.<\/p>\n","protected":false},"excerpt":{"rendered":"Eleitores devem seguir regras sobre documentos, celular, manifesta\u00e7\u00e3o pol\u00edtica e condutas durante o pleito Com a proximidade das &lt;strong&gt;Elei\u00e7\u00f5es 2026&lt;\/strong&gt;, marcadas para 4 de outubro, [&hellip;]","protected":false},"author":1,"featured_media":10423,"comment_status":"closed","ping_status":"closed","sticky":false,"template":"","format":"standard","meta":{"episode_type":"audio","audio_file":"","podmotor_file_id":"","podmotor_episode_id":"","cover_image":"","cover_image_id":"","duration":"","filesize":"","filesize_raw":"","date_recorded":"","explicit":"","block":"","_jetpack_newsletter_access":"","_jetpack_dont_email_post_to_subs":false,"_jetpack_newsletter_tier_id":0,"_jetpack_memberships_contains_paywalled_content":false,"_jetpack_feature_clip_id":0,"_jetpack_memberships_contains_paid_content":false,"footnotes":"","jetpack_post_was_ever_published":false},"categories":[54,1],"tags":[2416,945,374,2869],"series":[],"class_list":["post-10422","post","type-post","status-publish","format-standard","has-post-thumbnail","hentry","category-dia-a-dia","category-noticiasdacomunidaede","tag-jornaldebairrobh","tag-belohorizonte","tag-comunidadeemacao","tag-eleicao2026"],"episode_featured_image":"https:\/\/comunidadeemacao.com.br\/site\/wp-content\/uploads\/2026\/09\/mg_2141_01.webp","episode_player_image":"https:\/\/i0.wp.com\/comunidadeemacao.com.br\/site\/wp-content\/uploads\/2025\/07\/Logo-Fala-Zona-Norte-1400-pix1.jpg?fit=1400%2C1400&ssl=1","download_link":"","player_link":"","audio_player":false,"episode_data":{"playerMode":"light","subscribeUrls":{"youtube":{"key":"youtube","url":"","label":"YouTube","class":"youtube","icon":"youtube.png"}},"rssFeedUrl":"https:\/\/comunidadeemacao.com.br\/site\/feed\/podcast\/comunidade-em-acao","embedCode":"<blockquote class=\"wp-embedded-content\" data-secret=\"WuIF7Y946e\"><a href=\"https:\/\/comunidadeemacao.com.br\/site\/eleicoes-2026-veja-o-que-e-permitido-e-proibido-no-dia-da-votacao\/\">Elei\u00e7\u00f5es 2026: veja o que \u00e9 permitido e proibido no dia da vota\u00e7\u00e3o<\/a><\/blockquote><iframe sandbox=\"allow-scripts\" security=\"restricted\" src=\"https:\/\/comunidadeemacao.com.br\/site\/eleicoes-2026-veja-o-que-e-permitido-e-proibido-no-dia-da-votacao\/embed\/#?secret=WuIF7Y946e\" width=\"500\" height=\"350\" title=\"&#8220;Elei\u00e7\u00f5es 2026: veja o que \u00e9 permitido e proibido no dia da vota\u00e7\u00e3o&#8221; &#8212; COMUNIDADE EM A\u00c7\u00c3O\" data-secret=\"WuIF7Y946e\" frameborder=\"0\" marginwidth=\"0\" marginheight=\"0\" scrolling=\"no\" class=\"wp-embedded-content\"><\/iframe><script>\n\/*! This file is auto-generated *\/\n!function(d,l){\"use strict\";l.querySelector&&d.addEventListener&&\"undefined\"!=typeof URL&&(d.wp=d.wp||{},d.wp.receiveEmbedMessage||(d.wp.receiveEmbedMessage=function(e){var t=e.data;if((t||t.secret||t.message||t.value)&&!\/[^a-zA-Z0-9]\/.test(t.secret)){for(var s,r,n,a=l.querySelectorAll('iframe[data-secret=\"'+t.secret+'\"]'),o=l.querySelectorAll('blockquote[data-secret=\"'+t.secret+'\"]'),c=new RegExp(\"^https?:$\",\"i\"),i=0;i<o.length;i++)o[i].style.display=\"none\";for(i=0;i<a.length;i++)s=a[i],e.source===s.contentWindow&&(s.removeAttribute(\"style\"),\"height\"===t.message?(1e3<(r=parseInt(t.value,10))?r=1e3:~~r<200&&(r=200),s.height=r):\"link\"===t.message&&(r=new URL(s.getAttribute(\"src\")),n=new URL(t.value),c.test(n.protocol))&&n.host===r.host&&l.activeElement===s&&(d.top.location.href=t.value))}},d.addEventListener(\"message\",d.wp.receiveEmbedMessage,!1),l.addEventListener(\"DOMContentLoaded\",function(){for(var e,t,s=l.querySelectorAll(\"iframe.wp-embedded-content\"),r=0;r<s.length;r++)(t=(e=s[r]).getAttribute(\"data-secret\"))||(t=Math.random().toString(36).substring(2,12),e.src+=\"#?secret=\"+t,e.setAttribute(\"data-secret\",t)),e.contentWindow.postMessage({message:\"ready\",secret:t},\"*\")},!1)))}(window,document);\n\/\/# sourceURL=https:\/\/comunidadeemacao.com.br\/site\/wp-includes\/js\/wp-embed.min.js\n<\/script>\n"},"jetpack_sharing_enabled":true,"jetpack_likes_enabled":true,"jetpack-related-posts":[{"id":4429,"url":"https:\/\/comunidadeemacao.com.br\/site\/eleitores-de-belo-horizonte-voltam-as-urnas-neste-domingo-para-escolher-prefeito\/","url_meta":{"origin":10422,"position":0},"title":"Eleitores de Belo Horizonte voltam \u00e0s urnas neste domingo para escolher prefeito","author":"Marcos Silva","date":"26 de outubro de 2024","format":false,"excerpt":"\u00a0 Neste domingo (27), os eleitores de Belo Horizonte retornaram \u00e0s urnas para decidir quem ocupar\u00e1 o cargo de prefeito nos pr\u00f3ximos quatro anos. No segundo turno, todos os participantes, incluindo aqueles que n\u00e3o votaram no primeiro turno, podem exercer o direito de voto. Como apoio \u00e0 participa\u00e7\u00e3o, o transporte\u2026","rel":"","context":"Em &quot;Cidade&quot;","block_context":{"text":"Cidade","link":"https:\/\/comunidadeemacao.com.br\/site\/category\/cidade\/"},"img":{"alt_text":"Urna foto do Site do TSE","src":"https:\/\/i0.wp.com\/comunidadeemacao.com.br\/site\/wp-content\/uploads\/2024\/10\/Urna-2024.jpg?fit=1170%2C700&ssl=1&resize=350%2C200","width":350,"height":200,"srcset":"https:\/\/i0.wp.com\/comunidadeemacao.com.br\/site\/wp-content\/uploads\/2024\/10\/Urna-2024.jpg?fit=1170%2C700&ssl=1&resize=350%2C200 1x, https:\/\/i0.wp.com\/comunidadeemacao.com.br\/site\/wp-content\/uploads\/2024\/10\/Urna-2024.jpg?fit=1170%2C700&ssl=1&resize=525%2C300 1.5x, https:\/\/i0.wp.com\/comunidadeemacao.com.br\/site\/wp-content\/uploads\/2024\/10\/Urna-2024.jpg?fit=1170%2C700&ssl=1&resize=700%2C400 2x, https:\/\/i0.wp.com\/comunidadeemacao.com.br\/site\/wp-content\/uploads\/2024\/10\/Urna-2024.jpg?fit=1170%2C700&ssl=1&resize=1050%2C600 3x"},"classes":[]},{"id":4371,"url":"https:\/\/comunidadeemacao.com.br\/site\/presidente-do-tse-convida-eleitoras-e-eleitores-para-atualizarem-o-e-titulo-antes-do-pleito\/","url_meta":{"origin":10422,"position":1},"title":"Presidente do TSE convida eleitoras e eleitores para atualizarem o e-T\u00edtulo antes do pleito","author":"Marcos Silva","date":"9 de setembro de 2024","format":false,"excerpt":"\u00a0 Na abertura da sess\u00e3o plen\u00e1ria desta quinta-feira (5), a presidente do Tribunal Superior Eleitoral (TSE), ministra C\u00e1rmen L\u00facia, fez um convite \u00e0s eleitoras e eleitores para atualizarem o aplicativo e-T\u00edtulo, da Justi\u00e7a Eleitoral, caso ainda n\u00e3o tenham realizado o procedimento. A ministra destacou a import\u00e2ncia de realizar a atualiza\u00e7\u00e3o\u2026","rel":"","context":"Em &quot;Not\u00edcias&quot;","block_context":{"text":"Not\u00edcias","link":"https:\/\/comunidadeemacao.com.br\/site\/category\/noticiasdacomunidaede\/"},"img":{"alt_text":"e-t\u00edtulo","src":"https:\/\/i0.wp.com\/comunidadeemacao.com.br\/site\/wp-content\/uploads\/2024\/09\/Eleicao-2024-E-tiitulo-2.jpg?fit=615%2C300&ssl=1&resize=350%2C200","width":350,"height":200,"srcset":"https:\/\/i0.wp.com\/comunidadeemacao.com.br\/site\/wp-content\/uploads\/2024\/09\/Eleicao-2024-E-tiitulo-2.jpg?fit=615%2C300&ssl=1&resize=350%2C200 1x, https:\/\/i0.wp.com\/comunidadeemacao.com.br\/site\/wp-content\/uploads\/2024\/09\/Eleicao-2024-E-tiitulo-2.jpg?fit=615%2C300&ssl=1&resize=525%2C300 1.5x"},"classes":[]},{"id":9638,"url":"https:\/\/comunidadeemacao.com.br\/site\/perfil-do-eleitorado-mineiro-nas-eleicoes-de-2026\/","url_meta":{"origin":10422,"position":2},"title":"Perfil do Eleitorado Mineiro nas Elei\u00e7\u00f5es de 2026","author":"Marcos Silva","date":"22 de julho de 2026","format":false,"excerpt":"A Proemin\u00eancia Mineira no Cen\u00e1rio Eleitoral Com o segundo maior col\u00e9gio eleitoral do Brasil, Minas Gerais desempenha um papel crucial nas elei\u00e7\u00f5es de 2026. Em 4 de outubro, mais de 16 milh\u00f5es de mineiros exercer\u00e3o seu direito ao voto, participando ativamente na escolha de deputados federais, estaduais, senadores, governadores e,\u2026","rel":"","context":"Em &quot;Dia A Dia&quot;","block_context":{"text":"Dia A Dia","link":"https:\/\/comunidadeemacao.com.br\/site\/category\/dia-a-dia\/"},"img":{"alt_text":"","src":"https:\/\/i0.wp.com\/comunidadeemacao.com.br\/site\/wp-content\/uploads\/2020\/06\/Foto-elei%C3%A7%C3%A3o-2016.jpeg?fit=1200%2C900&ssl=1&resize=350%2C200","width":350,"height":200,"srcset":"https:\/\/i0.wp.com\/comunidadeemacao.com.br\/site\/wp-content\/uploads\/2020\/06\/Foto-elei%C3%A7%C3%A3o-2016.jpeg?fit=1200%2C900&ssl=1&resize=350%2C200 1x, https:\/\/i0.wp.com\/comunidadeemacao.com.br\/site\/wp-content\/uploads\/2020\/06\/Foto-elei%C3%A7%C3%A3o-2016.jpeg?fit=1200%2C900&ssl=1&resize=525%2C300 1.5x, https:\/\/i0.wp.com\/comunidadeemacao.com.br\/site\/wp-content\/uploads\/2020\/06\/Foto-elei%C3%A7%C3%A3o-2016.jpeg?fit=1200%2C900&ssl=1&resize=700%2C400 2x, https:\/\/i0.wp.com\/comunidadeemacao.com.br\/site\/wp-content\/uploads\/2020\/06\/Foto-elei%C3%A7%C3%A3o-2016.jpeg?fit=1200%2C900&ssl=1&resize=1050%2C600 3x"},"classes":[]},{"id":2965,"url":"https:\/\/comunidadeemacao.com.br\/site\/como-acompanhar-e-consultar-dos-resultados-das-eleicoes\/","url_meta":{"origin":10422,"position":3},"title":"Como acompanhar e consultar dos resultados das elei\u00e7\u00f5es","author":"Marcos Silva","date":"1 de outubro de 2022","format":false,"excerpt":"Terminada a elei\u00e7\u00e3o do 1\u00ba turno neste domingo (2\/10), o eleitor pode acompanhar e consultar os resultados das urnas. A Justi\u00e7a Eleitoral disponibilizou uma s\u00e9rie de apps (aplicativos) que auxilia o eleitor ver o desempenho dos candidatos nas urnas. Com o aplicativo Resultados, dispon\u00edvel nas lojas dos sistemas operacionais dos\u2026","rel":"","context":"Em &quot;Dia A Dia&quot;","block_context":{"text":"Dia A Dia","link":"https:\/\/comunidadeemacao.com.br\/site\/category\/dia-a-dia\/"},"img":{"alt_text":"","src":"https:\/\/i0.wp.com\/comunidadeemacao.com.br\/site\/wp-content\/uploads\/2021\/03\/WhatsApp-ELEICAO-2.jpeg?fit=1200%2C692&ssl=1&resize=350%2C200","width":350,"height":200,"srcset":"https:\/\/i0.wp.com\/comunidadeemacao.com.br\/site\/wp-content\/uploads\/2021\/03\/WhatsApp-ELEICAO-2.jpeg?fit=1200%2C692&ssl=1&resize=350%2C200 1x, https:\/\/i0.wp.com\/comunidadeemacao.com.br\/site\/wp-content\/uploads\/2021\/03\/WhatsApp-ELEICAO-2.jpeg?fit=1200%2C692&ssl=1&resize=525%2C300 1.5x, https:\/\/i0.wp.com\/comunidadeemacao.com.br\/site\/wp-content\/uploads\/2021\/03\/WhatsApp-ELEICAO-2.jpeg?fit=1200%2C692&ssl=1&resize=700%2C400 2x, https:\/\/i0.wp.com\/comunidadeemacao.com.br\/site\/wp-content\/uploads\/2021\/03\/WhatsApp-ELEICAO-2.jpeg?fit=1200%2C692&ssl=1&resize=1050%2C600 3x"},"classes":[]},{"id":4391,"url":"https:\/\/comunidadeemacao.com.br\/site\/nova-bandeira-de-bh-tre-mg-reforca-orientacoes-sobre-referendo\/","url_meta":{"origin":10422,"position":4},"title":"Nova bandeira de BH , TRE-MG refor\u00e7a orienta\u00e7\u00f5es sobre referendo","author":"Marcos Silva","date":"30 de setembro de 2024","format":false,"excerpt":"Os eleitores de Belo Horizonte decidir\u00e3o, neste domingo (6), sobre a altera\u00e7\u00e3o da bandeira da cidade por meio de um referendo. Na segunda-feira (30), o Tribunal Regional Eleitoral de Minas Gerais (TRE-MG) reuniu jornalistas no Centro de Divulga\u00e7\u00e3o das Elei\u00e7\u00f5es, localizado no audit\u00f3rio do tribunal, para esclarecer d\u00favidas sobre o\u2026","rel":"","context":"Em &quot;Cidade&quot;","block_context":{"text":"Cidade","link":"https:\/\/comunidadeemacao.com.br\/site\/category\/cidade\/"},"img":{"alt_text":"Escolha da Bandeira BH","src":"https:\/\/i0.wp.com\/comunidadeemacao.com.br\/site\/wp-content\/uploads\/2024\/09\/01-bandeira-BH-site.jpg?fit=780%2C400&ssl=1&resize=350%2C200","width":350,"height":200,"srcset":"https:\/\/i0.wp.com\/comunidadeemacao.com.br\/site\/wp-content\/uploads\/2024\/09\/01-bandeira-BH-site.jpg?fit=780%2C400&ssl=1&resize=350%2C200 1x, https:\/\/i0.wp.com\/comunidadeemacao.com.br\/site\/wp-content\/uploads\/2024\/09\/01-bandeira-BH-site.jpg?fit=780%2C400&ssl=1&resize=525%2C300 1.5x, https:\/\/i0.wp.com\/comunidadeemacao.com.br\/site\/wp-content\/uploads\/2024\/09\/01-bandeira-BH-site.jpg?fit=780%2C400&ssl=1&resize=700%2C400 2x"},"classes":[]},{"id":1983,"url":"https:\/\/comunidadeemacao.com.br\/site\/comissao-de-transporte-aberta-a-inscricao-para-eleicao-de-novos-integrantes\/","url_meta":{"origin":10422,"position":5},"title":"Comiss\u00e3o de transporte &#8211; Aberta a inscri\u00e7\u00e3o para elei\u00e7\u00e3o de novos integrantes","author":"Marcos Silva","date":"26 de julho de 2021","format":false,"excerpt":"Iniciou nesta segunda-feira, dia 26, o processo de elei\u00e7\u00f5es para renova\u00e7\u00e3o dos integrantes das Comiss\u00f5es Regionais de Transportes e Tr\u00e2nsito (CRTTs). Neste ano, em fun\u00e7\u00e3o das medidas de preven\u00e7\u00e3o \u00e0 epidemia as elei\u00e7\u00f5es ser\u00e3o realizadas no formato virtual. Nas Comiss\u00f5es o morador de Belo Horizonte tem a sua participa\u00e7\u00e3o assegurada\u2026","rel":"","context":"Em &quot;Comunidade&quot;","block_context":{"text":"Comunidade","link":"https:\/\/comunidadeemacao.com.br\/site\/category\/comunidade\/"},"img":{"alt_text":"#eleicaocrtt","src":"https:\/\/i0.wp.com\/comunidadeemacao.com.br\/site\/wp-content\/uploads\/2021\/07\/Arte-BHZ-comunicacao-01.jpg?fit=1200%2C851&ssl=1&resize=350%2C200","width":350,"height":200,"srcset":"https:\/\/i0.wp.com\/comunidadeemacao.com.br\/site\/wp-content\/uploads\/2021\/07\/Arte-BHZ-comunicacao-01.jpg?fit=1200%2C851&ssl=1&resize=350%2C200 1x, https:\/\/i0.wp.com\/comunidadeemacao.com.br\/site\/wp-content\/uploads\/2021\/07\/Arte-BHZ-comunicacao-01.jpg?fit=1200%2C851&ssl=1&resize=525%2C300 1.5x, https:\/\/i0.wp.com\/comunidadeemacao.com.br\/site\/wp-content\/uploads\/2021\/07\/Arte-BHZ-comunicacao-01.jpg?fit=1200%2C851&ssl=1&resize=700%2C400 2x, https:\/\/i0.wp.com\/comunidadeemacao.com.br\/site\/wp-content\/uploads\/2021\/07\/Arte-BHZ-comunicacao-01.jpg?fit=1200%2C851&ssl=1&resize=1050%2C600 3x"},"classes":[]}],"jetpack_featured_media_url":"https:\/\/i0.wp.com\/comunidadeemacao.com.br\/site\/wp-content\/uploads\/2026\/09\/mg_2141_01.webp?fit=1170%2C700&ssl=1","_links":{"self":[{"href":"https:\/\/comunidadeemacao.com.br\/site\/wp-json\/wp\/v2\/posts\/10422","targetHints":{"allow":["GET"]}}],"collection":[{"href":"https:\/\/comunidadeemacao.com.br\/site\/wp-json\/wp\/v2\/posts"}],"about":[{"href":"https:\/\/comunidadeemacao.com.br\/site\/wp-json\/wp\/v2\/types\/post"}],"author":[{"embeddable":true,"href":"https:\/\/comunidadeemacao.com.br\/site\/wp-json\/wp\/v2\/users\/1"}],"replies":[{"embeddable":true,"href":"https:\/\/comunidadeemacao.com.br\/site\/wp-json\/wp\/v2\/comments?post=10422"}],"version-history":[{"count":1,"href":"https:\/\/comunidadeemacao.com.br\/site\/wp-json\/wp\/v2\/posts\/10422\/revisions"}],"predecessor-version":[{"id":10424,"href":"https:\/\/comunidadeemacao.com.br\/site\/wp-json\/wp\/v2\/posts\/10422\/revisions\/10424"}],"wp:featuredmedia":[{"embeddable":true,"href":"https:\/\/comunidadeemacao.com.br\/site\/wp-json\/wp\/v2\/media\/10423"}],"wp:attachment":[{"href":"https:\/\/comunidadeemacao.com.br\/site\/wp-json\/wp\/v2\/media?parent=10422"}],"wp:term":[{"taxonomy":"category","embeddable":true,"href":"https:\/\/comunidadeemacao.com.br\/site\/wp-json\/wp\/v2\/categories?post=10422"},{"taxonomy":"post_tag","embeddable":true,"href":"https:\/\/comunidadeemacao.com.br\/site\/wp-json\/wp\/v2\/tags?post=10422"},{"taxonomy":"series","embeddable":true,"href":"https:\/\/comunidadeemacao.com.br\/site\/wp-json\/wp\/v2\/series?post=10422"}],"curies":[{"name":"wp","href":"https:\/\/api.w.org\/{rel}","templated":true}]}}