{"id":10418,"date":"2026-09-02T05:33:04","date_gmt":"2026-09-02T08:33:04","guid":{"rendered":"https:\/\/comunidadeemacao.com.br\/site\/?p=10418"},"modified":"2026-09-01T19:42:24","modified_gmt":"2026-09-01T22:42:24","slug":"previsao-do-tempo-em-bh-para-2-de-setembro-chuva-raios-e-queda-de-temperatura","status":"publish","type":"post","link":"https:\/\/comunidadeemacao.com.br\/site\/previsao-do-tempo-em-bh-para-2-de-setembro-chuva-raios-e-queda-de-temperatura\/","title":{"rendered":"Previs\u00e3o do tempo em BH para 2 de setembro: chuva, raios e queda de temperatura"},"content":{"rendered":"<p data-start=\"96\" data-end=\"348\"><strong data-start=\"96\" data-end=\"348\">Quarta-feira deve ser marcada pela atua\u00e7\u00e3o de instabilidades sobre a capital mineira, ap\u00f3s alerta de chuva e ventos emitido para a noite de 1\u00ba de setembro. Temperaturas ficam mais amenas e a popula\u00e7\u00e3o deve manter aten\u00e7\u00e3o aos avisos da Defesa Civil.<\/strong><\/p>\n<p data-start=\"350\" data-end=\"681\">\ud83c\udf27\ufe0f <strong data-start=\"354\" data-end=\"432\">Belo Horizonte ter\u00e1 uma quarta-feira (2) de mudan\u00e7a significativa no tempo<\/strong>, com aumento da nebulosidade, possibilidade de chuva e temperaturas mais baixas em rela\u00e7\u00e3o ao calor registrado no in\u00edcio de setembro. A previs\u00e3o \u00e9 influenciada pelo avan\u00e7o de \u00e1reas de instabilidade associadas \u00e0 frente fria que atua sobre o Sudeste.<\/p>\n<p data-start=\"683\" data-end=\"974\">O <strong data-start=\"685\" data-end=\"694\">INMET<\/strong> prev\u00ea redu\u00e7\u00e3o da temperatura m\u00e1xima na capital, que deve passar dos <strong data-start=\"763\" data-end=\"864\">34\u00b0C registrados como possibilidade para esta ter\u00e7a-feira (1\u00ba) para cerca de 29\u00b0C na quarta-feira<\/strong>, enquanto a previs\u00e3o nacional aponta instabilidades sobre Minas Gerais.<\/p>\n<p data-start=\"976\" data-end=\"1304\">J\u00e1 a <strong data-start=\"981\" data-end=\"995\">Climatempo<\/strong> indica cen\u00e1rio mais chuvoso para Belo Horizonte, com <strong data-start=\"1049\" data-end=\"1084\">m\u00ednima de 17\u00b0C e m\u00e1xima de 26\u00b0C<\/strong>, possibilidade de <strong data-start=\"1103\" data-end=\"1154\">8,4 mm de chuva e 83% de chance de precipita\u00e7\u00e3o<\/strong>. A previs\u00e3o aponta pancadas de chuva pela manh\u00e3, muitas nuvens \u00e0 tarde e melhora das condi\u00e7\u00f5es durante a noite.<\/p>\n<p data-start=\"1306\" data-end=\"1606\">O <strong data-start=\"1308\" data-end=\"1330\">Meteored\/Tempo.com<\/strong> tamb\u00e9m mant\u00e9m a possibilidade de chuva para a capital, indicando <strong data-start=\"1396\" data-end=\"1431\">25\u00b0C de m\u00e1xima e 15\u00b0C de m\u00ednima<\/strong>, com previs\u00e3o de chuva fraca e c\u00e9u parcialmente nublado. O portal estima at\u00e9 <strong data-start=\"1509\" data-end=\"1567\">9,2 mm de precipita\u00e7\u00e3o e 90% de probabilidade de chuva<\/strong>.<\/p>\n<h3 data-section-id=\"kmx29u\" data-start=\"1608\" data-end=\"1665\">\u26a0\ufe0f Alerta de chuva exige aten\u00e7\u00e3o na madrugada e manh\u00e3<\/h3>\n<p data-start=\"1667\" data-end=\"2005\">A situa\u00e7\u00e3o merece aten\u00e7\u00e3o porque <strong data-start=\"1700\" data-end=\"1817\">Belo Horizonte est\u00e1 sob alerta da Defesa Civil para chuvas isoladas e rajadas de vento de aproximadamente 40 km\/h<\/strong>, v\u00e1lido at\u00e9 <strong data-start=\"1830\" data-end=\"1856\">8h de quarta-feira (2)<\/strong>. O comunicado foi emitido na noite desta ter\u00e7a-feira e prev\u00ea possibilidade de chuva durante as pr\u00f3ximas horas.<\/p>\n<p data-start=\"2007\" data-end=\"2278\">O alerta ocorre depois de o <strong data-start=\"2035\" data-end=\"2139\">INMET ter colocado Belo Horizonte entre os munic\u00edpios sob aviso de tempestade nesta ter\u00e7a-feira (1\u00ba)<\/strong>, com previs\u00e3o de chuva de at\u00e9 <strong data-start=\"2170\" data-end=\"2239\">50 mm\/dia, ventos de 40 km\/h a 60 km\/h e possibilidade de granizo<\/strong>.<\/p>\n<p data-start=\"2280\" data-end=\"2477\">A recomenda\u00e7\u00e3o \u00e9 redobrar a aten\u00e7\u00e3o principalmente durante epis\u00f3dios de chuva forte. A popula\u00e7\u00e3o deve evitar \u00e1reas sujeitas a alagamentos e n\u00e3o permanecer ou estacionar ve\u00edculos em locais de risco.<\/p>\n<h3 data-section-id=\"n2xwhr\" data-start=\"2479\" data-end=\"2532\">\ud83c\udf21\ufe0f Temperatura cai em rela\u00e7\u00e3o ao calor do dia 1\u00ba<\/h3>\n<p data-start=\"2534\" data-end=\"2613\">A passagem da frente fria deve provocar uma mudan\u00e7a no padr\u00e3o das temperaturas.<\/p>\n<p data-start=\"2615\" data-end=\"2665\"><strong data-start=\"2615\" data-end=\"2665\">Previs\u00e3o para Belo Horizonte em 2 de setembro:<\/strong><\/p>\n<ul data-start=\"2667\" data-end=\"3132\">\n<li data-section-id=\"1s6nr8s\" data-start=\"2667\" data-end=\"2718\">\ud83c\udf21\ufe0f <strong data-start=\"2673\" data-end=\"2696\">Temperatura m\u00ednima:<\/strong> entre <strong data-start=\"2703\" data-end=\"2718\">15\u00b0C e 17\u00b0C<\/strong><\/li>\n<li data-section-id=\"1q9i9xg\" data-start=\"2719\" data-end=\"2814\">\ud83c\udf21\ufe0f <strong data-start=\"2725\" data-end=\"2748\">Temperatura m\u00e1xima:<\/strong> entre <strong data-start=\"2755\" data-end=\"2770\">25\u00b0C e 26\u00b0C<\/strong>, conforme os principais modelos consultados<\/li>\n<li data-section-id=\"yqn1ha\" data-start=\"2815\" data-end=\"2901\">\ud83c\udf27\ufe0f <strong data-start=\"2821\" data-end=\"2831\">Chuva:<\/strong> possibilidade de pancadas, especialmente pela manh\u00e3 e ao longo do dia<\/li>\n<li data-section-id=\"y3cthv\" data-start=\"2902\" data-end=\"2971\">\u26c8\ufe0f <strong data-start=\"2907\" data-end=\"2921\">Trovoadas:<\/strong> possibilidade associada \u00e0s \u00e1reas de instabilidade<\/li>\n<li data-section-id=\"k82x4x\" data-start=\"2972\" data-end=\"3053\">\ud83d\udca7 <strong data-start=\"2977\" data-end=\"2989\">Umidade:<\/strong> tend\u00eancia de eleva\u00e7\u00e3o em rela\u00e7\u00e3o ao per\u00edodo mais seco do dia 1\u00ba<\/li>\n<li data-section-id=\"1otbi1j\" data-start=\"3054\" data-end=\"3132\">\ud83d\udca8 <strong data-start=\"3059\" data-end=\"3070\">Ventos:<\/strong> possibilidade de rajadas durante os per\u00edodos de instabilidade<\/li>\n<\/ul>\n<p data-start=\"3134\" data-end=\"3331\">Os n\u00fameros variam entre os modelos meteorol\u00f3gicos, algo normal em previs\u00f5es para 24 horas. Por isso, <strong data-start=\"3235\" data-end=\"3330\">o acompanhamento dos alertas oficiais da Defesa Civil deve prevalecer em situa\u00e7\u00f5es de risco<\/strong>.<\/p>\n<h3 data-section-id=\"14bouyr\" data-start=\"3333\" data-end=\"3400\">\ud83d\udca7 Umidade do ar: chuva n\u00e3o elimina a necessidade de hidrata\u00e7\u00e3o<\/h3>\n<p data-start=\"3402\" data-end=\"3528\">Apesar da chegada da chuva e da eleva\u00e7\u00e3o da umidade, a popula\u00e7\u00e3o deve <strong data-start=\"3472\" data-end=\"3527\">continuar tomando \u00e1gua regularmente ao longo do dia<\/strong>.<\/p>\n<p data-start=\"3530\" data-end=\"3746\">A recomenda\u00e7\u00e3o \u00e9 simples: <strong data-start=\"3556\" data-end=\"3599\">n\u00e3o espere sentir sede para se hidratar<\/strong>. Quem trabalha, estuda ou permanece por longos per\u00edodos fora de casa deve levar uma garrafa de \u00e1gua e manter a ingest\u00e3o de l\u00edquidos durante o dia.<\/p>\n<p data-start=\"3748\" data-end=\"3910\">O contraste entre per\u00edodos de tempo seco, calor intenso e posterior mudan\u00e7a brusca das condi\u00e7\u00f5es atmosf\u00e9ricas refor\u00e7a a import\u00e2ncia dos cuidados com a hidrata\u00e7\u00e3o.<\/p>\n<h3 data-section-id=\"7lhvaa\" data-start=\"3912\" data-end=\"3962\">\ud83d\udcf1 Defesa Civil: cadastre seu CEP no SMS 40199<\/h3>\n<p data-start=\"3964\" data-end=\"4064\">A popula\u00e7\u00e3o de Belo Horizonte pode receber gratuitamente os alertas de risco diretamente no celular.<\/p>\n<p data-start=\"4066\" data-end=\"4412\"><strong data-start=\"4066\" data-end=\"4152\">Para fazer o cadastro, basta enviar por SMS o CEP do endere\u00e7o para o n\u00famero 40199.<\/strong> Ap\u00f3s o envio, uma mensagem de confirma\u00e7\u00e3o \u00e9 encaminhada ao usu\u00e1rio. O sistema \u00e9 utilizado para divulgar alertas relacionados a chuvas fortes, tempestades, granizo, vendavais, alagamentos e outros fen\u00f4menos meteorol\u00f3gicos.<\/p>\n<p data-start=\"4414\" data-end=\"4451\"><span class=\"contents\" data-content-reference-start=\"4321\" data-content-reference-end=\"4448\"><span class=\"\" data-state=\"closed\"><a class=\"decorated-link\" href=\"https:\/\/prefeitura.pbh.gov.br\/defesa-civil\/alertas-de-risco?utm_source=chatgpt.com\" target=\"_blank\" rel=\"noopener nofollow\">Confira os alertas oficiais da Defesa Civil de Belo Horizonte<\/a><\/span><\/span><\/p>\n<h3 data-section-id=\"1w3gp9r\" data-start=\"4453\" data-end=\"4488\">\ud83d\udea8 Cuidados durante chuva forte<\/h3>\n<p data-start=\"4490\" data-end=\"4570\">A Defesa Civil orienta que, durante tempestades e rajadas de vento, a popula\u00e7\u00e3o:<\/p>\n<ul data-start=\"4572\" data-end=\"4988\">\n<li data-section-id=\"i66q4i\" data-start=\"4572\" data-end=\"4610\">\ud83c\udf33 n\u00e3o permane\u00e7a embaixo de \u00e1rvores;<\/li>\n<li data-section-id=\"1n46mfd\" data-start=\"4611\" data-end=\"4666\">\u26a1 evite locais abertos durante a ocorr\u00eancia de raios;<\/li>\n<li data-section-id=\"1yadknn\" data-start=\"4667\" data-end=\"4717\">\ud83d\ude97 n\u00e3o trafegue por ruas sujeitas a alagamentos;<\/li>\n<li data-section-id=\"1f6071x\" data-start=\"4718\" data-end=\"4800\">\ud83d\udd0c evite utilizar equipamentos eletr\u00f4nicos ligados \u00e0 tomada durante tempestades;<\/li>\n<li data-section-id=\"1xe88cr\" data-start=\"4801\" data-end=\"4882\">\ud83c\udfe0 permane\u00e7a em local seguro durante os momentos de maior intensidade da chuva;<\/li>\n<li data-section-id=\"13r8n01\" data-start=\"4883\" data-end=\"4988\">\ud83d\udcde em situa\u00e7\u00f5es de emerg\u00eancia, acione a <strong data-start=\"4925\" data-end=\"4950\">Defesa Civil pelo 199<\/strong> ou o <strong data-start=\"4956\" data-end=\"4987\">Corpo de Bombeiros pelo 193<\/strong>.<\/li>\n<\/ul>\n<h3 data-section-id=\"evcnym\" data-start=\"4990\" data-end=\"5041\">\ud83c\udf27\ufe0f Setembro come\u00e7a com tend\u00eancia de mais chuva<\/h3>\n<p data-start=\"5043\" data-end=\"5430\">A mudan\u00e7a no tempo observada no in\u00edcio de setembro tamb\u00e9m est\u00e1 inserida em um cen\u00e1rio clim\u00e1tico mais amplo. O <strong data-start=\"5153\" data-end=\"5244\">INMET prev\u00ea, para setembro de 2026, chuvas acima da m\u00e9dia hist\u00f3rica em \u00e1reas do Sudeste<\/strong>, enquanto Minas Gerais aparece entre as \u00e1reas com previs\u00e3o de temperaturas acima da m\u00e9dia climatol\u00f3gica, com desvios de at\u00e9 1,5\u00b0C em algumas \u00e1reas.<\/p>\n<p class=\"\" data-start=\"5432\" data-end=\"5704\">Para <strong data-start=\"5437\" data-end=\"5454\">2 de setembro<\/strong>, portanto, a combina\u00e7\u00e3o de <strong data-start=\"5482\" data-end=\"5560\">chuva, nebulosidade, temperaturas mais amenas e possibilidade de trovoadas<\/strong> exige aten\u00e7\u00e3o dos moradores de Belo Horizonte, especialmente nas primeiras horas do dia, quando ainda estar\u00e1 em vigor o alerta da Defesa Civil.<\/p>\n<p data-start=\"5706\" data-end=\"5963\"><strong data-start=\"5706\" data-end=\"5963\">A previs\u00e3o pode sofrer altera\u00e7\u00f5es ao longo das pr\u00f3ximas horas. Em caso de diverg\u00eancia entre aplicativos e modelos meteorol\u00f3gicos, os alertas oficiais emitidos pela Defesa Civil e pelo INMET devem ser considerados como refer\u00eancia para situa\u00e7\u00f5es de risco.<\/strong><\/p>\n<p class=\"\" data-start=\"5965\" data-end=\"6124\"><strong data-start=\"5965\" data-end=\"5988\">Fontes consultadas:<\/strong> INMET, Cemaden, Defesa Civil de Belo Horizonte, Climatempo, Meteored\/Tempo.com e Weather Channel.<\/p>\n<p data-start=\"6126\" data-end=\"6331\" data-is-last-node=\"\" data-is-only-node=\"\"><span class=\"contents\" data-content-reference-start=\"6140\" data-content-reference-end=\"6217\"><span class=\"\" data-state=\"closed\"><a class=\"decorated-link\" href=\"https:\/\/portal.inmet.gov.br\/?utm_source=chatgpt.com\" target=\"_blank\" rel=\"noopener nofollow\">INMET \u2013 Instituto Nacional de Meteorologia<\/a><\/span><\/span> \u00b7 <span class=\"contents\" data-content-reference-start=\"6220\" data-content-reference-end=\"6333\"><span class=\"\" data-state=\"closed\"><a class=\"decorated-link\" href=\"https:\/\/www.gov.br\/cemaden\/pt-br?utm_source=chatgpt.com\" target=\"_blank\" rel=\"noopener nofollow\">Cemaden \u2013 Centro Nacional de Monitoramento e Alertas de Desastres Naturais<\/a><\/span><\/span> \u00b7 <span class=\"contents\" data-content-reference-start=\"6336\" data-content-reference-end=\"6383\"><span class=\"\" data-state=\"closed\"><a class=\"decorated-link\" href=\"https:\/\/www.climatempo.com.br\/?utm_source=chatgpt.com\" target=\"_blank\" rel=\"noopener nofollow\">Climatempo<\/a><\/span><\/span> \u00b7 <span class=\"contents\" data-content-reference-start=\"6386\" data-content-reference-end=\"6424\"><span class=\"\" data-state=\"closed\"><a class=\"decorated-link\" href=\"https:\/\/www.tempo.com\/?utm_source=chatgpt.com\" target=\"_blank\" rel=\"noopener nofollow\">Tempo.com<\/a><\/span><\/span> \u00b7 <span class=\"contents\" data-content-reference-start=\"6427\" data-content-reference-end=\"6481\"><span class=\"\" data-state=\"closed\"><a class=\"decorated-link\" href=\"https:\/\/weather.com\/pt-BR?utm_source=chatgpt.com\" target=\"_blank\" rel=\"noopener nofollow\">Weather Channel Brasil<\/a><\/span><\/span><\/p>\n","protected":false},"excerpt":{"rendered":"Quarta-feira deve ser marcada pela atua\u00e7\u00e3o de instabilidades sobre a capital mineira, ap\u00f3s alerta de chuva e ventos emitido para a noite de 1\u00ba de [&hellip;]","protected":false},"author":1,"featured_media":10419,"comment_status":"closed","ping_status":"closed","sticky":false,"template":"","format":"standard","meta":{"episode_type":"audio","audio_file":"","podmotor_file_id":"","podmotor_episode_id":"","cover_image":"","cover_image_id":"","duration":"","filesize":"","filesize_raw":"","date_recorded":"","explicit":"","block":"","_jetpack_newsletter_access":"","_jetpack_dont_email_post_to_subs":false,"_jetpack_newsletter_tier_id":0,"_jetpack_memberships_contains_paywalled_content":false,"_jetpack_feature_clip_id":0,"_jetpack_memberships_contains_paid_content":false,"footnotes":"","jetpack_post_was_ever_published":false},"categories":[2051],"tags":[2034,374,627],"series":[],"class_list":["post-10418","post","type-post","status-publish","format-standard","has-post-thumbnail","hentry","category-mateorologia","tag-climabelohorizontehoje","tag-comunidadeemacao","tag-jornaldebairro"],"episode_featured_image":"https:\/\/comunidadeemacao.com.br\/site\/wp-content\/uploads\/2026\/09\/IInfografico-2-set.png","episode_player_image":"https:\/\/i0.wp.com\/comunidadeemacao.com.br\/site\/wp-content\/uploads\/2025\/07\/Logo-Fala-Zona-Norte-1400-pix1.jpg?fit=1400%2C1400&ssl=1","download_link":"","player_link":"","audio_player":false,"episode_data":{"playerMode":"light","subscribeUrls":{"youtube":{"key":"youtube","url":"","label":"YouTube","class":"youtube","icon":"youtube.png"}},"rssFeedUrl":"https:\/\/comunidadeemacao.com.br\/site\/feed\/podcast\/comunidade-em-acao","embedCode":"<blockquote class=\"wp-embedded-content\" data-secret=\"zn7HDfd27e\"><a href=\"https:\/\/comunidadeemacao.com.br\/site\/previsao-do-tempo-em-bh-para-2-de-setembro-chuva-raios-e-queda-de-temperatura\/\">Previs\u00e3o do tempo em BH para 2 de setembro: chuva, raios e queda de temperatura<\/a><\/blockquote><iframe sandbox=\"allow-scripts\" security=\"restricted\" src=\"https:\/\/comunidadeemacao.com.br\/site\/previsao-do-tempo-em-bh-para-2-de-setembro-chuva-raios-e-queda-de-temperatura\/embed\/#?secret=zn7HDfd27e\" width=\"500\" height=\"350\" title=\"&#8220;Previs\u00e3o do tempo em BH para 2 de setembro: chuva, raios e queda de temperatura&#8221; &#8212; COMUNIDADE EM A\u00c7\u00c3O\" data-secret=\"zn7HDfd27e\" frameborder=\"0\" marginwidth=\"0\" marginheight=\"0\" scrolling=\"no\" class=\"wp-embedded-content\"><\/iframe><script>\n\/*! This file is auto-generated *\/\n!function(d,l){\"use strict\";l.querySelector&&d.addEventListener&&\"undefined\"!=typeof URL&&(d.wp=d.wp||{},d.wp.receiveEmbedMessage||(d.wp.receiveEmbedMessage=function(e){var t=e.data;if((t||t.secret||t.message||t.value)&&!\/[^a-zA-Z0-9]\/.test(t.secret)){for(var s,r,n,a=l.querySelectorAll('iframe[data-secret=\"'+t.secret+'\"]'),o=l.querySelectorAll('blockquote[data-secret=\"'+t.secret+'\"]'),c=new RegExp(\"^https?:$\",\"i\"),i=0;i<o.length;i++)o[i].style.display=\"none\";for(i=0;i<a.length;i++)s=a[i],e.source===s.contentWindow&&(s.removeAttribute(\"style\"),\"height\"===t.message?(1e3<(r=parseInt(t.value,10))?r=1e3:~~r<200&&(r=200),s.height=r):\"link\"===t.message&&(r=new URL(s.getAttribute(\"src\")),n=new URL(t.value),c.test(n.protocol))&&n.host===r.host&&l.activeElement===s&&(d.top.location.href=t.value))}},d.addEventListener(\"message\",d.wp.receiveEmbedMessage,!1),l.addEventListener(\"DOMContentLoaded\",function(){for(var e,t,s=l.querySelectorAll(\"iframe.wp-embedded-content\"),r=0;r<s.length;r++)(t=(e=s[r]).getAttribute(\"data-secret\"))||(t=Math.random().toString(36).substring(2,12),e.src+=\"#?secret=\"+t,e.setAttribute(\"data-secret\",t)),e.contentWindow.postMessage({message:\"ready\",secret:t},\"*\")},!1)))}(window,document);\n\/\/# sourceURL=https:\/\/comunidadeemacao.com.br\/site\/wp-includes\/js\/wp-embed.min.js\n<\/script>\n"},"jetpack_sharing_enabled":true,"jetpack_likes_enabled":true,"jetpack-related-posts":[{"id":10289,"url":"https:\/\/comunidadeemacao.com.br\/site\/previsao-do-tempo-em-bh-quarta-feira-pode-ter-chuva-trovoadas-e-temperaturas-de-ate-30c\/","url_meta":{"origin":10418,"position":0},"title":"Previs\u00e3o do tempo em BH: quarta-feira pode ter chuva, trovoadas e temperaturas de at\u00e9 30\u00b0C","author":"Marcos Silva","date":"26 de agosto de 2026","format":false,"excerpt":"Belo Horizonte ter\u00e1 aumento de nuvens e possibilidade de pancadas nesta quarta-feira (26); popula\u00e7\u00e3o deve acompanhar os alertas da Defesa Civil e manter a hidrata\u00e7\u00e3o durante o inverno \ud83c\udf24\ufe0f\ud83c\udf27\ufe0f Belo Horizonte deve ter uma quarta-feira (26\/08) de mudan\u00e7a no tempo, com aumento da nebulosidade e possibilidade de pancadas de chuva\u2026","rel":"","context":"Em &quot;Mateorologia&quot;","block_context":{"text":"Mateorologia","link":"https:\/\/comunidadeemacao.com.br\/site\/category\/dia-a-dia\/mateorologia\/"},"img":{"alt_text":"Previs\u00e3o de Inverno em Belo Horizonte","src":"https:\/\/i0.wp.com\/comunidadeemacao.com.br\/site\/wp-content\/uploads\/2026\/08\/ChatGPT-Image-25-de-ago.-de-2026-19_26_10.png?fit=1200%2C600&ssl=1&resize=350%2C200","width":350,"height":200,"srcset":"https:\/\/i0.wp.com\/comunidadeemacao.com.br\/site\/wp-content\/uploads\/2026\/08\/ChatGPT-Image-25-de-ago.-de-2026-19_26_10.png?fit=1200%2C600&ssl=1&resize=350%2C200 1x, https:\/\/i0.wp.com\/comunidadeemacao.com.br\/site\/wp-content\/uploads\/2026\/08\/ChatGPT-Image-25-de-ago.-de-2026-19_26_10.png?fit=1200%2C600&ssl=1&resize=525%2C300 1.5x, https:\/\/i0.wp.com\/comunidadeemacao.com.br\/site\/wp-content\/uploads\/2026\/08\/ChatGPT-Image-25-de-ago.-de-2026-19_26_10.png?fit=1200%2C600&ssl=1&resize=700%2C400 2x, https:\/\/i0.wp.com\/comunidadeemacao.com.br\/site\/wp-content\/uploads\/2026\/08\/ChatGPT-Image-25-de-ago.-de-2026-19_26_10.png?fit=1200%2C600&ssl=1&resize=1050%2C600 3x"},"classes":[]},{"id":6539,"url":"https:\/\/comunidadeemacao.com.br\/site\/previsao-do-tempo-para-belo-horizonte-quarta-feira-10-de-dezembro-de-2025\/","url_meta":{"origin":10418,"position":1},"title":"Previs\u00e3o do tempo para Belo Horizonte \u2014 Quarta-feira, 10 de dezembro de 2025","author":"Marcos Silva","date":"10 de dezembro de 2025","format":false,"excerpt":"\ud83c\udf27\ufe0f C\u00e9u inst\u00e1vel e risco de chuvas intensas Para esta quarta-feira, a expectativa \u00e9 de tempo inst\u00e1vel em Belo Horizonte, MG, com possibilidade de chuvas e trovoadas. A combina\u00e7\u00e3o de instabilidade atmosf\u00e9rica e elevada umidade \u2014 j\u00e1 observada na capital \u2014 sugere que o dia poder\u00e1 ter per\u00edodos nublados e\u2026","rel":"","context":"Em &quot;Cidade&quot;","block_context":{"text":"Cidade","link":"https:\/\/comunidadeemacao.com.br\/site\/category\/cidade\/"},"img":{"alt_text":"Foto de BH Sat\u00e9lite","src":"https:\/\/i0.wp.com\/comunidadeemacao.com.br\/site\/wp-content\/uploads\/2025\/12\/1024px-Belo_Horizonte_Minas_Gerais_Brazil_satellite_shot.jpeg?fit=1024%2C680&ssl=1&resize=350%2C200","width":350,"height":200,"srcset":"https:\/\/i0.wp.com\/comunidadeemacao.com.br\/site\/wp-content\/uploads\/2025\/12\/1024px-Belo_Horizonte_Minas_Gerais_Brazil_satellite_shot.jpeg?fit=1024%2C680&ssl=1&resize=350%2C200 1x, https:\/\/i0.wp.com\/comunidadeemacao.com.br\/site\/wp-content\/uploads\/2025\/12\/1024px-Belo_Horizonte_Minas_Gerais_Brazil_satellite_shot.jpeg?fit=1024%2C680&ssl=1&resize=525%2C300 1.5x, https:\/\/i0.wp.com\/comunidadeemacao.com.br\/site\/wp-content\/uploads\/2025\/12\/1024px-Belo_Horizonte_Minas_Gerais_Brazil_satellite_shot.jpeg?fit=1024%2C680&ssl=1&resize=700%2C400 2x"},"classes":[]},{"id":8575,"url":"https:\/\/comunidadeemacao.com.br\/site\/bh-tera-quarta-feira-de-tempo-instavel-pancadas-de-chuva-e-alerta-para-tempestades-nesta-quarta-20\/","url_meta":{"origin":10418,"position":2},"title":"BH ter\u00e1 quarta-feira de tempo inst\u00e1vel, pancadas de chuva e alerta para tempestades nesta quarta (20)","author":"Marcos Silva","date":"20 de maio de 2026","format":false,"excerpt":"A previs\u00e3o do tempo para esta quarta-feira, 20 de maio de 2026, em Belo Horizonte indica um dia t\u00edpico de outono: temperaturas amenas pela manh\u00e3, aumento da nebulosidade ao longo do dia e possibilidade de pancadas de chuva acompanhadas de trovoadas e rajadas de vento entre a tarde e a\u2026","rel":"","context":"Em &quot;Mateorologia&quot;","block_context":{"text":"Mateorologia","link":"https:\/\/comunidadeemacao.com.br\/site\/category\/dia-a-dia\/mateorologia\/"},"img":{"alt_text":"Previs\u00e3o do tempo em Belo Horizonte","src":"https:\/\/i0.wp.com\/comunidadeemacao.com.br\/site\/wp-content\/uploads\/2026\/05\/ChatGPT-Image-19-de-mai.-de-2026-20_11_49.jpg?fit=1200%2C600&ssl=1&resize=350%2C200","width":350,"height":200,"srcset":"https:\/\/i0.wp.com\/comunidadeemacao.com.br\/site\/wp-content\/uploads\/2026\/05\/ChatGPT-Image-19-de-mai.-de-2026-20_11_49.jpg?fit=1200%2C600&ssl=1&resize=350%2C200 1x, https:\/\/i0.wp.com\/comunidadeemacao.com.br\/site\/wp-content\/uploads\/2026\/05\/ChatGPT-Image-19-de-mai.-de-2026-20_11_49.jpg?fit=1200%2C600&ssl=1&resize=525%2C300 1.5x, https:\/\/i0.wp.com\/comunidadeemacao.com.br\/site\/wp-content\/uploads\/2026\/05\/ChatGPT-Image-19-de-mai.-de-2026-20_11_49.jpg?fit=1200%2C600&ssl=1&resize=700%2C400 2x, https:\/\/i0.wp.com\/comunidadeemacao.com.br\/site\/wp-content\/uploads\/2026\/05\/ChatGPT-Image-19-de-mai.-de-2026-20_11_49.jpg?fit=1200%2C600&ssl=1&resize=1050%2C600 3x"},"classes":[]},{"id":10433,"url":"https:\/\/comunidadeemacao.com.br\/site\/previsao-do-tempo-em-bh-para-3-de-setembro-manha-fresca-e-tarde-de-sol\/","url_meta":{"origin":10418,"position":3},"title":"Previs\u00e3o do tempo em BH para 3 de setembro: manh\u00e3 fresca e tarde de sol","author":"Marcos Silva","date":"3 de setembro de 2026","format":false,"excerpt":"Belo Horizonte deve ter uma quinta-feira (3) de tempo firme, com varia\u00e7\u00e3o de nebulosidade e temperaturas entre 14\u00b0C e 27\u00b0C. Umidade do ar pode variar de 50% a 87%, segundo as previs\u00f5es consultadas. \ud83c\udf24\ufe0f Belo Horizonte ter\u00e1 uma quinta-feira de tempo predominantemente est\u00e1vel, com manh\u00e3 mais fresca e aumento gradual\u2026","rel":"","context":"Em &quot;Mateorologia&quot;","block_context":{"text":"Mateorologia","link":"https:\/\/comunidadeemacao.com.br\/site\/category\/dia-a-dia\/mateorologia\/"},"img":{"alt_text":"Previs\u00e3o do Tempo em Belo Horizonte","src":"https:\/\/i0.wp.com\/comunidadeemacao.com.br\/site\/wp-content\/uploads\/2026\/09\/ChatGPT-Image-2-de-set.-de-2026-18_45_43.png?fit=1200%2C600&ssl=1&resize=350%2C200","width":350,"height":200,"srcset":"https:\/\/i0.wp.com\/comunidadeemacao.com.br\/site\/wp-content\/uploads\/2026\/09\/ChatGPT-Image-2-de-set.-de-2026-18_45_43.png?fit=1200%2C600&ssl=1&resize=350%2C200 1x, https:\/\/i0.wp.com\/comunidadeemacao.com.br\/site\/wp-content\/uploads\/2026\/09\/ChatGPT-Image-2-de-set.-de-2026-18_45_43.png?fit=1200%2C600&ssl=1&resize=525%2C300 1.5x, https:\/\/i0.wp.com\/comunidadeemacao.com.br\/site\/wp-content\/uploads\/2026\/09\/ChatGPT-Image-2-de-set.-de-2026-18_45_43.png?fit=1200%2C600&ssl=1&resize=700%2C400 2x, https:\/\/i0.wp.com\/comunidadeemacao.com.br\/site\/wp-content\/uploads\/2026\/09\/ChatGPT-Image-2-de-set.-de-2026-18_45_43.png?fit=1200%2C600&ssl=1&resize=1050%2C600 3x"},"classes":[]},{"id":10305,"url":"https:\/\/comunidadeemacao.com.br\/site\/previsao-do-tempo-em-bh-quinta-feira-tera-risco-de-tempestades-e-maxima-de-ate-27c\/","url_meta":{"origin":10418,"position":4},"title":"Previs\u00e3o do tempo em BH: quinta-feira ter\u00e1 risco de tempestades e m\u00e1xima de at\u00e9 27\u00b0C","author":"Marcos Silva","date":"27 de agosto de 2026","format":false,"excerpt":"INMET emitiu alerta amarelo para tempestades; previs\u00e3o indica chuva, trovoadas e mudan\u00e7a no tempo durante esta quinta-feira (27) Belo Horizonte deve ter uma quinta-feira (27\/08) marcada por instabilidade, possibilidade de pancadas de chuva e trovoadas, al\u00e9m de temperaturas amenas em compara\u00e7\u00e3o aos dias mais quentes registrados recentemente na capital mineira.\u2026","rel":"","context":"Em &quot;Mateorologia&quot;","block_context":{"text":"Mateorologia","link":"https:\/\/comunidadeemacao.com.br\/site\/category\/dia-a-dia\/mateorologia\/"},"img":{"alt_text":"Previs\u00e3o do Tempo em Belo Horizonte","src":"https:\/\/i0.wp.com\/comunidadeemacao.com.br\/site\/wp-content\/uploads\/2026\/08\/ChatGPT-Image-26-de-ago.-de-2026-18_45_27.png?fit=1200%2C600&ssl=1&resize=350%2C200","width":350,"height":200,"srcset":"https:\/\/i0.wp.com\/comunidadeemacao.com.br\/site\/wp-content\/uploads\/2026\/08\/ChatGPT-Image-26-de-ago.-de-2026-18_45_27.png?fit=1200%2C600&ssl=1&resize=350%2C200 1x, https:\/\/i0.wp.com\/comunidadeemacao.com.br\/site\/wp-content\/uploads\/2026\/08\/ChatGPT-Image-26-de-ago.-de-2026-18_45_27.png?fit=1200%2C600&ssl=1&resize=525%2C300 1.5x, https:\/\/i0.wp.com\/comunidadeemacao.com.br\/site\/wp-content\/uploads\/2026\/08\/ChatGPT-Image-26-de-ago.-de-2026-18_45_27.png?fit=1200%2C600&ssl=1&resize=700%2C400 2x, https:\/\/i0.wp.com\/comunidadeemacao.com.br\/site\/wp-content\/uploads\/2026\/08\/ChatGPT-Image-26-de-ago.-de-2026-18_45_27.png?fit=1200%2C600&ssl=1&resize=1050%2C600 3x"},"classes":[]},{"id":7671,"url":"https:\/\/comunidadeemacao.com.br\/site\/previsao-do-tempo-em-belo-horizonte-para-segunda-16-03-chuva-isolada-calor-e-alerta-da-defesa-civil\/","url_meta":{"origin":10418,"position":5},"title":"Previs\u00e3o do tempo em Belo Horizonte para segunda (16\/03): chuva isolada, calor e alerta da Defesa Civil","author":"Marcos Silva","date":"16 de mar\u00e7o de 2026","format":false,"excerpt":"Capital mineira deve ter sol entre nuvens e possibilidade de pancadas de chuva; popula\u00e7\u00e3o deve ficar atenta a alertas meteorol\u00f3gicos e riscos de alagamentos \ud83c\udf26\ufe0f A previs\u00e3o do tempo para Belo Horizonte nesta segunda-feira, 16 de mar\u00e7o de 2026, indica varia\u00e7\u00e3o de nuvens, per\u00edodos de sol e possibilidade de chuva\u2026","rel":"","context":"Em &quot;Not\u00edcias&quot;","block_context":{"text":"Not\u00edcias","link":"https:\/\/comunidadeemacao.com.br\/site\/category\/noticiasdacomunidaede\/"},"img":{"alt_text":"","src":"https:\/\/i0.wp.com\/comunidadeemacao.com.br\/site\/wp-content\/uploads\/2026\/03\/ChatGPT-Image-15-de-mar.-de-2026-15_50_42.jpg?fit=1200%2C800&ssl=1&resize=350%2C200","width":350,"height":200,"srcset":"https:\/\/i0.wp.com\/comunidadeemacao.com.br\/site\/wp-content\/uploads\/2026\/03\/ChatGPT-Image-15-de-mar.-de-2026-15_50_42.jpg?fit=1200%2C800&ssl=1&resize=350%2C200 1x, https:\/\/i0.wp.com\/comunidadeemacao.com.br\/site\/wp-content\/uploads\/2026\/03\/ChatGPT-Image-15-de-mar.-de-2026-15_50_42.jpg?fit=1200%2C800&ssl=1&resize=525%2C300 1.5x, https:\/\/i0.wp.com\/comunidadeemacao.com.br\/site\/wp-content\/uploads\/2026\/03\/ChatGPT-Image-15-de-mar.-de-2026-15_50_42.jpg?fit=1200%2C800&ssl=1&resize=700%2C400 2x, https:\/\/i0.wp.com\/comunidadeemacao.com.br\/site\/wp-content\/uploads\/2026\/03\/ChatGPT-Image-15-de-mar.-de-2026-15_50_42.jpg?fit=1200%2C800&ssl=1&resize=1050%2C600 3x"},"classes":[]}],"jetpack_featured_media_url":"https:\/\/i0.wp.com\/comunidadeemacao.com.br\/site\/wp-content\/uploads\/2026\/09\/IInfografico-2-set.png?fit=1200%2C600&ssl=1","_links":{"self":[{"href":"https:\/\/comunidadeemacao.com.br\/site\/wp-json\/wp\/v2\/posts\/10418","targetHints":{"allow":["GET"]}}],"collection":[{"href":"https:\/\/comunidadeemacao.com.br\/site\/wp-json\/wp\/v2\/posts"}],"about":[{"href":"https:\/\/comunidadeemacao.com.br\/site\/wp-json\/wp\/v2\/types\/post"}],"author":[{"embeddable":true,"href":"https:\/\/comunidadeemacao.com.br\/site\/wp-json\/wp\/v2\/users\/1"}],"replies":[{"embeddable":true,"href":"https:\/\/comunidadeemacao.com.br\/site\/wp-json\/wp\/v2\/comments?post=10418"}],"version-history":[{"count":2,"href":"https:\/\/comunidadeemacao.com.br\/site\/wp-json\/wp\/v2\/posts\/10418\/revisions"}],"predecessor-version":[{"id":10421,"href":"https:\/\/comunidadeemacao.com.br\/site\/wp-json\/wp\/v2\/posts\/10418\/revisions\/10421"}],"wp:featuredmedia":[{"embeddable":true,"href":"https:\/\/comunidadeemacao.com.br\/site\/wp-json\/wp\/v2\/media\/10419"}],"wp:attachment":[{"href":"https:\/\/comunidadeemacao.com.br\/site\/wp-json\/wp\/v2\/media?parent=10418"}],"wp:term":[{"taxonomy":"category","embeddable":true,"href":"https:\/\/comunidadeemacao.com.br\/site\/wp-json\/wp\/v2\/categories?post=10418"},{"taxonomy":"post_tag","embeddable":true,"href":"https:\/\/comunidadeemacao.com.br\/site\/wp-json\/wp\/v2\/tags?post=10418"},{"taxonomy":"series","embeddable":true,"href":"https:\/\/comunidadeemacao.com.br\/site\/wp-json\/wp\/v2\/series?post=10418"}],"curies":[{"name":"wp","href":"https:\/\/api.w.org\/{rel}","templated":true}]}}