{"id":10409,"date":"2026-09-02T07:00:11","date_gmt":"2026-09-02T10:00:11","guid":{"rendered":"https:\/\/comunidadeemacao.com.br\/site\/?p=10409"},"modified":"2026-09-01T19:12:02","modified_gmt":"2026-09-01T22:12:02","slug":"lojas-de-bh-podem-abrir-no-feriado-de-7-de-setembro-confira-as-regras","status":"publish","type":"post","link":"https:\/\/comunidadeemacao.com.br\/site\/lojas-de-bh-podem-abrir-no-feriado-de-7-de-setembro-confira-as-regras\/","title":{"rendered":"Sargento vira r\u00e9u por feminic\u00eddio de capit\u00e3 da PM em Belo Horizonte"},"content":{"rendered":"<h2><em>Justi\u00e7a aceita den\u00fancia contra Eduardo Abner e mant\u00e9m pris\u00e3o preventiva por crime ocorrido em apartamento do casal<\/em><\/h2>\n<p data-start=\"203\" data-end=\"516\">A Justi\u00e7a aceitou a den\u00fancia contra o sargento Eduardo Abner Pereira de Oliveira, acusado de feminic\u00eddio contra uma capit\u00e3 da Pol\u00edcia Militar, e manteve a pris\u00e3o preventiva do r\u00e9u. A decis\u00e3o foi tomada pela ju\u00edza Ana Carolina Rauen Lopes de Souza, do Tribunal do J\u00fari \u2013 1\u00ba Sumariante da Comarca de Belo Horizonte.<\/p>\n<p data-start=\"518\" data-end=\"809\">Segundo a den\u00fancia apresentada pelo Minist\u00e9rio P\u00fablico de Minas Gerais (MPMG), o crime ocorreu em 20 de julho, no apartamento onde o casal morava, ap\u00f3s uma confraterniza\u00e7\u00e3o. O sargento tamb\u00e9m responde, no processo, por fraude processual, tr\u00eas acusa\u00e7\u00f5es de les\u00e3o corporal e tr\u00e1fico de drogas.<\/p>\n<h3 data-section-id=\"7ec2n0\" data-start=\"811\" data-end=\"865\">Feminic\u00eddio teria ocorrido no apartamento do casal<\/h3>\n<p data-start=\"867\" data-end=\"1078\">De acordo com o MPMG, Eduardo Abner teria utilizado um bast\u00e3o de madeira para agredir a v\u00edtima no quarto do casal. A promotoria afirma que ela recebeu diversos golpes pelo corpo e, posteriormente, foi asfixiada.<\/p>\n<p data-start=\"1080\" data-end=\"1323\">O feminic\u00eddio foi denunciado no contexto de viol\u00eancia dom\u00e9stica. Conforme a acusa\u00e7\u00e3o, o crime teria sido cometido contra uma v\u00edtima que \u00e9 m\u00e3e, por meio cruel, por motivo f\u00fatil, com uso de asfixia e com recurso que teria dificultado sua defesa.<\/p>\n<h3 data-section-id=\"1ndj82m\" data-start=\"1325\" data-end=\"1371\">Acusa\u00e7\u00e3o aponta altera\u00e7\u00e3o da cena do crime<\/h3>\n<p data-start=\"1373\" data-end=\"1650\">Ainda segundo o Minist\u00e9rio P\u00fablico, ap\u00f3s as agress\u00f5es, o sargento teria alterado a cena do crime. Entre as a\u00e7\u00f5es atribu\u00eddas ao acusado est\u00e3o colocar os len\u00e7\u00f3is da cama para lavar, descartar os peda\u00e7os de madeira utilizados nas agress\u00f5es e apagar mensagens do celular da v\u00edtima.<\/p>\n<p data-start=\"1652\" data-end=\"1811\">Na mesma noite, o policial militar foi preso em flagrante depois de levar a esposa, j\u00e1 morta, ao Hospital Odilon Behrens, na regi\u00e3o Noroeste de Belo Horizonte.<\/p>\n<h3 data-section-id=\"nwiix6\" data-start=\"1813\" data-end=\"1853\">Defesa ter\u00e1 prazo para se manifestar<\/h3>\n<p data-start=\"1855\" data-end=\"2005\">Com o recebimento da den\u00fancia pela Justi\u00e7a, Eduardo Abner passou \u00e0 condi\u00e7\u00e3o de r\u00e9u no processo. A pris\u00e3o preventiva foi mantida pela decis\u00e3o judicial.<\/p>\n<p data-start=\"2007\" data-end=\"2069\">A defesa tem prazo de dez dias para se manifestar no processo.<\/p>\n<p data-start=\"2071\" data-end=\"2233\">O caso segue no Tribunal do J\u00fari da Comarca de Belo Horizonte, onde ser\u00e3o analisadas as acusa\u00e7\u00f5es apresentadas pelo Minist\u00e9rio P\u00fablico e a manifesta\u00e7\u00e3o da defesa.<\/p>\n","protected":false},"excerpt":{"rendered":"Justi\u00e7a aceita den\u00fancia contra Eduardo Abner e mant\u00e9m pris\u00e3o preventiva por crime ocorrido em apartamento do casal A Justi\u00e7a aceitou a den\u00fancia contra o sargento [&hellip;]","protected":false},"author":1,"featured_media":10412,"comment_status":"closed","ping_status":"closed","sticky":false,"template":"","format":"standard","meta":{"episode_type":"audio","audio_file":"","podmotor_file_id":"","podmotor_episode_id":"","cover_image":"","cover_image_id":"","duration":"","filesize":"","filesize_raw":"","date_recorded":"","explicit":"","block":"","_jetpack_newsletter_access":"","_jetpack_dont_email_post_to_subs":false,"_jetpack_newsletter_tier_id":0,"_jetpack_memberships_contains_paywalled_content":false,"_jetpack_feature_clip_id":0,"_jetpack_memberships_contains_paid_content":false,"footnotes":"","jetpack_post_was_ever_published":false},"categories":[57,54],"tags":[2416,2925,1290],"series":[],"class_list":["post-10409","post","type-post","status-publish","format-standard","has-post-thumbnail","hentry","category-cidade","category-dia-a-dia","tag-jornaldebairrobh","tag-comercionoferiado","tag-comunidademacao"],"episode_featured_image":"https:\/\/comunidadeemacao.com.br\/site\/wp-content\/uploads\/2026\/09\/blank-2-grids-collage-3-.avif","episode_player_image":"https:\/\/i0.wp.com\/comunidadeemacao.com.br\/site\/wp-content\/uploads\/2025\/07\/Logo-Fala-Zona-Norte-1400-pix1.jpg?fit=1400%2C1400&ssl=1","download_link":"","player_link":"","audio_player":false,"episode_data":{"playerMode":"light","subscribeUrls":{"youtube":{"key":"youtube","url":"","label":"YouTube","class":"youtube","icon":"youtube.png"}},"rssFeedUrl":"https:\/\/comunidadeemacao.com.br\/site\/feed\/podcast\/comunidade-em-acao","embedCode":"<blockquote class=\"wp-embedded-content\" data-secret=\"Pizs0JTmjB\"><a href=\"https:\/\/comunidadeemacao.com.br\/site\/lojas-de-bh-podem-abrir-no-feriado-de-7-de-setembro-confira-as-regras\/\">Sargento vira r\u00e9u por feminic\u00eddio de capit\u00e3 da PM em Belo Horizonte<\/a><\/blockquote><iframe sandbox=\"allow-scripts\" security=\"restricted\" src=\"https:\/\/comunidadeemacao.com.br\/site\/lojas-de-bh-podem-abrir-no-feriado-de-7-de-setembro-confira-as-regras\/embed\/#?secret=Pizs0JTmjB\" width=\"500\" height=\"350\" title=\"&#8220;Sargento vira r\u00e9u por feminic\u00eddio de capit\u00e3 da PM em Belo Horizonte&#8221; &#8212; COMUNIDADE EM A\u00c7\u00c3O\" data-secret=\"Pizs0JTmjB\" frameborder=\"0\" marginwidth=\"0\" marginheight=\"0\" scrolling=\"no\" class=\"wp-embedded-content\"><\/iframe><script>\n\/*! This file is auto-generated *\/\n!function(d,l){\"use strict\";l.querySelector&&d.addEventListener&&\"undefined\"!=typeof URL&&(d.wp=d.wp||{},d.wp.receiveEmbedMessage||(d.wp.receiveEmbedMessage=function(e){var t=e.data;if((t||t.secret||t.message||t.value)&&!\/[^a-zA-Z0-9]\/.test(t.secret)){for(var s,r,n,a=l.querySelectorAll('iframe[data-secret=\"'+t.secret+'\"]'),o=l.querySelectorAll('blockquote[data-secret=\"'+t.secret+'\"]'),c=new RegExp(\"^https?:$\",\"i\"),i=0;i<o.length;i++)o[i].style.display=\"none\";for(i=0;i<a.length;i++)s=a[i],e.source===s.contentWindow&&(s.removeAttribute(\"style\"),\"height\"===t.message?(1e3<(r=parseInt(t.value,10))?r=1e3:~~r<200&&(r=200),s.height=r):\"link\"===t.message&&(r=new URL(s.getAttribute(\"src\")),n=new URL(t.value),c.test(n.protocol))&&n.host===r.host&&l.activeElement===s&&(d.top.location.href=t.value))}},d.addEventListener(\"message\",d.wp.receiveEmbedMessage,!1),l.addEventListener(\"DOMContentLoaded\",function(){for(var e,t,s=l.querySelectorAll(\"iframe.wp-embedded-content\"),r=0;r<s.length;r++)(t=(e=s[r]).getAttribute(\"data-secret\"))||(t=Math.random().toString(36).substring(2,12),e.src+=\"#?secret=\"+t,e.setAttribute(\"data-secret\",t)),e.contentWindow.postMessage({message:\"ready\",secret:t},\"*\")},!1)))}(window,document);\n\/\/# sourceURL=https:\/\/comunidadeemacao.com.br\/site\/wp-includes\/js\/wp-embed.min.js\n<\/script>\n"},"jetpack_sharing_enabled":true,"jetpack_likes_enabled":true,"jetpack-related-posts":[{"id":9490,"url":"https:\/\/comunidadeemacao.com.br\/site\/feminicidio-em-bh-reu-por-matar-esposa-e-forjar-acidente-vai-a-juri-popular\/","url_meta":{"origin":10409,"position":0},"title":"Feminic\u00eddio em BH: r\u00e9u por matar esposa e forjar acidente vai a j\u00fari popular","author":"Marcos Silva","date":"15 de julho de 2026","format":false,"excerpt":"Justi\u00e7a mant\u00e9m pris\u00e3o preventiva de acusado de feminic\u00eddio e fraude processual; decis\u00e3o aponta ind\u00edcios suficientes de autoria e contexto de viol\u00eancia dom\u00e9stica O r\u00e9u Alison de Ara\u00fajo Mesquita, acusado de matar a esposa e forjar um acidente de tr\u00e2nsito para tentar ocultar o crime, ser\u00e1 submetido a j\u00fari popular. A\u2026","rel":"","context":"Em &quot;Dia A Dia&quot;","block_context":{"text":"Dia A Dia","link":"https:\/\/comunidadeemacao.com.br\/site\/category\/dia-a-dia\/"},"img":{"alt_text":"Cena de julgamento em esbo\u00e7o art\u00edstico","src":"https:\/\/i0.wp.com\/comunidadeemacao.com.br\/site\/wp-content\/uploads\/2026\/07\/ChatGPT-Image-14-de-jul.-de-2026-18_10_51.jpg?fit=1200%2C600&ssl=1&resize=350%2C200","width":350,"height":200,"srcset":"https:\/\/i0.wp.com\/comunidadeemacao.com.br\/site\/wp-content\/uploads\/2026\/07\/ChatGPT-Image-14-de-jul.-de-2026-18_10_51.jpg?fit=1200%2C600&ssl=1&resize=350%2C200 1x, https:\/\/i0.wp.com\/comunidadeemacao.com.br\/site\/wp-content\/uploads\/2026\/07\/ChatGPT-Image-14-de-jul.-de-2026-18_10_51.jpg?fit=1200%2C600&ssl=1&resize=525%2C300 1.5x, https:\/\/i0.wp.com\/comunidadeemacao.com.br\/site\/wp-content\/uploads\/2026\/07\/ChatGPT-Image-14-de-jul.-de-2026-18_10_51.jpg?fit=1200%2C600&ssl=1&resize=700%2C400 2x, https:\/\/i0.wp.com\/comunidadeemacao.com.br\/site\/wp-content\/uploads\/2026\/07\/ChatGPT-Image-14-de-jul.-de-2026-18_10_51.jpg?fit=1200%2C600&ssl=1&resize=1050%2C600 3x"},"classes":[]},{"id":9934,"url":"https:\/\/comunidadeemacao.com.br\/site\/feminicidio-filho-e-condenado-a-48-anos-de-prisao-por-matar-a-propria-mae\/","url_meta":{"origin":10409,"position":1},"title":"Feminic\u00eddio: filho \u00e9 condenado a 48 anos de pris\u00e3o por matar a pr\u00f3pria m\u00e3e","author":"Marcos Silva","date":"7 de agosto de 2026","format":false,"excerpt":"Crime ocorreu em outubro de 2024, no bairro Silveira, em Belo Horizonte; r\u00e9u tinha medida protetiva contra ele Um homem foi condenado a 48 anos, um m\u00eas e 15 dias de pris\u00e3o pelo feminic\u00eddio da pr\u00f3pria m\u00e3e, morta a facadas no apartamento onde morava, no bairro Silveira, Regi\u00e3o Nordeste de\u2026","rel":"","context":"Em &quot;Dia A Dia&quot;","block_context":{"text":"Dia A Dia","link":"https:\/\/comunidadeemacao.com.br\/site\/category\/dia-a-dia\/"},"img":{"alt_text":"Jo\u00e3o Victor Silveira Vila\u00e7a foi julgado pelo 1\u00ba Tribunal do J\u00fari da Comarca de Belo Horizonte nesta quinta-feira (6\/8).","src":"https:\/\/i0.wp.com\/comunidadeemacao.com.br\/site\/wp-content\/uploads\/2026\/08\/unnamed-18.jpg?fit=1000%2C667&ssl=1&resize=350%2C200","width":350,"height":200,"srcset":"https:\/\/i0.wp.com\/comunidadeemacao.com.br\/site\/wp-content\/uploads\/2026\/08\/unnamed-18.jpg?fit=1000%2C667&ssl=1&resize=350%2C200 1x, https:\/\/i0.wp.com\/comunidadeemacao.com.br\/site\/wp-content\/uploads\/2026\/08\/unnamed-18.jpg?fit=1000%2C667&ssl=1&resize=525%2C300 1.5x, https:\/\/i0.wp.com\/comunidadeemacao.com.br\/site\/wp-content\/uploads\/2026\/08\/unnamed-18.jpg?fit=1000%2C667&ssl=1&resize=700%2C400 2x"},"classes":[]},{"id":9181,"url":"https:\/\/comunidadeemacao.com.br\/site\/policial-penal-vai-a-juri-popular-por-feminicidio-da-namorada-em-bh\/","url_meta":{"origin":10409,"position":2},"title":"Policial penal vai a j\u00fari popular por feminic\u00eddio da namorada em BH","author":"Marcos Silva","date":"29 de junho de 2026","format":false,"excerpt":"O policial penal Rodrigo Caldas Fonseca ser\u00e1 submetido a j\u00fari popular pelo feminic\u00eddio da namorada, crime ocorrido em agosto de 2025, no bairro Padre Eust\u00e1quio, na regi\u00e3o Noroeste de Belo Horizonte. A decis\u00e3o foi proferida pela ju\u00edza Ana Carolina Rauen Lopes de Souza, do Tribunal do J\u00fari \u2013 1\u00ba Sumariante\u2026","rel":"","context":"Em &quot;Not\u00edcias&quot;","block_context":{"text":"Not\u00edcias","link":"https:\/\/comunidadeemacao.com.br\/site\/category\/noticiasdacomunidaede\/"},"img":{"alt_text":"Senten\u00e7a de pron\u00fancia \u00e9 da ju\u00edza Ana Carolina Rauen Lopes de Souza, do Tribunal do J\u00fari - 1\u00ba Sumariante de Belo Horizonte (Cr\u00e9dito: TJMG \/ Divulga\u00e7\u00e3o)","src":"https:\/\/i0.wp.com\/comunidadeemacao.com.br\/site\/wp-content\/uploads\/2026\/06\/unnamed-15.jpg?fit=1000%2C666&ssl=1&resize=350%2C200","width":350,"height":200,"srcset":"https:\/\/i0.wp.com\/comunidadeemacao.com.br\/site\/wp-content\/uploads\/2026\/06\/unnamed-15.jpg?fit=1000%2C666&ssl=1&resize=350%2C200 1x, https:\/\/i0.wp.com\/comunidadeemacao.com.br\/site\/wp-content\/uploads\/2026\/06\/unnamed-15.jpg?fit=1000%2C666&ssl=1&resize=525%2C300 1.5x, https:\/\/i0.wp.com\/comunidadeemacao.com.br\/site\/wp-content\/uploads\/2026\/06\/unnamed-15.jpg?fit=1000%2C666&ssl=1&resize=700%2C400 2x"},"classes":[]},{"id":10187,"url":"https:\/\/comunidadeemacao.com.br\/site\/feminicidio-homem-que-matou-esposa-gravida-e-condenado-a-33-anos-em-bh\/","url_meta":{"origin":10409,"position":3},"title":"Feminic\u00eddio: homem que matou esposa gr\u00e1vida \u00e9 condenado a 33 anos em BH","author":"Marcos Silva","date":"21 de agosto de 2026","format":false,"excerpt":"R\u00e9u foi condenado pelo 1\u00ba Tribunal do J\u00fari de BH por feminic\u00eddio com tr\u00eas qualificadoras O 1\u00ba Tribunal do J\u00fari da Comarca de Belo Horizonte condenou, nesta quarta-feira (19\/8), Michael Douglas Lopes de Souza Crivellari a 33 anos e nove meses de pris\u00e3o pelo feminic\u00eddio da esposa gr\u00e1vida. O crime\u2026","rel":"","context":"Em &quot;Dia A Dia&quot;","block_context":{"text":"Dia A Dia","link":"https:\/\/comunidadeemacao.com.br\/site\/category\/dia-a-dia\/"},"img":{"alt_text":"Conforme a den\u00fancia, homem se armou com uma faca para atacar a companheira (Cr\u00e9dito: Bel Ferraz \/ TJMG)","src":"https:\/\/i0.wp.com\/comunidadeemacao.com.br\/site\/wp-content\/uploads\/2026\/08\/unnamed-20.jpg?fit=1000%2C667&ssl=1&resize=350%2C200","width":350,"height":200,"srcset":"https:\/\/i0.wp.com\/comunidadeemacao.com.br\/site\/wp-content\/uploads\/2026\/08\/unnamed-20.jpg?fit=1000%2C667&ssl=1&resize=350%2C200 1x, https:\/\/i0.wp.com\/comunidadeemacao.com.br\/site\/wp-content\/uploads\/2026\/08\/unnamed-20.jpg?fit=1000%2C667&ssl=1&resize=525%2C300 1.5x, https:\/\/i0.wp.com\/comunidadeemacao.com.br\/site\/wp-content\/uploads\/2026\/08\/unnamed-20.jpg?fit=1000%2C667&ssl=1&resize=700%2C400 2x"},"classes":[]},{"id":8541,"url":"https:\/\/comunidadeemacao.com.br\/site\/homem-em-situacao-de-rua-vira-reu-apos-jogar-colega-no-rio-arrudas-em-bh\/","url_meta":{"origin":10409,"position":4},"title":"Homem em situa\u00e7\u00e3o de rua vira r\u00e9u ap\u00f3s jogar colega no Rio Arrudas em BH","author":"Marcos Silva","date":"17 de maio de 2026","format":false,"excerpt":"Crime no Centro de Belo Horizonte ocorreu na Avenida do Contorno e r\u00e9u responde por homic\u00eddio qualificado ap\u00f3s den\u00fancia do MPMG Um homem em situa\u00e7\u00e3o de rua se tornou r\u00e9u por homic\u00eddio qualificado ap\u00f3s ser acusado de jogar um colega no Rio Arrudas, na regi\u00e3o central de Belo Horizonte. A\u2026","rel":"","context":"Em &quot;Dia A Dia&quot;","block_context":{"text":"Dia A Dia","link":"https:\/\/comunidadeemacao.com.br\/site\/category\/dia-a-dia\/"},"img":{"alt_text":"Conflito violento na Av. do Contorno","src":"https:\/\/i0.wp.com\/comunidadeemacao.com.br\/site\/wp-content\/uploads\/2026\/05\/ChatGPT-Image-17-de-mai.-de-2026-10_03_02.jpg?fit=1200%2C600&ssl=1&resize=350%2C200","width":350,"height":200,"srcset":"https:\/\/i0.wp.com\/comunidadeemacao.com.br\/site\/wp-content\/uploads\/2026\/05\/ChatGPT-Image-17-de-mai.-de-2026-10_03_02.jpg?fit=1200%2C600&ssl=1&resize=350%2C200 1x, https:\/\/i0.wp.com\/comunidadeemacao.com.br\/site\/wp-content\/uploads\/2026\/05\/ChatGPT-Image-17-de-mai.-de-2026-10_03_02.jpg?fit=1200%2C600&ssl=1&resize=525%2C300 1.5x, https:\/\/i0.wp.com\/comunidadeemacao.com.br\/site\/wp-content\/uploads\/2026\/05\/ChatGPT-Image-17-de-mai.-de-2026-10_03_02.jpg?fit=1200%2C600&ssl=1&resize=700%2C400 2x, https:\/\/i0.wp.com\/comunidadeemacao.com.br\/site\/wp-content\/uploads\/2026\/05\/ChatGPT-Image-17-de-mai.-de-2026-10_03_02.jpg?fit=1200%2C600&ssl=1&resize=1050%2C600 3x"},"classes":[]},{"id":10123,"url":"https:\/\/comunidadeemacao.com.br\/site\/belo-horizonte-institui-dia-de-luto-e-memoria-para-vitimas-de-feminicidio\/","url_meta":{"origin":10409,"position":5},"title":"Belo Horizonte institui Dia de Luto e Mem\u00f3ria para V\u00edtimas de Feminic\u00eddio","author":"Marcos Silva","date":"17 de agosto de 2026","format":false,"excerpt":"Uma Data de Reflex\u00e3o e Compromisso Em uma iniciativa valiosa para combater a viol\u00eancia de g\u00eanero, Belo Horizonte instituiu o Dia de Luto e de Mem\u00f3ria \u00e0s Mulheres V\u00edtimas de Feminic\u00eddio, estabelecido pela Lei 12.106. Publicada no Di\u00e1rio Oficial do Munic\u00edpio, a medida n\u00e3o apenas lembra as vidas perdidas, mas\u2026","rel":"","context":"Em &quot;Dia A Dia&quot;","block_context":{"text":"Dia A Dia","link":"https:\/\/comunidadeemacao.com.br\/site\/category\/dia-a-dia\/"},"img":{"alt_text":"","src":"https:\/\/i0.wp.com\/comunidadeemacao.com.br\/site\/wp-content\/uploads\/2026\/08\/imagem_materia-2.jpg?fit=564%2C374&ssl=1&resize=350%2C200","width":350,"height":200,"srcset":"https:\/\/i0.wp.com\/comunidadeemacao.com.br\/site\/wp-content\/uploads\/2026\/08\/imagem_materia-2.jpg?fit=564%2C374&ssl=1&resize=350%2C200 1x, https:\/\/i0.wp.com\/comunidadeemacao.com.br\/site\/wp-content\/uploads\/2026\/08\/imagem_materia-2.jpg?fit=564%2C374&ssl=1&resize=525%2C300 1.5x"},"classes":[]}],"jetpack_featured_media_url":"https:\/\/comunidadeemacao.com.br\/site\/wp-content\/uploads\/2026\/09\/blank-2-grids-collage-3-.avif","_links":{"self":[{"href":"https:\/\/comunidadeemacao.com.br\/site\/wp-json\/wp\/v2\/posts\/10409","targetHints":{"allow":["GET"]}}],"collection":[{"href":"https:\/\/comunidadeemacao.com.br\/site\/wp-json\/wp\/v2\/posts"}],"about":[{"href":"https:\/\/comunidadeemacao.com.br\/site\/wp-json\/wp\/v2\/types\/post"}],"author":[{"embeddable":true,"href":"https:\/\/comunidadeemacao.com.br\/site\/wp-json\/wp\/v2\/users\/1"}],"replies":[{"embeddable":true,"href":"https:\/\/comunidadeemacao.com.br\/site\/wp-json\/wp\/v2\/comments?post=10409"}],"version-history":[{"count":3,"href":"https:\/\/comunidadeemacao.com.br\/site\/wp-json\/wp\/v2\/posts\/10409\/revisions"}],"predecessor-version":[{"id":10413,"href":"https:\/\/comunidadeemacao.com.br\/site\/wp-json\/wp\/v2\/posts\/10409\/revisions\/10413"}],"wp:featuredmedia":[{"embeddable":true,"href":"https:\/\/comunidadeemacao.com.br\/site\/wp-json\/wp\/v2\/media\/10412"}],"wp:attachment":[{"href":"https:\/\/comunidadeemacao.com.br\/site\/wp-json\/wp\/v2\/media?parent=10409"}],"wp:term":[{"taxonomy":"category","embeddable":true,"href":"https:\/\/comunidadeemacao.com.br\/site\/wp-json\/wp\/v2\/categories?post=10409"},{"taxonomy":"post_tag","embeddable":true,"href":"https:\/\/comunidadeemacao.com.br\/site\/wp-json\/wp\/v2\/tags?post=10409"},{"taxonomy":"series","embeddable":true,"href":"https:\/\/comunidadeemacao.com.br\/site\/wp-json\/wp\/v2\/series?post=10409"}],"curies":[{"name":"wp","href":"https:\/\/api.w.org\/{rel}","templated":true}]}}