{"id":10408,"date":"2026-09-02T07:12:44","date_gmt":"2026-09-02T10:12:44","guid":{"rendered":"https:\/\/comunidadeemacao.com.br\/site\/?p=10408"},"modified":"2026-09-01T19:24:10","modified_gmt":"2026-09-01T22:24:10","slug":"lojas-de-bh-podem-abrir-no-feriado-de-7-de-setembro-confira-as-regras-2","status":"publish","type":"post","link":"https:\/\/comunidadeemacao.com.br\/site\/lojas-de-bh-podem-abrir-no-feriado-de-7-de-setembro-confira-as-regras-2\/","title":{"rendered":"Lojas de BH podem abrir no feriado de 7 de setembro; confira as regras"},"content":{"rendered":"<h2 class=\"isSelectedEnd\">Com\u00e9rcio de Belo Horizonte poder\u00e1 funcionar no Dia da Independ\u00eancia, mas empregados ter\u00e3o direitos espec\u00edficos<\/h2>\n<p class=\"isSelectedEnd\">O com\u00e9rcio de Belo Horizonte est\u00e1 autorizado a funcionar no feriado de <strong>7 de setembro<\/strong>, segunda-feira, Dia da Independ\u00eancia do Brasil. Segundo a C\u00e2mara de Dirigentes Lojistas de Belo Horizonte (CDL\/BH), os estabelecimentos que optarem pela abertura utilizando a m\u00e3o de obra dos empregados dever\u00e3o cumprir regras espec\u00edficas sobre jornada, remunera\u00e7\u00e3o, alimenta\u00e7\u00e3o, transporte e compensa\u00e7\u00e3o.<\/p>\n<h2 class=\"isSelectedEnd\">Regras para o trabalho no feriado<\/h2>\n<p class=\"isSelectedEnd\">A jornada dos empregados poder\u00e1 ser de <strong>at\u00e9 oito horas<\/strong>, com intervalo m\u00ednimo de uma hora. Al\u00e9m disso, o trabalhador dever\u00e1 receber <strong>R$ 70,00 a t\u00edtulo de alimenta\u00e7\u00e3o<\/strong>, com pagamento previsto at\u00e9 o quinto dia \u00fatil seguinte ao m\u00eas do feriado.<\/p>\n<p class=\"isSelectedEnd\">Outra condi\u00e7\u00e3o \u00e9 o pagamento das <strong>horas extras com adicional de 100%<\/strong>. O empregado tamb\u00e9m dever\u00e1 receber uma <strong>folga compensat\u00f3ria<\/strong>, que dever\u00e1 ser concedida em at\u00e9 60 dias ap\u00f3s o respectivo m\u00eas do feriado.<\/p>\n<p class=\"isSelectedEnd\">A folga n\u00e3o poder\u00e1 coincidir com outro feriado ou com o repouso semanal remunerado. Caso o empregador n\u00e3o conceda a folga dentro do prazo estabelecido, as horas correspondentes dever\u00e3o ser pagas como horas extras, com adicional de 100% sobre o valor do sal\u00e1rio-hora normal.<\/p>\n<p class=\"isSelectedEnd\">Tamb\u00e9m est\u00e1 previsto o <strong>fornecimento de vale-transporte<\/strong> para o deslocamento do empregado at\u00e9 o trabalho.<\/p>\n<h2 class=\"isSelectedEnd\">Hor\u00e1rios nos shopping centers<\/h2>\n<p class=\"isSelectedEnd\">Nos shopping centers, a jornada de trabalho no feriado de 7 de setembro dever\u00e1 ocorrer das <strong>14h \u00e0s 20h<\/strong>.<\/p>\n<p class=\"isSelectedEnd\">H\u00e1, por\u00e9m, uma exce\u00e7\u00e3o. Nos shoppings <strong>Cidade, Norte e Anchieta Garden<\/strong>, os trabalhadores dever\u00e3o cumprir jornada das <strong>10h \u00e0s 16h<\/strong>.<\/p>\n<h2 class=\"isSelectedEnd\">Orienta\u00e7\u00e3o aos lojistas<\/h2>\n<p class=\"isSelectedEnd\">A CDL\/BH orienta os comerciantes a observarem as condi\u00e7\u00f5es estabelecidas para o funcionamento no feriado, especialmente as regras relacionadas \u00e0 jornada de trabalho, remunera\u00e7\u00e3o e concess\u00e3o da folga compensat\u00f3ria.<\/p>\n<p class=\"isSelectedEnd\">Dessa forma, embora o com\u00e9rcio de Belo Horizonte possa funcionar no Dia da Independ\u00eancia, a utiliza\u00e7\u00e3o da m\u00e3o de obra dos empregados est\u00e1 vinculada ao cumprimento das condi\u00e7\u00f5es previstas para a data.<\/p>\n<h2 class=\"isSelectedEnd\">Com\u00e9rcio de poder\u00e1 funcionar no Dia da Independ\u00eancia<\/h2>\n<p class=\"isSelectedEnd\">O com\u00e9rcio de Belo Horizonte est\u00e1 autorizado a funcionar no feriado de <strong>7 de setembro<\/strong>, segunda-feira, Dia da Independ\u00eancia do Brasil. Segundo a C\u00e2mara de Dirigentes Lojistas de Belo Horizonte (CDL\/BH), os estabelecimentos que optarem pela abertura utilizando a m\u00e3o de obra dos empregados dever\u00e3o cumprir regras espec\u00edficas sobre jornada, remunera\u00e7\u00e3o, alimenta\u00e7\u00e3o, transporte e compensa\u00e7\u00e3o.<\/p>\n<h2 class=\"isSelectedEnd\">Regras para o trabalho no feriado<\/h2>\n<p class=\"isSelectedEnd\">A jornada dos empregados poder\u00e1 ser de <strong>at\u00e9 oito horas<\/strong>, com intervalo m\u00ednimo de uma hora. Al\u00e9m disso, o trabalhador dever\u00e1 receber <strong>R$ 70,00 a t\u00edtulo de alimenta\u00e7\u00e3o<\/strong>, com pagamento previsto at\u00e9 o quinto dia \u00fatil seguinte ao m\u00eas do feriado.<\/p>\n<p class=\"isSelectedEnd\">Outra condi\u00e7\u00e3o \u00e9 o pagamento das <strong>horas extras com adicional de 100%<\/strong>. O empregado tamb\u00e9m dever\u00e1 receber uma <strong>folga compensat\u00f3ria<\/strong>, que dever\u00e1 ser concedida em at\u00e9 60 dias ap\u00f3s o respectivo m\u00eas do feriado.<\/p>\n<p class=\"isSelectedEnd\">A folga n\u00e3o poder\u00e1 coincidir com outro feriado ou com o repouso semanal remunerado. Caso o empregador n\u00e3o conceda a folga dentro do prazo estabelecido, as horas correspondentes dever\u00e3o ser pagas como horas extras, com adicional de 100% sobre o valor do sal\u00e1rio-hora normal.<\/p>\n<p class=\"isSelectedEnd\">Tamb\u00e9m est\u00e1 previsto o <strong>fornecimento de vale-transporte<\/strong> para o deslocamento do empregado at\u00e9 o trabalho.<\/p>\n<h2 class=\"isSelectedEnd\">Hor\u00e1rios nos shopping centers<\/h2>\n<p class=\"isSelectedEnd\">Nos shopping centers, a jornada de trabalho no feriado de 7 de setembro dever\u00e1 ocorrer das <strong>14h \u00e0s 20h<\/strong>.<\/p>\n<p class=\"isSelectedEnd\">H\u00e1, por\u00e9m, uma exce\u00e7\u00e3o. Nos shoppings <strong>Cidade, Norte e Anchieta Garden<\/strong>, os trabalhadores dever\u00e3o cumprir jornada das <strong>10h \u00e0s 16h<\/strong>.<\/p>\n<h2 class=\"isSelectedEnd\">Orienta\u00e7\u00e3o aos lojistas<\/h2>\n<p class=\"isSelectedEnd\">A CDL\/BH orienta os comerciantes a observarem as condi\u00e7\u00f5es estabelecidas para o funcionamento no feriado, especialmente as regras relacionadas \u00e0 jornada de trabalho, remunera\u00e7\u00e3o e concess\u00e3o da folga compensat\u00f3ria.<\/p>\n<p class=\"isSelectedEnd\">Dessa forma, embora o com\u00e9rcio de Belo Horizonte possa funcionar no Dia da Independ\u00eancia, a utiliza\u00e7\u00e3o da m\u00e3o de obra dos empregados est\u00e1 vinculada ao cumprimento das condi\u00e7\u00f5es previstas para a data.<\/p>\n<p>&nbsp;<\/p>\n","protected":false},"excerpt":{"rendered":"Com\u00e9rcio de Belo Horizonte poder\u00e1 funcionar no Dia da Independ\u00eancia, mas empregados ter\u00e3o direitos espec\u00edficos O com\u00e9rcio de Belo Horizonte est\u00e1 autorizado a funcionar no [&hellip;]","protected":false},"author":1,"featured_media":10027,"comment_status":"closed","ping_status":"closed","sticky":false,"template":"","format":"standard","meta":{"episode_type":"audio","audio_file":"","podmotor_file_id":"","podmotor_episode_id":"","cover_image":"","cover_image_id":"","duration":"","filesize":"","filesize_raw":"","date_recorded":"","explicit":"","block":"","_jetpack_newsletter_access":"","_jetpack_dont_email_post_to_subs":false,"_jetpack_newsletter_tier_id":0,"_jetpack_memberships_contains_paywalled_content":false,"_jetpack_feature_clip_id":0,"_jetpack_memberships_contains_paid_content":false,"footnotes":"","jetpack_post_was_ever_published":false},"categories":[57,1],"tags":[2926,374,627],"series":[],"class_list":["post-10408","post","type-post","status-publish","format-standard","has-post-thumbnail","hentry","category-cidade","category-noticiasdacomunidaede","tag-comercioferiao","tag-comunidadeemacao","tag-jornaldebairro"],"episode_featured_image":"https:\/\/comunidadeemacao.com.br\/site\/wp-content\/uploads\/2026\/08\/Placa-de-loja-aberta-1-3.jpeg","episode_player_image":"https:\/\/i0.wp.com\/comunidadeemacao.com.br\/site\/wp-content\/uploads\/2025\/07\/Logo-Fala-Zona-Norte-1400-pix1.jpg?fit=1400%2C1400&ssl=1","download_link":"","player_link":"","audio_player":false,"episode_data":{"playerMode":"light","subscribeUrls":{"youtube":{"key":"youtube","url":"","label":"YouTube","class":"youtube","icon":"youtube.png"}},"rssFeedUrl":"https:\/\/comunidadeemacao.com.br\/site\/feed\/podcast\/comunidade-em-acao","embedCode":"<blockquote class=\"wp-embedded-content\" data-secret=\"azHfr7m4dC\"><a href=\"https:\/\/comunidadeemacao.com.br\/site\/lojas-de-bh-podem-abrir-no-feriado-de-7-de-setembro-confira-as-regras-2\/\">Lojas de BH podem abrir no feriado de 7 de setembro; confira as regras<\/a><\/blockquote><iframe sandbox=\"allow-scripts\" security=\"restricted\" src=\"https:\/\/comunidadeemacao.com.br\/site\/lojas-de-bh-podem-abrir-no-feriado-de-7-de-setembro-confira-as-regras-2\/embed\/#?secret=azHfr7m4dC\" width=\"500\" height=\"350\" title=\"&#8220;Lojas de BH podem abrir no feriado de 7 de setembro; confira as regras&#8221; &#8212; COMUNIDADE EM A\u00c7\u00c3O\" data-secret=\"azHfr7m4dC\" frameborder=\"0\" marginwidth=\"0\" marginheight=\"0\" scrolling=\"no\" class=\"wp-embedded-content\"><\/iframe><script>\n\/*! This file is auto-generated *\/\n!function(d,l){\"use strict\";l.querySelector&&d.addEventListener&&\"undefined\"!=typeof URL&&(d.wp=d.wp||{},d.wp.receiveEmbedMessage||(d.wp.receiveEmbedMessage=function(e){var t=e.data;if((t||t.secret||t.message||t.value)&&!\/[^a-zA-Z0-9]\/.test(t.secret)){for(var s,r,n,a=l.querySelectorAll('iframe[data-secret=\"'+t.secret+'\"]'),o=l.querySelectorAll('blockquote[data-secret=\"'+t.secret+'\"]'),c=new RegExp(\"^https?:$\",\"i\"),i=0;i<o.length;i++)o[i].style.display=\"none\";for(i=0;i<a.length;i++)s=a[i],e.source===s.contentWindow&&(s.removeAttribute(\"style\"),\"height\"===t.message?(1e3<(r=parseInt(t.value,10))?r=1e3:~~r<200&&(r=200),s.height=r):\"link\"===t.message&&(r=new URL(s.getAttribute(\"src\")),n=new URL(t.value),c.test(n.protocol))&&n.host===r.host&&l.activeElement===s&&(d.top.location.href=t.value))}},d.addEventListener(\"message\",d.wp.receiveEmbedMessage,!1),l.addEventListener(\"DOMContentLoaded\",function(){for(var e,t,s=l.querySelectorAll(\"iframe.wp-embedded-content\"),r=0;r<s.length;r++)(t=(e=s[r]).getAttribute(\"data-secret\"))||(t=Math.random().toString(36).substring(2,12),e.src+=\"#?secret=\"+t,e.setAttribute(\"data-secret\",t)),e.contentWindow.postMessage({message:\"ready\",secret:t},\"*\")},!1)))}(window,document);\n\/\/# sourceURL=https:\/\/comunidadeemacao.com.br\/site\/wp-includes\/js\/wp-embed.min.js\n<\/script>\n"},"jetpack_sharing_enabled":true,"jetpack_likes_enabled":true,"jetpack-related-posts":[{"id":10026,"url":"https:\/\/comunidadeemacao.com.br\/site\/comercio-de-bh-pode-funcionar-no-feriado-de-15-de-agosto-veja-as-regras\/","url_meta":{"origin":10408,"position":0},"title":"Com\u00e9rcio de BH pode funcionar no feriado de 15 de agosto; veja as regras","author":"Marcos Silva","date":"12 de agosto de 2026","format":false,"excerpt":"Feriado municipal de Assun\u00e7\u00e3o de Nossa Senhora permite funcionamento das lojas, mas exige cumprimento de regras trabalhistas O com\u00e9rcio de Belo Horizonte est\u00e1 autorizado a funcionar neste s\u00e1bado, 15 de agosto, feriado municipal de Assun\u00e7\u00e3o de Nossa Senhora. A informa\u00e7\u00e3o \u00e9 da C\u00e2mara de Dirigentes Lojistas de Belo Horizonte (CDL\/BH),\u2026","rel":"","context":"Em &quot;Cidade&quot;","block_context":{"text":"Cidade","link":"https:\/\/comunidadeemacao.com.br\/site\/category\/cidade\/"},"img":{"alt_text":"","src":"https:\/\/i0.wp.com\/comunidadeemacao.com.br\/site\/wp-content\/uploads\/2026\/08\/Placa-de-loja-aberta-1-3.jpeg?fit=620%2C355&ssl=1&resize=350%2C200","width":350,"height":200,"srcset":"https:\/\/i0.wp.com\/comunidadeemacao.com.br\/site\/wp-content\/uploads\/2026\/08\/Placa-de-loja-aberta-1-3.jpeg?fit=620%2C355&ssl=1&resize=350%2C200 1x, https:\/\/i0.wp.com\/comunidadeemacao.com.br\/site\/wp-content\/uploads\/2026\/08\/Placa-de-loja-aberta-1-3.jpeg?fit=620%2C355&ssl=1&resize=525%2C300 1.5x"},"classes":[]},{"id":6284,"url":"https:\/\/comunidadeemacao.com.br\/site\/consciencia-negra-comercio-de-bh-pode-abrir-no-feriado-com-regras-definidas\/","url_meta":{"origin":10408,"position":1},"title":"Consci\u00eancia Negra: com\u00e9rcio de BH pode abrir no feriado com regras definidas","author":"Marcos Silva","date":"19 de novembro de 2025","format":false,"excerpt":"Entidades orientam lojistas sobre funcionamento no feriado de 20 de novembro e detalham jornadas, pagamentos e compensa\u00e7\u00f5es O com\u00e9rcio de BH est\u00e1 autorizado a funcionar no feriado de 20 de novembro, quando celebra o Dia Nacional de Zumbi e da Consci\u00eancia Negra. A permiss\u00e3o foi confirmada pela C\u00e2mara de Dirigentes\u2026","rel":"","context":"Em &quot;Cidade&quot;","block_context":{"text":"Cidade","link":"https:\/\/comunidadeemacao.com.br\/site\/category\/cidade\/"},"img":{"alt_text":"Compras no com\u00e9rcio","src":"https:\/\/i0.wp.com\/comunidadeemacao.com.br\/site\/wp-content\/uploads\/2025\/11\/CANVA.COM-1.jpg?fit=1200%2C650&ssl=1&resize=350%2C200","width":350,"height":200,"srcset":"https:\/\/i0.wp.com\/comunidadeemacao.com.br\/site\/wp-content\/uploads\/2025\/11\/CANVA.COM-1.jpg?fit=1200%2C650&ssl=1&resize=350%2C200 1x, https:\/\/i0.wp.com\/comunidadeemacao.com.br\/site\/wp-content\/uploads\/2025\/11\/CANVA.COM-1.jpg?fit=1200%2C650&ssl=1&resize=525%2C300 1.5x, https:\/\/i0.wp.com\/comunidadeemacao.com.br\/site\/wp-content\/uploads\/2025\/11\/CANVA.COM-1.jpg?fit=1200%2C650&ssl=1&resize=700%2C400 2x, https:\/\/i0.wp.com\/comunidadeemacao.com.br\/site\/wp-content\/uploads\/2025\/11\/CANVA.COM-1.jpg?fit=1200%2C650&ssl=1&resize=1050%2C600 3x"},"classes":[]},{"id":3467,"url":"https:\/\/comunidadeemacao.com.br\/site\/o-que-abre-e-fecha-no-feriado-do-dia-do-trabalhador\/","url_meta":{"origin":10408,"position":2},"title":"O que abre e fecha no feriado do Dia do Trabalhador","author":"Marcos Silva","date":"29 de abril de 2023","format":false,"excerpt":"Devido ao feriado do Dia do Trabalhador, reparti\u00e7\u00f5es p\u00fablicas e diversas empresas ficar\u00e3o fechadas no pr\u00f3ximo 1\u00ba de maio, segunda-feira. S\u00e3o o caso dos bancos, reparti\u00e7\u00f5es p\u00fablicas municipais, estaduais e federal, retomando as atividades na ter\u00e7a-feira. A exce\u00e7\u00e3o s\u00e3o os servi\u00e7os m\u00e9dicos de urg\u00eancia, seguran\u00e7a p\u00fablica. Alguns centros de sa\u00fade\u2026","rel":"","context":"Em &quot;Cidade&quot;","block_context":{"text":"Cidade","link":"https:\/\/comunidadeemacao.com.br\/site\/category\/cidade\/"},"img":{"alt_text":"Acordo regulamenta trabalho no com\u00e9rcio em feriados","src":"https:\/\/i0.wp.com\/comunidadeemacao.com.br\/site\/wp-content\/uploads\/2020\/05\/Comercio-WL.jpeg?fit=1200%2C900&ssl=1&resize=350%2C200","width":350,"height":200,"srcset":"https:\/\/i0.wp.com\/comunidadeemacao.com.br\/site\/wp-content\/uploads\/2020\/05\/Comercio-WL.jpeg?fit=1200%2C900&ssl=1&resize=350%2C200 1x, https:\/\/i0.wp.com\/comunidadeemacao.com.br\/site\/wp-content\/uploads\/2020\/05\/Comercio-WL.jpeg?fit=1200%2C900&ssl=1&resize=525%2C300 1.5x, https:\/\/i0.wp.com\/comunidadeemacao.com.br\/site\/wp-content\/uploads\/2020\/05\/Comercio-WL.jpeg?fit=1200%2C900&ssl=1&resize=700%2C400 2x, https:\/\/i0.wp.com\/comunidadeemacao.com.br\/site\/wp-content\/uploads\/2020\/05\/Comercio-WL.jpeg?fit=1200%2C900&ssl=1&resize=1050%2C600 3x"},"classes":[]},{"id":4275,"url":"https:\/\/comunidadeemacao.com.br\/site\/comercio-de-podera-funcionar-no-feriado-de-corpus-christi\/","url_meta":{"origin":10408,"position":3},"title":"Com\u00e9rcio de Poder\u00e1 Funcionar no Feriado de Corpus Christi","author":"Marcos Silva","date":"29 de maio de 2024","format":false,"excerpt":"A C\u00e2mara de Dirigentes Lojistas de Belo Horizonte (CDL\/BH) anunciou que o com\u00e9rcio da cidade poder\u00e1 funcionar durante o feriado de Corpus Christi, que ocorrer\u00e1 na pr\u00f3xima quinta-feira, 30 de maio. No entanto, os lojistas devem seguir as regras estabelecidas pela Conven\u00e7\u00e3o Coletiva de Trabalho 2024\/2025 da categoria do Com\u00e9rcio.\u2026","rel":"","context":"Em &quot;Cidade&quot;","block_context":{"text":"Cidade","link":"https:\/\/comunidadeemacao.com.br\/site\/category\/cidade\/"},"img":{"alt_text":"Com\u00e9rcio de bairro","src":"https:\/\/i0.wp.com\/comunidadeemacao.com.br\/site\/wp-content\/uploads\/2020\/05\/Comercio-FW.jpeg?fit=1200%2C900&ssl=1&resize=350%2C200","width":350,"height":200,"srcset":"https:\/\/i0.wp.com\/comunidadeemacao.com.br\/site\/wp-content\/uploads\/2020\/05\/Comercio-FW.jpeg?fit=1200%2C900&ssl=1&resize=350%2C200 1x, https:\/\/i0.wp.com\/comunidadeemacao.com.br\/site\/wp-content\/uploads\/2020\/05\/Comercio-FW.jpeg?fit=1200%2C900&ssl=1&resize=525%2C300 1.5x, https:\/\/i0.wp.com\/comunidadeemacao.com.br\/site\/wp-content\/uploads\/2020\/05\/Comercio-FW.jpeg?fit=1200%2C900&ssl=1&resize=700%2C400 2x, https:\/\/i0.wp.com\/comunidadeemacao.com.br\/site\/wp-content\/uploads\/2020\/05\/Comercio-FW.jpeg?fit=1200%2C900&ssl=1&resize=1050%2C600 3x"},"classes":[]},{"id":4995,"url":"https:\/\/comunidadeemacao.com.br\/site\/funcionamento-do-comercio-no-feriado-prolongado-de-abril-e-regulamentado-por-entidades-representativas-de-bh-e-regiao\/","url_meta":{"origin":10408,"position":4},"title":"Funcionamento do com\u00e9rcio no feriado prolongado de abril \u00e9 regulamentado por entidades representativas de BH e regi\u00e3o","author":"Marcos Silva","date":"17 de abril de 2025","format":false,"excerpt":"O Sindilojas BH & Regi\u00e3o, o Sindicato dos Empregados no Com\u00e9rcio de Belo Horizonte (SEC-BH) e a CDL\/BH divulgaram comunicados com as regras oficiais para o funcionamento do com\u00e9rcio lojista durante o feriado prolongado de abril. As orienta\u00e7\u00f5es valem para estabelecimentos da capital e da Regi\u00e3o Metropolitana de Belo Horizonte,\u2026","rel":"","context":"Em &quot;Cidade&quot;","block_context":{"text":"Cidade","link":"https:\/\/comunidadeemacao.com.br\/site\/category\/cidade\/"},"img":{"alt_text":"Com\u00e9rcio de bairro","src":"https:\/\/i0.wp.com\/comunidadeemacao.com.br\/site\/wp-content\/uploads\/2020\/05\/Comercio-FW.jpeg?fit=1200%2C900&ssl=1&resize=350%2C200","width":350,"height":200,"srcset":"https:\/\/i0.wp.com\/comunidadeemacao.com.br\/site\/wp-content\/uploads\/2020\/05\/Comercio-FW.jpeg?fit=1200%2C900&ssl=1&resize=350%2C200 1x, https:\/\/i0.wp.com\/comunidadeemacao.com.br\/site\/wp-content\/uploads\/2020\/05\/Comercio-FW.jpeg?fit=1200%2C900&ssl=1&resize=525%2C300 1.5x, https:\/\/i0.wp.com\/comunidadeemacao.com.br\/site\/wp-content\/uploads\/2020\/05\/Comercio-FW.jpeg?fit=1200%2C900&ssl=1&resize=700%2C400 2x, https:\/\/i0.wp.com\/comunidadeemacao.com.br\/site\/wp-content\/uploads\/2020\/05\/Comercio-FW.jpeg?fit=1200%2C900&ssl=1&resize=1050%2C600 3x"},"classes":[]},{"id":3115,"url":"https:\/\/comunidadeemacao.com.br\/site\/comercio-pode-funcionar-no-feriado\/","url_meta":{"origin":10408,"position":5},"title":"Com\u00e9rcio pode funcionar no feriado","author":"Marcos Silva","date":"7 de dezembro de 2022","format":false,"excerpt":"Conforme a nota divulgada pelo CDL\/BH, o com\u00e9rcio da Capital Mineira poder\u00e1 funcionar normalmente no pr\u00f3ximo feriado de 8 de dezembro, quinta-feira, dia de(Imaculada Concei\u00e7\u00e3o. Quanto aos funcion\u00e1rios e colaboradores, o lojista pode utilizar a m\u00e3o de obra de seus empregados. Conforme as regras da Conven\u00e7\u00e3o Coletiva de Trabalho 2022\/2023\u2026","rel":"","context":"Em &quot;Cidade&quot;","block_context":{"text":"Cidade","link":"https:\/\/comunidadeemacao.com.br\/site\/category\/cidade\/"},"img":{"alt_text":"lot\u00e9rica do bairro Tupi","src":"https:\/\/i0.wp.com\/comunidadeemacao.com.br\/site\/wp-content\/uploads\/2022\/04\/Casa-loterica-Foto-Areal-JCA-MS.jpeg?fit=1200%2C900&ssl=1&resize=350%2C200","width":350,"height":200,"srcset":"https:\/\/i0.wp.com\/comunidadeemacao.com.br\/site\/wp-content\/uploads\/2022\/04\/Casa-loterica-Foto-Areal-JCA-MS.jpeg?fit=1200%2C900&ssl=1&resize=350%2C200 1x, https:\/\/i0.wp.com\/comunidadeemacao.com.br\/site\/wp-content\/uploads\/2022\/04\/Casa-loterica-Foto-Areal-JCA-MS.jpeg?fit=1200%2C900&ssl=1&resize=525%2C300 1.5x, https:\/\/i0.wp.com\/comunidadeemacao.com.br\/site\/wp-content\/uploads\/2022\/04\/Casa-loterica-Foto-Areal-JCA-MS.jpeg?fit=1200%2C900&ssl=1&resize=700%2C400 2x, https:\/\/i0.wp.com\/comunidadeemacao.com.br\/site\/wp-content\/uploads\/2022\/04\/Casa-loterica-Foto-Areal-JCA-MS.jpeg?fit=1200%2C900&ssl=1&resize=1050%2C600 3x"},"classes":[]}],"jetpack_featured_media_url":"https:\/\/i0.wp.com\/comunidadeemacao.com.br\/site\/wp-content\/uploads\/2026\/08\/Placa-de-loja-aberta-1-3.jpeg?fit=620%2C355&ssl=1","_links":{"self":[{"href":"https:\/\/comunidadeemacao.com.br\/site\/wp-json\/wp\/v2\/posts\/10408","targetHints":{"allow":["GET"]}}],"collection":[{"href":"https:\/\/comunidadeemacao.com.br\/site\/wp-json\/wp\/v2\/posts"}],"about":[{"href":"https:\/\/comunidadeemacao.com.br\/site\/wp-json\/wp\/v2\/types\/post"}],"author":[{"embeddable":true,"href":"https:\/\/comunidadeemacao.com.br\/site\/wp-json\/wp\/v2\/users\/1"}],"replies":[{"embeddable":true,"href":"https:\/\/comunidadeemacao.com.br\/site\/wp-json\/wp\/v2\/comments?post=10408"}],"version-history":[{"count":2,"href":"https:\/\/comunidadeemacao.com.br\/site\/wp-json\/wp\/v2\/posts\/10408\/revisions"}],"predecessor-version":[{"id":10416,"href":"https:\/\/comunidadeemacao.com.br\/site\/wp-json\/wp\/v2\/posts\/10408\/revisions\/10416"}],"wp:featuredmedia":[{"embeddable":true,"href":"https:\/\/comunidadeemacao.com.br\/site\/wp-json\/wp\/v2\/media\/10027"}],"wp:attachment":[{"href":"https:\/\/comunidadeemacao.com.br\/site\/wp-json\/wp\/v2\/media?parent=10408"}],"wp:term":[{"taxonomy":"category","embeddable":true,"href":"https:\/\/comunidadeemacao.com.br\/site\/wp-json\/wp\/v2\/categories?post=10408"},{"taxonomy":"post_tag","embeddable":true,"href":"https:\/\/comunidadeemacao.com.br\/site\/wp-json\/wp\/v2\/tags?post=10408"},{"taxonomy":"series","embeddable":true,"href":"https:\/\/comunidadeemacao.com.br\/site\/wp-json\/wp\/v2\/series?post=10408"}],"curies":[{"name":"wp","href":"https:\/\/api.w.org\/{rel}","templated":true}]}}