{"id":10391,"date":"2026-09-01T07:31:50","date_gmt":"2026-09-01T10:31:50","guid":{"rendered":"https:\/\/comunidadeemacao.com.br\/site\/?p=10391"},"modified":"2026-08-31T20:39:17","modified_gmt":"2026-08-31T23:39:17","slug":"protecao-ao-consumidor-ganha-novas-regras-para-ingressos-e-grandes-eventos","status":"publish","type":"post","link":"https:\/\/comunidadeemacao.com.br\/site\/protecao-ao-consumidor-ganha-novas-regras-para-ingressos-e-grandes-eventos\/","title":{"rendered":"Prote\u00e7\u00e3o ao consumidor ganha novas regras para ingressos e grandes eventos"},"content":{"rendered":"<h2 class=\"isSelectedEnd\">Decretos estabelecem medidas para combater abusos na venda de ingressos e garantir \u00e1gua pot\u00e1vel ao p\u00fablico<\/h2>\n<p class=\"isSelectedEnd\">O governo federal publicou nesta segunda-feira (31) novas regras para ampliar a prote\u00e7\u00e3o dos consumidores em eventos abertos ao p\u00fablico. As medidas estabelecem normas para a comercializa\u00e7\u00e3o e a revenda de ingressos e garantem acesso gratuito \u00e0 \u00e1gua pot\u00e1vel em grandes eventos.<\/p>\n<p class=\"isSelectedEnd\">As mudan\u00e7as foram formalizadas por meio de dois decretos assinados pelo presidente Luiz In\u00e1cio Lula da Silva. O objetivo \u00e9 enfrentar pr\u00e1ticas abusivas e fraudulentas na venda de ingressos e ampliar medidas voltadas \u00e0 prote\u00e7\u00e3o da sa\u00fade dos consumidores.<\/p>\n<h2 class=\"isSelectedEnd\">Novas regras para venda de ingressos<\/h2>\n<p class=\"isSelectedEnd\">Um dos decretos regulamenta dispositivos do C\u00f3digo de Defesa do Consumidor e da legisla\u00e7\u00e3o sobre meia-entrada. A norma estabelece mecanismos para prevenir compras em massa, abusivas ou especulativas, inclusive por meio de sistemas automatizados, softwares e scripts.<\/p>\n<p class=\"isSelectedEnd\">O comercializador prim\u00e1rio, respons\u00e1vel pela emiss\u00e3o ou venda direta dos ingressos ao consumidor, dever\u00e1 adotar mecanismos para impedir esse tipo de pr\u00e1tica.<\/p>\n<p class=\"isSelectedEnd\">A regulamenta\u00e7\u00e3o tamb\u00e9m amplia a transpar\u00eancia nas opera\u00e7\u00f5es. Na revenda, o intermediador dever\u00e1 informar o pre\u00e7o total do ingresso, o valor de face e eventual quantia cobrada acima desse valor.<\/p>\n<p class=\"isSelectedEnd\">Al\u00e9m disso, ficam estabelecidas regras relacionadas \u00e0 meia-entrada, \u00e0s condi\u00e7\u00f5es de venda e \u00e0s informa\u00e7\u00f5es apresentadas ao consumidor.<\/p>\n<h2 class=\"isSelectedEnd\">Direito de arrependimento e transfer\u00eancia<\/h2>\n<p class=\"isSelectedEnd\">As novas regras asseguram o direito de arrependimento previsto no C\u00f3digo de Defesa do Consumidor por meio de um canal espec\u00edfico, claro e de f\u00e1cil acesso.<\/p>\n<p class=\"isSelectedEnd\">A transfer\u00eancia de titularidade do ingresso dever\u00e1 ser gratuita e realizada pela plataforma oficial.<\/p>\n<h2 class=\"isSelectedEnd\">\u00c1gua pot\u00e1vel em grandes eventos<\/h2>\n<p class=\"isSelectedEnd\">O segundo decreto amplia as regras relacionadas ao acesso \u00e0 \u00e1gua pot\u00e1vel. A medida estabelece a possibilidade de entrada com \u00e1gua e determina a exist\u00eancia de pontos de distribui\u00e7\u00e3o gratuita em grandes eventos.<\/p>\n<p class=\"isSelectedEnd\">A regra considera como grandes eventos aqueles que re\u00fanem mais de mil pessoas. A medida alcan\u00e7a diferentes tipos de eventos e estabelece uma prote\u00e7\u00e3o relacionada \u00e0 sa\u00fade do p\u00fablico.<\/p>\n<h2 class=\"isSelectedEnd\">Prote\u00e7\u00e3o do consumidor<\/h2>\n<p class=\"isSelectedEnd\">As medidas estabelecem novas responsabilidades para comercializadores e organizadores de eventos, com foco na transpar\u00eancia das rela\u00e7\u00f5es de consumo e na prote\u00e7\u00e3o do p\u00fablico.<\/p>\n<p class=\"isSelectedEnd\">Dessa forma, as regras passam a tratar tanto das condi\u00e7\u00f5es de compra e revenda de ingressos quanto do acesso \u00e0 \u00e1gua pot\u00e1vel durante grandes eventos.<\/p>\n<p class=\"isSelectedEnd\">A iniciativa amplia mecanismos de prote\u00e7\u00e3o para consumidores que participam de eventos e estabelece par\u00e2metros para reduzir pr\u00e1ticas consideradas abusivas na comercializa\u00e7\u00e3o de ingressos.<\/p>\n<p>&nbsp;<\/p>\n","protected":false},"excerpt":{"rendered":"Decretos estabelecem medidas para combater abusos na venda de ingressos e garantir \u00e1gua pot\u00e1vel ao p\u00fablico O governo federal publicou nesta segunda-feira (31) novas regras [&hellip;]","protected":false},"author":1,"featured_media":10392,"comment_status":"closed","ping_status":"closed","sticky":false,"template":"","format":"standard","meta":{"episode_type":"audio","audio_file":"","podmotor_file_id":"","podmotor_episode_id":"","cover_image":"","cover_image_id":"","duration":"","filesize":"","filesize_raw":"","date_recorded":"","explicit":"","block":"","_jetpack_newsletter_access":"","_jetpack_dont_email_post_to_subs":false,"_jetpack_newsletter_tier_id":0,"_jetpack_memberships_contains_paywalled_content":false,"_jetpack_feature_clip_id":0,"_jetpack_memberships_contains_paid_content":false,"footnotes":"","jetpack_post_was_ever_published":false},"categories":[54],"tags":[374,2922,627],"series":[],"class_list":["post-10391","post","type-post","status-publish","format-standard","has-post-thumbnail","hentry","category-dia-a-dia","tag-comunidadeemacao","tag-direeitoagua","tag-jornaldebairro"],"episode_featured_image":"https:\/\/comunidadeemacao.com.br\/site\/wp-content\/uploads\/2026\/08\/mg_9522.webp","episode_player_image":"https:\/\/i0.wp.com\/comunidadeemacao.com.br\/site\/wp-content\/uploads\/2025\/07\/Logo-Fala-Zona-Norte-1400-pix1.jpg?fit=1400%2C1400&ssl=1","download_link":"","player_link":"","audio_player":false,"episode_data":{"playerMode":"light","subscribeUrls":{"youtube":{"key":"youtube","url":"","label":"YouTube","class":"youtube","icon":"youtube.png"}},"rssFeedUrl":"https:\/\/comunidadeemacao.com.br\/site\/feed\/podcast\/comunidade-em-acao","embedCode":"<blockquote class=\"wp-embedded-content\" data-secret=\"4Ko6iVW1hI\"><a href=\"https:\/\/comunidadeemacao.com.br\/site\/protecao-ao-consumidor-ganha-novas-regras-para-ingressos-e-grandes-eventos\/\">Prote\u00e7\u00e3o ao consumidor ganha novas regras para ingressos e grandes eventos<\/a><\/blockquote><iframe sandbox=\"allow-scripts\" security=\"restricted\" src=\"https:\/\/comunidadeemacao.com.br\/site\/protecao-ao-consumidor-ganha-novas-regras-para-ingressos-e-grandes-eventos\/embed\/#?secret=4Ko6iVW1hI\" width=\"500\" height=\"350\" title=\"&#8220;Prote\u00e7\u00e3o ao consumidor ganha novas regras para ingressos e grandes eventos&#8221; &#8212; COMUNIDADE EM A\u00c7\u00c3O\" data-secret=\"4Ko6iVW1hI\" frameborder=\"0\" marginwidth=\"0\" marginheight=\"0\" scrolling=\"no\" class=\"wp-embedded-content\"><\/iframe><script>\n\/*! This file is auto-generated *\/\n!function(d,l){\"use strict\";l.querySelector&&d.addEventListener&&\"undefined\"!=typeof URL&&(d.wp=d.wp||{},d.wp.receiveEmbedMessage||(d.wp.receiveEmbedMessage=function(e){var t=e.data;if((t||t.secret||t.message||t.value)&&!\/[^a-zA-Z0-9]\/.test(t.secret)){for(var s,r,n,a=l.querySelectorAll('iframe[data-secret=\"'+t.secret+'\"]'),o=l.querySelectorAll('blockquote[data-secret=\"'+t.secret+'\"]'),c=new RegExp(\"^https?:$\",\"i\"),i=0;i<o.length;i++)o[i].style.display=\"none\";for(i=0;i<a.length;i++)s=a[i],e.source===s.contentWindow&&(s.removeAttribute(\"style\"),\"height\"===t.message?(1e3<(r=parseInt(t.value,10))?r=1e3:~~r<200&&(r=200),s.height=r):\"link\"===t.message&&(r=new URL(s.getAttribute(\"src\")),n=new URL(t.value),c.test(n.protocol))&&n.host===r.host&&l.activeElement===s&&(d.top.location.href=t.value))}},d.addEventListener(\"message\",d.wp.receiveEmbedMessage,!1),l.addEventListener(\"DOMContentLoaded\",function(){for(var e,t,s=l.querySelectorAll(\"iframe.wp-embedded-content\"),r=0;r<s.length;r++)(t=(e=s[r]).getAttribute(\"data-secret\"))||(t=Math.random().toString(36).substring(2,12),e.src+=\"#?secret=\"+t,e.setAttribute(\"data-secret\",t)),e.contentWindow.postMessage({message:\"ready\",secret:t},\"*\")},!1)))}(window,document);\n\/\/# sourceURL=https:\/\/comunidadeemacao.com.br\/site\/wp-includes\/js\/wp-embed.min.js\n<\/script>\n"},"jetpack_sharing_enabled":true,"jetpack_likes_enabled":true,"jetpack-related-posts":[{"id":9414,"url":"https:\/\/comunidadeemacao.com.br\/site\/regras-rigidas-para-publicidade-de-apostas-esportivas-entram-em-vigor\/","url_meta":{"origin":10391,"position":0},"title":"Regras R\u00edgidas para Publicidade de Apostas Esportivas Entram em Vigor","author":"Marcos Silva","date":"10 de julho de 2026","format":false,"excerpt":"Novas Regras de Publicidade As empresas de apostas esportivas online, popularmente conhecidas como 'bets', enfrentar\u00e3o novas e rigorosas diretrizes publicit\u00e1rias no Brasil. O an\u00fancio foi feito pelo ministro da Fazenda, Dario Durigan, nesta quinta-feira (9). As regulamenta\u00e7\u00f5es, que prometem reformular o setor, ser\u00e3o oficialmente publicadas nesta sexta-feira (10) e passar\u00e3o\u2026","rel":"","context":"Em &quot;Esportes&quot;","block_context":{"text":"Esportes","link":"https:\/\/comunidadeemacao.com.br\/site\/category\/esportes\/"},"img":{"alt_text":"Novas regras ampliam prote\u00e7\u00e3o ao consumidor e preveem san\u00e7\u00f5es","src":"https:\/\/i0.wp.com\/comunidadeemacao.com.br\/site\/wp-content\/uploads\/2026\/07\/uso_de_smartphone_e_celular050720211245.webp?fit=1170%2C700&ssl=1&resize=350%2C200","width":350,"height":200,"srcset":"https:\/\/i0.wp.com\/comunidadeemacao.com.br\/site\/wp-content\/uploads\/2026\/07\/uso_de_smartphone_e_celular050720211245.webp?fit=1170%2C700&ssl=1&resize=350%2C200 1x, https:\/\/i0.wp.com\/comunidadeemacao.com.br\/site\/wp-content\/uploads\/2026\/07\/uso_de_smartphone_e_celular050720211245.webp?fit=1170%2C700&ssl=1&resize=525%2C300 1.5x, https:\/\/i0.wp.com\/comunidadeemacao.com.br\/site\/wp-content\/uploads\/2026\/07\/uso_de_smartphone_e_celular050720211245.webp?fit=1170%2C700&ssl=1&resize=700%2C400 2x, https:\/\/i0.wp.com\/comunidadeemacao.com.br\/site\/wp-content\/uploads\/2026\/07\/uso_de_smartphone_e_celular050720211245.webp?fit=1170%2C700&ssl=1&resize=1050%2C600 3x"},"classes":[]},{"id":10065,"url":"https:\/\/comunidadeemacao.com.br\/site\/consumidores-poderao-escolher-fornecedores-de-energia-a-partir-de-2027\/","url_meta":{"origin":10391,"position":1},"title":"Consumidores poder\u00e3o escolher fornecedores de energia a partir de 2027","author":"Marcos Silva","date":"14 de agosto de 2026","format":false,"excerpt":"Liberdade de escolha no fornecimento de energia Em um movimento significativo para o setor de energia no Brasil, o presidente Luiz In\u00e1cio Lula da Silva sancionou um decreto nesta quarta-feira (12) que promete transformar a din\u00e2mica do consumo el\u00e9trico no pa\u00eds. A partir de 2027, os consumidores ter\u00e3o a liberdade\u2026","rel":"","context":"Em &quot;Dia A Dia&quot;","block_context":{"text":"Dia A Dia","link":"https:\/\/comunidadeemacao.com.br\/site\/category\/dia-a-dia\/"},"img":{"alt_text":"Decreto assinado hoje regulamenta o mercado livre de energia el\u00e9trica","src":"https:\/\/i0.wp.com\/comunidadeemacao.com.br\/site\/wp-content\/uploads\/2026\/08\/rbr1067.webp?fit=1170%2C700&ssl=1&resize=350%2C200","width":350,"height":200,"srcset":"https:\/\/i0.wp.com\/comunidadeemacao.com.br\/site\/wp-content\/uploads\/2026\/08\/rbr1067.webp?fit=1170%2C700&ssl=1&resize=350%2C200 1x, https:\/\/i0.wp.com\/comunidadeemacao.com.br\/site\/wp-content\/uploads\/2026\/08\/rbr1067.webp?fit=1170%2C700&ssl=1&resize=525%2C300 1.5x, https:\/\/i0.wp.com\/comunidadeemacao.com.br\/site\/wp-content\/uploads\/2026\/08\/rbr1067.webp?fit=1170%2C700&ssl=1&resize=700%2C400 2x, https:\/\/i0.wp.com\/comunidadeemacao.com.br\/site\/wp-content\/uploads\/2026\/08\/rbr1067.webp?fit=1170%2C700&ssl=1&resize=1050%2C600 3x"},"classes":[]},{"id":6334,"url":"https:\/\/comunidadeemacao.com.br\/site\/professores-de-bh-obtem-direito-a-meia-entrada-em-eventos-culturais-e-esportivos\/","url_meta":{"origin":10391,"position":2},"title":"Professores de BH Obt\u00eam Direito \u00e0 Meia-Entrada em Eventos Culturais e Esportivos","author":"Marcos Silva","date":"23 de novembro de 2025","format":false,"excerpt":"Nova legisla\u00e7\u00e3o promove acesso \u00e0 cultura para educadores Em um movimento significativo de valoriza\u00e7\u00e3o dos professores, a Prefeitura de Belo Horizonte sancionou uma nova legisla\u00e7\u00e3o que garante aos docentes do ensino b\u00e1sico o direito ao pagamento de meia-entrada em eventos culturais e esportivos. A Lei 11.923, publicada no Di\u00e1rio Oficial\u2026","rel":"","context":"Em &quot;Cidade&quot;","block_context":{"text":"Cidade","link":"https:\/\/comunidadeemacao.com.br\/site\/category\/cidade\/"},"img":{"alt_text":"","src":"https:\/\/i0.wp.com\/comunidadeemacao.com.br\/site\/wp-content\/uploads\/2025\/11\/mcamgo_abr20180605_1017_0.png?fit=564%2C337&ssl=1&resize=350%2C200","width":350,"height":200,"srcset":"https:\/\/i0.wp.com\/comunidadeemacao.com.br\/site\/wp-content\/uploads\/2025\/11\/mcamgo_abr20180605_1017_0.png?fit=564%2C337&ssl=1&resize=350%2C200 1x, https:\/\/i0.wp.com\/comunidadeemacao.com.br\/site\/wp-content\/uploads\/2025\/11\/mcamgo_abr20180605_1017_0.png?fit=564%2C337&ssl=1&resize=525%2C300 1.5x"},"classes":[]},{"id":1266,"url":"https:\/\/comunidadeemacao.com.br\/site\/uso-de-mascara-agora-e-lei-em-bh\/","url_meta":{"origin":10391,"position":3},"title":"Uso de mascara agora \u00e9 lei em BH","author":"Marcos Silva","date":"22 de abril de 2020","format":false,"excerpt":"Em Belo Horizonte um decreto da Prefeitura determina o uso de mascara ou cobertura sobre o nariz e boca em todos os espa\u00e7os p\u00fablicos passa ser obrigat\u00f3rio. A partir de hoje, 22\/04, em todos os espa\u00e7os p\u00fablicos, equipamentos de transporte p\u00fablico coletivo e estabelecimentos comerciais, industriais e de servi\u00e7os em\u2026","rel":"","context":"Em &quot;Cidade&quot;","block_context":{"text":"Cidade","link":"https:\/\/comunidadeemacao.com.br\/site\/category\/cidade\/"},"img":{"alt_text":"","src":"https:\/\/i0.wp.com\/comunidadeemacao.com.br\/site\/wp-content\/uploads\/2020\/04\/Vale-a-Pena-web.jpeg?fit=1200%2C900&ssl=1&resize=350%2C200","width":350,"height":200,"srcset":"https:\/\/i0.wp.com\/comunidadeemacao.com.br\/site\/wp-content\/uploads\/2020\/04\/Vale-a-Pena-web.jpeg?fit=1200%2C900&ssl=1&resize=350%2C200 1x, https:\/\/i0.wp.com\/comunidadeemacao.com.br\/site\/wp-content\/uploads\/2020\/04\/Vale-a-Pena-web.jpeg?fit=1200%2C900&ssl=1&resize=525%2C300 1.5x, https:\/\/i0.wp.com\/comunidadeemacao.com.br\/site\/wp-content\/uploads\/2020\/04\/Vale-a-Pena-web.jpeg?fit=1200%2C900&ssl=1&resize=700%2C400 2x, https:\/\/i0.wp.com\/comunidadeemacao.com.br\/site\/wp-content\/uploads\/2020\/04\/Vale-a-Pena-web.jpeg?fit=1200%2C900&ssl=1&resize=1050%2C600 3x"},"classes":[]},{"id":1242,"url":"https:\/\/comunidadeemacao.com.br\/site\/prefeitura-proibe-funcionamento-do-comercio-de-belo-horizonte\/","url_meta":{"origin":10391,"position":4},"title":"Prefeitura pro\u00edbe funcionamento do com\u00e9rcio de Belo Horizonte","author":"Marcos Silva","date":"9 de abril de 2020","format":false,"excerpt":"Decreto da Prefeitura pro\u00edbe funcionamento do com\u00e9rcio de Belo Horizonte a partir desta quinta-feira Foi publicado na quarta-feira, 8, em edi\u00e7\u00e3o extra do \u201cDi\u00e1rio Oficial do Munic\u00edpio\u201d (\u201cDOM\u201d) o Decreto 17.328, assinado pelo prefeito, Alexandre Kalil (PSD), que determinou o fechamento por prazo indeterminado todos os Alvar\u00e1 de Localiza\u00e7\u00e3o e\u2026","rel":"","context":"Em &quot;Not\u00edcias&quot;","block_context":{"text":"Not\u00edcias","link":"https:\/\/comunidadeemacao.com.br\/site\/category\/noticiasdacomunidaede\/"},"img":{"alt_text":"","src":"https:\/\/i0.wp.com\/comunidadeemacao.com.br\/site\/wp-content\/uploads\/2020\/04\/Slide-covid-site.jpg?fit=1064%2C592&ssl=1&resize=350%2C200","width":350,"height":200,"srcset":"https:\/\/i0.wp.com\/comunidadeemacao.com.br\/site\/wp-content\/uploads\/2020\/04\/Slide-covid-site.jpg?fit=1064%2C592&ssl=1&resize=350%2C200 1x, https:\/\/i0.wp.com\/comunidadeemacao.com.br\/site\/wp-content\/uploads\/2020\/04\/Slide-covid-site.jpg?fit=1064%2C592&ssl=1&resize=525%2C300 1.5x, https:\/\/i0.wp.com\/comunidadeemacao.com.br\/site\/wp-content\/uploads\/2020\/04\/Slide-covid-site.jpg?fit=1064%2C592&ssl=1&resize=700%2C400 2x, https:\/\/i0.wp.com\/comunidadeemacao.com.br\/site\/wp-content\/uploads\/2020\/04\/Slide-covid-site.jpg?fit=1064%2C592&ssl=1&resize=1050%2C600 3x"},"classes":[]},{"id":7711,"url":"https:\/\/comunidadeemacao.com.br\/site\/proposta-busca-ampliar-anamnese-de-estudantes-com-autismo-em-escolas\/","url_meta":{"origin":10391,"position":5},"title":"Proposta Busca Ampliar Anamnese de Estudantes com Autismo em Escolas","author":"Marcos Silva","date":"20 de mar\u00e7o de 2026","format":false,"excerpt":"Introdu\u00e7\u00e3o: A Import\u00e2ncia da Anamnese Ampliada Um novo cap\u00edtulo na inclus\u00e3o escolar est\u00e1 sendo escrito com o Projeto de Lei (PL) 438\/2025, de autoria de Diego Sanches. A proposta visa a implementa\u00e7\u00e3o de fichas de anamnese ampliadas para alunos com Transtorno do Espectro Autista (TEA) nas escolas de Belo Horizonte.\u2026","rel":"","context":"Em &quot;Sa\u00fade&quot;","block_context":{"text":"Sa\u00fade","link":"https:\/\/comunidadeemacao.com.br\/site\/category\/noticiasdacomunidaede\/saude\/"},"img":{"alt_text":"","src":"https:\/\/i0.wp.com\/comunidadeemacao.com.br\/site\/wp-content\/uploads\/2026\/03\/48643968841_db090778a8_b.jpg?fit=564%2C375&ssl=1&resize=350%2C200","width":350,"height":200,"srcset":"https:\/\/i0.wp.com\/comunidadeemacao.com.br\/site\/wp-content\/uploads\/2026\/03\/48643968841_db090778a8_b.jpg?fit=564%2C375&ssl=1&resize=350%2C200 1x, https:\/\/i0.wp.com\/comunidadeemacao.com.br\/site\/wp-content\/uploads\/2026\/03\/48643968841_db090778a8_b.jpg?fit=564%2C375&ssl=1&resize=525%2C300 1.5x"},"classes":[]}],"jetpack_featured_media_url":"https:\/\/i0.wp.com\/comunidadeemacao.com.br\/site\/wp-content\/uploads\/2026\/08\/mg_9522.webp?fit=1170%2C700&ssl=1","_links":{"self":[{"href":"https:\/\/comunidadeemacao.com.br\/site\/wp-json\/wp\/v2\/posts\/10391","targetHints":{"allow":["GET"]}}],"collection":[{"href":"https:\/\/comunidadeemacao.com.br\/site\/wp-json\/wp\/v2\/posts"}],"about":[{"href":"https:\/\/comunidadeemacao.com.br\/site\/wp-json\/wp\/v2\/types\/post"}],"author":[{"embeddable":true,"href":"https:\/\/comunidadeemacao.com.br\/site\/wp-json\/wp\/v2\/users\/1"}],"replies":[{"embeddable":true,"href":"https:\/\/comunidadeemacao.com.br\/site\/wp-json\/wp\/v2\/comments?post=10391"}],"version-history":[{"count":1,"href":"https:\/\/comunidadeemacao.com.br\/site\/wp-json\/wp\/v2\/posts\/10391\/revisions"}],"predecessor-version":[{"id":10393,"href":"https:\/\/comunidadeemacao.com.br\/site\/wp-json\/wp\/v2\/posts\/10391\/revisions\/10393"}],"wp:featuredmedia":[{"embeddable":true,"href":"https:\/\/comunidadeemacao.com.br\/site\/wp-json\/wp\/v2\/media\/10392"}],"wp:attachment":[{"href":"https:\/\/comunidadeemacao.com.br\/site\/wp-json\/wp\/v2\/media?parent=10391"}],"wp:term":[{"taxonomy":"category","embeddable":true,"href":"https:\/\/comunidadeemacao.com.br\/site\/wp-json\/wp\/v2\/categories?post=10391"},{"taxonomy":"post_tag","embeddable":true,"href":"https:\/\/comunidadeemacao.com.br\/site\/wp-json\/wp\/v2\/tags?post=10391"},{"taxonomy":"series","embeddable":true,"href":"https:\/\/comunidadeemacao.com.br\/site\/wp-json\/wp\/v2\/series?post=10391"}],"curies":[{"name":"wp","href":"https:\/\/api.w.org\/{rel}","templated":true}]}}