{"id":10387,"date":"2026-09-01T05:17:50","date_gmt":"2026-09-01T08:17:50","guid":{"rendered":"https:\/\/comunidadeemacao.com.br\/site\/?p=10387"},"modified":"2026-08-31T20:25:33","modified_gmt":"2026-08-31T23:25:33","slug":"previsao-do-tempo-em-bh-para-1o-de-setembro-calor-baixa-umidade-e-atencao-para-possibilidade-de-chuva","status":"publish","type":"post","link":"https:\/\/comunidadeemacao.com.br\/site\/previsao-do-tempo-em-bh-para-1o-de-setembro-calor-baixa-umidade-e-atencao-para-possibilidade-de-chuva\/","title":{"rendered":"Previs\u00e3o do tempo em BH para 1\u00ba de setembro: calor, baixa umidade e aten\u00e7\u00e3o para possibilidade de chuva"},"content":{"rendered":"<h2>\ud83c\udf21\ufe0f BH ter\u00e1 temperatura elevada nesta ter\u00e7a-feira (1\u00ba), mas modelos meteorol\u00f3gicos divergem sobre a ocorr\u00eancia de chuva; popula\u00e7\u00e3o deve acompanhar os alertas oficiais da Defesa Civil<\/h2>\n<p class=\"isSelectedEnd\"><strong>Belo Horizonte ter\u00e1 uma ter\u00e7a-feira (1\u00ba de setembro de 2026) marcada por temperaturas elevadas, baixa umidade durante o per\u00edodo mais quente do dia e possibilidade de mudan\u00e7a nas condi\u00e7\u00f5es do tempo \u00e0 noite.<\/strong> As previs\u00f5es consultadas apresentam diferen\u00e7as importantes quanto \u00e0 ocorr\u00eancia de chuva, o que exige aten\u00e7\u00e3o especial dos moradores diante da aproxima\u00e7\u00e3o de uma frente fria pelo Sudeste.<\/p>\n<p class=\"isSelectedEnd\">\ud83c\udf21\ufe0f <strong>Temperatura:<\/strong> entre <strong>17\u00b0C e 32\u00b0C<\/strong>, dependendo do modelo consultado.<br \/>\n\ud83d\udca7 <strong>Umidade:<\/strong> pode cair para cerca de <strong>40% durante o dia<\/strong>, aumentando \u00e0 noite.<br \/>\n\ud83c\udf27\ufe0f <strong>Chuva:<\/strong> h\u00e1 diverg\u00eancia entre os modelos, com possibilidade de pancadas principalmente durante a noite\/madrugada.<br \/>\n\ud83d\udca8 <strong>Ventos:<\/strong> podem ficar mais fortes, especialmente durante a mudan\u00e7a das condi\u00e7\u00f5es atmosf\u00e9ricas.<\/p>\n<h3>\u2600\ufe0f Calor predomina durante o dia<\/h3>\n<p class=\"isSelectedEnd\">O <strong>Weather Channel<\/strong> indica para Belo Horizonte m\u00e1xima de <strong>32\u00b0C e m\u00ednima de 17\u00b0C<\/strong> na ter\u00e7a-feira. Durante o dia, a previs\u00e3o aponta c\u00e9u claro, ventos de noroeste entre 15 km\/h e 30 km\/h e apenas <strong>5% de possibilidade de chuva<\/strong>. \u00c0 noite, entretanto, o cen\u00e1rio muda: a previs\u00e3o indica <strong>50% de possibilidade de pancadas de chuva<\/strong>, com ventos de sudoeste e umidade subindo para aproximadamente 74%.<\/p>\n<p class=\"isSelectedEnd\">A previs\u00e3o do <strong>Climatempo<\/strong> \u00e9 semelhante no que diz respeito ao calor: temperatura entre <strong>15\u00b0C e 31\u00b0C<\/strong>, com sol e aumento de nuvens. O servi\u00e7o, por\u00e9m, aponta <strong>67% de possibilidade de chuva e acumulado estimado de 0,5 mm<\/strong>, especialmente no per\u00edodo noturno.<\/p>\n<p class=\"isSelectedEnd\">J\u00e1 o <strong>Tempo.com\/Meteored<\/strong> trabalha com uma previs\u00e3o mais favor\u00e1vel \u00e0 ocorr\u00eancia de chuva: <strong>32\u00b0C de m\u00e1xima e 17\u00b0C de m\u00ednima<\/strong>, com <strong>80% de possibilidade de chuva fraca e acumulado estimado em 0,6 mm<\/strong>. O servi\u00e7o tamb\u00e9m prev\u00ea ventos de noroeste com rajadas que podem chegar a <strong>49 km\/h<\/strong>.<\/p>\n<h3>\ud83c\udf27\ufe0f Alerta para a chuva: por que os moradores devem ficar atentos<\/h3>\n<p class=\"isSelectedEnd\">A diverg\u00eancia entre os modelos \u00e9 um ponto importante. Enquanto alguns indicam tempo predominantemente firme durante o dia, outros sinalizam possibilidade de chuva fraca e pancadas \u00e0 noite.<\/p>\n<p class=\"isSelectedEnd\">O cen\u00e1rio regional merece aten\u00e7\u00e3o porque o <strong>Climatempo aponta o avan\u00e7o de uma nova frente fria pelo Sul e Sudeste em 1\u00ba de setembro<\/strong>, com mudan\u00e7a nas condi\u00e7\u00f5es atmosf\u00e9ricas em parte da regi\u00e3o.<\/p>\n<p class=\"isSelectedEnd\">Al\u00e9m disso, o <strong>INMET<\/strong> informou nesta segunda-feira (31) que a previs\u00e3o clim\u00e1tica para setembro aponta <strong>chuvas acima da m\u00e9dia hist\u00f3rica em \u00e1reas do Sudeste<\/strong>, enquanto as temperaturas devem ficar acima da m\u00e9dia em grande parte da regi\u00e3o, com destaque para Minas Gerais. O instituto prev\u00ea desvios de temperatura de at\u00e9 <strong>1,5\u00b0C acima da climatologia<\/strong> em \u00e1reas mineiras.<\/p>\n<p class=\"isSelectedEnd\">\u26a0\ufe0f <strong>Importante:<\/strong> previs\u00e3o meteorol\u00f3gica para um dia espec\u00edfico pode sofrer altera\u00e7\u00f5es, principalmente quando h\u00e1 atua\u00e7\u00e3o ou aproxima\u00e7\u00e3o de sistemas frontais. Por isso, a popula\u00e7\u00e3o deve acompanhar as atualiza\u00e7\u00f5es do INMET, Cemaden e Defesa Civil ao longo do dia.<\/p>\n<h3>\ud83d\udca7 Umidade baixa exige aten\u00e7\u00e3o \u00e0 hidrata\u00e7\u00e3o<\/h3>\n<p class=\"isSelectedEnd\">Outro ponto de aten\u00e7\u00e3o \u00e9 a umidade do ar.<\/p>\n<p class=\"isSelectedEnd\">O Weather Channel estima <strong>40% de umidade durante o per\u00edodo diurno<\/strong> em Belo Horizonte, enquanto \u00e0 noite o \u00edndice pode subir significativamente.<\/p>\n<p class=\"isSelectedEnd\">Mesmo com a possibilidade de chuva \u00e0 noite, o per\u00edodo mais quente do dia pode continuar apresentando condi\u00e7\u00f5es de ar seco. A recomenda\u00e7\u00e3o \u00e9 <strong>beber \u00e1gua regularmente ao longo do dia<\/strong>, sem esperar a sensa\u00e7\u00e3o de sede, al\u00e9m de evitar exposi\u00e7\u00e3o prolongada ao sol nos hor\u00e1rios de maior calor.<\/p>\n<p class=\"isSelectedEnd\">\ud83d\udca7 <strong>Mantenha uma garrafa de \u00e1gua por perto e fa\u00e7a a hidrata\u00e7\u00e3o de forma regular.<\/strong><\/p>\n<h3>\ud83d\udcf1 Defesa Civil: cadastre seu celular para receber alertas<\/h3>\n<p class=\"isSelectedEnd\">Diante da possibilidade de mudan\u00e7as r\u00e1pidas no tempo, a popula\u00e7\u00e3o de Belo Horizonte deve utilizar os canais oficiais de monitoramento e alerta.<\/p>\n<p class=\"isSelectedEnd\">A <strong>Defesa Civil de Belo Horizonte disponibiliza gratuitamente o servi\u00e7o de SMS<\/strong>. Para receber os avisos, basta enviar o <strong>CEP da resid\u00eancia para o n\u00famero 40199<\/strong>. A Prefeitura tamb\u00e9m informa que mant\u00e9m canais oficiais para alertas sobre chuvas fortes, granizo, tempestades, vendavais, alagamentos e deslizamentos.<\/p>\n<p class=\"isSelectedEnd\">\ud83d\udcf2 <strong>Como cadastrar:<\/strong><br \/>\n<strong>Envie o CEP da sua resid\u00eancia por SMS para 40199.<\/strong><\/p>\n<p class=\"isSelectedEnd\">Em situa\u00e7\u00f5es de emerg\u00eancia, a Defesa Civil de Belo Horizonte pode ser acionada pelo <strong>telefone 199<\/strong>.<\/p>\n<h3>\ud83c\udf24\ufe0f Resumo da previs\u00e3o para BH \u2014 1\u00ba\/09<\/h3>\n<ul data-spread=\"false\">\n<li>\ud83c\udf21\ufe0f <strong>M\u00e1xima:<\/strong> entre 31\u00b0C e 32\u00b0C<\/li>\n<li>\ud83c\udf21\ufe0f <strong>M\u00ednima:<\/strong> entre 15\u00b0C e 18\u00b0C<\/li>\n<li>\u2600\ufe0f <strong>Manh\u00e3 e tarde:<\/strong> predom\u00ednio de sol e calor<\/li>\n<li>\ud83d\udca7 <strong>Umidade:<\/strong> pr\u00f3xima de 40% no per\u00edodo mais quente, segundo o Weather Channel<\/li>\n<li>\ud83c\udf27\ufe0f <strong>Chuva:<\/strong> possibilidade maior durante a noite, dependendo do modelo meteorol\u00f3gico<\/li>\n<li>\ud83d\udca8 <strong>Vento:<\/strong> possibilidade de rajadas mais fortes<\/li>\n<li>\u26a0\ufe0f <strong>Aten\u00e7\u00e3o:<\/strong> acompanhe atualiza\u00e7\u00f5es oficiais diante da aproxima\u00e7\u00e3o de frente fria<\/li>\n<li>\ud83d\udcf1 <strong>Defesa Civil:<\/strong> envie seu CEP para <strong>40199<\/strong> e receba alertas por SMS<\/li>\n<li>\ud83d\udca7 <strong>Sa\u00fade:<\/strong> beba \u00e1gua ao longo do dia e mantenha-se hidratado<\/li>\n<\/ul>\n<p class=\"isSelectedEnd\"><strong>O ponto principal para o morador de Belo Horizonte nesta ter\u00e7a-feira \u00e9 a mudan\u00e7a do tempo ao longo do dia:<\/strong> o calor deve predominar inicialmente, mas a possibilidade de chuva aumenta no per\u00edodo noturno em parte das previs\u00f5es. Como os modelos ainda apresentam diferen\u00e7as, a recomenda\u00e7\u00e3o \u00e9 n\u00e3o ignorar eventuais alertas oficiais emitidos pela Defesa Civil.<\/p>\n<h3>Fontes consultadas<\/h3>\n<p><a href=\"https:\/\/portal.inmet.gov.br\/?utm_source=chatgpt.com\" rel=\"nofollow noopener\" target=\"_blank\">INMET \u2013 Instituto Nacional de Meteorologia<\/a><br \/>\n<a href=\"https:\/\/www.gov.br\/cemaden\/pt-br?utm_source=chatgpt.com\" rel=\"nofollow noopener\" target=\"_blank\">Cemaden \u2013 Centro Nacional de Monitoramento e Alertas de Desastres Naturais<\/a><br \/>\n<a href=\"https:\/\/www.tempo.com\/belo-horizonte.htm?utm_source=chatgpt.com\" rel=\"nofollow noopener\" target=\"_blank\">Tempo.com \u2013 previs\u00e3o para Belo Horizonte<\/a><br \/>\n<a href=\"https:\/\/www.climatempo.com.br\/previsao-do-tempo\/15-dias\/cidade\/107\/belohorizonte-mg?utm_source=chatgpt.com\" rel=\"nofollow noopener\" target=\"_blank\">Climatempo \u2013 previs\u00e3o para Belo Horizonte<\/a><br \/>\n<a href=\"https:\/\/weather.com\/pt-BR\/br\/minas-gerais\/city\/belo-horizonte\/today?utm_source=chatgpt.com\" rel=\"nofollow noopener\" target=\"_blank\">Weather Channel \u2013 Belo Horizonte<\/a><br \/>\n<a href=\"https:\/\/prefeitura.pbh.gov.br\/preparativos-para-o-periodo-chuvoso-20252026?utm_source=chatgpt.com\" rel=\"nofollow noopener\" target=\"_blank\">Defesa Civil de Belo Horizonte \u2013 Prefeitura de BH<\/a><\/p>\n","protected":false},"excerpt":{"rendered":"\ud83c\udf21\ufe0f BH ter\u00e1 temperatura elevada nesta ter\u00e7a-feira (1\u00ba), mas modelos meteorol\u00f3gicos divergem sobre a ocorr\u00eancia de chuva; popula\u00e7\u00e3o deve acompanhar os alertas oficiais da Defesa [&hellip;]","protected":false},"author":1,"featured_media":10388,"comment_status":"closed","ping_status":"closed","sticky":false,"template":"","format":"standard","meta":{"episode_type":"audio","audio_file":"","podmotor_file_id":"","podmotor_episode_id":"","cover_image":"","cover_image_id":"","duration":"","filesize":"","filesize_raw":"","date_recorded":"","explicit":"","block":"","_jetpack_newsletter_access":"","_jetpack_dont_email_post_to_subs":false,"_jetpack_newsletter_tier_id":0,"_jetpack_memberships_contains_paywalled_content":false,"_jetpack_feature_clip_id":0,"_jetpack_memberships_contains_paid_content":false,"footnotes":"","jetpack_post_was_ever_published":false},"categories":[2051],"tags":[2034,374,627],"series":[],"class_list":["post-10387","post","type-post","status-publish","format-standard","has-post-thumbnail","hentry","category-mateorologia","tag-climabelohorizontehoje","tag-comunidadeemacao","tag-jornaldebairro"],"episode_featured_image":"https:\/\/comunidadeemacao.com.br\/site\/wp-content\/uploads\/2026\/08\/ChatGPT-Image-31-de-ago.-de-2026-20_16_56.png","episode_player_image":"https:\/\/i0.wp.com\/comunidadeemacao.com.br\/site\/wp-content\/uploads\/2025\/07\/Logo-Fala-Zona-Norte-1400-pix1.jpg?fit=1400%2C1400&ssl=1","download_link":"","player_link":"","audio_player":false,"episode_data":{"playerMode":"light","subscribeUrls":{"youtube":{"key":"youtube","url":"","label":"YouTube","class":"youtube","icon":"youtube.png"}},"rssFeedUrl":"https:\/\/comunidadeemacao.com.br\/site\/feed\/podcast\/comunidade-em-acao","embedCode":"<blockquote class=\"wp-embedded-content\" data-secret=\"l5S4KmGaka\"><a href=\"https:\/\/comunidadeemacao.com.br\/site\/previsao-do-tempo-em-bh-para-1o-de-setembro-calor-baixa-umidade-e-atencao-para-possibilidade-de-chuva\/\">Previs\u00e3o do tempo em BH para 1\u00ba de setembro: calor, baixa umidade e aten\u00e7\u00e3o para possibilidade de chuva<\/a><\/blockquote><iframe sandbox=\"allow-scripts\" security=\"restricted\" src=\"https:\/\/comunidadeemacao.com.br\/site\/previsao-do-tempo-em-bh-para-1o-de-setembro-calor-baixa-umidade-e-atencao-para-possibilidade-de-chuva\/embed\/#?secret=l5S4KmGaka\" width=\"500\" height=\"350\" title=\"&#8220;Previs\u00e3o do tempo em BH para 1\u00ba de setembro: calor, baixa umidade e aten\u00e7\u00e3o para possibilidade de chuva&#8221; &#8212; COMUNIDADE EM A\u00c7\u00c3O\" data-secret=\"l5S4KmGaka\" frameborder=\"0\" marginwidth=\"0\" marginheight=\"0\" scrolling=\"no\" class=\"wp-embedded-content\"><\/iframe><script>\n\/*! This file is auto-generated *\/\n!function(d,l){\"use strict\";l.querySelector&&d.addEventListener&&\"undefined\"!=typeof URL&&(d.wp=d.wp||{},d.wp.receiveEmbedMessage||(d.wp.receiveEmbedMessage=function(e){var t=e.data;if((t||t.secret||t.message||t.value)&&!\/[^a-zA-Z0-9]\/.test(t.secret)){for(var s,r,n,a=l.querySelectorAll('iframe[data-secret=\"'+t.secret+'\"]'),o=l.querySelectorAll('blockquote[data-secret=\"'+t.secret+'\"]'),c=new RegExp(\"^https?:$\",\"i\"),i=0;i<o.length;i++)o[i].style.display=\"none\";for(i=0;i<a.length;i++)s=a[i],e.source===s.contentWindow&&(s.removeAttribute(\"style\"),\"height\"===t.message?(1e3<(r=parseInt(t.value,10))?r=1e3:~~r<200&&(r=200),s.height=r):\"link\"===t.message&&(r=new URL(s.getAttribute(\"src\")),n=new URL(t.value),c.test(n.protocol))&&n.host===r.host&&l.activeElement===s&&(d.top.location.href=t.value))}},d.addEventListener(\"message\",d.wp.receiveEmbedMessage,!1),l.addEventListener(\"DOMContentLoaded\",function(){for(var e,t,s=l.querySelectorAll(\"iframe.wp-embedded-content\"),r=0;r<s.length;r++)(t=(e=s[r]).getAttribute(\"data-secret\"))||(t=Math.random().toString(36).substring(2,12),e.src+=\"#?secret=\"+t,e.setAttribute(\"data-secret\",t)),e.contentWindow.postMessage({message:\"ready\",secret:t},\"*\")},!1)))}(window,document);\n\/\/# sourceURL=https:\/\/comunidadeemacao.com.br\/site\/wp-includes\/js\/wp-embed.min.js\n<\/script>\n"},"jetpack_sharing_enabled":true,"jetpack_likes_enabled":true,"jetpack-related-posts":[{"id":10418,"url":"https:\/\/comunidadeemacao.com.br\/site\/previsao-do-tempo-em-bh-para-2-de-setembro-chuva-raios-e-queda-de-temperatura\/","url_meta":{"origin":10387,"position":0},"title":"Previs\u00e3o do tempo em BH para 2 de setembro: chuva, raios e queda de temperatura","author":"Marcos Silva","date":"2 de setembro de 2026","format":false,"excerpt":"Quarta-feira deve ser marcada pela atua\u00e7\u00e3o de instabilidades sobre a capital mineira, ap\u00f3s alerta de chuva e ventos emitido para a noite de 1\u00ba de setembro. Temperaturas ficam mais amenas e a popula\u00e7\u00e3o deve manter aten\u00e7\u00e3o aos avisos da Defesa Civil. \ud83c\udf27\ufe0f Belo Horizonte ter\u00e1 uma quarta-feira (2) de mudan\u00e7a\u2026","rel":"","context":"Em &quot;Mateorologia&quot;","block_context":{"text":"Mateorologia","link":"https:\/\/comunidadeemacao.com.br\/site\/category\/dia-a-dia\/mateorologia\/"},"img":{"alt_text":"","src":"https:\/\/i0.wp.com\/comunidadeemacao.com.br\/site\/wp-content\/uploads\/2026\/09\/IInfografico-2-set.png?fit=1200%2C600&ssl=1&resize=350%2C200","width":350,"height":200,"srcset":"https:\/\/i0.wp.com\/comunidadeemacao.com.br\/site\/wp-content\/uploads\/2026\/09\/IInfografico-2-set.png?fit=1200%2C600&ssl=1&resize=350%2C200 1x, https:\/\/i0.wp.com\/comunidadeemacao.com.br\/site\/wp-content\/uploads\/2026\/09\/IInfografico-2-set.png?fit=1200%2C600&ssl=1&resize=525%2C300 1.5x, https:\/\/i0.wp.com\/comunidadeemacao.com.br\/site\/wp-content\/uploads\/2026\/09\/IInfografico-2-set.png?fit=1200%2C600&ssl=1&resize=700%2C400 2x, https:\/\/i0.wp.com\/comunidadeemacao.com.br\/site\/wp-content\/uploads\/2026\/09\/IInfografico-2-set.png?fit=1200%2C600&ssl=1&resize=1050%2C600 3x"},"classes":[]},{"id":10268,"url":"https:\/\/comunidadeemacao.com.br\/site\/previsao-do-tempo-em-bh-terca-feira-tera-ceu-nublado-calor-moderado-e-possibilidade-de-chuva\/","url_meta":{"origin":10387,"position":1},"title":"Previs\u00e3o do tempo em BH: ter\u00e7a-feira ter\u00e1 c\u00e9u nublado, calor moderado e possibilidade de chuva","author":"Marcos Silva","date":"25 de agosto de 2026","format":false,"excerpt":"BH deve ter temperaturas entre 15\u00b0C e 28\u00b0C nesta ter\u00e7a (25); modelos indicam varia\u00e7\u00e3o de nebulosidade e possibilidade de chuva fraca. Umidade pode chegar a 87% Belo Horizonte ter\u00e1 uma ter\u00e7a-feira (25) t\u00edpica do inverno, mas com mudan\u00e7a nas condi\u00e7\u00f5es do tempo em rela\u00e7\u00e3o aos dias mais secos. A previs\u00e3o\u2026","rel":"","context":"Em &quot;Mateorologia&quot;","block_context":{"text":"Mateorologia","link":"https:\/\/comunidadeemacao.com.br\/site\/category\/dia-a-dia\/mateorologia\/"},"img":{"alt_text":"Previs\u00e3o do tempo em Belo Horizonte: ter\u00e7a-feira ter\u00e1 c\u00e9u nublado, calor moderado e possibilidade de chuva","src":"https:\/\/i0.wp.com\/comunidadeemacao.com.br\/site\/wp-content\/uploads\/2026\/08\/Vista-de-tempo-Ruim.jpg?fit=1200%2C675&ssl=1&resize=350%2C200","width":350,"height":200,"srcset":"https:\/\/i0.wp.com\/comunidadeemacao.com.br\/site\/wp-content\/uploads\/2026\/08\/Vista-de-tempo-Ruim.jpg?fit=1200%2C675&ssl=1&resize=350%2C200 1x, https:\/\/i0.wp.com\/comunidadeemacao.com.br\/site\/wp-content\/uploads\/2026\/08\/Vista-de-tempo-Ruim.jpg?fit=1200%2C675&ssl=1&resize=525%2C300 1.5x, https:\/\/i0.wp.com\/comunidadeemacao.com.br\/site\/wp-content\/uploads\/2026\/08\/Vista-de-tempo-Ruim.jpg?fit=1200%2C675&ssl=1&resize=700%2C400 2x, https:\/\/i0.wp.com\/comunidadeemacao.com.br\/site\/wp-content\/uploads\/2026\/08\/Vista-de-tempo-Ruim.jpg?fit=1200%2C675&ssl=1&resize=1050%2C600 3x"},"classes":[]},{"id":10201,"url":"https:\/\/comunidadeemacao.com.br\/site\/previsao-do-tempo-em-bh-para-sexta-feira-21-calor-e-baixa-umidade-exigem-atencao\/","url_meta":{"origin":10387,"position":2},"title":"Previs\u00e3o do tempo em BH para sexta-feira, 21: calor e baixa umidade exigem aten\u00e7\u00e3o","author":"Marcos Silva","date":"21 de agosto de 2026","format":false,"excerpt":"Belo Horizonte deve ter uma sexta-feira de inverno marcada por temperaturas elevadas, tempo predominantemente aberto e umidade do ar baixa. Modelos consultados apresentam diferen\u00e7as na possibilidade de chuva, mas indicam aten\u00e7\u00e3o especial ao calor e \u00e0 hidrata\u00e7\u00e3o. \u2600\ufe0f Belo Horizonte ter\u00e1 uma sexta-feira, 21 de agosto, de caracter\u00edsticas t\u00edpicas do\u2026","rel":"","context":"Em &quot;Mateorologia&quot;","block_context":{"text":"Mateorologia","link":"https:\/\/comunidadeemacao.com.br\/site\/category\/dia-a-dia\/mateorologia\/"},"img":{"alt_text":"Previs\u00e3o do Tempo em Belo Horizonte","src":"https:\/\/i0.wp.com\/comunidadeemacao.com.br\/site\/wp-content\/uploads\/2026\/08\/ChatGPT-Image-20-de-ago.-de-2026-18_58_05.png?fit=1200%2C600&ssl=1&resize=350%2C200","width":350,"height":200,"srcset":"https:\/\/i0.wp.com\/comunidadeemacao.com.br\/site\/wp-content\/uploads\/2026\/08\/ChatGPT-Image-20-de-ago.-de-2026-18_58_05.png?fit=1200%2C600&ssl=1&resize=350%2C200 1x, https:\/\/i0.wp.com\/comunidadeemacao.com.br\/site\/wp-content\/uploads\/2026\/08\/ChatGPT-Image-20-de-ago.-de-2026-18_58_05.png?fit=1200%2C600&ssl=1&resize=525%2C300 1.5x, https:\/\/i0.wp.com\/comunidadeemacao.com.br\/site\/wp-content\/uploads\/2026\/08\/ChatGPT-Image-20-de-ago.-de-2026-18_58_05.png?fit=1200%2C600&ssl=1&resize=700%2C400 2x, https:\/\/i0.wp.com\/comunidadeemacao.com.br\/site\/wp-content\/uploads\/2026\/08\/ChatGPT-Image-20-de-ago.-de-2026-18_58_05.png?fit=1200%2C600&ssl=1&resize=1050%2C600 3x"},"classes":[]},{"id":9997,"url":"https:\/\/comunidadeemacao.com.br\/site\/previsao-do-tempo-em-bh-para-terca-feira-11-manha-fresca-e-tarde-de-sol-entre-nuvens\/","url_meta":{"origin":10387,"position":3},"title":"Previs\u00e3o do tempo em BH para ter\u00e7a-feira (11): manh\u00e3 fresca e tarde de sol entre nuvens","author":"Marcos Silva","date":"11 de agosto de 2026","format":false,"excerpt":"BH ter\u00e1 temperaturas entre 16\u00b0C e 26\u00b0C, baixa possibilidade de chuva e varia\u00e7\u00e3o de nebulosidade; hidrata\u00e7\u00e3o continua importante durante o inverno Belo Horizonte ter\u00e1 uma ter\u00e7a-feira (11) de tempo predominantemente est\u00e1vel, com manh\u00e3 mais fresca, varia\u00e7\u00e3o de nebulosidade e eleva\u00e7\u00e3o das temperaturas ao longo do dia. As previs\u00f5es consultadas apontam\u2026","rel":"","context":"Em &quot;Mateorologia&quot;","block_context":{"text":"Mateorologia","link":"https:\/\/comunidadeemacao.com.br\/site\/category\/dia-a-dia\/mateorologia\/"},"img":{"alt_text":"Previs\u00e3o do Tempo em Belo Horizonte","src":"https:\/\/i0.wp.com\/comunidadeemacao.com.br\/site\/wp-content\/uploads\/2026\/08\/ChatGPT-Image-10-de-ago.-de-2026-20_13_44.png?fit=1200%2C600&ssl=1&resize=350%2C200","width":350,"height":200,"srcset":"https:\/\/i0.wp.com\/comunidadeemacao.com.br\/site\/wp-content\/uploads\/2026\/08\/ChatGPT-Image-10-de-ago.-de-2026-20_13_44.png?fit=1200%2C600&ssl=1&resize=350%2C200 1x, https:\/\/i0.wp.com\/comunidadeemacao.com.br\/site\/wp-content\/uploads\/2026\/08\/ChatGPT-Image-10-de-ago.-de-2026-20_13_44.png?fit=1200%2C600&ssl=1&resize=525%2C300 1.5x, https:\/\/i0.wp.com\/comunidadeemacao.com.br\/site\/wp-content\/uploads\/2026\/08\/ChatGPT-Image-10-de-ago.-de-2026-20_13_44.png?fit=1200%2C600&ssl=1&resize=700%2C400 2x, https:\/\/i0.wp.com\/comunidadeemacao.com.br\/site\/wp-content\/uploads\/2026\/08\/ChatGPT-Image-10-de-ago.-de-2026-20_13_44.png?fit=1200%2C600&ssl=1&resize=1050%2C600 3x"},"classes":[]},{"id":10433,"url":"https:\/\/comunidadeemacao.com.br\/site\/previsao-do-tempo-em-bh-para-3-de-setembro-manha-fresca-e-tarde-de-sol\/","url_meta":{"origin":10387,"position":4},"title":"Previs\u00e3o do tempo em BH para 3 de setembro: manh\u00e3 fresca e tarde de sol","author":"Marcos Silva","date":"3 de setembro de 2026","format":false,"excerpt":"Belo Horizonte deve ter uma quinta-feira (3) de tempo firme, com varia\u00e7\u00e3o de nebulosidade e temperaturas entre 14\u00b0C e 27\u00b0C. Umidade do ar pode variar de 50% a 87%, segundo as previs\u00f5es consultadas. \ud83c\udf24\ufe0f Belo Horizonte ter\u00e1 uma quinta-feira de tempo predominantemente est\u00e1vel, com manh\u00e3 mais fresca e aumento gradual\u2026","rel":"","context":"Em &quot;Mateorologia&quot;","block_context":{"text":"Mateorologia","link":"https:\/\/comunidadeemacao.com.br\/site\/category\/dia-a-dia\/mateorologia\/"},"img":{"alt_text":"Previs\u00e3o do Tempo em Belo Horizonte","src":"https:\/\/i0.wp.com\/comunidadeemacao.com.br\/site\/wp-content\/uploads\/2026\/09\/ChatGPT-Image-2-de-set.-de-2026-18_45_43.png?fit=1200%2C600&ssl=1&resize=350%2C200","width":350,"height":200,"srcset":"https:\/\/i0.wp.com\/comunidadeemacao.com.br\/site\/wp-content\/uploads\/2026\/09\/ChatGPT-Image-2-de-set.-de-2026-18_45_43.png?fit=1200%2C600&ssl=1&resize=350%2C200 1x, https:\/\/i0.wp.com\/comunidadeemacao.com.br\/site\/wp-content\/uploads\/2026\/09\/ChatGPT-Image-2-de-set.-de-2026-18_45_43.png?fit=1200%2C600&ssl=1&resize=525%2C300 1.5x, https:\/\/i0.wp.com\/comunidadeemacao.com.br\/site\/wp-content\/uploads\/2026\/09\/ChatGPT-Image-2-de-set.-de-2026-18_45_43.png?fit=1200%2C600&ssl=1&resize=700%2C400 2x, https:\/\/i0.wp.com\/comunidadeemacao.com.br\/site\/wp-content\/uploads\/2026\/09\/ChatGPT-Image-2-de-set.-de-2026-18_45_43.png?fit=1200%2C600&ssl=1&resize=1050%2C600 3x"},"classes":[]},{"id":10164,"url":"https:\/\/comunidadeemacao.com.br\/site\/bh-tera-quarta-feira-de-sol-calor-e-ar-seco-minima-pode-chegar-a-13c\/","url_meta":{"origin":10387,"position":5},"title":"BH ter\u00e1 quarta-feira de sol, calor e ar seco; m\u00ednima pode chegar a 13\u00b0C","author":"Marcos Silva","date":"19 de agosto de 2026","format":false,"excerpt":"Previs\u00e3o do tempo para 19 de agosto indica c\u00e9u aberto, grande amplitude t\u00e9rmica e baixa umidade durante o per\u00edodo mais quente do dia \ud83c\udf24\ufe0f Belo Horizonte ter\u00e1 uma quarta-feira (19) t\u00edpica do inverno, com manh\u00e3 fria, tarde quente, c\u00e9u predominantemente aberto e pouca possibilidade de chuva. As previs\u00f5es consultadas apontam\u2026","rel":"","context":"Em &quot;Mateorologia&quot;","block_context":{"text":"Mateorologia","link":"https:\/\/comunidadeemacao.com.br\/site\/category\/dia-a-dia\/mateorologia\/"},"img":{"alt_text":"Previs\u00e3o do Tempo em Belo Horizonte","src":"https:\/\/i0.wp.com\/comunidadeemacao.com.br\/site\/wp-content\/uploads\/2026\/08\/ChatGPT-Image-18-de-ago.-de-2026-19_51_01.png?fit=1200%2C600&ssl=1&resize=350%2C200","width":350,"height":200,"srcset":"https:\/\/i0.wp.com\/comunidadeemacao.com.br\/site\/wp-content\/uploads\/2026\/08\/ChatGPT-Image-18-de-ago.-de-2026-19_51_01.png?fit=1200%2C600&ssl=1&resize=350%2C200 1x, https:\/\/i0.wp.com\/comunidadeemacao.com.br\/site\/wp-content\/uploads\/2026\/08\/ChatGPT-Image-18-de-ago.-de-2026-19_51_01.png?fit=1200%2C600&ssl=1&resize=525%2C300 1.5x, https:\/\/i0.wp.com\/comunidadeemacao.com.br\/site\/wp-content\/uploads\/2026\/08\/ChatGPT-Image-18-de-ago.-de-2026-19_51_01.png?fit=1200%2C600&ssl=1&resize=700%2C400 2x, https:\/\/i0.wp.com\/comunidadeemacao.com.br\/site\/wp-content\/uploads\/2026\/08\/ChatGPT-Image-18-de-ago.-de-2026-19_51_01.png?fit=1200%2C600&ssl=1&resize=1050%2C600 3x"},"classes":[]}],"jetpack_featured_media_url":"https:\/\/i0.wp.com\/comunidadeemacao.com.br\/site\/wp-content\/uploads\/2026\/08\/ChatGPT-Image-31-de-ago.-de-2026-20_16_56.png?fit=1774%2C887&ssl=1","_links":{"self":[{"href":"https:\/\/comunidadeemacao.com.br\/site\/wp-json\/wp\/v2\/posts\/10387","targetHints":{"allow":["GET"]}}],"collection":[{"href":"https:\/\/comunidadeemacao.com.br\/site\/wp-json\/wp\/v2\/posts"}],"about":[{"href":"https:\/\/comunidadeemacao.com.br\/site\/wp-json\/wp\/v2\/types\/post"}],"author":[{"embeddable":true,"href":"https:\/\/comunidadeemacao.com.br\/site\/wp-json\/wp\/v2\/users\/1"}],"replies":[{"embeddable":true,"href":"https:\/\/comunidadeemacao.com.br\/site\/wp-json\/wp\/v2\/comments?post=10387"}],"version-history":[{"count":2,"href":"https:\/\/comunidadeemacao.com.br\/site\/wp-json\/wp\/v2\/posts\/10387\/revisions"}],"predecessor-version":[{"id":10390,"href":"https:\/\/comunidadeemacao.com.br\/site\/wp-json\/wp\/v2\/posts\/10387\/revisions\/10390"}],"wp:featuredmedia":[{"embeddable":true,"href":"https:\/\/comunidadeemacao.com.br\/site\/wp-json\/wp\/v2\/media\/10388"}],"wp:attachment":[{"href":"https:\/\/comunidadeemacao.com.br\/site\/wp-json\/wp\/v2\/media?parent=10387"}],"wp:term":[{"taxonomy":"category","embeddable":true,"href":"https:\/\/comunidadeemacao.com.br\/site\/wp-json\/wp\/v2\/categories?post=10387"},{"taxonomy":"post_tag","embeddable":true,"href":"https:\/\/comunidadeemacao.com.br\/site\/wp-json\/wp\/v2\/tags?post=10387"},{"taxonomy":"series","embeddable":true,"href":"https:\/\/comunidadeemacao.com.br\/site\/wp-json\/wp\/v2\/series?post=10387"}],"curies":[{"name":"wp","href":"https:\/\/api.w.org\/{rel}","templated":true}]}}