{"id":10382,"date":"2026-09-01T07:15:25","date_gmt":"2026-09-01T10:15:25","guid":{"rendered":"https:\/\/comunidadeemacao.com.br\/site\/?p=10382"},"modified":"2026-08-31T20:17:46","modified_gmt":"2026-08-31T23:17:46","slug":"obras-nos-corregos-embira-e-bacuraus-preocupam-moradores-do-jardim-guanabara","status":"publish","type":"post","link":"https:\/\/comunidadeemacao.com.br\/site\/obras-nos-corregos-embira-e-bacuraus-preocupam-moradores-do-jardim-guanabara\/","title":{"rendered":"Obras nos c\u00f3rregos Embira e Bacuraus preocupam moradores do Jardim Guanabara"},"content":{"rendered":"<h2 class=\"isSelectedEnd\">Moradores da Rua Afonso Torres temem novas inunda\u00e7\u00f5es e cobram defini\u00e7\u00e3o das obras de drenagem na Regi\u00e3o Norte de Belo Horizonte<\/h2>\n<p class=\"isSelectedEnd\">Moradores da Rua Afonso Torres, no bairro Jardim Guanabara, na <strong>Regi\u00e3o Norte<\/strong> de Belo Horizonte, reclamam da falta de defini\u00e7\u00e3o sobre as obras relacionadas aos c\u00f3rregos Embira e Bacuraus. Com a aproxima\u00e7\u00e3o do per\u00edodo de chuvas, a preocupa\u00e7\u00e3o aumenta diante do risco de transbordamento do c\u00f3rrego e de \u00e1gua invadindo im\u00f3veis localizados \u00e0s margens da via.<\/p>\n<p class=\"isSelectedEnd\">Segundo Jos\u00e9 Pereira e Antonio Bernardo, moradores da regi\u00e3o h\u00e1 mais de 40 anos, o problema se repete durante o per\u00edodo chuvoso. \u201cA gente vai ficando com medo da inunda\u00e7\u00e3o, com a \u00e1gua invadindo a casa da gente, a minha e a do colega aqui\u201d, relatou Jos\u00e9 Pereira.<\/p>\n<p class=\"isSelectedEnd\">A Rua Afonso Torres margeia o c\u00f3rrego, que, segundo os moradores, transborda durante as chuvas. A situa\u00e7\u00e3o mant\u00e9m os residentes em alerta e refor\u00e7a a cobran\u00e7a por uma solu\u00e7\u00e3o definitiva para os problemas de drenagem no local.<\/p>\n<h2 class=\"isSelectedEnd\">Moradores tamb\u00e9m reclamam da seguran\u00e7a p\u00fablica<\/h2>\n<p class=\"isSelectedEnd\">Al\u00e9m das inunda\u00e7\u00f5es, os moradores apontam problemas relacionados \u00e0 seguran\u00e7a p\u00fablica. Antonio Bernardo afirma que a comunidade sofre com a falta de amparo pol\u00edtico durante o ano.<\/p>\n<p class=\"isSelectedEnd\"><strong>\u201cA gente sofre muito aqui neste local\u201d<\/strong>, disse. Segundo ele, durante os per\u00edodos eleitorais candidatos aparecem na regi\u00e3o, pedem votos e prometem solucionar os problemas, mas posteriormente deixam de acompanhar as demandas apresentadas pelos moradores.<\/p>\n<figure id=\"attachment_10384\" aria-describedby=\"caption-attachment-10384\" style=\"width: 4000px\" class=\"wp-caption aligncenter\"><img data-recalc-dims=\"1\" fetchpriority=\"high\" decoding=\"async\" class=\"size-full wp-image-10384\" src=\"https:\/\/i0.wp.com\/comunidadeemacao.com.br\/site\/wp-content\/uploads\/2026\/08\/20260730_093209.jpg?resize=1160%2C522&#038;ssl=1\" alt=\"\" width=\"1160\" height=\"522\" srcset=\"https:\/\/i0.wp.com\/comunidadeemacao.com.br\/site\/wp-content\/uploads\/2026\/08\/20260730_093209.jpg?w=4000&amp;ssl=1 4000w, https:\/\/i0.wp.com\/comunidadeemacao.com.br\/site\/wp-content\/uploads\/2026\/08\/20260730_093209.jpg?resize=300%2C135&amp;ssl=1 300w, https:\/\/i0.wp.com\/comunidadeemacao.com.br\/site\/wp-content\/uploads\/2026\/08\/20260730_093209.jpg?resize=1024%2C461&amp;ssl=1 1024w, https:\/\/i0.wp.com\/comunidadeemacao.com.br\/site\/wp-content\/uploads\/2026\/08\/20260730_093209.jpg?resize=768%2C346&amp;ssl=1 768w, https:\/\/i0.wp.com\/comunidadeemacao.com.br\/site\/wp-content\/uploads\/2026\/08\/20260730_093209.jpg?resize=1536%2C691&amp;ssl=1 1536w, https:\/\/i0.wp.com\/comunidadeemacao.com.br\/site\/wp-content\/uploads\/2026\/08\/20260730_093209.jpg?resize=2048%2C922&amp;ssl=1 2048w, https:\/\/i0.wp.com\/comunidadeemacao.com.br\/site\/wp-content\/uploads\/2026\/08\/20260730_093209.jpg?resize=820%2C369&amp;ssl=1 820w, https:\/\/i0.wp.com\/comunidadeemacao.com.br\/site\/wp-content\/uploads\/2026\/08\/20260730_093209.jpg?resize=150%2C68&amp;ssl=1 150w, https:\/\/i0.wp.com\/comunidadeemacao.com.br\/site\/wp-content\/uploads\/2026\/08\/20260730_093209.jpg?w=2320&amp;ssl=1 2320w, https:\/\/i0.wp.com\/comunidadeemacao.com.br\/site\/wp-content\/uploads\/2026\/08\/20260730_093209.jpg?w=3480&amp;ssl=1 3480w\" sizes=\"(max-width: 1160px) 100vw, 1160px\" \/><figcaption id=\"caption-attachment-10384\" class=\"wp-caption-text\"><em><strong>Comunidade questiona a Prefeitura sobre a realiza\u00e7\u00e3o das obras Foto: Marcos Silva | JCA<\/strong><\/em><\/figcaption><\/figure>\n<h2 class=\"isSelectedEnd\">COMUNIDADE EM A\u00c7\u00c3O questiona a Prefeitura<\/h2>\n<p class=\"isSelectedEnd\">Diante das reclama\u00e7\u00f5es, o COMUNIDADE EM A\u00c7\u00c3O encaminhou nove perguntas \u00e0 Prefeitura de Belo Horizonte, por e-mail, por meio da assessoria do prefeito. Entre os questionamentos estavam o objeto e o est\u00e1gio dos empreendimentos Drenurb&#8217;s 2448 e 0348, os cronogramas das obras, as interven\u00e7\u00f5es previstas para reduzir as inunda\u00e7\u00f5es, poss\u00edveis desapropria\u00e7\u00f5es, recursos dispon\u00edveis, medidas emergenciais e a exist\u00eancia de estudos e documentos t\u00e9cnicos para consulta da comunidade.<\/p>\n<p class=\"isSelectedEnd\">A Prefeitura respondeu por meio da Superintend\u00eancia de Desenvolvimento da Capital (Sudecap). Segundo o \u00f3rg\u00e3o, a Rua Afonso Torres est\u00e1 na \u00e1rea de abrang\u00eancia do empreendimento que prev\u00ea o tratamento de fundo de vale e a urbaniza\u00e7\u00e3o do c\u00f3rrego Embira, na Regi\u00e3o Norte da capital.<\/p>\n<h2 class=\"isSelectedEnd\">Licita\u00e7\u00e3o est\u00e1 prevista para o segundo semestre de 2027<\/h2>\n<p class=\"isSelectedEnd\">De acordo com a Sudecap, o empreendimento est\u00e1 em etapa final de capta\u00e7\u00e3o de recursos junto ao Governo Federal, por meio do <strong>Novo PAC<\/strong>, e ao <strong>Banco Interamericano de Desenvolvimento (BID)<\/strong>.<\/p>\n<p class=\"isSelectedEnd\">A previs\u00e3o informada pela Prefeitura \u00e9 de que a licita\u00e7\u00e3o integrada para projeto e obra ocorra no segundo semestre de 2027.<\/p>\n<p>Para os moradores da <strong>Rua Afonso Torres<\/strong>, entretanto, a preocupa\u00e7\u00e3o permanece diante da aproxima\u00e7\u00e3o do per\u00edodo de chuvas e da possibilidade de novos epis\u00f3dios de inunda\u00e7\u00e3o. A defini\u00e7\u00e3o das etapas e do cronograma das interven\u00e7\u00f5es ser\u00e1, portanto, um dos principais pontos de acompanhamento da comunidade.<\/p>\n","protected":false},"excerpt":{"rendered":"Moradores da Rua Afonso Torres temem novas inunda\u00e7\u00f5es e cobram defini\u00e7\u00e3o das obras de drenagem na Regi\u00e3o Norte de Belo Horizonte Moradores da Rua Afonso [&hellip;]","protected":false},"author":1,"featured_media":10383,"comment_status":"closed","ping_status":"closed","sticky":false,"template":"","format":"standard","meta":{"episode_type":"audio","audio_file":"","podmotor_file_id":"","podmotor_episode_id":"","cover_image":"","cover_image_id":"","duration":"","filesize":"","filesize_raw":"","date_recorded":"","explicit":"","block":"","_jetpack_newsletter_access":"","_jetpack_dont_email_post_to_subs":false,"_jetpack_newsletter_tier_id":0,"_jetpack_memberships_contains_paywalled_content":false,"_jetpack_feature_clip_id":0,"_jetpack_memberships_contains_paid_content":false,"footnotes":"","jetpack_post_was_ever_published":false},"categories":[50,57],"tags":[],"series":[],"class_list":["post-10382","post","type-post","status-publish","format-standard","has-post-thumbnail","hentry","category-comunidade","category-cidade"],"episode_featured_image":"https:\/\/comunidadeemacao.com.br\/site\/wp-content\/uploads\/2026\/08\/IMG_20260730_094339.jpg","episode_player_image":"https:\/\/i0.wp.com\/comunidadeemacao.com.br\/site\/wp-content\/uploads\/2025\/07\/Logo-Fala-Zona-Norte-1400-pix1.jpg?fit=1400%2C1400&ssl=1","download_link":"","player_link":"","audio_player":false,"episode_data":{"playerMode":"light","subscribeUrls":{"youtube":{"key":"youtube","url":"","label":"YouTube","class":"youtube","icon":"youtube.png"}},"rssFeedUrl":"https:\/\/comunidadeemacao.com.br\/site\/feed\/podcast\/comunidade-em-acao","embedCode":"<blockquote class=\"wp-embedded-content\" data-secret=\"wQX1hPdYIr\"><a href=\"https:\/\/comunidadeemacao.com.br\/site\/obras-nos-corregos-embira-e-bacuraus-preocupam-moradores-do-jardim-guanabara\/\">Obras nos c\u00f3rregos Embira e Bacuraus preocupam moradores do Jardim Guanabara<\/a><\/blockquote><iframe sandbox=\"allow-scripts\" security=\"restricted\" src=\"https:\/\/comunidadeemacao.com.br\/site\/obras-nos-corregos-embira-e-bacuraus-preocupam-moradores-do-jardim-guanabara\/embed\/#?secret=wQX1hPdYIr\" width=\"500\" height=\"350\" title=\"&#8220;Obras nos c\u00f3rregos Embira e Bacuraus preocupam moradores do Jardim Guanabara&#8221; &#8212; COMUNIDADE EM A\u00c7\u00c3O\" data-secret=\"wQX1hPdYIr\" frameborder=\"0\" marginwidth=\"0\" marginheight=\"0\" scrolling=\"no\" class=\"wp-embedded-content\"><\/iframe><script>\n\/*! This file is auto-generated *\/\n!function(d,l){\"use strict\";l.querySelector&&d.addEventListener&&\"undefined\"!=typeof URL&&(d.wp=d.wp||{},d.wp.receiveEmbedMessage||(d.wp.receiveEmbedMessage=function(e){var t=e.data;if((t||t.secret||t.message||t.value)&&!\/[^a-zA-Z0-9]\/.test(t.secret)){for(var s,r,n,a=l.querySelectorAll('iframe[data-secret=\"'+t.secret+'\"]'),o=l.querySelectorAll('blockquote[data-secret=\"'+t.secret+'\"]'),c=new RegExp(\"^https?:$\",\"i\"),i=0;i<o.length;i++)o[i].style.display=\"none\";for(i=0;i<a.length;i++)s=a[i],e.source===s.contentWindow&&(s.removeAttribute(\"style\"),\"height\"===t.message?(1e3<(r=parseInt(t.value,10))?r=1e3:~~r<200&&(r=200),s.height=r):\"link\"===t.message&&(r=new URL(s.getAttribute(\"src\")),n=new URL(t.value),c.test(n.protocol))&&n.host===r.host&&l.activeElement===s&&(d.top.location.href=t.value))}},d.addEventListener(\"message\",d.wp.receiveEmbedMessage,!1),l.addEventListener(\"DOMContentLoaded\",function(){for(var e,t,s=l.querySelectorAll(\"iframe.wp-embedded-content\"),r=0;r<s.length;r++)(t=(e=s[r]).getAttribute(\"data-secret\"))||(t=Math.random().toString(36).substring(2,12),e.src+=\"#?secret=\"+t,e.setAttribute(\"data-secret\",t)),e.contentWindow.postMessage({message:\"ready\",secret:t},\"*\")},!1)))}(window,document);\n\/\/# sourceURL=https:\/\/comunidadeemacao.com.br\/site\/wp-includes\/js\/wp-embed.min.js\n<\/script>\n"},"jetpack_sharing_enabled":true,"jetpack_likes_enabled":true,"jetpack-related-posts":[{"id":1125,"url":"https:\/\/comunidadeemacao.com.br\/site\/chuvas-causam-estragos-na-zn\/","url_meta":{"origin":10382,"position":0},"title":"CHUVAS CAUSAM ESTRAGOS NA ZN","author":"Marcos Silva","date":"6 de mar\u00e7o de 2020","format":false,"excerpt":"As chuvas que ca\u00edram a partir da segunda quinzena de janeiro trouxeram problemas \u00e0 cidade. As inunda\u00e7\u00f5es e preju\u00edzos desta vez atingiram de maneira mais forte os bairros das regionais Centro-Sul, Oeste e Barreiro. Na Vila Bernadete regi\u00e3o do Barreiro sete pessoas, incluindo uma crian\u00e7a de tr\u00eas anos, morreram ap\u00f3s\u2026","rel":"","context":"Em &quot;Comunidade&quot;","block_context":{"text":"Comunidade","link":"https:\/\/comunidadeemacao.com.br\/site\/category\/comunidade\/"},"img":{"alt_text":"","src":"https:\/\/i0.wp.com\/comunidadeemacao.com.br\/site\/wp-content\/uploads\/2020\/03\/basiliodagama01.jpg?fit=1200%2C902&ssl=1&resize=350%2C200","width":350,"height":200,"srcset":"https:\/\/i0.wp.com\/comunidadeemacao.com.br\/site\/wp-content\/uploads\/2020\/03\/basiliodagama01.jpg?fit=1200%2C902&ssl=1&resize=350%2C200 1x, https:\/\/i0.wp.com\/comunidadeemacao.com.br\/site\/wp-content\/uploads\/2020\/03\/basiliodagama01.jpg?fit=1200%2C902&ssl=1&resize=525%2C300 1.5x, https:\/\/i0.wp.com\/comunidadeemacao.com.br\/site\/wp-content\/uploads\/2020\/03\/basiliodagama01.jpg?fit=1200%2C902&ssl=1&resize=700%2C400 2x, https:\/\/i0.wp.com\/comunidadeemacao.com.br\/site\/wp-content\/uploads\/2020\/03\/basiliodagama01.jpg?fit=1200%2C902&ssl=1&resize=1050%2C600 3x"},"classes":[]},{"id":5818,"url":"https:\/\/comunidadeemacao.com.br\/site\/requalificacao-no-jardim-felicidade-obras-comecam-em-2030-moradores-exigem-solucoes-imediatas\/","url_meta":{"origin":10382,"position":1},"title":"Requalifica\u00e7\u00e3o no Jardim Felicidade: Obras Come\u00e7am em 2030, Moradores Exigem Solu\u00e7\u00f5es Imediatas","author":"Marcos Silva","date":"11 de setembro de 2025","format":false,"excerpt":"Comunidade Cansada de Esperar Os moradores do Jardim Felicidade, na Regi\u00e3o Norte de Belo Horizonte, vivem sob a constante amea\u00e7a de enchentes e enfrentam condi\u00e7\u00f5es insalubres h\u00e1 muitos anos. As dificuldades s\u00e3o especialmente cr\u00edticas nas proximidades do C\u00f3rrego Catulo da Paix\u00e3o Cearense, onde problemas de infraestrutura tornam-se cada vez mais\u2026","rel":"","context":"Em &quot;Comunidade&quot;","block_context":{"text":"Comunidade","link":"https:\/\/comunidadeemacao.com.br\/site\/category\/comunidade\/"},"img":{"alt_text":"Audi\u00eancia na CMBH.","src":"https:\/\/i0.wp.com\/comunidadeemacao.com.br\/site\/wp-content\/uploads\/2025\/09\/Audiencia-na-CMBH.jpg?fit=564%2C376&ssl=1&resize=350%2C200","width":350,"height":200,"srcset":"https:\/\/i0.wp.com\/comunidadeemacao.com.br\/site\/wp-content\/uploads\/2025\/09\/Audiencia-na-CMBH.jpg?fit=564%2C376&ssl=1&resize=350%2C200 1x, https:\/\/i0.wp.com\/comunidadeemacao.com.br\/site\/wp-content\/uploads\/2025\/09\/Audiencia-na-CMBH.jpg?fit=564%2C376&ssl=1&resize=525%2C300 1.5x"},"classes":[]},{"id":3926,"url":"https:\/\/comunidadeemacao.com.br\/site\/iniciaram-obras-de-drenagem-e-contencao-de-encosta-no-bairro-xodo-marize\/","url_meta":{"origin":10382,"position":2},"title":"Iniciaram obras de drenagem e conten\u00e7\u00e3o de encosta no Bairro Xod\u00f3 Marize","author":"Marcos Silva","date":"23 de novembro de 2023","format":false,"excerpt":"A Prefeitura iniciou as obras de drenagem pluvial e conten\u00e7\u00e3o de encostas na Rua Luiz Franzen de Lima, no Bairro Xod\u00f3 Marize, Zona Norte. Tamb\u00e9m ser\u00e1 feita a implanta\u00e7\u00e3o de gabi\u00e3o nas margens do Ribeir\u00e3o Isidoro. A obra permitir\u00e1 que a \u00e1gua da chuva seja conduzida adequadamente e n\u00e3o cause\u2026","rel":"","context":"Em &quot;Obras&quot;","block_context":{"text":"Obras","link":"https:\/\/comunidadeemacao.com.br\/site\/category\/obras\/"},"img":{"alt_text":"Ponte do Xodo-Marize","src":"https:\/\/i0.wp.com\/comunidadeemacao.com.br\/site\/wp-content\/uploads\/2023\/11\/Xodo-Marize-foto-02.jpeg?fit=1032%2C581&ssl=1&resize=350%2C200","width":350,"height":200,"srcset":"https:\/\/i0.wp.com\/comunidadeemacao.com.br\/site\/wp-content\/uploads\/2023\/11\/Xodo-Marize-foto-02.jpeg?fit=1032%2C581&ssl=1&resize=350%2C200 1x, https:\/\/i0.wp.com\/comunidadeemacao.com.br\/site\/wp-content\/uploads\/2023\/11\/Xodo-Marize-foto-02.jpeg?fit=1032%2C581&ssl=1&resize=525%2C300 1.5x, https:\/\/i0.wp.com\/comunidadeemacao.com.br\/site\/wp-content\/uploads\/2023\/11\/Xodo-Marize-foto-02.jpeg?fit=1032%2C581&ssl=1&resize=700%2C400 2x"},"classes":[]},{"id":4198,"url":"https:\/\/comunidadeemacao.com.br\/site\/regiao-norte-tera-o-centro-de-referencia-do-idoso\/","url_meta":{"origin":10382,"position":3},"title":"Regi\u00e3o Norte ter\u00e1 o Centro de Refer\u00eancia do Idoso","author":"Marcos Silva","date":"7 de mar\u00e7o de 2024","format":false,"excerpt":"Em encontro com as lideran\u00e7as sociais da Regi\u00e3o Norte no s\u00e1bado (3), o prefeito Fuad Noman (PSD) anunciou a cria\u00e7\u00e3o do Centro de Refer\u00eancia da Pessoa Idosa (CRPI) da Regional Norte. O prefeito disse que quer inaugurar o CRPI ainda em 2024. O evento ocorreu no audit\u00f3rio da Escola Municipal\u2026","rel":"","context":"Em &quot;Dia A Dia&quot;","block_context":{"text":"Dia A Dia","link":"https:\/\/comunidadeemacao.com.br\/site\/category\/dia-a-dia\/"},"img":{"alt_text":"Fuad-Noman-Prefeito-de-BH","src":"https:\/\/i0.wp.com\/comunidadeemacao.com.br\/site\/wp-content\/uploads\/2024\/03\/Fuad-Noman-Prefeito-de-BH.jpg?fit=1200%2C724&ssl=1&resize=350%2C200","width":350,"height":200,"srcset":"https:\/\/i0.wp.com\/comunidadeemacao.com.br\/site\/wp-content\/uploads\/2024\/03\/Fuad-Noman-Prefeito-de-BH.jpg?fit=1200%2C724&ssl=1&resize=350%2C200 1x, https:\/\/i0.wp.com\/comunidadeemacao.com.br\/site\/wp-content\/uploads\/2024\/03\/Fuad-Noman-Prefeito-de-BH.jpg?fit=1200%2C724&ssl=1&resize=525%2C300 1.5x, https:\/\/i0.wp.com\/comunidadeemacao.com.br\/site\/wp-content\/uploads\/2024\/03\/Fuad-Noman-Prefeito-de-BH.jpg?fit=1200%2C724&ssl=1&resize=700%2C400 2x, https:\/\/i0.wp.com\/comunidadeemacao.com.br\/site\/wp-content\/uploads\/2024\/03\/Fuad-Noman-Prefeito-de-BH.jpg?fit=1200%2C724&ssl=1&resize=1050%2C600 3x"},"classes":[]},{"id":9356,"url":"https:\/\/comunidadeemacao.com.br\/site\/licitacao-para-contencao-do-corrego-toucinheiros-e-aberta-na-regiao-norte-de-bh\/","url_meta":{"origin":10382,"position":4},"title":"Licita\u00e7\u00e3o para conten\u00e7\u00e3o do C\u00f3rrego Toucinheiros \u00e9 aberta na regi\u00e3o Norte de BH","author":"Marcos Silva","date":"8 de julho de 2026","format":false,"excerpt":"Obras do DRENURBS preveem conten\u00e7\u00e3o de margens, drenagem, estabiliza\u00e7\u00e3o de taludes e melhorias no sistema de esgotamento sanit\u00e1rio A Prefeitura de Belo Horizonte abriu a licita\u00e7\u00e3o para a execu\u00e7\u00e3o das obras de conten\u00e7\u00e3o e estabiliza\u00e7\u00e3o das margens do C\u00f3rrego Toucinheiros, na regi\u00e3o Norte da capital. A interven\u00e7\u00e3o integra a segunda\u2026","rel":"","context":"Em &quot;Obras&quot;","block_context":{"text":"Obras","link":"https:\/\/comunidadeemacao.com.br\/site\/category\/obras\/"},"img":{"alt_text":"Licita\u00e7\u00e3o para conten\u00e7\u00e3o do C\u00f3rrego Toucinheiros \u00e9 aberta na regi\u00e3o Norte","src":"https:\/\/i0.wp.com\/comunidadeemacao.com.br\/site\/wp-content\/uploads\/2026\/07\/Corrego-Toucinheiro.jpg?fit=1038%2C558&ssl=1&resize=350%2C200","width":350,"height":200,"srcset":"https:\/\/i0.wp.com\/comunidadeemacao.com.br\/site\/wp-content\/uploads\/2026\/07\/Corrego-Toucinheiro.jpg?fit=1038%2C558&ssl=1&resize=350%2C200 1x, https:\/\/i0.wp.com\/comunidadeemacao.com.br\/site\/wp-content\/uploads\/2026\/07\/Corrego-Toucinheiro.jpg?fit=1038%2C558&ssl=1&resize=525%2C300 1.5x, https:\/\/i0.wp.com\/comunidadeemacao.com.br\/site\/wp-content\/uploads\/2026\/07\/Corrego-Toucinheiro.jpg?fit=1038%2C558&ssl=1&resize=700%2C400 2x"},"classes":[]},{"id":5486,"url":"https:\/\/comunidadeemacao.com.br\/site\/segunda-etapa-do-drenurbs-prioriza-regiao-norte-de-belo-horizonte\/","url_meta":{"origin":10382,"position":5},"title":"Segunda etapa do Drenurbs prioriza Regi\u00e3o Norte de Belo Horizonte","author":"Marcos Silva","date":"14 de julho de 2025","format":false,"excerpt":"A Prefeitura de Belo Horizonte anunciou o in\u00edcio da segunda etapa do Drenurbs (Programa de Recupera\u00e7\u00e3o Ambiental e Saneamento de Fundos de Vale e C\u00f3rregos em Leito Natural), que ir\u00e1 priorizar obras de drenagem urbana, esgotamento sanit\u00e1rio e despolui\u00e7\u00e3o de c\u00f3rregos em tr\u00eas bacias hidrogr\u00e1ficas localizadas na Regi\u00e3o Norte da\u2026","rel":"","context":"Em &quot;Dia A Dia&quot;","block_context":{"text":"Dia A Dia","link":"https:\/\/comunidadeemacao.com.br\/site\/category\/dia-a-dia\/"},"img":{"alt_text":"Vila Biquinhas Drunurbs","src":"https:\/\/i0.wp.com\/comunidadeemacao.com.br\/site\/wp-content\/uploads\/2024\/04\/Vila-Biquinhas-OP.jpg?fit=900%2C587&ssl=1&resize=350%2C200","width":350,"height":200,"srcset":"https:\/\/i0.wp.com\/comunidadeemacao.com.br\/site\/wp-content\/uploads\/2024\/04\/Vila-Biquinhas-OP.jpg?fit=900%2C587&ssl=1&resize=350%2C200 1x, https:\/\/i0.wp.com\/comunidadeemacao.com.br\/site\/wp-content\/uploads\/2024\/04\/Vila-Biquinhas-OP.jpg?fit=900%2C587&ssl=1&resize=525%2C300 1.5x, https:\/\/i0.wp.com\/comunidadeemacao.com.br\/site\/wp-content\/uploads\/2024\/04\/Vila-Biquinhas-OP.jpg?fit=900%2C587&ssl=1&resize=700%2C400 2x"},"classes":[]}],"jetpack_featured_media_url":"https:\/\/i0.wp.com\/comunidadeemacao.com.br\/site\/wp-content\/uploads\/2026\/08\/IMG_20260730_094339.jpg?fit=4000%2C3000&ssl=1","_links":{"self":[{"href":"https:\/\/comunidadeemacao.com.br\/site\/wp-json\/wp\/v2\/posts\/10382","targetHints":{"allow":["GET"]}}],"collection":[{"href":"https:\/\/comunidadeemacao.com.br\/site\/wp-json\/wp\/v2\/posts"}],"about":[{"href":"https:\/\/comunidadeemacao.com.br\/site\/wp-json\/wp\/v2\/types\/post"}],"author":[{"embeddable":true,"href":"https:\/\/comunidadeemacao.com.br\/site\/wp-json\/wp\/v2\/users\/1"}],"replies":[{"embeddable":true,"href":"https:\/\/comunidadeemacao.com.br\/site\/wp-json\/wp\/v2\/comments?post=10382"}],"version-history":[{"count":2,"href":"https:\/\/comunidadeemacao.com.br\/site\/wp-json\/wp\/v2\/posts\/10382\/revisions"}],"predecessor-version":[{"id":10386,"href":"https:\/\/comunidadeemacao.com.br\/site\/wp-json\/wp\/v2\/posts\/10382\/revisions\/10386"}],"wp:featuredmedia":[{"embeddable":true,"href":"https:\/\/comunidadeemacao.com.br\/site\/wp-json\/wp\/v2\/media\/10383"}],"wp:attachment":[{"href":"https:\/\/comunidadeemacao.com.br\/site\/wp-json\/wp\/v2\/media?parent=10382"}],"wp:term":[{"taxonomy":"category","embeddable":true,"href":"https:\/\/comunidadeemacao.com.br\/site\/wp-json\/wp\/v2\/categories?post=10382"},{"taxonomy":"post_tag","embeddable":true,"href":"https:\/\/comunidadeemacao.com.br\/site\/wp-json\/wp\/v2\/tags?post=10382"},{"taxonomy":"series","embeddable":true,"href":"https:\/\/comunidadeemacao.com.br\/site\/wp-json\/wp\/v2\/series?post=10382"}],"curies":[{"name":"wp","href":"https:\/\/api.w.org\/{rel}","templated":true}]}}