{"id":10378,"date":"2026-08-31T05:37:18","date_gmt":"2026-08-31T08:37:18","guid":{"rendered":"https:\/\/comunidadeemacao.com.br\/site\/?p=10378"},"modified":"2026-08-30T20:44:22","modified_gmt":"2026-08-30T23:44:22","slug":"bh-deve-ter-segunda-feira-de-sol-calor-de-31c-e-atencao-a-baixa-umidade","status":"publish","type":"post","link":"https:\/\/comunidadeemacao.com.br\/site\/bh-deve-ter-segunda-feira-de-sol-calor-de-31c-e-atencao-a-baixa-umidade\/","title":{"rendered":"BH deve ter segunda-feira de sol, calor de 31\u00b0C e aten\u00e7\u00e3o \u00e0 baixa umidade"},"content":{"rendered":"<div class=\"\" data-turn-id-container=\"request-WEB:810c6113-a112-4991-9e2a-558ff7f3c748-2\" data-is-intersecting=\"true\">\n<section class=\"text-token-text-primary w-full focus:outline-none has-data-writing-block:pointer-events-none [&amp;:has([data-writing-block])&gt;*]:pointer-events-auto R6Vx5W_threadScrollVars scroll-mb-[calc(var(--scroll-root-safe-area-inset-bottom,0px)+var(--thread-response-height))] scroll-mt-[calc(var(--header-height)+min(200px,max(70px,20svh)))]\" dir=\"auto\" data-turn-id=\"request-WEB:810c6113-a112-4991-9e2a-558ff7f3c748-2\" data-turn-id-container=\"request-WEB:810c6113-a112-4991-9e2a-558ff7f3c748-2\" data-testid=\"conversation-turn-2\" data-turn=\"assistant\">\n<div class=\"text-base my-auto mx-auto [--thread-content-margin:var(--thread-content-margin-xs,calc(var(--spacing)*4))] @w-sm\/main:[--thread-content-margin:var(--thread-content-margin-sm,calc(var(--spacing)*6))] @w-lg\/main:[--thread-content-margin:var(--thread-content-margin-lg,calc(var(--spacing)*16))] px-(--thread-content-margin)\">\n<div class=\"[--thread-content-max-width:40rem] @w-lg\/main:[--thread-content-max-width:48rem] mx-auto max-w-(--thread-content-max-width) flex-1 group\/turn-messages focus-visible:outline-hidden relative flex w-full min-w-0 flex-col agent-turn\" data-conversation-screenshot-content=\"\">\n<div class=\"flex max-w-full flex-col gap-4 grow\">\n<div class=\"min-h-8 text-message relative flex w-full flex-col items-end gap-2 text-start break-words whitespace-normal outline-none keyboard-focused:focus-ring [.text-message+&amp;]:mt-1\" dir=\"auto\" data-message-author-role=\"assistant\" data-message-id=\"0cd75027-9194-41f5-b88e-f44bf3ef3cd6\" data-message-model-slug=\"gpt-5-6\">\n<div class=\"flex w-full flex-col gap-1 empty:hidden\">\n<div class=\"fbskMG_root markdown prose dark:prose-invert wrap-break-word w-full light markdown-new-styling\">\n<h2 data-section-id=\"1az6rsf\" data-start=\"93\" data-end=\"228\"><span role=\"text\"><strong data-start=\"97\" data-end=\"228\">Previs\u00e3o do tempo para BH em 31 de agosto aponta dia seco, temperaturas elevadas e risco \u00e0 sa\u00fade com a redu\u00e7\u00e3o da umidade do ar<\/strong><\/span><\/h2>\n<p data-start=\"230\" data-end=\"635\">A \u00faltima segunda-feira de agosto, <strong data-start=\"264\" data-end=\"288\">31 de agosto de 2026<\/strong>, deve ser marcada por <strong data-start=\"311\" data-end=\"402\">tempo predominantemente seco, presen\u00e7a de sol e temperaturas elevadas em Belo Horizonte<\/strong>. A previs\u00e3o indica m\u00e1xima pr\u00f3xima de <strong data-start=\"440\" data-end=\"448\">31\u00b0C<\/strong>, com m\u00ednima entre <strong data-start=\"467\" data-end=\"482\">18\u00b0C e 20\u00b0C<\/strong>, enquanto a possibilidade de chuva permanece baixa. O cen\u00e1rio exige aten\u00e7\u00e3o especial \u00e0 <strong data-start=\"570\" data-end=\"602\">hidrata\u00e7\u00e3o e \u00e0 umidade do ar<\/strong>, principalmente durante a tarde.<\/p>\n<p data-start=\"637\" data-end=\"971\">De acordo com o <strong data-start=\"653\" data-end=\"699\">Instituto Nacional de Meteorologia (INMET)<\/strong>, h\u00e1 um aviso com in\u00edcio previsto para segunda-feira, entre <strong data-start=\"759\" data-end=\"772\">10h e 20h<\/strong>, indicando <strong data-start=\"784\" data-end=\"826\">umidade relativa do ar entre 20% e 30%<\/strong>. Esses \u00edndices refor\u00e7am a necessidade de cuidados com a sa\u00fade durante o per\u00edodo mais quente e seco do dia.<\/p>\n<h3 data-section-id=\"1axgse0\" data-start=\"973\" data-end=\"1009\">\ud83c\udf21\ufe0f Calor e sol devem predominar<\/h3>\n<p data-start=\"1011\" data-end=\"1317\">Os principais servi\u00e7os meteorol\u00f3gicos consultados apontam para um dia de tempo firme na capital mineira. A previs\u00e3o do <strong data-start=\"1130\" data-end=\"1152\">Meteored\/tempo.com<\/strong> indica temperaturas entre <strong data-start=\"1179\" data-end=\"1194\">18\u00b0C e 31\u00b0C<\/strong>, com predom\u00ednio de c\u00e9u limpo e possibilidade de aumento de nuvens ao longo da tarde.<\/p>\n<p data-start=\"1319\" data-end=\"1600\">O <strong data-start=\"1321\" data-end=\"1336\">weather.com<\/strong> tamb\u00e9m prev\u00ea m\u00e1xima de <strong data-start=\"1360\" data-end=\"1368\">31\u00b0C<\/strong>, com baixa probabilidade de chuva durante o dia e ventos de leste e nordeste. Para a noite, a tend\u00eancia \u00e9 de temperaturas mais amenas, pr\u00f3ximas de <strong data-start=\"1516\" data-end=\"1531\">19\u00b0C a 20\u00b0C<\/strong>, com c\u00e9u parcialmente nublado.<\/p>\n<p data-start=\"1602\" data-end=\"1754\">J\u00e1 a <strong data-start=\"1607\" data-end=\"1621\">Climatempo<\/strong> projeta <strong data-start=\"1630\" data-end=\"1676\">sol com algumas nuvens e aus\u00eancia de chuva<\/strong> para a segunda-feira em Belo Horizonte.<\/p>\n<p data-start=\"1756\" data-end=\"1814\">\ud83d\udccc <strong data-start=\"1759\" data-end=\"1814\">Resumo da previs\u00e3o para Belo Horizonte \u2014 31\/08\/2026<\/strong><\/p>\n<ul data-start=\"1816\" data-end=\"2152\">\n<li data-section-id=\"grys47\" data-start=\"1816\" data-end=\"1887\">\u2600\ufe0f <strong data-start=\"1821\" data-end=\"1831\">Tempo:<\/strong> sol e c\u00e9u predominantemente aberto, com algumas nuvens;<\/li>\n<li data-section-id=\"17maw06\" data-start=\"1888\" data-end=\"1965\">\ud83c\udf21\ufe0f <strong data-start=\"1894\" data-end=\"1910\">Temperatura:<\/strong> m\u00ednima entre <strong data-start=\"1924\" data-end=\"1939\">18\u00b0C e 20\u00b0C<\/strong> e m\u00e1xima de at\u00e9 <strong data-start=\"1956\" data-end=\"1964\">31\u00b0C<\/strong>;<\/li>\n<li data-section-id=\"ubhv8\" data-start=\"1966\" data-end=\"2040\">\ud83d\udca7 <strong data-start=\"1971\" data-end=\"1983\">Umidade:<\/strong> pode variar entre <strong data-start=\"2002\" data-end=\"2015\">20% e 30%<\/strong>, segundo aviso do INMET;<\/li>\n<li data-section-id=\"12j499f\" data-start=\"2041\" data-end=\"2078\">\ud83c\udf27\ufe0f <strong data-start=\"2047\" data-end=\"2057\">Chuva:<\/strong> baixa probabilidade;<\/li>\n<li data-section-id=\"1m0qc92\" data-start=\"2079\" data-end=\"2152\">\ud83d\udca8 <strong data-start=\"2084\" data-end=\"2095\">Ventos:<\/strong> moderados, com possibilidade de rajadas ao longo do dia.<\/li>\n<\/ul>\n<h3 data-section-id=\"um69ld\" data-start=\"2154\" data-end=\"2206\">\ud83d\udca7 Hidrata\u00e7\u00e3o \u00e9 fundamental durante o tempo seco<\/h3>\n<p data-start=\"2208\" data-end=\"2540\">Com o calor e a redu\u00e7\u00e3o da umidade, a recomenda\u00e7\u00e3o \u00e9 <strong data-start=\"2261\" data-end=\"2321\">tomar \u00e1gua ao longo de todo o dia, mesmo sem sentir sede<\/strong>. Crian\u00e7as, idosos e pessoas que praticam atividades ao ar livre devem redobrar a aten\u00e7\u00e3o. Sempre que poss\u00edvel, \u00e9 importante evitar exposi\u00e7\u00e3o prolongada ao sol nos hor\u00e1rios mais quentes e manter os ambientes ventilados.<\/p>\n<p data-start=\"2542\" data-end=\"2772\">A baixa umidade tamb\u00e9m pode provocar desconfortos como ressecamento das vias respirat\u00f3rias, irrita\u00e7\u00e3o nos olhos e mal-estar. Por isso, a hidrata\u00e7\u00e3o e os cuidados preventivos ganham ainda mais import\u00e2ncia neste per\u00edodo de estiagem.<\/p>\n<h3 data-section-id=\"rvgz9\" data-start=\"2774\" data-end=\"2832\">\ud83d\udea8 Cadastre-se para receber os alertas da Defesa Civil<\/h3>\n<p data-start=\"2834\" data-end=\"3227\">A <strong data-start=\"2836\" data-end=\"2870\">Defesa Civil de Belo Horizonte<\/strong> orienta a popula\u00e7\u00e3o a acompanhar os alertas preventivos. Para receber mensagens gratuitas no celular, basta <strong data-start=\"2979\" data-end=\"3040\">enviar um SMS com o CEP da resid\u00eancia para o n\u00famero 40199<\/strong>. O sistema envia uma confirma\u00e7\u00e3o ap\u00f3s o cadastro e permite que o morador receba informa\u00e7\u00f5es e recomenda\u00e7\u00f5es sobre riscos e condi\u00e7\u00f5es meteorol\u00f3gicas.<\/p>\n<p data-start=\"3229\" data-end=\"3508\">Tamb\u00e9m \u00e9 poss\u00edvel acompanhar os canais oficiais da Defesa Civil de BH para atualiza\u00e7\u00f5es. A Prefeitura mant\u00e9m uma estrutura de monitoramento e prepara\u00e7\u00e3o para eventos clim\u00e1ticos extremos, incluindo estiagens, ondas de calor e chuvas intensas.<\/p>\n<h3 data-section-id=\"1nz4wr8\" data-start=\"3510\" data-end=\"3540\">\u26a0\ufe0f Aten\u00e7\u00e3o \u00e0s atualiza\u00e7\u00f5es<\/h3>\n<p data-start=\"3542\" data-end=\"3742\">As condi\u00e7\u00f5es meteorol\u00f3gicas podem sofrer altera\u00e7\u00f5es ao longo do dia. A recomenda\u00e7\u00e3o \u00e9 acompanhar os avisos oficiais do <span class=\"contents\" data-content-reference-start=\"3569\" data-content-reference-end=\"3591\"><span class=\"\" data-state=\"closed\"><a class=\"decorated-link\" href=\"https:\/\/portal.inmet.gov.br\/?utm_source=chatgpt.com\" target=\"_blank\" rel=\"noopener nofollow\">INMET<\/a><\/span><\/span> e da <span class=\"contents\" data-content-reference-start=\"3597\" data-content-reference-end=\"3646\"><span class=\"\" data-state=\"closed\"><a class=\"decorated-link\" href=\"https:\/\/prefeitura.pbh.gov.br\/defesa-civil\/alertas-de-risco?utm_source=chatgpt.com\" target=\"_blank\" rel=\"noopener nofollow\">Defesa Civil de Belo Horizonte<\/a><\/span><\/span>.<\/p>\n<p data-start=\"3744\" data-end=\"3916\"><strong data-start=\"3744\" data-end=\"3911\">A previs\u00e3o para esta segunda-feira \u00e9 de calor e tempo seco: leve sua garrafa de \u00e1gua, evite a exposi\u00e7\u00e3o excessiva ao sol e fique atento aos alertas meteorol\u00f3gicos.<\/strong> \ud83d\udca7\u2600\ufe0f<\/p>\n<p data-start=\"3918\" data-end=\"4145\" data-is-only-node=\"\"><strong data-start=\"3918\" data-end=\"3941\">Fontes consultadas:<\/strong> <span class=\"contents\" data-content-reference-start=\"3846\" data-content-reference-end=\"3905\"><span class=\"\" data-state=\"closed\"><a class=\"decorated-link\" href=\"https:\/\/portal.inmet.gov.br\/?utm_source=chatgpt.com\" target=\"_blank\" rel=\"noopener nofollow\">INMET \u2014 Instituto Nacional de Meteorologia<\/a><\/span><\/span> | <span class=\"contents\" data-content-reference-start=\"3908\" data-content-reference-end=\"3978\"><span class=\"\" data-state=\"delayed-open\" aria-describedby=\"radix-_r_jq_\" data-radix-popper-side=\"top\" data-radix-popper-align=\"start\"><a class=\"decorated-link\" href=\"https:\/\/www.tempo.com\/amanha\/belo-horizonte.htm?utm_source=chatgpt.com\" target=\"_blank\" rel=\"noopener nofollow\" aria-describedby=\"radix-_r_jq_\">Meteored \/ tempo.com \u2014 previs\u00e3o para Belo Horizonte<\/a><\/span><\/span> | <span class=\"contents\" data-content-reference-start=\"3981\" data-content-reference-end=\"4029\"><span class=\"\" data-state=\"closed\"><a class=\"decorated-link\" href=\"https:\/\/www.climatempo.com.br\/previsao-do-tempo\/15-dias\/cidade\/107\/belohorizonte-mg?utm_source=chatgpt.com\" target=\"_blank\" rel=\"noopener nofollow\">Climatempo \u2014 previs\u00e3o para BH<\/a><\/span><\/span> | <span class=\"contents\" data-content-reference-start=\"4032\" data-content-reference-end=\"4101\"><span class=\"\" data-state=\"closed\"><a class=\"decorated-link\" href=\"https:\/\/weather.com\/pt-BR\/clima\/mensalmente\/l\/15132adad88908d94c91b73c1bcd06a006eed3f0c354ed2a03ee720e16d0a004?utm_source=chatgpt.com\" target=\"_blank\" rel=\"noopener nofollow\">Weather.com \u2014 previs\u00e3o clim\u00e1tica de Belo Horizonte<\/a><\/span><\/span> | <span class=\"contents\" data-content-reference-start=\"4104\" data-content-reference-end=\"4185\"><span class=\"\" data-state=\"closed\"><a class=\"decorated-link\" href=\"https:\/\/prefeitura.pbh.gov.br\/defesa-civil\/alertas-de-risco?utm_source=chatgpt.com\" target=\"_blank\" rel=\"noopener nofollow\">Prefeitura de Belo Horizonte \/ Defesa Civil \u2014 alertas de risco<\/a><\/span><\/span><\/p>\n<\/div>\n<\/div>\n<\/div>\n<\/div>\n<\/div>\n<\/div>\n<\/section>\n<\/div>\n","protected":false},"excerpt":{"rendered":"Previs\u00e3o do tempo para BH em 31 de agosto aponta dia seco, temperaturas elevadas e risco \u00e0 sa\u00fade com a redu\u00e7\u00e3o da umidade do ar [&hellip;]","protected":false},"author":1,"featured_media":10379,"comment_status":"closed","ping_status":"closed","sticky":false,"template":"","format":"standard","meta":{"episode_type":"audio","audio_file":"","podmotor_file_id":"","podmotor_episode_id":"","cover_image":"","cover_image_id":"","duration":"","filesize":"","filesize_raw":"","date_recorded":"","explicit":"","block":"","_jetpack_newsletter_access":"","_jetpack_dont_email_post_to_subs":false,"_jetpack_newsletter_tier_id":0,"_jetpack_memberships_contains_paywalled_content":false,"_jetpack_feature_clip_id":0,"_jetpack_memberships_contains_paid_content":false,"footnotes":"","jetpack_post_was_ever_published":false},"categories":[2051],"tags":[2034,374,627],"series":[],"class_list":["post-10378","post","type-post","status-publish","format-standard","has-post-thumbnail","hentry","category-mateorologia","tag-climabelohorizontehoje","tag-comunidadeemacao","tag-jornaldebairro"],"episode_featured_image":"https:\/\/comunidadeemacao.com.br\/site\/wp-content\/uploads\/2026\/08\/ChatGPT-Image-30-de-ago.-de-2026-20_39_24.png","episode_player_image":"https:\/\/i0.wp.com\/comunidadeemacao.com.br\/site\/wp-content\/uploads\/2025\/07\/Logo-Fala-Zona-Norte-1400-pix1.jpg?fit=1400%2C1400&ssl=1","download_link":"","player_link":"","audio_player":false,"episode_data":{"playerMode":"light","subscribeUrls":{"youtube":{"key":"youtube","url":"","label":"YouTube","class":"youtube","icon":"youtube.png"}},"rssFeedUrl":"https:\/\/comunidadeemacao.com.br\/site\/feed\/podcast\/comunidade-em-acao","embedCode":"<blockquote class=\"wp-embedded-content\" data-secret=\"HxgPimuSE9\"><a href=\"https:\/\/comunidadeemacao.com.br\/site\/bh-deve-ter-segunda-feira-de-sol-calor-de-31c-e-atencao-a-baixa-umidade\/\">BH deve ter segunda-feira de sol, calor de 31\u00b0C e aten\u00e7\u00e3o \u00e0 baixa umidade<\/a><\/blockquote><iframe sandbox=\"allow-scripts\" security=\"restricted\" src=\"https:\/\/comunidadeemacao.com.br\/site\/bh-deve-ter-segunda-feira-de-sol-calor-de-31c-e-atencao-a-baixa-umidade\/embed\/#?secret=HxgPimuSE9\" width=\"500\" height=\"350\" title=\"&#8220;BH deve ter segunda-feira de sol, calor de 31\u00b0C e aten\u00e7\u00e3o \u00e0 baixa umidade&#8221; &#8212; COMUNIDADE EM A\u00c7\u00c3O\" data-secret=\"HxgPimuSE9\" frameborder=\"0\" marginwidth=\"0\" marginheight=\"0\" scrolling=\"no\" class=\"wp-embedded-content\"><\/iframe><script>\n\/*! This file is auto-generated *\/\n!function(d,l){\"use strict\";l.querySelector&&d.addEventListener&&\"undefined\"!=typeof URL&&(d.wp=d.wp||{},d.wp.receiveEmbedMessage||(d.wp.receiveEmbedMessage=function(e){var t=e.data;if((t||t.secret||t.message||t.value)&&!\/[^a-zA-Z0-9]\/.test(t.secret)){for(var s,r,n,a=l.querySelectorAll('iframe[data-secret=\"'+t.secret+'\"]'),o=l.querySelectorAll('blockquote[data-secret=\"'+t.secret+'\"]'),c=new RegExp(\"^https?:$\",\"i\"),i=0;i<o.length;i++)o[i].style.display=\"none\";for(i=0;i<a.length;i++)s=a[i],e.source===s.contentWindow&&(s.removeAttribute(\"style\"),\"height\"===t.message?(1e3<(r=parseInt(t.value,10))?r=1e3:~~r<200&&(r=200),s.height=r):\"link\"===t.message&&(r=new URL(s.getAttribute(\"src\")),n=new URL(t.value),c.test(n.protocol))&&n.host===r.host&&l.activeElement===s&&(d.top.location.href=t.value))}},d.addEventListener(\"message\",d.wp.receiveEmbedMessage,!1),l.addEventListener(\"DOMContentLoaded\",function(){for(var e,t,s=l.querySelectorAll(\"iframe.wp-embedded-content\"),r=0;r<s.length;r++)(t=(e=s[r]).getAttribute(\"data-secret\"))||(t=Math.random().toString(36).substring(2,12),e.src+=\"#?secret=\"+t,e.setAttribute(\"data-secret\",t)),e.contentWindow.postMessage({message:\"ready\",secret:t},\"*\")},!1)))}(window,document);\n\/\/# sourceURL=https:\/\/comunidadeemacao.com.br\/site\/wp-includes\/js\/wp-embed.min.js\n<\/script>\n"},"jetpack_sharing_enabled":true,"jetpack_likes_enabled":true,"jetpack-related-posts":[{"id":10456,"url":"https:\/\/comunidadeemacao.com.br\/site\/bh-tera-sexta-feira-de-sol-calor-e-baixa-umidade-nesta-sexta-4\/","url_meta":{"origin":10378,"position":0},"title":"BH ter\u00e1 sexta-feira de sol, calor e baixa umidade nesta sexta (4)","author":"Marcos Silva","date":"4 de setembro de 2026","format":false,"excerpt":"Term\u00f4metros podem chegar a 31\u00b0C durante a tarde, enquanto a umidade relativa do ar pode cair para 30%; moradores devem refor\u00e7ar a hidrata\u00e7\u00e3o e acompanhar os alertas da Defesa Civil Belo Horizonte ter\u00e1 uma sexta-feira (4) de setembro de 2026 predominantemente ensolarada, com temperaturas em eleva\u00e7\u00e3o e redu\u00e7\u00e3o da umidade\u2026","rel":"","context":"Em &quot;Mateorologia&quot;","block_context":{"text":"Mateorologia","link":"https:\/\/comunidadeemacao.com.br\/site\/category\/dia-a-dia\/mateorologia\/"},"img":{"alt_text":"Previs\u00e3o do Tempo em Belo Horizonte","src":"https:\/\/i0.wp.com\/comunidadeemacao.com.br\/site\/wp-content\/uploads\/2026\/09\/ChatGPT-Image-3-de-set.-de-2026-18_03_08.png?fit=1200%2C600&ssl=1&resize=350%2C200","width":350,"height":200,"srcset":"https:\/\/i0.wp.com\/comunidadeemacao.com.br\/site\/wp-content\/uploads\/2026\/09\/ChatGPT-Image-3-de-set.-de-2026-18_03_08.png?fit=1200%2C600&ssl=1&resize=350%2C200 1x, https:\/\/i0.wp.com\/comunidadeemacao.com.br\/site\/wp-content\/uploads\/2026\/09\/ChatGPT-Image-3-de-set.-de-2026-18_03_08.png?fit=1200%2C600&ssl=1&resize=525%2C300 1.5x, https:\/\/i0.wp.com\/comunidadeemacao.com.br\/site\/wp-content\/uploads\/2026\/09\/ChatGPT-Image-3-de-set.-de-2026-18_03_08.png?fit=1200%2C600&ssl=1&resize=700%2C400 2x, https:\/\/i0.wp.com\/comunidadeemacao.com.br\/site\/wp-content\/uploads\/2026\/09\/ChatGPT-Image-3-de-set.-de-2026-18_03_08.png?fit=1200%2C600&ssl=1&resize=1050%2C600 3x"},"classes":[]},{"id":10387,"url":"https:\/\/comunidadeemacao.com.br\/site\/previsao-do-tempo-em-bh-para-1o-de-setembro-calor-baixa-umidade-e-atencao-para-possibilidade-de-chuva\/","url_meta":{"origin":10378,"position":1},"title":"Previs\u00e3o do tempo em BH para 1\u00ba de setembro: calor, baixa umidade e aten\u00e7\u00e3o para possibilidade de chuva","author":"Marcos Silva","date":"1 de setembro de 2026","format":false,"excerpt":"\ud83c\udf21\ufe0f BH ter\u00e1 temperatura elevada nesta ter\u00e7a-feira (1\u00ba), mas modelos meteorol\u00f3gicos divergem sobre a ocorr\u00eancia de chuva; popula\u00e7\u00e3o deve acompanhar os alertas oficiais da Defesa Civil Belo Horizonte ter\u00e1 uma ter\u00e7a-feira (1\u00ba de setembro de 2026) marcada por temperaturas elevadas, baixa umidade durante o per\u00edodo mais quente do dia e\u2026","rel":"","context":"Em &quot;Mateorologia&quot;","block_context":{"text":"Mateorologia","link":"https:\/\/comunidadeemacao.com.br\/site\/category\/dia-a-dia\/mateorologia\/"},"img":{"alt_text":"Previs\u00e3o do Tempo em Belo Horizonte","src":"https:\/\/i0.wp.com\/comunidadeemacao.com.br\/site\/wp-content\/uploads\/2026\/08\/ChatGPT-Image-31-de-ago.-de-2026-20_16_56.png?fit=1200%2C600&ssl=1&resize=350%2C200","width":350,"height":200,"srcset":"https:\/\/i0.wp.com\/comunidadeemacao.com.br\/site\/wp-content\/uploads\/2026\/08\/ChatGPT-Image-31-de-ago.-de-2026-20_16_56.png?fit=1200%2C600&ssl=1&resize=350%2C200 1x, https:\/\/i0.wp.com\/comunidadeemacao.com.br\/site\/wp-content\/uploads\/2026\/08\/ChatGPT-Image-31-de-ago.-de-2026-20_16_56.png?fit=1200%2C600&ssl=1&resize=525%2C300 1.5x, https:\/\/i0.wp.com\/comunidadeemacao.com.br\/site\/wp-content\/uploads\/2026\/08\/ChatGPT-Image-31-de-ago.-de-2026-20_16_56.png?fit=1200%2C600&ssl=1&resize=700%2C400 2x, https:\/\/i0.wp.com\/comunidadeemacao.com.br\/site\/wp-content\/uploads\/2026\/08\/ChatGPT-Image-31-de-ago.-de-2026-20_16_56.png?fit=1200%2C600&ssl=1&resize=1050%2C600 3x"},"classes":[]},{"id":10164,"url":"https:\/\/comunidadeemacao.com.br\/site\/bh-tera-quarta-feira-de-sol-calor-e-ar-seco-minima-pode-chegar-a-13c\/","url_meta":{"origin":10378,"position":2},"title":"BH ter\u00e1 quarta-feira de sol, calor e ar seco; m\u00ednima pode chegar a 13\u00b0C","author":"Marcos Silva","date":"19 de agosto de 2026","format":false,"excerpt":"Previs\u00e3o do tempo para 19 de agosto indica c\u00e9u aberto, grande amplitude t\u00e9rmica e baixa umidade durante o per\u00edodo mais quente do dia \ud83c\udf24\ufe0f Belo Horizonte ter\u00e1 uma quarta-feira (19) t\u00edpica do inverno, com manh\u00e3 fria, tarde quente, c\u00e9u predominantemente aberto e pouca possibilidade de chuva. As previs\u00f5es consultadas apontam\u2026","rel":"","context":"Em &quot;Mateorologia&quot;","block_context":{"text":"Mateorologia","link":"https:\/\/comunidadeemacao.com.br\/site\/category\/dia-a-dia\/mateorologia\/"},"img":{"alt_text":"Previs\u00e3o do Tempo em Belo Horizonte","src":"https:\/\/i0.wp.com\/comunidadeemacao.com.br\/site\/wp-content\/uploads\/2026\/08\/ChatGPT-Image-18-de-ago.-de-2026-19_51_01.png?fit=1200%2C600&ssl=1&resize=350%2C200","width":350,"height":200,"srcset":"https:\/\/i0.wp.com\/comunidadeemacao.com.br\/site\/wp-content\/uploads\/2026\/08\/ChatGPT-Image-18-de-ago.-de-2026-19_51_01.png?fit=1200%2C600&ssl=1&resize=350%2C200 1x, https:\/\/i0.wp.com\/comunidadeemacao.com.br\/site\/wp-content\/uploads\/2026\/08\/ChatGPT-Image-18-de-ago.-de-2026-19_51_01.png?fit=1200%2C600&ssl=1&resize=525%2C300 1.5x, https:\/\/i0.wp.com\/comunidadeemacao.com.br\/site\/wp-content\/uploads\/2026\/08\/ChatGPT-Image-18-de-ago.-de-2026-19_51_01.png?fit=1200%2C600&ssl=1&resize=700%2C400 2x, https:\/\/i0.wp.com\/comunidadeemacao.com.br\/site\/wp-content\/uploads\/2026\/08\/ChatGPT-Image-18-de-ago.-de-2026-19_51_01.png?fit=1200%2C600&ssl=1&resize=1050%2C600 3x"},"classes":[]},{"id":10256,"url":"https:\/\/comunidadeemacao.com.br\/site\/previsao-do-tempo-bh-tera-sol-calor-de-ate-28c-e-risco-de-chuva-nesta-segunda-feira-24\/","url_meta":{"origin":10378,"position":3},"title":"Previs\u00e3o do tempo: BH ter\u00e1 sol, calor de at\u00e9 28\u00b0C e risco de chuva nesta segunda-feira (24)","author":"Marcos Silva","date":"24 de agosto de 2026","format":false,"excerpt":"\ud83c\udf21\ufe0f Segunda-feira de inverno deve ter temperaturas entre 16\u00b0C e 28\u00b0C; umidade do ar merece aten\u00e7\u00e3o e h\u00e1 diverg\u00eancia entre os institutos sobre a possibilidade de chuva Belo Horizonte deve ter uma segunda-feira (24) t\u00edpica do inverno mineiro, com varia\u00e7\u00e3o de nebulosidade, temperaturas mais amenas no in\u00edcio do dia e\u2026","rel":"","context":"Em &quot;Mateorologia&quot;","block_context":{"text":"Mateorologia","link":"https:\/\/comunidadeemacao.com.br\/site\/category\/dia-a-dia\/mateorologia\/"},"img":{"alt_text":"Previs\u00e3o do Tempo em Belo Horizonte","src":"https:\/\/i0.wp.com\/comunidadeemacao.com.br\/site\/wp-content\/uploads\/2026\/08\/ChatGPT-Image-23-de-ago.-de-2026-22_23_09.png?fit=1200%2C600&ssl=1&resize=350%2C200","width":350,"height":200,"srcset":"https:\/\/i0.wp.com\/comunidadeemacao.com.br\/site\/wp-content\/uploads\/2026\/08\/ChatGPT-Image-23-de-ago.-de-2026-22_23_09.png?fit=1200%2C600&ssl=1&resize=350%2C200 1x, https:\/\/i0.wp.com\/comunidadeemacao.com.br\/site\/wp-content\/uploads\/2026\/08\/ChatGPT-Image-23-de-ago.-de-2026-22_23_09.png?fit=1200%2C600&ssl=1&resize=525%2C300 1.5x, https:\/\/i0.wp.com\/comunidadeemacao.com.br\/site\/wp-content\/uploads\/2026\/08\/ChatGPT-Image-23-de-ago.-de-2026-22_23_09.png?fit=1200%2C600&ssl=1&resize=700%2C400 2x, https:\/\/i0.wp.com\/comunidadeemacao.com.br\/site\/wp-content\/uploads\/2026\/08\/ChatGPT-Image-23-de-ago.-de-2026-22_23_09.png?fit=1200%2C600&ssl=1&resize=1050%2C600 3x"},"classes":[]},{"id":8423,"url":"https:\/\/comunidadeemacao.com.br\/site\/bh-tera-segunda-feira-de-calor-tempo-seco-e-chance-de-chuva-isolada-baixa-umidade-acende-alerta-para-hidratacao\/","url_meta":{"origin":10378,"position":4},"title":"BH ter\u00e1 segunda-feira de calor, tempo seco e chance de chuva isolada; baixa umidade acende alerta para hidrata\u00e7\u00e3o","author":"Marcos Silva","date":"11 de maio de 2026","format":false,"excerpt":"\ud83c\udf24\ufe0fA previs\u00e3o do tempo para esta segunda-feira, 11 de maio de 2026, em Belo Horizonte indica um t\u00edpico cen\u00e1rio de outono mineiro: manh\u00e3 amena, calor durante a tarde e baixos \u00edndices de umidade relativa do ar ao longo do dia. Apesar das temperaturas elevadas, a esta\u00e7\u00e3o ainda exige aten\u00e7\u00e3o especial\u2026","rel":"","context":"Em &quot;Mateorologia&quot;","block_context":{"text":"Mateorologia","link":"https:\/\/comunidadeemacao.com.br\/site\/category\/dia-a-dia\/mateorologia\/"},"img":{"alt_text":"Previs\u00e3o do tempo para Belo Horizonte","src":"https:\/\/i0.wp.com\/comunidadeemacao.com.br\/site\/wp-content\/uploads\/2026\/05\/ChatGPT-Image-10-de-mai.-de-2026-21_07_52.jpg?fit=1200%2C600&ssl=1&resize=350%2C200","width":350,"height":200,"srcset":"https:\/\/i0.wp.com\/comunidadeemacao.com.br\/site\/wp-content\/uploads\/2026\/05\/ChatGPT-Image-10-de-mai.-de-2026-21_07_52.jpg?fit=1200%2C600&ssl=1&resize=350%2C200 1x, https:\/\/i0.wp.com\/comunidadeemacao.com.br\/site\/wp-content\/uploads\/2026\/05\/ChatGPT-Image-10-de-mai.-de-2026-21_07_52.jpg?fit=1200%2C600&ssl=1&resize=525%2C300 1.5x, https:\/\/i0.wp.com\/comunidadeemacao.com.br\/site\/wp-content\/uploads\/2026\/05\/ChatGPT-Image-10-de-mai.-de-2026-21_07_52.jpg?fit=1200%2C600&ssl=1&resize=700%2C400 2x, https:\/\/i0.wp.com\/comunidadeemacao.com.br\/site\/wp-content\/uploads\/2026\/05\/ChatGPT-Image-10-de-mai.-de-2026-21_07_52.jpg?fit=1200%2C600&ssl=1&resize=1050%2C600 3x"},"classes":[]},{"id":8633,"url":"https:\/\/comunidadeemacao.com.br\/site\/bh-tera-segunda-feira-de-tempo-firme-manha-fria-e-baixa-umidade-no-outono\/","url_meta":{"origin":10378,"position":5},"title":"BH ter\u00e1 segunda-feira de tempo firme, manh\u00e3 fria e baixa umidade no outono","author":"Marcos Silva","date":"25 de maio de 2026","format":false,"excerpt":"\u00a0 \u00a0 \u00a0 \u00a0 \u00a0 A previs\u00e3o do tempo para esta segunda-feira, 25 de maio de 2026, em Belo Horizonte indica um t\u00edpico cen\u00e1rio de outono na capital mineira: manh\u00e3 fria, tarde agrad\u00e1vel e tempo predominantemente est\u00e1vel ao longo do dia. Segundo dados do INMET, Tempo.com, Climatempo e The Weather\u2026","rel":"","context":"Em &quot;Mateorologia&quot;","block_context":{"text":"Mateorologia","link":"https:\/\/comunidadeemacao.com.br\/site\/category\/dia-a-dia\/mateorologia\/"},"img":{"alt_text":"Previs\u00e3o do tempo em Belo Horizonte","src":"https:\/\/i0.wp.com\/comunidadeemacao.com.br\/site\/wp-content\/uploads\/2026\/05\/ChatGPT-Image-24-de-mai.-de-2026-11_10_39.jpg?fit=1200%2C600&ssl=1&resize=350%2C200","width":350,"height":200,"srcset":"https:\/\/i0.wp.com\/comunidadeemacao.com.br\/site\/wp-content\/uploads\/2026\/05\/ChatGPT-Image-24-de-mai.-de-2026-11_10_39.jpg?fit=1200%2C600&ssl=1&resize=350%2C200 1x, https:\/\/i0.wp.com\/comunidadeemacao.com.br\/site\/wp-content\/uploads\/2026\/05\/ChatGPT-Image-24-de-mai.-de-2026-11_10_39.jpg?fit=1200%2C600&ssl=1&resize=525%2C300 1.5x, https:\/\/i0.wp.com\/comunidadeemacao.com.br\/site\/wp-content\/uploads\/2026\/05\/ChatGPT-Image-24-de-mai.-de-2026-11_10_39.jpg?fit=1200%2C600&ssl=1&resize=700%2C400 2x, https:\/\/i0.wp.com\/comunidadeemacao.com.br\/site\/wp-content\/uploads\/2026\/05\/ChatGPT-Image-24-de-mai.-de-2026-11_10_39.jpg?fit=1200%2C600&ssl=1&resize=1050%2C600 3x"},"classes":[]}],"jetpack_featured_media_url":"https:\/\/i0.wp.com\/comunidadeemacao.com.br\/site\/wp-content\/uploads\/2026\/08\/ChatGPT-Image-30-de-ago.-de-2026-20_39_24.png?fit=1774%2C887&ssl=1","_links":{"self":[{"href":"https:\/\/comunidadeemacao.com.br\/site\/wp-json\/wp\/v2\/posts\/10378","targetHints":{"allow":["GET"]}}],"collection":[{"href":"https:\/\/comunidadeemacao.com.br\/site\/wp-json\/wp\/v2\/posts"}],"about":[{"href":"https:\/\/comunidadeemacao.com.br\/site\/wp-json\/wp\/v2\/types\/post"}],"author":[{"embeddable":true,"href":"https:\/\/comunidadeemacao.com.br\/site\/wp-json\/wp\/v2\/users\/1"}],"replies":[{"embeddable":true,"href":"https:\/\/comunidadeemacao.com.br\/site\/wp-json\/wp\/v2\/comments?post=10378"}],"version-history":[{"count":1,"href":"https:\/\/comunidadeemacao.com.br\/site\/wp-json\/wp\/v2\/posts\/10378\/revisions"}],"predecessor-version":[{"id":10380,"href":"https:\/\/comunidadeemacao.com.br\/site\/wp-json\/wp\/v2\/posts\/10378\/revisions\/10380"}],"wp:featuredmedia":[{"embeddable":true,"href":"https:\/\/comunidadeemacao.com.br\/site\/wp-json\/wp\/v2\/media\/10379"}],"wp:attachment":[{"href":"https:\/\/comunidadeemacao.com.br\/site\/wp-json\/wp\/v2\/media?parent=10378"}],"wp:term":[{"taxonomy":"category","embeddable":true,"href":"https:\/\/comunidadeemacao.com.br\/site\/wp-json\/wp\/v2\/categories?post=10378"},{"taxonomy":"post_tag","embeddable":true,"href":"https:\/\/comunidadeemacao.com.br\/site\/wp-json\/wp\/v2\/tags?post=10378"},{"taxonomy":"series","embeddable":true,"href":"https:\/\/comunidadeemacao.com.br\/site\/wp-json\/wp\/v2\/series?post=10378"}],"curies":[{"name":"wp","href":"https:\/\/api.w.org\/{rel}","templated":true}]}}