{"id":10371,"date":"2026-08-31T07:44:03","date_gmt":"2026-08-31T10:44:03","guid":{"rendered":"https:\/\/comunidadeemacao.com.br\/site\/?p=10371"},"modified":"2026-08-31T16:32:50","modified_gmt":"2026-08-31T19:32:50","slug":"campo-do-napoli-e-revitalizado-e-entregue-a-populacao-no-bairro-tupi-em-bh","status":"publish","type":"post","link":"https:\/\/comunidadeemacao.com.br\/site\/campo-do-napoli-e-revitalizado-e-entregue-a-populacao-no-bairro-tupi-em-bh\/","title":{"rendered":"Campo do Napoli \u00e9 revitalizado e entregue \u00e0 popula\u00e7\u00e3o no Bairro Tupi, em BH"},"content":{"rendered":"<h2><strong><span style=\"color: #008000;\">Espa\u00e7o na Regi\u00e3o Norte recebeu grama sint\u00e9tica, nova ilumina\u00e7\u00e3o e melhorias estruturais ap\u00f3s investimento de cerca de R$ 2,3 milh\u00f5es<\/span><\/strong><\/h2>\n<p><span style=\"font-weight: 400;\">Moradores do Bairro Tupi, na Regi\u00e3o Norte de Belo Horizonte, voltaram a utilizar o Campo do Napoli, entregue \u00e0 comunidade neste domingo (30) ap\u00f3s passar por obras de revitaliza\u00e7\u00e3o e receber nova ilumina\u00e7\u00e3o. A interven\u00e7\u00e3o integra o Projeto Transformador Gol de Placa \u2013 Requalifica\u00e7\u00e3o dos Campos de Futebol, voltado \u00e0 moderniza\u00e7\u00e3o dos campos amadores da capital.<\/span><\/p>\n<p><span style=\"font-weight: 400;\">Segundo a Prefeitura de Belo Horizonte, foram investidos cerca de R$ 2,3 milh\u00f5es nas obras e no sistema de ilumina\u00e7\u00e3o do espa\u00e7o. A programa\u00e7\u00e3o de inaugura\u00e7\u00e3o incluiu a final do futebol feminino da Copa Centen\u00e1rio de Futebol Amador Wadson Lima, disputada entre AE Transforma\u00e7\u00e3o e Prointer F.C., pela categoria Feminino Adulto da temporada 2026.<\/span><\/p>\n<h2 class=\"entry-title\"><span style=\"color: #ff6600;\"><a style=\"color: #ff6600;\" href=\"https:\/\/comunidadeemacao.com.br\/site\/pbh-abre-licitacao-para-revitalizacao-do-campo-do-napoli-no-tupi\/\" rel=\"bookmark\"><strong><span style=\"color: #008000;\">Leia tambem<\/span><\/strong><\/a><\/span><\/h2>\n<h2 class=\"entry-title\"><span style=\"color: #ff6600;\"><a style=\"color: #ff6600;\" href=\"https:\/\/comunidadeemacao.com.br\/site\/pbh-abre-licitacao-para-revitalizacao-do-campo-do-napoli-no-tupi\/\" rel=\"bookmark\"><strong>PBH abre licita\u00e7\u00e3o para revitaliza\u00e7\u00e3o do Campo do Napoli no Tupi<\/strong><\/a><\/span><\/h2>\n<h2><span style=\"color: #008000;\"><strong>Campo do Napoli recebeu grama sint\u00e9tica e nova ilumina\u00e7\u00e3o<\/strong><\/span><\/h2>\n<p><span style=\"font-weight: 400;\">A revitaliza\u00e7\u00e3o do Campo do Napoli incluiu a implanta\u00e7\u00e3o de grama sint\u00e9tica, melhorias no passeio externo e no sistema de drenagem, al\u00e9m da instala\u00e7\u00e3o de novas traves, port\u00f5es para pedestres e ve\u00edculos e lixeiras.<\/span><\/p>\n<p><span style=\"font-weight: 400;\">Tamb\u00e9m foram instalados corrim\u00e3o met\u00e1lico duplo na rampa de acesso e realizadas a\u00e7\u00f5es de replantio de grama nos taludes. Para permitir a realiza\u00e7\u00e3o de atividades durante a noite, o campo passou a contar com seis postes equipados com projetores e 96 lumin\u00e1rias.<\/span><\/p>\n<p><span style=\"font-weight: 400;\">A entrega do equipamento faz parte de uma pol\u00edtica municipal de requalifica\u00e7\u00e3o de espa\u00e7os destinados ao futebol amador. Desde 2025, a Prefeitura informou ter conclu\u00eddo interven\u00e7\u00f5es em campos localizados em diferentes regionais de Belo Horizonte.<\/span><\/p>\n<figure id=\"attachment_10375\" aria-describedby=\"caption-attachment-10375\" style=\"width: 4320px\" class=\"wp-caption aligncenter\"><img data-recalc-dims=\"1\" fetchpriority=\"high\" decoding=\"async\" class=\"size-full wp-image-10375\" src=\"https:\/\/i0.wp.com\/comunidadeemacao.com.br\/site\/wp-content\/uploads\/2026\/08\/Damiao-01.jpg?resize=1160%2C870&#038;ssl=1\" alt=\"\" width=\"1160\" height=\"870\" srcset=\"https:\/\/i0.wp.com\/comunidadeemacao.com.br\/site\/wp-content\/uploads\/2026\/08\/Damiao-01.jpg?w=4320&amp;ssl=1 4320w, https:\/\/i0.wp.com\/comunidadeemacao.com.br\/site\/wp-content\/uploads\/2026\/08\/Damiao-01.jpg?resize=300%2C225&amp;ssl=1 300w, https:\/\/i0.wp.com\/comunidadeemacao.com.br\/site\/wp-content\/uploads\/2026\/08\/Damiao-01.jpg?resize=1024%2C768&amp;ssl=1 1024w, https:\/\/i0.wp.com\/comunidadeemacao.com.br\/site\/wp-content\/uploads\/2026\/08\/Damiao-01.jpg?resize=768%2C576&amp;ssl=1 768w, https:\/\/i0.wp.com\/comunidadeemacao.com.br\/site\/wp-content\/uploads\/2026\/08\/Damiao-01.jpg?resize=1536%2C1152&amp;ssl=1 1536w, https:\/\/i0.wp.com\/comunidadeemacao.com.br\/site\/wp-content\/uploads\/2026\/08\/Damiao-01.jpg?resize=2048%2C1536&amp;ssl=1 2048w, https:\/\/i0.wp.com\/comunidadeemacao.com.br\/site\/wp-content\/uploads\/2026\/08\/Damiao-01.jpg?resize=820%2C615&amp;ssl=1 820w, https:\/\/i0.wp.com\/comunidadeemacao.com.br\/site\/wp-content\/uploads\/2026\/08\/Damiao-01.jpg?resize=150%2C113&amp;ssl=1 150w, https:\/\/i0.wp.com\/comunidadeemacao.com.br\/site\/wp-content\/uploads\/2026\/08\/Damiao-01.jpg?w=2320&amp;ssl=1 2320w, https:\/\/i0.wp.com\/comunidadeemacao.com.br\/site\/wp-content\/uploads\/2026\/08\/Damiao-01.jpg?w=3480&amp;ssl=1 3480w\" sizes=\"(max-width: 1160px) 100vw, 1160px\" \/><figcaption id=\"caption-attachment-10375\" class=\"wp-caption-text\"><span style=\"color: #ff6600;\"><strong><em>O prefeito \u00c1lvaro Dami\u00e3o destacou o impacto positivo que a obra de melhoria do campo trar\u00e1 para a comunidade da regi\u00e3o. Foto: Maecos Silva | JCA<\/em><\/strong><\/span><\/figcaption><\/figure>\n<p><span style=\"font-weight: 400;\">O prefeito \u00c1lvaro Dami\u00e3o destacou o impacto positivo que a obra de melhoria do campo trar\u00e1 para a comunidade da regi\u00e3o.<\/span><\/p>\n<blockquote><p><span style=\"font-weight: 400;\"><em> \u201cNossa prioridade \u00e9 a sa\u00fade, o bem-estar, o lazer e a qualidade de vida da popula\u00e7\u00e3o mais pobre da cidade. Ao transformar um campo de terra batida em um espa\u00e7o com grama sint\u00e9tica, promovemos n\u00e3o apenas o esporte, mas a sa\u00fade p\u00fablica. Eu nasci pr\u00f3ximo a um campo de terra, sei como \u00e9 enfrentar um campo cheio de poeira, e considero um dever da nossa gest\u00e3o promover essas melhorias. Sou prefeito para cuidar, dos campos, das grandes obras de infraestrutura, do tr\u00e2nsito, da sa\u00fade, quanto de projetos que impactam diretamente o cotidiano das pessoas como essa obra aqui tamb\u00e9m\u201d<\/em>, afirmou o prefeito. <\/span><span style=\"font-weight: 400;\">\u00a0<\/span><\/p><\/blockquote>\n<h2><span style=\"color: #008000;\"><strong>Espa\u00e7o tamb\u00e9m receber\u00e1 projeto para crian\u00e7as e adolescentes<\/strong><\/span><\/h2>\n<p><span style=\"font-weight: 400;\">Al\u00e9m de voltar a sediar partidas e eventos da comunidade, o Campo do Napoli passar\u00e1 a receber atividades do projeto Sele\u00e7\u00f5es do Futuro, promovido pela Secretaria Municipal de Esportes e Lazer e apoiado pelo Minist\u00e9rio do Esporte.<\/span><\/p>\n<p><span style=\"font-weight: 400;\">A iniciativa atende crian\u00e7as e adolescentes de 6 a 17 anos, prioritariamente estudantes da rede p\u00fablica de ensino. Os participantes realizam duas aulas semanais de 90 minutos, no contraturno escolar.<\/span><\/p>\n<p><span style=\"font-weight: 400;\">O projeto integra o programa Esporte Esperan\u00e7a e, atualmente, atende cerca de 800 crian\u00e7as e adolescentes. Com a inclus\u00e3o do Campo do Napoli na estrutura utilizada pela iniciativa, a expectativa apresentada pela Prefeitura \u00e9 ampliar o acesso \u00e0 pr\u00e1tica do futebol de campo e fortalecer as atividades esportivas na Regi\u00e3o Norte de Belo Horizonte.<\/span><\/p>\n<p><span style=\"font-weight: 400;\">A revitaliza\u00e7\u00e3o do Campo do Napoli representa, assim, a recupera\u00e7\u00e3o de um espa\u00e7o de conviv\u00eancia e pr\u00e1tica esportiva para os moradores do Bairro Tupi, al\u00e9m de criar condi\u00e7\u00f5es para que crian\u00e7as, adolescentes e a comunidade utilizem o equipamento em atividades esportivas e eventos.<\/span><\/p>\n<h2><span style=\"color: #008000;\"><strong>Campo do Tupinense<\/strong><\/span><\/h2>\n<p><span style=\"font-weight: 400;\">Questionado pelo<em><strong> COMUNIDADE EM EM A\u00c7\u00c3O<\/strong><\/em> sobre as obras no Est\u00e1dio Isaias Gougher (campo do Tupinense), o prefeito Alvaro Dami\u00e3o explicou que a obra \u00e9 mais complex\u00e3o em raz\u00e3o da conte\u00e7\u00e3o que precisa ser feita no barranco que fica atraz do gol da Rua Gil Moraes de Lemos.<\/span><\/p>\n<p><span style=\"font-weight: 400;\">\u201cAli tem a parte que \u00e9 mais compliocada que o barranco que n\u00e3o \u00e9 uma obra simples, n\u00e3o \u00e9 s\u00f3 colocar grama sintetica no campo do Tupinense, e voc\u00ea cuidar de tudo aquilo ali, das pessoas que mora em torno do campo do Tupinense. Para n\u00f3s \u00e9 mais importante.\u201d explicou o prefeito.<\/span><\/p>\n<p><span style=\"font-weight: 400;\">A reportagem do questionou sobre a situa\u00e7\u00e3o da Rua Gil Moraes de Lemos, o prefeito reafirmou da necessidade de cuidar daquelas pessoas que mora em torno e \u201cconsequentemente cuidar do campo tamb\u00e9m\u201dconcluiu o prefeito.\u00a0<\/span><\/p>\n<p><span style=\"font-weight: 400;\">O <em><strong>COMUNIDADE EM A\u00c7\u00c3O<\/strong> <\/em>apurou com o secret\u00e1rio de Escportes Bernardo Correira que\u00a0 a obra do Tupinense \u00e9 priodidade da Prefeitura, mas que esta na responsabilidade da secretaria de Obras e Infraestrutura.\u00a0 <\/span><\/p>\n","protected":false},"excerpt":{"rendered":"Espa\u00e7o na Regi\u00e3o Norte recebeu grama sint\u00e9tica, nova ilumina\u00e7\u00e3o e melhorias estruturais ap\u00f3s investimento de cerca de R$ 2,3 milh\u00f5es Moradores do Bairro Tupi, na [&hellip;]","protected":false},"author":1,"featured_media":10372,"comment_status":"closed","ping_status":"closed","sticky":false,"template":"","format":"standard","meta":{"episode_type":"audio","audio_file":"","podmotor_file_id":"","podmotor_episode_id":"","cover_image":"","cover_image_id":"","duration":"","filesize":"","filesize_raw":"","date_recorded":"","explicit":"","block":"","_jetpack_newsletter_access":"","_jetpack_dont_email_post_to_subs":false,"_jetpack_newsletter_tier_id":0,"_jetpack_memberships_contains_paywalled_content":false,"_jetpack_feature_clip_id":0,"_jetpack_memberships_contains_paid_content":false,"footnotes":"","jetpack_post_was_ever_published":false},"categories":[68],"tags":[973,374,627],"series":[],"class_list":["post-10371","post","type-post","status-publish","format-standard","has-post-thumbnail","hentry","category-esportes","tag-campodonapoli","tag-comunidadeemacao","tag-jornaldebairro"],"episode_featured_image":"https:\/\/comunidadeemacao.com.br\/site\/wp-content\/uploads\/2026\/08\/Jogo-01.jpg","episode_player_image":"https:\/\/i0.wp.com\/comunidadeemacao.com.br\/site\/wp-content\/uploads\/2025\/07\/Logo-Fala-Zona-Norte-1400-pix1.jpg?fit=1400%2C1400&ssl=1","download_link":"","player_link":"","audio_player":false,"episode_data":{"playerMode":"light","subscribeUrls":{"youtube":{"key":"youtube","url":"","label":"YouTube","class":"youtube","icon":"youtube.png"}},"rssFeedUrl":"https:\/\/comunidadeemacao.com.br\/site\/feed\/podcast\/comunidade-em-acao","embedCode":"<blockquote class=\"wp-embedded-content\" data-secret=\"oGfkpNcJAQ\"><a href=\"https:\/\/comunidadeemacao.com.br\/site\/campo-do-napoli-e-revitalizado-e-entregue-a-populacao-no-bairro-tupi-em-bh\/\">Campo do Napoli \u00e9 revitalizado e entregue \u00e0 popula\u00e7\u00e3o no Bairro Tupi, em BH<\/a><\/blockquote><iframe sandbox=\"allow-scripts\" security=\"restricted\" src=\"https:\/\/comunidadeemacao.com.br\/site\/campo-do-napoli-e-revitalizado-e-entregue-a-populacao-no-bairro-tupi-em-bh\/embed\/#?secret=oGfkpNcJAQ\" width=\"500\" height=\"350\" title=\"&#8220;Campo do Napoli \u00e9 revitalizado e entregue \u00e0 popula\u00e7\u00e3o no Bairro Tupi, em BH&#8221; &#8212; COMUNIDADE EM A\u00c7\u00c3O\" data-secret=\"oGfkpNcJAQ\" frameborder=\"0\" marginwidth=\"0\" marginheight=\"0\" scrolling=\"no\" class=\"wp-embedded-content\"><\/iframe><script>\n\/*! This file is auto-generated *\/\n!function(d,l){\"use strict\";l.querySelector&&d.addEventListener&&\"undefined\"!=typeof URL&&(d.wp=d.wp||{},d.wp.receiveEmbedMessage||(d.wp.receiveEmbedMessage=function(e){var t=e.data;if((t||t.secret||t.message||t.value)&&!\/[^a-zA-Z0-9]\/.test(t.secret)){for(var s,r,n,a=l.querySelectorAll('iframe[data-secret=\"'+t.secret+'\"]'),o=l.querySelectorAll('blockquote[data-secret=\"'+t.secret+'\"]'),c=new RegExp(\"^https?:$\",\"i\"),i=0;i<o.length;i++)o[i].style.display=\"none\";for(i=0;i<a.length;i++)s=a[i],e.source===s.contentWindow&&(s.removeAttribute(\"style\"),\"height\"===t.message?(1e3<(r=parseInt(t.value,10))?r=1e3:~~r<200&&(r=200),s.height=r):\"link\"===t.message&&(r=new URL(s.getAttribute(\"src\")),n=new URL(t.value),c.test(n.protocol))&&n.host===r.host&&l.activeElement===s&&(d.top.location.href=t.value))}},d.addEventListener(\"message\",d.wp.receiveEmbedMessage,!1),l.addEventListener(\"DOMContentLoaded\",function(){for(var e,t,s=l.querySelectorAll(\"iframe.wp-embedded-content\"),r=0;r<s.length;r++)(t=(e=s[r]).getAttribute(\"data-secret\"))||(t=Math.random().toString(36).substring(2,12),e.src+=\"#?secret=\"+t,e.setAttribute(\"data-secret\",t)),e.contentWindow.postMessage({message:\"ready\",secret:t},\"*\")},!1)))}(window,document);\n\/\/# sourceURL=https:\/\/comunidadeemacao.com.br\/site\/wp-includes\/js\/wp-embed.min.js\n<\/script>\n"},"jetpack_sharing_enabled":true,"jetpack_likes_enabled":true,"jetpack-related-posts":[{"id":4538,"url":"https:\/\/comunidadeemacao.com.br\/site\/pbh-abre-licitacao-para-revitalizacao-do-campo-do-napoli-no-tupi\/","url_meta":{"origin":10371,"position":0},"title":"PBH abre licita\u00e7\u00e3o para revitaliza\u00e7\u00e3o do Campo do Napoli no Tupi","author":"Marcos Silva","date":"5 de dezembro de 2024","format":false,"excerpt":"Prefeitura de Belo Horizonte publicou um edital para a revitaliza\u00e7\u00e3o do Campo do Napoli, localizado na Rua Sete, no Bairro Tupi, na regi\u00e3o Norte da cidade. Este projeto, or\u00e7ado em R$ 1.392.460,92, ser\u00e1 custodiado com recursos da Secretaria Municipal de Obras e Infraestrutura (SMOBI), provenientes dos recursos ordin\u00e1rios do Tesouro\u2026","rel":"","context":"Em &quot;Dia A Dia&quot;","block_context":{"text":"Dia A Dia","link":"https:\/\/comunidadeemacao.com.br\/site\/category\/dia-a-dia\/"},"img":{"alt_text":"Campo do Napoli","src":"https:\/\/i0.wp.com\/comunidadeemacao.com.br\/site\/wp-content\/uploads\/2024\/12\/Campo-do-Napoli.jpg?fit=770%2C420&ssl=1&resize=350%2C200","width":350,"height":200,"srcset":"https:\/\/i0.wp.com\/comunidadeemacao.com.br\/site\/wp-content\/uploads\/2024\/12\/Campo-do-Napoli.jpg?fit=770%2C420&ssl=1&resize=350%2C200 1x, https:\/\/i0.wp.com\/comunidadeemacao.com.br\/site\/wp-content\/uploads\/2024\/12\/Campo-do-Napoli.jpg?fit=770%2C420&ssl=1&resize=525%2C300 1.5x, https:\/\/i0.wp.com\/comunidadeemacao.com.br\/site\/wp-content\/uploads\/2024\/12\/Campo-do-Napoli.jpg?fit=770%2C420&ssl=1&resize=700%2C400 2x"},"classes":[]},{"id":10425,"url":"https:\/\/comunidadeemacao.com.br\/site\/campo-futebol-providencia-minaslandia-revitalizacao\/","url_meta":{"origin":10371,"position":1},"title":"Campo do Provid\u00eancia ser\u00e1 revitalizado com investimento de R$ 2,2 milh\u00f5es","author":"Marcos Silva","date":"3 de setembro de 2026","format":false,"excerpt":"Campo do Provid\u00eancia ter\u00e1 gramado sint\u00e9tico, drenagem, acessibilidade e melhorias estruturais A Prefeitura de Belo Horizonte publicou, nesta quarta-feira (2), no Di\u00e1rio Oficial do Munic\u00edpio (DOM) , o edital de licita\u00e7\u00e3o para a reforma e moderniza\u00e7\u00e3o do Campo do Provid\u00eancia, localizado entre as ruas S\u00e3o Sebasti\u00e3o e Rio Grande, no\u2026","rel":"","context":"Em &quot;Obras&quot;","block_context":{"text":"Obras","link":"https:\/\/comunidadeemacao.com.br\/site\/category\/obras\/"},"img":{"alt_text":"Campo de futebol do Provid\u00eancia ser\u00e1 revitalizado","src":"https:\/\/i0.wp.com\/comunidadeemacao.com.br\/site\/wp-content\/uploads\/2026\/09\/campo-do-providencia-1.jpg?fit=770%2C513&ssl=1&resize=350%2C200","width":350,"height":200,"srcset":"https:\/\/i0.wp.com\/comunidadeemacao.com.br\/site\/wp-content\/uploads\/2026\/09\/campo-do-providencia-1.jpg?fit=770%2C513&ssl=1&resize=350%2C200 1x, https:\/\/i0.wp.com\/comunidadeemacao.com.br\/site\/wp-content\/uploads\/2026\/09\/campo-do-providencia-1.jpg?fit=770%2C513&ssl=1&resize=525%2C300 1.5x, https:\/\/i0.wp.com\/comunidadeemacao.com.br\/site\/wp-content\/uploads\/2026\/09\/campo-do-providencia-1.jpg?fit=770%2C513&ssl=1&resize=700%2C400 2x"},"classes":[]},{"id":4550,"url":"https:\/\/comunidadeemacao.com.br\/site\/a-63a-copa-itatiaia-tem-seis-clubes-da-zona-norte\/","url_meta":{"origin":10371,"position":2},"title":"A 63\u00aa Copa Itatiaia tem seis clubes da Zona Norte","author":"Marcos Silva","date":"7 de dezembro de 2024","format":false,"excerpt":"A 63\u00aa edi\u00e7\u00e3o da Copa Itatiaia KTO, inicia em 15 de dezembro de 2024, j\u00e1 definindo os grupos das Chaves Belo Horizonte (BH) e Metropolitana, prometendo uma competi\u00e7\u00e3o acirrada entre os clubes amadores da regi\u00e3o. O mais tradicional torneio de futebol amador do Brasil come\u00e7a no dia 15 de dezembro\u2026","rel":"","context":"Em &quot;Cidade&quot;","block_context":{"text":"Cidade","link":"https:\/\/comunidadeemacao.com.br\/site\/category\/cidade\/"},"img":{"alt_text":"Geoavana com trof\u00e9u de Campe\u00e3o da Copa Itatiaia 2023 | 2024","src":"https:\/\/i0.wp.com\/comunidadeemacao.com.br\/site\/wp-content\/uploads\/2024\/01\/Bar-do-Ze-Pequeno-1.jpeg?fit=900%2C1200&ssl=1&resize=350%2C200","width":350,"height":200,"srcset":"https:\/\/i0.wp.com\/comunidadeemacao.com.br\/site\/wp-content\/uploads\/2024\/01\/Bar-do-Ze-Pequeno-1.jpeg?fit=900%2C1200&ssl=1&resize=350%2C200 1x, https:\/\/i0.wp.com\/comunidadeemacao.com.br\/site\/wp-content\/uploads\/2024\/01\/Bar-do-Ze-Pequeno-1.jpeg?fit=900%2C1200&ssl=1&resize=525%2C300 1.5x, https:\/\/i0.wp.com\/comunidadeemacao.com.br\/site\/wp-content\/uploads\/2024\/01\/Bar-do-Ze-Pequeno-1.jpeg?fit=900%2C1200&ssl=1&resize=700%2C400 2x"},"classes":[]},{"id":10367,"url":"https:\/\/comunidadeemacao.com.br\/site\/copa-centenario-final-do-feminino-adulto-e-destaque-em-belo-horizonte-neste-domingo\/","url_meta":{"origin":10371,"position":3},"title":"Copa Centen\u00e1rio: final do Feminino Adulto \u00e9 destaque em Belo Horizonte neste domingo","author":"Marcos Silva","date":"29 de agosto de 2026","format":false,"excerpt":"A.E. Transforma\u00e7\u00e3o e Prointer F.C. disputam o t\u00edtulo da categoria Feminino Adulto, enquanto a competi\u00e7\u00e3o movimenta campos de Belo Horizonte com jogos dos m\u00f3dulos B e C A Copa Centen\u00e1rio de Futebol Amador Wadson Lima ter\u00e1 como principal atra\u00e7\u00e3o neste fim de semana a final da categoria Feminino Adulto. A.E.\u2026","rel":"","context":"Em &quot;Esportes&quot;","block_context":{"text":"Esportes","link":"https:\/\/comunidadeemacao.com.br\/site\/category\/esportes\/"},"img":{"alt_text":"","src":"https:\/\/i0.wp.com\/comunidadeemacao.com.br\/site\/wp-content\/uploads\/2026\/08\/final-copa-centenario-feminino-adulto-2025.jpg?fit=770%2C513&ssl=1&resize=350%2C200","width":350,"height":200,"srcset":"https:\/\/i0.wp.com\/comunidadeemacao.com.br\/site\/wp-content\/uploads\/2026\/08\/final-copa-centenario-feminino-adulto-2025.jpg?fit=770%2C513&ssl=1&resize=350%2C200 1x, https:\/\/i0.wp.com\/comunidadeemacao.com.br\/site\/wp-content\/uploads\/2026\/08\/final-copa-centenario-feminino-adulto-2025.jpg?fit=770%2C513&ssl=1&resize=525%2C300 1.5x, https:\/\/i0.wp.com\/comunidadeemacao.com.br\/site\/wp-content\/uploads\/2026\/08\/final-copa-centenario-feminino-adulto-2025.jpg?fit=770%2C513&ssl=1&resize=700%2C400 2x"},"classes":[]},{"id":4563,"url":"https:\/\/comunidadeemacao.com.br\/site\/copa-itatiaia-2024-2025-abertura-tera-20-jogos-neste-domingo-e-transmissao-ao-vivo\/","url_meta":{"origin":10371,"position":4},"title":"Copa Itatiaia 2024\/2025: Abertura ter\u00e1 20 jogos neste domingo e transmiss\u00e3o ao vivo","author":"Marcos Silva","date":"13 de dezembro de 2024","format":false,"excerpt":"A 63\u00aa edi\u00e7\u00e3o da Copa Itatiaia KTO, maior torneio de futebol amador do Brasil, come\u00e7a neste domingo (15) com um total de 20 partidas. Pela Chave Belo Horizonte, ser\u00e3o oito jogos, enquanto a Chave Metropolitana contar\u00e1 com 12 confrontos. Dois desses duelos ser\u00e3o transmitidos ao vivo na R\u00e1dio Itatiaia.\u00a0 Primeira\u2026","rel":"","context":"Em &quot;Esportes&quot;","block_context":{"text":"Esportes","link":"https:\/\/comunidadeemacao.com.br\/site\/category\/esportes\/"},"img":{"alt_text":"Reportagem Copa Itatiaia 2023 | 2024","src":"https:\/\/i0.wp.com\/comunidadeemacao.com.br\/site\/wp-content\/uploads\/2024\/01\/Entrega-do-torfeu-de-Vice-campeao-A.jpg?fit=1200%2C926&ssl=1&resize=350%2C200","width":350,"height":200,"srcset":"https:\/\/i0.wp.com\/comunidadeemacao.com.br\/site\/wp-content\/uploads\/2024\/01\/Entrega-do-torfeu-de-Vice-campeao-A.jpg?fit=1200%2C926&ssl=1&resize=350%2C200 1x, https:\/\/i0.wp.com\/comunidadeemacao.com.br\/site\/wp-content\/uploads\/2024\/01\/Entrega-do-torfeu-de-Vice-campeao-A.jpg?fit=1200%2C926&ssl=1&resize=525%2C300 1.5x, https:\/\/i0.wp.com\/comunidadeemacao.com.br\/site\/wp-content\/uploads\/2024\/01\/Entrega-do-torfeu-de-Vice-campeao-A.jpg?fit=1200%2C926&ssl=1&resize=700%2C400 2x, https:\/\/i0.wp.com\/comunidadeemacao.com.br\/site\/wp-content\/uploads\/2024\/01\/Entrega-do-torfeu-de-Vice-campeao-A.jpg?fit=1200%2C926&ssl=1&resize=1050%2C600 3x"},"classes":[]},{"id":3231,"url":"https:\/\/comunidadeemacao.com.br\/site\/campo-do-tupinense-tera-melhorias\/","url_meta":{"origin":10371,"position":5},"title":"Campo do Tupinense ter\u00e1 melhorias","author":"Marcos Silva","date":"27 de janeiro de 2023","format":false,"excerpt":"Come\u00e7a em breve as obras de adequa\u00e7\u00e3o, manuten\u00e7\u00e3o e conserva\u00e7\u00e3o do Est\u00e1dio Isa\u00edas Gougher (campo Tupinense), no bairro Tupi, na Regi\u00e3o Norte. O investimento previsto \u00e9 de R$ 476 mil, com prazo de execu\u00e7\u00e3o de 180 dias. A Prefeitura de Belo Horizonte autorizou a Construtora Campos & Filhos Ltda. iniciar\u2026","rel":"","context":"Em &quot;Comunidade&quot;","block_context":{"text":"Comunidade","link":"https:\/\/comunidadeemacao.com.br\/site\/category\/comunidade\/"},"img":{"alt_text":"Campo do Tupinense","src":"https:\/\/i0.wp.com\/comunidadeemacao.com.br\/site\/wp-content\/uploads\/2023\/01\/Tupinense-02-web.jpeg?fit=1200%2C675&ssl=1&resize=350%2C200","width":350,"height":200,"srcset":"https:\/\/i0.wp.com\/comunidadeemacao.com.br\/site\/wp-content\/uploads\/2023\/01\/Tupinense-02-web.jpeg?fit=1200%2C675&ssl=1&resize=350%2C200 1x, https:\/\/i0.wp.com\/comunidadeemacao.com.br\/site\/wp-content\/uploads\/2023\/01\/Tupinense-02-web.jpeg?fit=1200%2C675&ssl=1&resize=525%2C300 1.5x, https:\/\/i0.wp.com\/comunidadeemacao.com.br\/site\/wp-content\/uploads\/2023\/01\/Tupinense-02-web.jpeg?fit=1200%2C675&ssl=1&resize=700%2C400 2x, https:\/\/i0.wp.com\/comunidadeemacao.com.br\/site\/wp-content\/uploads\/2023\/01\/Tupinense-02-web.jpeg?fit=1200%2C675&ssl=1&resize=1050%2C600 3x"},"classes":[]}],"jetpack_featured_media_url":"https:\/\/i0.wp.com\/comunidadeemacao.com.br\/site\/wp-content\/uploads\/2026\/08\/Jogo-01.jpg?fit=4320%2C3240&ssl=1","_links":{"self":[{"href":"https:\/\/comunidadeemacao.com.br\/site\/wp-json\/wp\/v2\/posts\/10371","targetHints":{"allow":["GET"]}}],"collection":[{"href":"https:\/\/comunidadeemacao.com.br\/site\/wp-json\/wp\/v2\/posts"}],"about":[{"href":"https:\/\/comunidadeemacao.com.br\/site\/wp-json\/wp\/v2\/types\/post"}],"author":[{"embeddable":true,"href":"https:\/\/comunidadeemacao.com.br\/site\/wp-json\/wp\/v2\/users\/1"}],"replies":[{"embeddable":true,"href":"https:\/\/comunidadeemacao.com.br\/site\/wp-json\/wp\/v2\/comments?post=10371"}],"version-history":[{"count":4,"href":"https:\/\/comunidadeemacao.com.br\/site\/wp-json\/wp\/v2\/posts\/10371\/revisions"}],"predecessor-version":[{"id":10381,"href":"https:\/\/comunidadeemacao.com.br\/site\/wp-json\/wp\/v2\/posts\/10371\/revisions\/10381"}],"wp:featuredmedia":[{"embeddable":true,"href":"https:\/\/comunidadeemacao.com.br\/site\/wp-json\/wp\/v2\/media\/10372"}],"wp:attachment":[{"href":"https:\/\/comunidadeemacao.com.br\/site\/wp-json\/wp\/v2\/media?parent=10371"}],"wp:term":[{"taxonomy":"category","embeddable":true,"href":"https:\/\/comunidadeemacao.com.br\/site\/wp-json\/wp\/v2\/categories?post=10371"},{"taxonomy":"post_tag","embeddable":true,"href":"https:\/\/comunidadeemacao.com.br\/site\/wp-json\/wp\/v2\/tags?post=10371"},{"taxonomy":"series","embeddable":true,"href":"https:\/\/comunidadeemacao.com.br\/site\/wp-json\/wp\/v2\/series?post=10371"}],"curies":[{"name":"wp","href":"https:\/\/api.w.org\/{rel}","templated":true}]}}