{"id":10363,"date":"2026-08-30T05:41:20","date_gmt":"2026-08-30T08:41:20","guid":{"rendered":"https:\/\/comunidadeemacao.com.br\/site\/?p=10363"},"modified":"2026-08-29T19:51:32","modified_gmt":"2026-08-29T22:51:32","slug":"falta-de-agua-mais-de-mil-bairros-de-bh-e-regiao-metropolitana-terao-corte-neste-domingo","status":"publish","type":"post","link":"https:\/\/comunidadeemacao.com.br\/site\/falta-de-agua-mais-de-mil-bairros-de-bh-e-regiao-metropolitana-terao-corte-neste-domingo\/","title":{"rendered":"Falta de \u00e1gua: mais de mil bairros de BH e Regi\u00e3o Metropolitana ter\u00e3o corte neste domingo"},"content":{"rendered":"<h2 class=\"isSelectedEnd\">Abastecimento ser\u00e1 interrompido a partir de cerca das 7h para obras e interven\u00e7\u00f5es no Sistema de Abastecimento de \u00c1gua Rio Manso<\/h2>\n<p class=\"isSelectedEnd\">Moradores de mais de mil bairros de Belo Horizonte e da Regi\u00e3o Metropolitana devem enfrentar <strong>falta de \u00e1gua neste domingo (30)<\/strong>. O abastecimento ser\u00e1 interrompido para a realiza\u00e7\u00e3o de obras e interven\u00e7\u00f5es em unidades que integram o Sistema de Abastecimento de \u00c1gua Rio Manso. Os servi\u00e7os est\u00e3o previstos para come\u00e7ar por volta das 7h.<\/p>\n<p class=\"isSelectedEnd\">A interrup\u00e7\u00e3o do fornecimento de \u00e1gua vai atingir \u00e1reas de <strong>Belo Horizonte, Betim, Contagem, Ibirit\u00e9, Esmeraldas, Brumadinho, Igarap\u00e9, Lagoa Santa, M\u00e1rio Campos, Pedro Leopoldo, Ribeir\u00e3o das Neves, S\u00e3o Joaquim de Bicas, S\u00e3o Jos\u00e9 da Lapa, Sarzedo e Vespasiano<\/strong>.<\/p>\n<h2 class=\"isSelectedEnd\">Falta de \u00e1gua deve atingir bairros de Belo Horizonte<\/h2>\n<p class=\"isSelectedEnd\">Em Belo Horizonte, a lista inclui bairros de diferentes regi\u00f5es da capital, entre eles <strong>C\u00e9u Azul, Castelo, Cai\u00e7aras, Copacabana, Jardim Leblon, Jardim dos Comerci\u00e1rios, Mantiqueira, Santa M\u00f4nica, Serra Verde, Venda Nova, Minas Caixa e Liberdade<\/strong>, al\u00e9m de diversas vilas e conjuntos habitacionais.<\/p>\n<p class=\"isSelectedEnd\">A previs\u00e3o \u00e9 que os servi\u00e7os de manuten\u00e7\u00e3o tenham in\u00edcio por volta das 7h. A paralisa\u00e7\u00e3o est\u00e1 relacionada \u00e0s obras e interven\u00e7\u00f5es nas unidades que fazem parte do Sistema de Abastecimento de \u00c1gua Rio Manso, respons\u00e1vel pelo fornecimento para munic\u00edpios da capital e da Regi\u00e3o Metropolitana.<\/p>\n<h2 class=\"isSelectedEnd\">Regi\u00e3o Metropolitana tamb\u00e9m ser\u00e1 afetada<\/h2>\n<p class=\"isSelectedEnd\">Al\u00e9m da capital, a <strong>falta de \u00e1gua<\/strong> est\u00e1 prevista em bairros de munic\u00edpios como Betim, Contagem, Brumadinho, Sarzedo e Vespasiano, entre outras cidades da Regi\u00e3o Metropolitana de Belo Horizonte.<\/p>\n<p class=\"isSelectedEnd\">A quantidade de localidades afetadas ultrapassa mil bairros, segundo as informa\u00e7\u00f5es divulgadas. Por isso, moradores das \u00e1reas inclu\u00eddas na rela\u00e7\u00e3o devem ficar atentos \u00e0 interrup\u00e7\u00e3o tempor\u00e1ria no abastecimento durante o domingo.<\/p>\n<p class=\"isSelectedEnd\">A interrup\u00e7\u00e3o programada evidencia a abrang\u00eancia do sistema de abastecimento compartilhado entre Belo Horizonte e munic\u00edpios da Regi\u00e3o Metropolitana. Para os moradores das \u00e1reas afetadas, a informa\u00e7\u00e3o antecipada sobre a <strong>falta de \u00e1gua neste domingo<\/strong> \u00e9 importante para o planejamento das atividades dom\u00e9sticas durante o per\u00edodo de manuten\u00e7\u00e3o.<\/p>\n<p>&nbsp;<\/p>\n","protected":false},"excerpt":{"rendered":"Abastecimento ser\u00e1 interrompido a partir de cerca das 7h para obras e interven\u00e7\u00f5es no Sistema de Abastecimento de \u00c1gua Rio Manso Moradores de mais de [&hellip;]","protected":false},"author":1,"featured_media":2222,"comment_status":"closed","ping_status":"closed","sticky":false,"template":"","format":"standard","meta":{"episode_type":"audio","audio_file":"","podmotor_file_id":"","podmotor_episode_id":"","cover_image":"","cover_image_id":"","duration":"","filesize":"","filesize_raw":"","date_recorded":"","explicit":"","block":"","_jetpack_newsletter_access":"","_jetpack_dont_email_post_to_subs":false,"_jetpack_newsletter_tier_id":0,"_jetpack_memberships_contains_paywalled_content":false,"_jetpack_feature_clip_id":0,"_jetpack_memberships_contains_paid_content":false,"footnotes":"","jetpack_post_was_ever_published":false},"categories":[1],"tags":[374,2402,2921,627],"series":[],"class_list":["post-10363","post","type-post","status-publish","format-standard","has-post-thumbnail","hentry","category-noticiasdacomunidaede","tag-comunidadeemacao","tag-faltadagua","tag-faltadeaguaembelohorizonte","tag-jornaldebairro"],"episode_featured_image":"https:\/\/comunidadeemacao.com.br\/site\/wp-content\/uploads\/2021\/10\/AAA-Torneira-copy.jpg","episode_player_image":"https:\/\/i0.wp.com\/comunidadeemacao.com.br\/site\/wp-content\/uploads\/2025\/07\/Logo-Fala-Zona-Norte-1400-pix1.jpg?fit=1400%2C1400&ssl=1","download_link":"","player_link":"","audio_player":false,"episode_data":{"playerMode":"light","subscribeUrls":{"youtube":{"key":"youtube","url":"","label":"YouTube","class":"youtube","icon":"youtube.png"}},"rssFeedUrl":"https:\/\/comunidadeemacao.com.br\/site\/feed\/podcast\/comunidade-em-acao","embedCode":"<blockquote class=\"wp-embedded-content\" data-secret=\"NIHyvC29uV\"><a href=\"https:\/\/comunidadeemacao.com.br\/site\/falta-de-agua-mais-de-mil-bairros-de-bh-e-regiao-metropolitana-terao-corte-neste-domingo\/\">Falta de \u00e1gua: mais de mil bairros de BH e Regi\u00e3o Metropolitana ter\u00e3o corte neste domingo<\/a><\/blockquote><iframe sandbox=\"allow-scripts\" security=\"restricted\" src=\"https:\/\/comunidadeemacao.com.br\/site\/falta-de-agua-mais-de-mil-bairros-de-bh-e-regiao-metropolitana-terao-corte-neste-domingo\/embed\/#?secret=NIHyvC29uV\" width=\"500\" height=\"350\" title=\"&#8220;Falta de \u00e1gua: mais de mil bairros de BH e Regi\u00e3o Metropolitana ter\u00e3o corte neste domingo&#8221; &#8212; COMUNIDADE EM A\u00c7\u00c3O\" data-secret=\"NIHyvC29uV\" frameborder=\"0\" marginwidth=\"0\" marginheight=\"0\" scrolling=\"no\" class=\"wp-embedded-content\"><\/iframe><script>\n\/*! This file is auto-generated *\/\n!function(d,l){\"use strict\";l.querySelector&&d.addEventListener&&\"undefined\"!=typeof URL&&(d.wp=d.wp||{},d.wp.receiveEmbedMessage||(d.wp.receiveEmbedMessage=function(e){var t=e.data;if((t||t.secret||t.message||t.value)&&!\/[^a-zA-Z0-9]\/.test(t.secret)){for(var s,r,n,a=l.querySelectorAll('iframe[data-secret=\"'+t.secret+'\"]'),o=l.querySelectorAll('blockquote[data-secret=\"'+t.secret+'\"]'),c=new RegExp(\"^https?:$\",\"i\"),i=0;i<o.length;i++)o[i].style.display=\"none\";for(i=0;i<a.length;i++)s=a[i],e.source===s.contentWindow&&(s.removeAttribute(\"style\"),\"height\"===t.message?(1e3<(r=parseInt(t.value,10))?r=1e3:~~r<200&&(r=200),s.height=r):\"link\"===t.message&&(r=new URL(s.getAttribute(\"src\")),n=new URL(t.value),c.test(n.protocol))&&n.host===r.host&&l.activeElement===s&&(d.top.location.href=t.value))}},d.addEventListener(\"message\",d.wp.receiveEmbedMessage,!1),l.addEventListener(\"DOMContentLoaded\",function(){for(var e,t,s=l.querySelectorAll(\"iframe.wp-embedded-content\"),r=0;r<s.length;r++)(t=(e=s[r]).getAttribute(\"data-secret\"))||(t=Math.random().toString(36).substring(2,12),e.src+=\"#?secret=\"+t,e.setAttribute(\"data-secret\",t)),e.contentWindow.postMessage({message:\"ready\",secret:t},\"*\")},!1)))}(window,document);\n\/\/# sourceURL=https:\/\/comunidadeemacao.com.br\/site\/wp-includes\/js\/wp-embed.min.js\n<\/script>\n"},"jetpack_sharing_enabled":true,"jetpack_likes_enabled":true,"jetpack-related-posts":[{"id":2221,"url":"https:\/\/comunidadeemacao.com.br\/site\/domingo-sem-agua\/","url_meta":{"origin":10363,"position":0},"title":"Domingo sem \u00e1gua","author":"Marcos Silva","date":"30 de outubro de 2021","format":false,"excerpt":"Diversos bairros de Belo Horizonte, Ribeir\u00e3o das Neves, Santa Luzia e Vespasiano, na regi\u00e3o metropolitana, ter\u00e1 o abastecimento de \u00e1gua interrompido neste domingo (31\/10). Copasa informou que, devido \u00e0 manuten\u00e7\u00e3o no reservat\u00f3rio de \u00e1gua, localizado no bairro C\u00e9u Azul, em Belo Horizonte, o abastecimento em alguns bairros das cidades de\u2026","rel":"","context":"Em &quot;Dia A Dia&quot;","block_context":{"text":"Dia A Dia","link":"https:\/\/comunidadeemacao.com.br\/site\/category\/dia-a-dia\/"},"img":{"alt_text":"Copasa anuncia falta de \u00e1gua","src":"https:\/\/i0.wp.com\/comunidadeemacao.com.br\/site\/wp-content\/uploads\/2021\/10\/AAA-Torneira-copy.jpg?fit=1200%2C675&ssl=1&resize=350%2C200","width":350,"height":200,"srcset":"https:\/\/i0.wp.com\/comunidadeemacao.com.br\/site\/wp-content\/uploads\/2021\/10\/AAA-Torneira-copy.jpg?fit=1200%2C675&ssl=1&resize=350%2C200 1x, https:\/\/i0.wp.com\/comunidadeemacao.com.br\/site\/wp-content\/uploads\/2021\/10\/AAA-Torneira-copy.jpg?fit=1200%2C675&ssl=1&resize=525%2C300 1.5x, https:\/\/i0.wp.com\/comunidadeemacao.com.br\/site\/wp-content\/uploads\/2021\/10\/AAA-Torneira-copy.jpg?fit=1200%2C675&ssl=1&resize=700%2C400 2x, https:\/\/i0.wp.com\/comunidadeemacao.com.br\/site\/wp-content\/uploads\/2021\/10\/AAA-Torneira-copy.jpg?fit=1200%2C675&ssl=1&resize=1050%2C600 3x"},"classes":[]},{"id":9190,"url":"https:\/\/comunidadeemacao.com.br\/site\/copasa-preve-normalizacao-do-abastecimento-de-agua-em-bh-e-regiao-metropolitana\/","url_meta":{"origin":10363,"position":1},"title":"Copasa prev\u00ea normaliza\u00e7\u00e3o do abastecimento de \u00e1gua em BH e Regi\u00e3o Metropolitana","author":"Marcos Silva","date":"29 de junho de 2026","format":false,"excerpt":"Manuten\u00e7\u00e3o preventiva impacta o abastecimento de \u00e1gua Os moradores de Belo Horizonte e de outras sete cidades da Regi\u00e3o Metropolitana de Minas Gerais iniciaram a semana enfrentando a intermit\u00eancia no fornecimento de \u00e1gua. O transtorno \u00e9 resultado de uma manuten\u00e7\u00e3o preventiva realizada pela Companhia de Saneamento de Minas Gerais (Copasa)\u2026","rel":"","context":"Em &quot;Cidade&quot;","block_context":{"text":"Cidade","link":"https:\/\/comunidadeemacao.com.br\/site\/category\/cidade\/"},"img":{"alt_text":"","src":"","width":0,"height":0},"classes":[]},{"id":9151,"url":"https:\/\/comunidadeemacao.com.br\/site\/manutencao-no-sistema-paraopeba-afeta-abastecimento-de-agua-na-grande-bh\/","url_meta":{"origin":10363,"position":2},"title":"Manuten\u00e7\u00e3o no Sistema Paraopeba afeta abastecimento de \u00e1gua na Grande BH","author":"Marcos Silva","date":"27 de junho de 2026","format":false,"excerpt":"Manuten\u00e7\u00e3o programada e impactos esperados Uma opera\u00e7\u00e3o de manuten\u00e7\u00e3o preventiva no Sistema Paraopeba, que desempenha um papel crucial no abastecimento de \u00e1gua na regi\u00e3o metropolitana de Belo Horizonte, ter\u00e1 in\u00edcio neste domingo, dia 28. Essa interven\u00e7\u00e3o \u00e9 uma medida necess\u00e1ria para garantir o bom funcionamento do sistema, mas, inevitavelmente, acarretar\u00e1\u2026","rel":"","context":"Em &quot;Cidade&quot;","block_context":{"text":"Cidade","link":"https:\/\/comunidadeemacao.com.br\/site\/category\/cidade\/"},"img":{"alt_text":"Copasa anuncia falta de \u00e1gua","src":"https:\/\/i0.wp.com\/comunidadeemacao.com.br\/site\/wp-content\/uploads\/2021\/10\/AAA-Torneira-copy.jpg?fit=1200%2C675&ssl=1&resize=350%2C200","width":350,"height":200,"srcset":"https:\/\/i0.wp.com\/comunidadeemacao.com.br\/site\/wp-content\/uploads\/2021\/10\/AAA-Torneira-copy.jpg?fit=1200%2C675&ssl=1&resize=350%2C200 1x, https:\/\/i0.wp.com\/comunidadeemacao.com.br\/site\/wp-content\/uploads\/2021\/10\/AAA-Torneira-copy.jpg?fit=1200%2C675&ssl=1&resize=525%2C300 1.5x, https:\/\/i0.wp.com\/comunidadeemacao.com.br\/site\/wp-content\/uploads\/2021\/10\/AAA-Torneira-copy.jpg?fit=1200%2C675&ssl=1&resize=700%2C400 2x, https:\/\/i0.wp.com\/comunidadeemacao.com.br\/site\/wp-content\/uploads\/2021\/10\/AAA-Torneira-copy.jpg?fit=1200%2C675&ssl=1&resize=1050%2C600 3x"},"classes":[]},{"id":8377,"url":"https:\/\/comunidadeemacao.com.br\/site\/copasa-pede-uso-consciente-da-agua-apos-acidente-inusitado-afetar-abastecimento-em-bh\/","url_meta":{"origin":10363,"position":3},"title":"Copasa pede uso consciente da \u00e1gua ap\u00f3s acidente inusitado afetar abastecimento em BH","author":"Marcos Silva","date":"7 de maio de 2026","format":false,"excerpt":"Queda de \u00e9gua em adutora provoca interrup\u00e7\u00e3o no fornecimento Nesta quarta-feira (6), um incidente peculiar gerou grande impacto no abastecimento de \u00e1gua em Belo Horizonte e munic\u00edpios vizinhos. A queda de uma \u00e9gua em uma adutora do Sistema Rio das Velhas interrompeu o fornecimento de \u00e1gua, afetando aproximadamente 700 bairros\u2026","rel":"","context":"Em &quot;Cidade&quot;","block_context":{"text":"Cidade","link":"https:\/\/comunidadeemacao.com.br\/site\/category\/cidade\/"},"img":{"alt_text":"","src":"","width":0,"height":0},"classes":[]},{"id":8380,"url":"https:\/\/comunidadeemacao.com.br\/site\/copasa-desmente-boato-sobre-consumo-de-agua-da-torneira-em-belo-horizonte\/","url_meta":{"origin":10363,"position":4},"title":"Copasa Desmente Boato sobre Consumo de \u00c1gua da Torneira em Belo Horizonte","author":"Marcos Silva","date":"7 de maio de 2026","format":false,"excerpt":"Comunica\u00e7\u00e3o Oficial da Copasa A Companhia de Saneamento de Minas Gerais (Copasa) veio a p\u00fablico nesta quarta-feira (6) para desmentir um boato que ganhou for\u00e7a nas redes sociais e em grupos de aplicativos de mensagens, recomendando que a popula\u00e7\u00e3o evitasse o consumo de \u00e1gua da torneira pelos pr\u00f3ximos sete dias.\u2026","rel":"","context":"Em &quot;Cidade&quot;","block_context":{"text":"Cidade","link":"https:\/\/comunidadeemacao.com.br\/site\/category\/cidade\/"},"img":{"alt_text":"Fake news Copasa","src":"https:\/\/i0.wp.com\/comunidadeemacao.com.br\/site\/wp-content\/uploads\/2026\/05\/IMAGENS-PORTAL-ITATIAIA-12.webp?fit=660%2C440&ssl=1&resize=350%2C200","width":350,"height":200,"srcset":"https:\/\/i0.wp.com\/comunidadeemacao.com.br\/site\/wp-content\/uploads\/2026\/05\/IMAGENS-PORTAL-ITATIAIA-12.webp?fit=660%2C440&ssl=1&resize=350%2C200 1x, https:\/\/i0.wp.com\/comunidadeemacao.com.br\/site\/wp-content\/uploads\/2026\/05\/IMAGENS-PORTAL-ITATIAIA-12.webp?fit=660%2C440&ssl=1&resize=525%2C300 1.5x"},"classes":[]},{"id":8372,"url":"https:\/\/comunidadeemacao.com.br\/site\/interrupcao-no-abastecimento-de-agua-em-bh-apos-queda-de-egua-em-tubulacao\/","url_meta":{"origin":10363,"position":5},"title":"Interrup\u00e7\u00e3o no Abastecimento de \u00c1gua em BH Ap\u00f3s Queda de \u00c9gua em Tubula\u00e7\u00e3o","author":"Marcos Silva","date":"7 de maio de 2026","format":false,"excerpt":"Situa\u00e7\u00e3o Cr\u00edtica em Belo Horizonte e Regi\u00e3o Metropolitana Na \u00faltima segunda-feira, 4 de outubro, um incidente inusitado e tr\u00e1gico ocorreu em Belo Horizonte, resultando na interrup\u00e7\u00e3o do abastecimento de \u00e1gua para quase 700 bairros na capital mineira e na regi\u00e3o metropolitana. A Companhia de Saneamento de Minas Gerais (Copasa) concluiu\u2026","rel":"","context":"Em &quot;Cidade&quot;","block_context":{"text":"Cidade","link":"https:\/\/comunidadeemacao.com.br\/site\/category\/cidade\/"},"img":{"alt_text":"Copasa BH","src":"https:\/\/i0.wp.com\/comunidadeemacao.com.br\/site\/wp-content\/uploads\/2026\/05\/2024_08_07_hidrometro.webp?fit=1200%2C800&ssl=1&resize=350%2C200","width":350,"height":200,"srcset":"https:\/\/i0.wp.com\/comunidadeemacao.com.br\/site\/wp-content\/uploads\/2026\/05\/2024_08_07_hidrometro.webp?fit=1200%2C800&ssl=1&resize=350%2C200 1x, https:\/\/i0.wp.com\/comunidadeemacao.com.br\/site\/wp-content\/uploads\/2026\/05\/2024_08_07_hidrometro.webp?fit=1200%2C800&ssl=1&resize=525%2C300 1.5x, https:\/\/i0.wp.com\/comunidadeemacao.com.br\/site\/wp-content\/uploads\/2026\/05\/2024_08_07_hidrometro.webp?fit=1200%2C800&ssl=1&resize=700%2C400 2x, https:\/\/i0.wp.com\/comunidadeemacao.com.br\/site\/wp-content\/uploads\/2026\/05\/2024_08_07_hidrometro.webp?fit=1200%2C800&ssl=1&resize=1050%2C600 3x"},"classes":[]}],"jetpack_featured_media_url":"https:\/\/i0.wp.com\/comunidadeemacao.com.br\/site\/wp-content\/uploads\/2021\/10\/AAA-Torneira-copy.jpg?fit=2000%2C1125&ssl=1","_links":{"self":[{"href":"https:\/\/comunidadeemacao.com.br\/site\/wp-json\/wp\/v2\/posts\/10363","targetHints":{"allow":["GET"]}}],"collection":[{"href":"https:\/\/comunidadeemacao.com.br\/site\/wp-json\/wp\/v2\/posts"}],"about":[{"href":"https:\/\/comunidadeemacao.com.br\/site\/wp-json\/wp\/v2\/types\/post"}],"author":[{"embeddable":true,"href":"https:\/\/comunidadeemacao.com.br\/site\/wp-json\/wp\/v2\/users\/1"}],"replies":[{"embeddable":true,"href":"https:\/\/comunidadeemacao.com.br\/site\/wp-json\/wp\/v2\/comments?post=10363"}],"version-history":[{"count":3,"href":"https:\/\/comunidadeemacao.com.br\/site\/wp-json\/wp\/v2\/posts\/10363\/revisions"}],"predecessor-version":[{"id":10366,"href":"https:\/\/comunidadeemacao.com.br\/site\/wp-json\/wp\/v2\/posts\/10363\/revisions\/10366"}],"wp:featuredmedia":[{"embeddable":true,"href":"https:\/\/comunidadeemacao.com.br\/site\/wp-json\/wp\/v2\/media\/2222"}],"wp:attachment":[{"href":"https:\/\/comunidadeemacao.com.br\/site\/wp-json\/wp\/v2\/media?parent=10363"}],"wp:term":[{"taxonomy":"category","embeddable":true,"href":"https:\/\/comunidadeemacao.com.br\/site\/wp-json\/wp\/v2\/categories?post=10363"},{"taxonomy":"post_tag","embeddable":true,"href":"https:\/\/comunidadeemacao.com.br\/site\/wp-json\/wp\/v2\/tags?post=10363"},{"taxonomy":"series","embeddable":true,"href":"https:\/\/comunidadeemacao.com.br\/site\/wp-json\/wp\/v2\/series?post=10363"}],"curies":[{"name":"wp","href":"https:\/\/api.w.org\/{rel}","templated":true}]}}