{"id":10359,"date":"2026-08-30T06:12:02","date_gmt":"2026-08-30T09:12:02","guid":{"rendered":"https:\/\/comunidadeemacao.com.br\/site\/?p=10359"},"modified":"2026-08-29T19:28:01","modified_gmt":"2026-08-29T22:28:01","slug":"bh-tera-calor-de-ate-33c-neste-domingo-30-com-baixa-chance-de-chuva-e-atencao-a-umidade","status":"publish","type":"post","link":"https:\/\/comunidadeemacao.com.br\/site\/bh-tera-calor-de-ate-33c-neste-domingo-30-com-baixa-chance-de-chuva-e-atencao-a-umidade\/","title":{"rendered":"BH ter\u00e1 calor de at\u00e9 33\u00b0C neste domingo (30), com baixa chance de chuva e aten\u00e7\u00e3o \u00e0 umidade"},"content":{"rendered":"<h2 data-section-id=\"4dr4jh\" data-start=\"107\" data-end=\"274\"><em>Previs\u00e3o do tempo para Belo Horizonte em 30 de agosto indica manh\u00e3 amena, calor \u00e0 tarde e varia\u00e7\u00e3o na umidade; modelos divergem sobre possibilidade de chuva isolada<\/em><\/h2>\n<p data-start=\"276\" data-end=\"647\">Belo Horizonte deve ter um domingo (30) de <strong data-start=\"319\" data-end=\"397\">temperaturas elevadas, sol entre nuvens e aumento do calor durante a tarde<\/strong>. A previs\u00e3o consultada neste s\u00e1bado (29) aponta condi\u00e7\u00f5es predominantemente est\u00e1veis na capital mineira, mas h\u00e1 <strong data-start=\"510\" data-end=\"589\">diverg\u00eancia entre os modelos meteorol\u00f3gicos quanto \u00e0 possibilidade de chuva<\/strong>, o que recomenda aten\u00e7\u00e3o \u00e0s atualiza\u00e7\u00f5es ao longo do dia.<\/p>\n<p data-start=\"649\" data-end=\"956\">Segundo o <strong data-start=\"659\" data-end=\"668\">INMET<\/strong>, a previs\u00e3o para Belo Horizonte \u00e9 de <strong data-start=\"706\" data-end=\"741\">m\u00ednima de 15\u00b0C e m\u00e1xima de 33\u00b0C<\/strong> no domingo. O instituto tamb\u00e9m indica eleva\u00e7\u00e3o das temperaturas no Sudeste e prev\u00ea que o domingo tenha condi\u00e7\u00f5es de c\u00e9u com maior nebulosidade em algumas \u00e1reas de Minas Gerais.<\/p>\n<p data-start=\"958\" data-end=\"1269\">J\u00e1 o <strong data-start=\"963\" data-end=\"977\">Climatempo<\/strong> projeta para Belo Horizonte temperaturas entre <strong data-start=\"1025\" data-end=\"1040\">18\u00b0C e 31\u00b0C<\/strong>, com <strong data-start=\"1046\" data-end=\"1070\">sol e algumas nuvens<\/strong>, al\u00e9m de n\u00e9voa fraca ao amanhecer e c\u00e9u mais aberto durante a noite. A plataforma indica <strong data-start=\"1160\" data-end=\"1179\">0,0 mm de chuva<\/strong>, com umidade relativa variando entre <strong data-start=\"1217\" data-end=\"1230\">41% e 89%<\/strong>.<\/p>\n<h3 data-section-id=\"f0e3r4\" data-start=\"1271\" data-end=\"1325\">\u2600\ufe0f Sol, calor e mudan\u00e7a na umidade ao longo do dia<\/h3>\n<p data-start=\"1327\" data-end=\"1534\">A tend\u00eancia \u00e9 de um in\u00edcio de manh\u00e3 mais agrad\u00e1vel, seguido por <strong data-start=\"1391\" data-end=\"1425\">aumento gradual da temperatura<\/strong>. Nas horas mais quentes, os term\u00f4metros podem passar dos 30\u00b0C, principalmente segundo as proje\u00e7\u00f5es do INMET.<\/p>\n<p data-start=\"1536\" data-end=\"1808\">A umidade tamb\u00e9m deve apresentar forte varia\u00e7\u00e3o. O Climatempo estima \u00edndices entre <strong data-start=\"1619\" data-end=\"1632\">41% e 89%<\/strong>, o que significa que a sensa\u00e7\u00e3o de ar mais seco pode aparecer especialmente durante a tarde, quando as temperaturas estiverem mais altas.<\/p>\n<p data-start=\"1810\" data-end=\"2067\">Outro ponto de aten\u00e7\u00e3o \u00e9 a diferen\u00e7a entre as plataformas. O <strong data-start=\"1871\" data-end=\"1893\">tempo.com\/Meteored<\/strong> prev\u00ea para domingo <strong data-start=\"1913\" data-end=\"1948\">31\u00b0C de m\u00e1xima e 18\u00b0C de m\u00ednima<\/strong>, mas aponta <strong data-start=\"1961\" data-end=\"2028\">60% de possibilidade de trovoada e acumulado estimado de 2,1 mm<\/strong>.<\/p>\n<p data-start=\"2069\" data-end=\"2284\">Essa diverg\u00eancia \u00e9 importante: <strong data-start=\"2100\" data-end=\"2171\">n\u00e3o \u00e9 recomend\u00e1vel tratar a aus\u00eancia de chuva como certeza absoluta<\/strong>. Para quem pretende passar o domingo ao ar livre, vale conferir novas atualiza\u00e7\u00f5es meteorol\u00f3gicas antes de sair.<\/p>\n<h3 data-section-id=\"28qy46\" data-start=\"2286\" data-end=\"2342\">\ud83c\udf27\ufe0f CEMADEN n\u00e3o aponta cen\u00e1rio de alto risco para BH<\/h3>\n<p data-start=\"2344\" data-end=\"2747\">Na previs\u00e3o nacional de riscos geo-hidrol\u00f3gicos v\u00e1lida para domingo (30), o <strong data-start=\"2420\" data-end=\"2431\">CEMADEN<\/strong> concentra os cen\u00e1rios de maior aten\u00e7\u00e3o principalmente na Regi\u00e3o Sul, com riscos associados \u00e0s chuvas intensas em \u00e1reas do Paran\u00e1, Santa Catarina e Rio Grande do Sul. Belo Horizonte n\u00e3o aparece entre as \u00e1reas destacadas pelos principais riscos hidrol\u00f3gicos descritos no boletim.<\/p>\n<h3 data-section-id=\"9iqz5t\" data-start=\"2749\" data-end=\"2815\">\u26a0\ufe0f Defesa Civil: popula\u00e7\u00e3o deve acompanhar os alertas oficiais<\/h3>\n<p data-start=\"2817\" data-end=\"3133\">A <strong data-start=\"2819\" data-end=\"2853\">Defesa Civil de Belo Horizonte<\/strong> mant\u00e9m canais oficiais para divulga\u00e7\u00e3o de alertas meteorol\u00f3gicos e recomenda\u00e7\u00f5es preventivas. A Prefeitura informa que os moradores podem acompanhar as informa\u00e7\u00f5es por WhatsApp, Telegram, redes sociais e tamb\u00e9m pelo sistema de <strong data-start=\"3081\" data-end=\"3094\">SMS 40199<\/strong>.<\/p>\n<p data-start=\"3135\" data-end=\"3425\">O cadastro \u00e9 gratuito. Para receber os alertas, basta <strong data-start=\"3189\" data-end=\"3254\">enviar o CEP da \u00e1rea de interesse por SMS para o n\u00famero 40199<\/strong>. O sistema permite cadastrar mais de um CEP, possibilitando receber informa\u00e7\u00f5es de diferentes locais, como casa, trabalho ou escola.<\/p>\n<p data-start=\"3427\" data-end=\"3598\"><strong data-start=\"3427\" data-end=\"3516\">A orienta\u00e7\u00e3o \u00e9 que os moradores fa\u00e7am o cadastro antes de qualquer situa\u00e7\u00e3o de risco.<\/strong> O alerta recebido com anteced\u00eancia pode ajudar na ado\u00e7\u00e3o de medidas de preven\u00e7\u00e3o.<\/p>\n<h3 data-section-id=\"lqtv4\" data-start=\"3600\" data-end=\"3652\">\ud83d\udca7 \u00c1gua deve fazer parte da rotina durante o dia<\/h3>\n<p data-start=\"3654\" data-end=\"3799\">Com temperaturas que podem ultrapassar os 30\u00b0C, a recomenda\u00e7\u00e3o \u00e9 <strong data-start=\"3719\" data-end=\"3769\">manter a hidrata\u00e7\u00e3o ao longo de todo o domingo<\/strong>, sem esperar a sede aparecer.<\/p>\n<p data-start=\"3801\" data-end=\"4011\">O Minist\u00e9rio da Sa\u00fade orienta o consumo regular de l\u00edquidos, especialmente em per\u00edodos de calor, e destaca a import\u00e2ncia da hidrata\u00e7\u00e3o para reduzir o risco de desidrata\u00e7\u00e3o.<\/p>\n<p data-start=\"4013\" data-end=\"4167\">Por isso, a recomenda\u00e7\u00e3o pr\u00e1tica para a popula\u00e7\u00e3o \u00e9 simples: <strong data-start=\"4074\" data-end=\"4166\">leve uma garrafa de \u00e1gua, beba ao longo do dia e redobre a aten\u00e7\u00e3o com crian\u00e7as e idosos<\/strong>.<\/p>\n<h3 data-section-id=\"1ayj4vc\" data-start=\"4169\" data-end=\"4227\">\ud83d\udccc Resumo da previs\u00e3o para Belo Horizonte \u2013 30\/08\/2026<\/h3>\n<p data-start=\"4229\" data-end=\"4377\"><strong data-start=\"4229\" data-end=\"4249\">\ud83c\udf21\ufe0f Temperatura:<\/strong> m\u00ednima entre <strong data-start=\"4263\" data-end=\"4278\">15\u00b0C e 18\u00b0C<\/strong> e m\u00e1xima entre <strong data-start=\"4294\" data-end=\"4309\">31\u00b0C e 33\u00b0C<\/strong>, conforme a fonte consultada.<\/p>\n<p data-start=\"4379\" data-end=\"4525\"><strong data-start=\"4379\" data-end=\"4404\">\u2600\ufe0f Condi\u00e7\u00e3o do tempo:<\/strong> predom\u00ednio de sol e algumas nuvens, com possibilidade de n\u00e9voa fraca ao amanhecer.<\/p>\n<p data-start=\"4527\" data-end=\"4625\"><strong data-start=\"4527\" data-end=\"4542\">\ud83d\udca7 Umidade:<\/strong> entre <strong data-start=\"4549\" data-end=\"4562\">41% e 89%<\/strong>, segundo o Climatempo.<\/p>\n<p data-start=\"4627\" data-end=\"4774\"><strong data-start=\"4627\" data-end=\"4639\">\u2614 Chuva:<\/strong> o Climatempo indica <strong data-start=\"4660\" data-end=\"4670\">0,0 mm<\/strong>, enquanto o tempo.com aponta <strong data-start=\"4700\" data-end=\"4733\">60% de possibilidade e 2,1 mm<\/strong>.<\/p>\n<p data-start=\"4776\" data-end=\"4907\"><strong data-start=\"4776\" data-end=\"4796\">\ud83d\udcf2 Defesa Civil:<\/strong> cadastre seu CEP enviando um SMS para <strong data-start=\"4835\" data-end=\"4844\">40199<\/strong>. O servi\u00e7o \u00e9 gratuito.<\/p>\n<p data-start=\"4909\" data-end=\"5026\"><strong data-start=\"4909\" data-end=\"4922\">\ud83d\udca6 Sa\u00fade:<\/strong> mantenha a hidrata\u00e7\u00e3o e beba \u00e1gua regularmente ao longo do dia.<\/p>\n<h3 data-section-id=\"1j1jxvs\" data-start=\"5028\" data-end=\"5050\">Fontes consultadas<\/h3>\n<p class=\"\" data-start=\"5052\" data-end=\"5774\">INMET \u2014 previs\u00e3o meteorol\u00f3gica nacional e para Minas Gerais. <br data-start=\"5152\" data-end=\"5155\" \/>Climatempo \u2014 previs\u00e3o de 15 dias para Belo Horizonte. <br data-start=\"5248\" data-end=\"5251\" \/>Meteored\/tempo.com \u2014 previs\u00e3o para Belo Horizonte. <br data-start=\"5341\" data-end=\"5344\" \/>CEMADEN \u2014 previs\u00e3o de riscos geo-hidrol\u00f3gicos para 30\/08\/2026. <br data-start=\"5446\" data-end=\"5449\" \/>Defesa Civil\/PBH \u2014 canais de alertas e SMS 40199. <br data-start=\"5538\" data-end=\"5541\" \/>Minist\u00e9rio da Sa\u00fade \u2014 recomenda\u00e7\u00f5es de hidrata\u00e7\u00e3o e preven\u00e7\u00e3o. <br data-start=\"5643\" data-end=\"5646\" \/>NOAA\/NWS \u2014 dados meteorol\u00f3gicos de observa\u00e7\u00e3o de Belo Horizonte e aeroportos da capital.<\/p>\n","protected":false},"excerpt":{"rendered":"Previs\u00e3o do tempo para Belo Horizonte em 30 de agosto indica manh\u00e3 amena, calor \u00e0 tarde e varia\u00e7\u00e3o na umidade; modelos divergem sobre possibilidade de [&hellip;]","protected":false},"author":1,"featured_media":10360,"comment_status":"closed","ping_status":"closed","sticky":false,"template":"","format":"standard","meta":{"episode_type":"audio","audio_file":"","podmotor_file_id":"","podmotor_episode_id":"","cover_image":"","cover_image_id":"","duration":"","filesize":"","filesize_raw":"","date_recorded":"","explicit":"","block":"","_jetpack_newsletter_access":"","_jetpack_dont_email_post_to_subs":false,"_jetpack_newsletter_tier_id":0,"_jetpack_memberships_contains_paywalled_content":false,"_jetpack_feature_clip_id":0,"_jetpack_memberships_contains_paid_content":false,"footnotes":"","jetpack_post_was_ever_published":false},"categories":[2051,1],"tags":[],"series":[],"class_list":["post-10359","post","type-post","status-publish","format-standard","has-post-thumbnail","hentry","category-mateorologia","category-noticiasdacomunidaede"],"episode_featured_image":"https:\/\/comunidadeemacao.com.br\/site\/wp-content\/uploads\/2026\/08\/ChatGPT-Image-29-de-ago.-de-2026-19_20_35.png","episode_player_image":"https:\/\/i0.wp.com\/comunidadeemacao.com.br\/site\/wp-content\/uploads\/2025\/07\/Logo-Fala-Zona-Norte-1400-pix1.jpg?fit=1400%2C1400&ssl=1","download_link":"","player_link":"","audio_player":false,"episode_data":{"playerMode":"light","subscribeUrls":{"youtube":{"key":"youtube","url":"","label":"YouTube","class":"youtube","icon":"youtube.png"}},"rssFeedUrl":"https:\/\/comunidadeemacao.com.br\/site\/feed\/podcast\/comunidade-em-acao","embedCode":"<blockquote class=\"wp-embedded-content\" data-secret=\"TQoHJh0U3i\"><a href=\"https:\/\/comunidadeemacao.com.br\/site\/bh-tera-calor-de-ate-33c-neste-domingo-30-com-baixa-chance-de-chuva-e-atencao-a-umidade\/\">BH ter\u00e1 calor de at\u00e9 33\u00b0C neste domingo (30), com baixa chance de chuva e aten\u00e7\u00e3o \u00e0 umidade<\/a><\/blockquote><iframe sandbox=\"allow-scripts\" security=\"restricted\" src=\"https:\/\/comunidadeemacao.com.br\/site\/bh-tera-calor-de-ate-33c-neste-domingo-30-com-baixa-chance-de-chuva-e-atencao-a-umidade\/embed\/#?secret=TQoHJh0U3i\" width=\"500\" height=\"350\" title=\"&#8220;BH ter\u00e1 calor de at\u00e9 33\u00b0C neste domingo (30), com baixa chance de chuva e aten\u00e7\u00e3o \u00e0 umidade&#8221; &#8212; COMUNIDADE EM A\u00c7\u00c3O\" data-secret=\"TQoHJh0U3i\" frameborder=\"0\" marginwidth=\"0\" marginheight=\"0\" scrolling=\"no\" class=\"wp-embedded-content\"><\/iframe><script>\n\/*! This file is auto-generated *\/\n!function(d,l){\"use strict\";l.querySelector&&d.addEventListener&&\"undefined\"!=typeof URL&&(d.wp=d.wp||{},d.wp.receiveEmbedMessage||(d.wp.receiveEmbedMessage=function(e){var t=e.data;if((t||t.secret||t.message||t.value)&&!\/[^a-zA-Z0-9]\/.test(t.secret)){for(var s,r,n,a=l.querySelectorAll('iframe[data-secret=\"'+t.secret+'\"]'),o=l.querySelectorAll('blockquote[data-secret=\"'+t.secret+'\"]'),c=new RegExp(\"^https?:$\",\"i\"),i=0;i<o.length;i++)o[i].style.display=\"none\";for(i=0;i<a.length;i++)s=a[i],e.source===s.contentWindow&&(s.removeAttribute(\"style\"),\"height\"===t.message?(1e3<(r=parseInt(t.value,10))?r=1e3:~~r<200&&(r=200),s.height=r):\"link\"===t.message&&(r=new URL(s.getAttribute(\"src\")),n=new URL(t.value),c.test(n.protocol))&&n.host===r.host&&l.activeElement===s&&(d.top.location.href=t.value))}},d.addEventListener(\"message\",d.wp.receiveEmbedMessage,!1),l.addEventListener(\"DOMContentLoaded\",function(){for(var e,t,s=l.querySelectorAll(\"iframe.wp-embedded-content\"),r=0;r<s.length;r++)(t=(e=s[r]).getAttribute(\"data-secret\"))||(t=Math.random().toString(36).substring(2,12),e.src+=\"#?secret=\"+t,e.setAttribute(\"data-secret\",t)),e.contentWindow.postMessage({message:\"ready\",secret:t},\"*\")},!1)))}(window,document);\n\/\/# sourceURL=https:\/\/comunidadeemacao.com.br\/site\/wp-includes\/js\/wp-embed.min.js\n<\/script>\n"},"jetpack_sharing_enabled":true,"jetpack_likes_enabled":true,"jetpack-related-posts":[{"id":9971,"url":"https:\/\/comunidadeemacao.com.br\/site\/previsao-do-tempo-em-bh-para-domingo-09-08-calor-de-ate-33c-e-umidade-baixa\/","url_meta":{"origin":10359,"position":0},"title":"Previs\u00e3o do tempo em BH para domingo (09\/08): calor de at\u00e9 33\u00b0C e umidade baixa","author":"Marcos Silva","date":"9 de agosto de 2026","format":false,"excerpt":"\ud83c\udf24\ufe0f\u00a0Inverno ter\u00e1 domingo ensolarado, sem previs\u00e3o de chuva e com aten\u00e7\u00e3o redobrada para a baixa umidade em Belo Horizonte Belo Horizonte ter\u00e1 um domingo (9) de tempo firme, temperaturas elevadas durante a tarde e baixa umidade do ar. As previs\u00f5es consultadas para a capital mineira apontam para um dia predominantemente\u2026","rel":"","context":"Em &quot;Mateorologia&quot;","block_context":{"text":"Mateorologia","link":"https:\/\/comunidadeemacao.com.br\/site\/category\/dia-a-dia\/mateorologia\/"},"img":{"alt_text":"Previs\u00e3o do Tempo em Belo Horizonte","src":"https:\/\/i0.wp.com\/comunidadeemacao.com.br\/site\/wp-content\/uploads\/2026\/08\/ChatGPT-Image-8-de-ago.-de-2026-18_43_31.png?fit=1200%2C600&ssl=1&resize=350%2C200","width":350,"height":200,"srcset":"https:\/\/i0.wp.com\/comunidadeemacao.com.br\/site\/wp-content\/uploads\/2026\/08\/ChatGPT-Image-8-de-ago.-de-2026-18_43_31.png?fit=1200%2C600&ssl=1&resize=350%2C200 1x, https:\/\/i0.wp.com\/comunidadeemacao.com.br\/site\/wp-content\/uploads\/2026\/08\/ChatGPT-Image-8-de-ago.-de-2026-18_43_31.png?fit=1200%2C600&ssl=1&resize=525%2C300 1.5x, https:\/\/i0.wp.com\/comunidadeemacao.com.br\/site\/wp-content\/uploads\/2026\/08\/ChatGPT-Image-8-de-ago.-de-2026-18_43_31.png?fit=1200%2C600&ssl=1&resize=700%2C400 2x, https:\/\/i0.wp.com\/comunidadeemacao.com.br\/site\/wp-content\/uploads\/2026\/08\/ChatGPT-Image-8-de-ago.-de-2026-18_43_31.png?fit=1200%2C600&ssl=1&resize=1050%2C600 3x"},"classes":[]},{"id":10114,"url":"https:\/\/comunidadeemacao.com.br\/site\/previsao-do-tempo-para-domingo-16-calor-nuvens-e-chance-de-chuva\/","url_meta":{"origin":10359,"position":1},"title":"Previs\u00e3o do tempo para domingo (16): calor, nuvens e chance de chuva","author":"Marcos Silva","date":"16 de agosto de 2026","format":false,"excerpt":"Belo Horizonte ter\u00e1 um domingo de inverno com temperaturas elevadas, per\u00edodos de nebulosidade e possibilidade de chuva, segundo diferentes modelos meteorol\u00f3gicos consultados neste s\u00e1bado (15). Belo Horizonte deve ter um domingo (16) de tempo quente para os padr\u00f5es do inverno, com varia\u00e7\u00e3o de nebulosidade e possibilidade de chuva, principalmente durante\u2026","rel":"","context":"Em &quot;Not\u00edcias&quot;","block_context":{"text":"Not\u00edcias","link":"https:\/\/comunidadeemacao.com.br\/site\/category\/noticiasdacomunidaede\/"},"img":{"alt_text":"","src":"https:\/\/i0.wp.com\/comunidadeemacao.com.br\/site\/wp-content\/uploads\/2026\/08\/ChatGPT-Image-15-de-ago.-de-2026-20_10_22.png?fit=1200%2C600&ssl=1&resize=350%2C200","width":350,"height":200,"srcset":"https:\/\/i0.wp.com\/comunidadeemacao.com.br\/site\/wp-content\/uploads\/2026\/08\/ChatGPT-Image-15-de-ago.-de-2026-20_10_22.png?fit=1200%2C600&ssl=1&resize=350%2C200 1x, https:\/\/i0.wp.com\/comunidadeemacao.com.br\/site\/wp-content\/uploads\/2026\/08\/ChatGPT-Image-15-de-ago.-de-2026-20_10_22.png?fit=1200%2C600&ssl=1&resize=525%2C300 1.5x, https:\/\/i0.wp.com\/comunidadeemacao.com.br\/site\/wp-content\/uploads\/2026\/08\/ChatGPT-Image-15-de-ago.-de-2026-20_10_22.png?fit=1200%2C600&ssl=1&resize=700%2C400 2x, https:\/\/i0.wp.com\/comunidadeemacao.com.br\/site\/wp-content\/uploads\/2026\/08\/ChatGPT-Image-15-de-ago.-de-2026-20_10_22.png?fit=1200%2C600&ssl=1&resize=1050%2C600 3x"},"classes":[]},{"id":9957,"url":"https:\/\/comunidadeemacao.com.br\/site\/bh-tera-sabado-de-sol-calor-a-tarde-e-baixa-umidade-do-ar\/","url_meta":{"origin":10359,"position":2},"title":"BH ter\u00e1 s\u00e1bado de sol, calor \u00e0 tarde e baixa umidade do ar","author":"Marcos Silva","date":"8 de agosto de 2026","format":false,"excerpt":"Previs\u00e3o do tempo para 8 de agosto indica manh\u00e3 mais amena, tarde quente e pouca possibilidade de chuva na capital mineira Belo Horizonte ter\u00e1 um s\u00e1bado (8) t\u00edpico do per\u00edodo de inverno, com predom\u00ednio de sol, temperaturas em eleva\u00e7\u00e3o ao longo do dia e umidade do ar mais baixa durante\u2026","rel":"","context":"Em &quot;Not\u00edcias&quot;","block_context":{"text":"Not\u00edcias","link":"https:\/\/comunidadeemacao.com.br\/site\/category\/noticiasdacomunidaede\/"},"img":{"alt_text":"Previs\u00e3o do Tempo em Belo Horizonte","src":"https:\/\/i0.wp.com\/comunidadeemacao.com.br\/site\/wp-content\/uploads\/2026\/08\/ChatGPT-Image-7-de-ago.-de-2026-20_12_31.png?fit=1200%2C600&ssl=1&resize=350%2C200","width":350,"height":200,"srcset":"https:\/\/i0.wp.com\/comunidadeemacao.com.br\/site\/wp-content\/uploads\/2026\/08\/ChatGPT-Image-7-de-ago.-de-2026-20_12_31.png?fit=1200%2C600&ssl=1&resize=350%2C200 1x, https:\/\/i0.wp.com\/comunidadeemacao.com.br\/site\/wp-content\/uploads\/2026\/08\/ChatGPT-Image-7-de-ago.-de-2026-20_12_31.png?fit=1200%2C600&ssl=1&resize=525%2C300 1.5x, https:\/\/i0.wp.com\/comunidadeemacao.com.br\/site\/wp-content\/uploads\/2026\/08\/ChatGPT-Image-7-de-ago.-de-2026-20_12_31.png?fit=1200%2C600&ssl=1&resize=700%2C400 2x, https:\/\/i0.wp.com\/comunidadeemacao.com.br\/site\/wp-content\/uploads\/2026\/08\/ChatGPT-Image-7-de-ago.-de-2026-20_12_31.png?fit=1200%2C600&ssl=1&resize=1050%2C600 3x"},"classes":[]},{"id":10201,"url":"https:\/\/comunidadeemacao.com.br\/site\/previsao-do-tempo-em-bh-para-sexta-feira-21-calor-e-baixa-umidade-exigem-atencao\/","url_meta":{"origin":10359,"position":3},"title":"Previs\u00e3o do tempo em BH para sexta-feira, 21: calor e baixa umidade exigem aten\u00e7\u00e3o","author":"Marcos Silva","date":"21 de agosto de 2026","format":false,"excerpt":"Belo Horizonte deve ter uma sexta-feira de inverno marcada por temperaturas elevadas, tempo predominantemente aberto e umidade do ar baixa. Modelos consultados apresentam diferen\u00e7as na possibilidade de chuva, mas indicam aten\u00e7\u00e3o especial ao calor e \u00e0 hidrata\u00e7\u00e3o. \u2600\ufe0f Belo Horizonte ter\u00e1 uma sexta-feira, 21 de agosto, de caracter\u00edsticas t\u00edpicas do\u2026","rel":"","context":"Em &quot;Mateorologia&quot;","block_context":{"text":"Mateorologia","link":"https:\/\/comunidadeemacao.com.br\/site\/category\/dia-a-dia\/mateorologia\/"},"img":{"alt_text":"Previs\u00e3o do Tempo em Belo Horizonte","src":"https:\/\/i0.wp.com\/comunidadeemacao.com.br\/site\/wp-content\/uploads\/2026\/08\/ChatGPT-Image-20-de-ago.-de-2026-18_58_05.png?fit=1200%2C600&ssl=1&resize=350%2C200","width":350,"height":200,"srcset":"https:\/\/i0.wp.com\/comunidadeemacao.com.br\/site\/wp-content\/uploads\/2026\/08\/ChatGPT-Image-20-de-ago.-de-2026-18_58_05.png?fit=1200%2C600&ssl=1&resize=350%2C200 1x, https:\/\/i0.wp.com\/comunidadeemacao.com.br\/site\/wp-content\/uploads\/2026\/08\/ChatGPT-Image-20-de-ago.-de-2026-18_58_05.png?fit=1200%2C600&ssl=1&resize=525%2C300 1.5x, https:\/\/i0.wp.com\/comunidadeemacao.com.br\/site\/wp-content\/uploads\/2026\/08\/ChatGPT-Image-20-de-ago.-de-2026-18_58_05.png?fit=1200%2C600&ssl=1&resize=700%2C400 2x, https:\/\/i0.wp.com\/comunidadeemacao.com.br\/site\/wp-content\/uploads\/2026\/08\/ChatGPT-Image-20-de-ago.-de-2026-18_58_05.png?fit=1200%2C600&ssl=1&resize=1050%2C600 3x"},"classes":[]},{"id":10237,"url":"https:\/\/comunidadeemacao.com.br\/site\/previsao-do-tempo-em-bh-domingo-tera-sol-entre-nuvens-e-temperaturas-de-ate-29c\/","url_meta":{"origin":10359,"position":4},"title":"Previs\u00e3o do tempo em BH: domingo ter\u00e1 sol entre nuvens e temperaturas de at\u00e9 29\u00b0C","author":"Marcos Silva","date":"23 de agosto de 2026","format":false,"excerpt":"Domingo, 23 de agosto, ser\u00e1 de tempo mais ameno em BH, com c\u00e9u parcialmente nublado e aten\u00e7\u00e3o \u00e0 umidade do ar durante o inverno \ud83c\udf24\ufe0f Belo Horizonte deve ter um domingo (23\/08) de sol entre nuvens, temperaturas agrad\u00e1veis pela manh\u00e3 e calor durante a tarde. A previs\u00e3o atualizada aponta m\u00ednima\u2026","rel":"","context":"Em &quot;Mateorologia&quot;","block_context":{"text":"Mateorologia","link":"https:\/\/comunidadeemacao.com.br\/site\/category\/dia-a-dia\/mateorologia\/"},"img":{"alt_text":"","src":"https:\/\/i0.wp.com\/comunidadeemacao.com.br\/site\/wp-content\/uploads\/2026\/08\/ChatGPT-Image-22-de-ago.-de-2026-20_13_58.png?fit=1200%2C600&ssl=1&resize=350%2C200","width":350,"height":200,"srcset":"https:\/\/i0.wp.com\/comunidadeemacao.com.br\/site\/wp-content\/uploads\/2026\/08\/ChatGPT-Image-22-de-ago.-de-2026-20_13_58.png?fit=1200%2C600&ssl=1&resize=350%2C200 1x, https:\/\/i0.wp.com\/comunidadeemacao.com.br\/site\/wp-content\/uploads\/2026\/08\/ChatGPT-Image-22-de-ago.-de-2026-20_13_58.png?fit=1200%2C600&ssl=1&resize=525%2C300 1.5x, https:\/\/i0.wp.com\/comunidadeemacao.com.br\/site\/wp-content\/uploads\/2026\/08\/ChatGPT-Image-22-de-ago.-de-2026-20_13_58.png?fit=1200%2C600&ssl=1&resize=700%2C400 2x, https:\/\/i0.wp.com\/comunidadeemacao.com.br\/site\/wp-content\/uploads\/2026\/08\/ChatGPT-Image-22-de-ago.-de-2026-20_13_58.png?fit=1200%2C600&ssl=1&resize=1050%2C600 3x"},"classes":[]},{"id":10387,"url":"https:\/\/comunidadeemacao.com.br\/site\/previsao-do-tempo-em-bh-para-1o-de-setembro-calor-baixa-umidade-e-atencao-para-possibilidade-de-chuva\/","url_meta":{"origin":10359,"position":5},"title":"Previs\u00e3o do tempo em BH para 1\u00ba de setembro: calor, baixa umidade e aten\u00e7\u00e3o para possibilidade de chuva","author":"Marcos Silva","date":"1 de setembro de 2026","format":false,"excerpt":"\ud83c\udf21\ufe0f BH ter\u00e1 temperatura elevada nesta ter\u00e7a-feira (1\u00ba), mas modelos meteorol\u00f3gicos divergem sobre a ocorr\u00eancia de chuva; popula\u00e7\u00e3o deve acompanhar os alertas oficiais da Defesa Civil Belo Horizonte ter\u00e1 uma ter\u00e7a-feira (1\u00ba de setembro de 2026) marcada por temperaturas elevadas, baixa umidade durante o per\u00edodo mais quente do dia e\u2026","rel":"","context":"Em &quot;Mateorologia&quot;","block_context":{"text":"Mateorologia","link":"https:\/\/comunidadeemacao.com.br\/site\/category\/dia-a-dia\/mateorologia\/"},"img":{"alt_text":"Previs\u00e3o do Tempo em Belo Horizonte","src":"https:\/\/i0.wp.com\/comunidadeemacao.com.br\/site\/wp-content\/uploads\/2026\/08\/ChatGPT-Image-31-de-ago.-de-2026-20_16_56.png?fit=1200%2C600&ssl=1&resize=350%2C200","width":350,"height":200,"srcset":"https:\/\/i0.wp.com\/comunidadeemacao.com.br\/site\/wp-content\/uploads\/2026\/08\/ChatGPT-Image-31-de-ago.-de-2026-20_16_56.png?fit=1200%2C600&ssl=1&resize=350%2C200 1x, https:\/\/i0.wp.com\/comunidadeemacao.com.br\/site\/wp-content\/uploads\/2026\/08\/ChatGPT-Image-31-de-ago.-de-2026-20_16_56.png?fit=1200%2C600&ssl=1&resize=525%2C300 1.5x, https:\/\/i0.wp.com\/comunidadeemacao.com.br\/site\/wp-content\/uploads\/2026\/08\/ChatGPT-Image-31-de-ago.-de-2026-20_16_56.png?fit=1200%2C600&ssl=1&resize=700%2C400 2x, https:\/\/i0.wp.com\/comunidadeemacao.com.br\/site\/wp-content\/uploads\/2026\/08\/ChatGPT-Image-31-de-ago.-de-2026-20_16_56.png?fit=1200%2C600&ssl=1&resize=1050%2C600 3x"},"classes":[]}],"jetpack_featured_media_url":"https:\/\/i0.wp.com\/comunidadeemacao.com.br\/site\/wp-content\/uploads\/2026\/08\/ChatGPT-Image-29-de-ago.-de-2026-19_20_35.png?fit=1774%2C887&ssl=1","_links":{"self":[{"href":"https:\/\/comunidadeemacao.com.br\/site\/wp-json\/wp\/v2\/posts\/10359","targetHints":{"allow":["GET"]}}],"collection":[{"href":"https:\/\/comunidadeemacao.com.br\/site\/wp-json\/wp\/v2\/posts"}],"about":[{"href":"https:\/\/comunidadeemacao.com.br\/site\/wp-json\/wp\/v2\/types\/post"}],"author":[{"embeddable":true,"href":"https:\/\/comunidadeemacao.com.br\/site\/wp-json\/wp\/v2\/users\/1"}],"replies":[{"embeddable":true,"href":"https:\/\/comunidadeemacao.com.br\/site\/wp-json\/wp\/v2\/comments?post=10359"}],"version-history":[{"count":2,"href":"https:\/\/comunidadeemacao.com.br\/site\/wp-json\/wp\/v2\/posts\/10359\/revisions"}],"predecessor-version":[{"id":10362,"href":"https:\/\/comunidadeemacao.com.br\/site\/wp-json\/wp\/v2\/posts\/10359\/revisions\/10362"}],"wp:featuredmedia":[{"embeddable":true,"href":"https:\/\/comunidadeemacao.com.br\/site\/wp-json\/wp\/v2\/media\/10360"}],"wp:attachment":[{"href":"https:\/\/comunidadeemacao.com.br\/site\/wp-json\/wp\/v2\/media?parent=10359"}],"wp:term":[{"taxonomy":"category","embeddable":true,"href":"https:\/\/comunidadeemacao.com.br\/site\/wp-json\/wp\/v2\/categories?post=10359"},{"taxonomy":"post_tag","embeddable":true,"href":"https:\/\/comunidadeemacao.com.br\/site\/wp-json\/wp\/v2\/tags?post=10359"},{"taxonomy":"series","embeddable":true,"href":"https:\/\/comunidadeemacao.com.br\/site\/wp-json\/wp\/v2\/series?post=10359"}],"curies":[{"name":"wp","href":"https:\/\/api.w.org\/{rel}","templated":true}]}}