{"id":10356,"date":"2026-08-30T07:59:25","date_gmt":"2026-08-30T10:59:25","guid":{"rendered":"https:\/\/comunidadeemacao.com.br\/site\/?p=10356"},"modified":"2026-08-29T19:09:45","modified_gmt":"2026-08-29T22:09:45","slug":"complexo-publico-veterinario-suspende-atendimento-por-tres-dias-para-mudanca","status":"publish","type":"post","link":"https:\/\/comunidadeemacao.com.br\/site\/complexo-publico-veterinario-suspende-atendimento-por-tres-dias-para-mudanca\/","title":{"rendered":"Complexo P\u00fablico Veterin\u00e1rio suspende atendimento por tr\u00eas dias para mudan\u00e7a"},"content":{"rendered":"<h2 class=\"isSelectedEnd\"><em>Servi\u00e7os veterin\u00e1rios p\u00fablicos de BH ser\u00e3o interrompidos entre 31 de agosto e 2 de setembro para transfer\u00eancia da estrutura a um novo endere\u00e7o<\/em><\/h2>\n<p class=\"isSelectedEnd\">O <strong>Complexo P\u00fablico Veterin\u00e1rio de Belo Horizonte<\/strong> ter\u00e1 o atendimento suspenso por tr\u00eas dias, entre segunda-feira (31) e quarta-feira (2), para a realiza\u00e7\u00e3o da mudan\u00e7a de endere\u00e7o da unidade que atualmente funciona no Bairro Madre Gertrudes. A previs\u00e3o \u00e9 que os servi\u00e7os sejam retomados na <strong>quinta-feira (3)<\/strong>, j\u00e1 na nova localiza\u00e7\u00e3o, que ainda ser\u00e1 informada pela Prefeitura de Belo Horizonte.<\/p>\n<p class=\"isSelectedEnd\">A interrup\u00e7\u00e3o tempor\u00e1ria \u00e9 necess\u00e1ria para permitir a transfer\u00eancia da estrutura com seguran\u00e7a e organiza\u00e7\u00e3o, sem comprometer a continuidade dos servi\u00e7os ap\u00f3s a conclus\u00e3o da mudan\u00e7a.<\/p>\n<h2 class=\"isSelectedEnd\">Atendimento veterin\u00e1rio ser\u00e1 retomado em novo endere\u00e7o<\/h2>\n<p class=\"isSelectedEnd\">Segundo a Prefeitura de Belo Horizonte, a mudan\u00e7a representa uma etapa para a implanta\u00e7\u00e3o de um novo espa\u00e7o destinado ao atendimento veterin\u00e1rio p\u00fablico. Com a transfer\u00eancia, a expectativa \u00e9 de melhoria na estrutura e na qualidade dos servi\u00e7os oferecidos \u00e0 popula\u00e7\u00e3o.<\/p>\n<p class=\"isSelectedEnd\">Na nova localiza\u00e7\u00e3o, o <strong>Complexo P\u00fablico Veterin\u00e1rio<\/strong> continuar\u00e1 realizando atendimentos de m\u00e9dia e alta complexidades, consultas especializadas, procedimentos de urg\u00eancia e emerg\u00eancia, cirurgias, interna\u00e7\u00f5es, exames laboratoriais e exames de diagn\u00f3stico por imagem.<\/p>\n<p class=\"isSelectedEnd\">Os servi\u00e7os s\u00e3o voltados \u00e0 promo\u00e7\u00e3o da sa\u00fade e do bem-estar animal e dever\u00e3o ser retomados ap\u00f3s o per\u00edodo de suspens\u00e3o provocado pela mudan\u00e7a.<\/p>\n<h2 class=\"isSelectedEnd\">Complexo atende c\u00e3es e gatos de fam\u00edlias em situa\u00e7\u00e3o de vulnerabilidade<\/h2>\n<p class=\"isSelectedEnd\">O <strong>Complexo P\u00fablico Veterin\u00e1rio<\/strong> \u00e9 um equipamento p\u00fablico de refer\u00eancia no atendimento cl\u00ednico, cir\u00fargico e hospitalar de c\u00e3es e gatos. O servi\u00e7o \u00e9 destinado a animais de tutores em situa\u00e7\u00e3o de vulnerabilidade social, cadastrados no Cad\u00danico ou que apresentem declara\u00e7\u00e3o de hipossufici\u00eancia.<\/p>\n<p class=\"isSelectedEnd\">A suspens\u00e3o tempor\u00e1ria exige aten\u00e7\u00e3o dos usu\u00e1rios que dependem do atendimento veterin\u00e1rio p\u00fablico em BH, especialmente durante os tr\u00eas dias em que a unidade estar\u00e1 fechada. A expectativa da Prefeitura \u00e9 de que a transfer\u00eancia permita a retomada dos servi\u00e7os em uma nova estrutura, mantendo o atendimento \u00e0 popula\u00e7\u00e3o beneficiada pelo equipamento.<\/p>\n<p>A mudan\u00e7a refor\u00e7a a import\u00e2ncia da organiza\u00e7\u00e3o da rede p\u00fablica de sa\u00fade animal, j\u00e1 que o Complexo desempenha papel de refer\u00eancia para tutores que n\u00e3o disp\u00f5em de recursos para arcar com tratamentos veterin\u00e1rios.<\/p>\n","protected":false},"excerpt":{"rendered":"Servi\u00e7os veterin\u00e1rios p\u00fablicos de BH ser\u00e3o interrompidos entre 31 de agosto e 2 de setembro para transfer\u00eancia da estrutura a um novo endere\u00e7o O Complexo [&hellip;]","protected":false},"author":1,"featured_media":10357,"comment_status":"closed","ping_status":"closed","sticky":false,"template":"","format":"standard","meta":{"episode_type":"audio","audio_file":"","podmotor_file_id":"","podmotor_episode_id":"","cover_image":"","cover_image_id":"","duration":"","filesize":"","filesize_raw":"","date_recorded":"","explicit":"","block":"","_jetpack_newsletter_access":"","_jetpack_dont_email_post_to_subs":false,"_jetpack_newsletter_tier_id":0,"_jetpack_memberships_contains_paywalled_content":false,"_jetpack_feature_clip_id":0,"_jetpack_memberships_contains_paid_content":false,"footnotes":"","jetpack_post_was_ever_published":false},"categories":[114],"tags":[2920,374,627],"series":[],"class_list":["post-10356","post","type-post","status-publish","format-standard","has-post-thumbnail","hentry","category-saude","tag-complexopublicoveterenario","tag-comunidadeemacao","tag-jornaldebairro"],"episode_featured_image":"https:\/\/comunidadeemacao.com.br\/site\/wp-content\/uploads\/2026\/08\/cpv.jpg","episode_player_image":"https:\/\/i0.wp.com\/comunidadeemacao.com.br\/site\/wp-content\/uploads\/2025\/07\/Logo-Fala-Zona-Norte-1400-pix1.jpg?fit=1400%2C1400&ssl=1","download_link":"","player_link":"","audio_player":false,"episode_data":{"playerMode":"light","subscribeUrls":{"youtube":{"key":"youtube","url":"","label":"YouTube","class":"youtube","icon":"youtube.png"}},"rssFeedUrl":"https:\/\/comunidadeemacao.com.br\/site\/feed\/podcast\/comunidade-em-acao","embedCode":"<blockquote class=\"wp-embedded-content\" data-secret=\"E5ncVkMF08\"><a href=\"https:\/\/comunidadeemacao.com.br\/site\/complexo-publico-veterinario-suspende-atendimento-por-tres-dias-para-mudanca\/\">Complexo P\u00fablico Veterin\u00e1rio suspende atendimento por tr\u00eas dias para mudan\u00e7a<\/a><\/blockquote><iframe sandbox=\"allow-scripts\" security=\"restricted\" src=\"https:\/\/comunidadeemacao.com.br\/site\/complexo-publico-veterinario-suspende-atendimento-por-tres-dias-para-mudanca\/embed\/#?secret=E5ncVkMF08\" width=\"500\" height=\"350\" title=\"&#8220;Complexo P\u00fablico Veterin\u00e1rio suspende atendimento por tr\u00eas dias para mudan\u00e7a&#8221; &#8212; COMUNIDADE EM A\u00c7\u00c3O\" data-secret=\"E5ncVkMF08\" frameborder=\"0\" marginwidth=\"0\" marginheight=\"0\" scrolling=\"no\" class=\"wp-embedded-content\"><\/iframe><script>\n\/*! This file is auto-generated *\/\n!function(d,l){\"use strict\";l.querySelector&&d.addEventListener&&\"undefined\"!=typeof URL&&(d.wp=d.wp||{},d.wp.receiveEmbedMessage||(d.wp.receiveEmbedMessage=function(e){var t=e.data;if((t||t.secret||t.message||t.value)&&!\/[^a-zA-Z0-9]\/.test(t.secret)){for(var s,r,n,a=l.querySelectorAll('iframe[data-secret=\"'+t.secret+'\"]'),o=l.querySelectorAll('blockquote[data-secret=\"'+t.secret+'\"]'),c=new RegExp(\"^https?:$\",\"i\"),i=0;i<o.length;i++)o[i].style.display=\"none\";for(i=0;i<a.length;i++)s=a[i],e.source===s.contentWindow&&(s.removeAttribute(\"style\"),\"height\"===t.message?(1e3<(r=parseInt(t.value,10))?r=1e3:~~r<200&&(r=200),s.height=r):\"link\"===t.message&&(r=new URL(s.getAttribute(\"src\")),n=new URL(t.value),c.test(n.protocol))&&n.host===r.host&&l.activeElement===s&&(d.top.location.href=t.value))}},d.addEventListener(\"message\",d.wp.receiveEmbedMessage,!1),l.addEventListener(\"DOMContentLoaded\",function(){for(var e,t,s=l.querySelectorAll(\"iframe.wp-embedded-content\"),r=0;r<s.length;r++)(t=(e=s[r]).getAttribute(\"data-secret\"))||(t=Math.random().toString(36).substring(2,12),e.src+=\"#?secret=\"+t,e.setAttribute(\"data-secret\",t)),e.contentWindow.postMessage({message:\"ready\",secret:t},\"*\")},!1)))}(window,document);\n\/\/# sourceURL=https:\/\/comunidadeemacao.com.br\/site\/wp-includes\/js\/wp-embed.min.js\n<\/script>\n"},"jetpack_sharing_enabled":true,"jetpack_likes_enabled":true,"jetpack-related-posts":[{"id":7519,"url":"https:\/\/comunidadeemacao.com.br\/site\/unidade-basica-de-saude-veterinario-da-regional-norte-sera-criada-no-1o-de-maio\/","url_meta":{"origin":10356,"position":0},"title":"Unidade B\u00e1sica de Sa\u00fade Veterin\u00e1rio da Regional Norte ser\u00e1 criada no 1\u00ba de Maio","author":"Marcos Silva","date":"1 de mar\u00e7o de 2026","format":false,"excerpt":"UBS Animal amplia o Complexo P\u00fablico Veterin\u00e1rio e eleva atendimentos para 75 por dia em Belo Horizonte O an\u00fancio da Unidade B\u00e1sica de Sa\u00fade da Regional Norte, no bairro Primeiro de Maio, marca uma nova etapa na amplia\u00e7\u00e3o do Complexo P\u00fablico Veterin\u00e1rio de Belo Horizonte. A nova UBS Animal come\u00e7a\u2026","rel":"","context":"Em &quot;Comunidade&quot;","block_context":{"text":"Comunidade","link":"https:\/\/comunidadeemacao.com.br\/site\/category\/comunidade\/"},"img":{"alt_text":"","src":"https:\/\/i0.wp.com\/comunidadeemacao.com.br\/site\/wp-content\/uploads\/2026\/02\/Desemgasgo-1.jpg?fit=1200%2C630&ssl=1&resize=350%2C200","width":350,"height":200,"srcset":"https:\/\/i0.wp.com\/comunidadeemacao.com.br\/site\/wp-content\/uploads\/2026\/02\/Desemgasgo-1.jpg?fit=1200%2C630&ssl=1&resize=350%2C200 1x, https:\/\/i0.wp.com\/comunidadeemacao.com.br\/site\/wp-content\/uploads\/2026\/02\/Desemgasgo-1.jpg?fit=1200%2C630&ssl=1&resize=525%2C300 1.5x, https:\/\/i0.wp.com\/comunidadeemacao.com.br\/site\/wp-content\/uploads\/2026\/02\/Desemgasgo-1.jpg?fit=1200%2C630&ssl=1&resize=700%2C400 2x, https:\/\/i0.wp.com\/comunidadeemacao.com.br\/site\/wp-content\/uploads\/2026\/02\/Desemgasgo-1.jpg?fit=1200%2C630&ssl=1&resize=1050%2C600 3x"},"classes":[]},{"id":8273,"url":"https:\/\/comunidadeemacao.com.br\/site\/ubs-animal-e-inaugurada-no-primeiro-de-maio-com-atendimento-gratuito\/","url_meta":{"origin":10356,"position":1},"title":"UBS Animal \u00e9 inaugurada no Primeiro de Maio com atendimento gratuito","author":"Marcos Silva","date":"1 de maio de 2026","format":false,"excerpt":"Nova UBS Animal amplia atendimento veterin\u00e1rio p\u00fablico em Belo Horizonte com consultas e procedimentos de baixa complexidade A UBS Animal come\u00e7ou a operar nesta quinta-feira (30), no bairro Primeiro de Maio, na regi\u00e3o Norte de Belo Horizonte. A unidade oferece atendimento gratuito para c\u00e3es e gatos, com foco em servi\u00e7os\u2026","rel":"","context":"Em &quot;Cidade&quot;","block_context":{"text":"Cidade","link":"https:\/\/comunidadeemacao.com.br\/site\/category\/cidade\/"},"img":{"alt_text":"UBS Animal","src":"https:\/\/i0.wp.com\/comunidadeemacao.com.br\/site\/wp-content\/uploads\/2026\/04\/whatsapp-image-2026-04-30-at-16.48.07.jpg?fit=770%2C420&ssl=1&resize=350%2C200","width":350,"height":200,"srcset":"https:\/\/i0.wp.com\/comunidadeemacao.com.br\/site\/wp-content\/uploads\/2026\/04\/whatsapp-image-2026-04-30-at-16.48.07.jpg?fit=770%2C420&ssl=1&resize=350%2C200 1x, https:\/\/i0.wp.com\/comunidadeemacao.com.br\/site\/wp-content\/uploads\/2026\/04\/whatsapp-image-2026-04-30-at-16.48.07.jpg?fit=770%2C420&ssl=1&resize=525%2C300 1.5x, https:\/\/i0.wp.com\/comunidadeemacao.com.br\/site\/wp-content\/uploads\/2026\/04\/whatsapp-image-2026-04-30-at-16.48.07.jpg?fit=770%2C420&ssl=1&resize=700%2C400 2x"},"classes":[]},{"id":7894,"url":"https:\/\/comunidadeemacao.com.br\/site\/samuvet-bh-inicia-servico-de-resgate-de-animais-em-vias-publicas-nesta-segunda\/","url_meta":{"origin":10356,"position":2},"title":"Samuvet: BH inicia servi\u00e7o de resgate de animais em vias p\u00fablicas nesta segunda","author":"Marcos Silva","date":"7 de abril de 2026","format":false,"excerpt":"Novo servi\u00e7o Samuvet oferece socorro especializado para c\u00e3es e gatos feridos em Belo Horizonte O atendimento sw c\u00e3es e gatos de Belo Horizonte ganha um refor\u00e7o hist\u00f3rico a partir desta segunda-feira, 6 de abril de 2026. A Prefeitura de Belo Horizonte inicia a opera\u00e7\u00e3o do\u00a0 Samuvet o Servi\u00e7o de Atendimento\u2026","rel":"","context":"Em &quot;Cidade&quot;","block_context":{"text":"Cidade","link":"https:\/\/comunidadeemacao.com.br\/site\/category\/cidade\/"},"img":{"alt_text":"SamuVet","src":"https:\/\/i0.wp.com\/comunidadeemacao.com.br\/site\/wp-content\/uploads\/2026\/04\/samu.jpg?fit=770%2C420&ssl=1&resize=350%2C200","width":350,"height":200,"srcset":"https:\/\/i0.wp.com\/comunidadeemacao.com.br\/site\/wp-content\/uploads\/2026\/04\/samu.jpg?fit=770%2C420&ssl=1&resize=350%2C200 1x, https:\/\/i0.wp.com\/comunidadeemacao.com.br\/site\/wp-content\/uploads\/2026\/04\/samu.jpg?fit=770%2C420&ssl=1&resize=525%2C300 1.5x, https:\/\/i0.wp.com\/comunidadeemacao.com.br\/site\/wp-content\/uploads\/2026\/04\/samu.jpg?fit=770%2C420&ssl=1&resize=700%2C400 2x"},"classes":[]},{"id":7801,"url":"https:\/\/comunidadeemacao.com.br\/site\/onca-pintada-maya-volta-a-ser-atracao-no-zoologico-de-belo-horizonte\/","url_meta":{"origin":10356,"position":3},"title":"On\u00e7a-pintada Maya volta a ser atra\u00e7\u00e3o no Zool\u00f3gico de Belo Horizonte","author":"Marcos Silva","date":"29 de mar\u00e7o de 2026","format":false,"excerpt":"Ap\u00f3s meses de tratamento e recupera\u00e7\u00e3o de fratura, a famosa felina Maya retorna ao recinto de visita\u00e7\u00e3o p\u00fablica neste final de semana no Zoo de BH A on\u00e7a-pintada Maya, uma das moradoras mais queridas do Jardim Zool\u00f3gico de Belo Horizonte, est\u00e1 oficialmente de volta \u00e0 \u00e1rea de visita\u00e7\u00e3o p\u00fablica. A\u2026","rel":"","context":"Em &quot;Divers\u00e3o&quot;","block_context":{"text":"Divers\u00e3o","link":"https:\/\/comunidadeemacao.com.br\/site\/category\/diversao\/"},"img":{"alt_text":"","src":"https:\/\/i0.wp.com\/comunidadeemacao.com.br\/site\/wp-content\/uploads\/2026\/03\/onca-pintada-maya-foto-juan-espanha-1.jpg?fit=770%2C420&ssl=1&resize=350%2C200","width":350,"height":200,"srcset":"https:\/\/i0.wp.com\/comunidadeemacao.com.br\/site\/wp-content\/uploads\/2026\/03\/onca-pintada-maya-foto-juan-espanha-1.jpg?fit=770%2C420&ssl=1&resize=350%2C200 1x, https:\/\/i0.wp.com\/comunidadeemacao.com.br\/site\/wp-content\/uploads\/2026\/03\/onca-pintada-maya-foto-juan-espanha-1.jpg?fit=770%2C420&ssl=1&resize=525%2C300 1.5x, https:\/\/i0.wp.com\/comunidadeemacao.com.br\/site\/wp-content\/uploads\/2026\/03\/onca-pintada-maya-foto-juan-espanha-1.jpg?fit=770%2C420&ssl=1&resize=700%2C400 2x"},"classes":[]},{"id":1454,"url":"https:\/\/comunidadeemacao.com.br\/site\/upa-norte-sera-entregue-hoje\/","url_meta":{"origin":10356,"position":4},"title":"UPA NORTE SER\u00c1 ENTREGUE HOJE","author":"Marcos Silva","date":"7 de agosto de 2020","format":false,"excerpt":"S\u00f3 dependia das instala\u00e7\u00f5es da CEMIG para que a nova Upa Norte para ser entregue para comunidade. As obras da unidade de pronto-atendimento foram interrompidas em 2016 e retomadas em julho do ano passado. Em 2016 a obra foi paralisada depois que a construtora pediu destrato do contrato quase no\u2026","rel":"","context":"Em &quot;Obras&quot;","block_context":{"text":"Obras","link":"https:\/\/comunidadeemacao.com.br\/site\/category\/obras\/"},"img":{"alt_text":"","src":"https:\/\/i0.wp.com\/comunidadeemacao.com.br\/site\/wp-content\/uploads\/2020\/08\/UPA-Norte-01.jpeg?fit=1200%2C900&ssl=1&resize=350%2C200","width":350,"height":200,"srcset":"https:\/\/i0.wp.com\/comunidadeemacao.com.br\/site\/wp-content\/uploads\/2020\/08\/UPA-Norte-01.jpeg?fit=1200%2C900&ssl=1&resize=350%2C200 1x, https:\/\/i0.wp.com\/comunidadeemacao.com.br\/site\/wp-content\/uploads\/2020\/08\/UPA-Norte-01.jpeg?fit=1200%2C900&ssl=1&resize=525%2C300 1.5x, https:\/\/i0.wp.com\/comunidadeemacao.com.br\/site\/wp-content\/uploads\/2020\/08\/UPA-Norte-01.jpeg?fit=1200%2C900&ssl=1&resize=700%2C400 2x, https:\/\/i0.wp.com\/comunidadeemacao.com.br\/site\/wp-content\/uploads\/2020\/08\/UPA-Norte-01.jpeg?fit=1200%2C900&ssl=1&resize=1050%2C600 3x"},"classes":[]},{"id":2425,"url":"https:\/\/comunidadeemacao.com.br\/site\/novo-centro-de-saude-gera-polemica\/","url_meta":{"origin":10356,"position":5},"title":"Novo Centro de Sa\u00fade gera polemica","author":"Marcos Silva","date":"24 de dezembro de 2021","format":false,"excerpt":"Uma nova unidade de sa\u00fade foi entregue aos usu\u00e1rios do Centro de Sa\u00fade MG20 da Parceira P\u00fablica Privada do munic\u00edpio e a Sa\u00fadeBH. O novo endere\u00e7o \u00e9 no Parque Cerrado e foi constru\u00eddo no terreno institucional que a incorporadora cedeu para a Prefeitura de Belo Horizonte em conformidade com a\u2026","rel":"","context":"Em &quot;Not\u00edcias&quot;","block_context":{"text":"Not\u00edcias","link":"https:\/\/comunidadeemacao.com.br\/site\/category\/noticiasdacomunidaede\/"},"img":{"alt_text":"Centro de Sa\u00fade MG20","src":"https:\/\/i0.wp.com\/comunidadeemacao.com.br\/site\/wp-content\/uploads\/2021\/12\/MG-20-saudeBH.jpeg?fit=1200%2C899&ssl=1&resize=350%2C200","width":350,"height":200,"srcset":"https:\/\/i0.wp.com\/comunidadeemacao.com.br\/site\/wp-content\/uploads\/2021\/12\/MG-20-saudeBH.jpeg?fit=1200%2C899&ssl=1&resize=350%2C200 1x, https:\/\/i0.wp.com\/comunidadeemacao.com.br\/site\/wp-content\/uploads\/2021\/12\/MG-20-saudeBH.jpeg?fit=1200%2C899&ssl=1&resize=525%2C300 1.5x, https:\/\/i0.wp.com\/comunidadeemacao.com.br\/site\/wp-content\/uploads\/2021\/12\/MG-20-saudeBH.jpeg?fit=1200%2C899&ssl=1&resize=700%2C400 2x, https:\/\/i0.wp.com\/comunidadeemacao.com.br\/site\/wp-content\/uploads\/2021\/12\/MG-20-saudeBH.jpeg?fit=1200%2C899&ssl=1&resize=1050%2C600 3x"},"classes":[]}],"jetpack_featured_media_url":"https:\/\/i0.wp.com\/comunidadeemacao.com.br\/site\/wp-content\/uploads\/2026\/08\/cpv.jpg?fit=770%2C513&ssl=1","_links":{"self":[{"href":"https:\/\/comunidadeemacao.com.br\/site\/wp-json\/wp\/v2\/posts\/10356","targetHints":{"allow":["GET"]}}],"collection":[{"href":"https:\/\/comunidadeemacao.com.br\/site\/wp-json\/wp\/v2\/posts"}],"about":[{"href":"https:\/\/comunidadeemacao.com.br\/site\/wp-json\/wp\/v2\/types\/post"}],"author":[{"embeddable":true,"href":"https:\/\/comunidadeemacao.com.br\/site\/wp-json\/wp\/v2\/users\/1"}],"replies":[{"embeddable":true,"href":"https:\/\/comunidadeemacao.com.br\/site\/wp-json\/wp\/v2\/comments?post=10356"}],"version-history":[{"count":1,"href":"https:\/\/comunidadeemacao.com.br\/site\/wp-json\/wp\/v2\/posts\/10356\/revisions"}],"predecessor-version":[{"id":10358,"href":"https:\/\/comunidadeemacao.com.br\/site\/wp-json\/wp\/v2\/posts\/10356\/revisions\/10358"}],"wp:featuredmedia":[{"embeddable":true,"href":"https:\/\/comunidadeemacao.com.br\/site\/wp-json\/wp\/v2\/media\/10357"}],"wp:attachment":[{"href":"https:\/\/comunidadeemacao.com.br\/site\/wp-json\/wp\/v2\/media?parent=10356"}],"wp:term":[{"taxonomy":"category","embeddable":true,"href":"https:\/\/comunidadeemacao.com.br\/site\/wp-json\/wp\/v2\/categories?post=10356"},{"taxonomy":"post_tag","embeddable":true,"href":"https:\/\/comunidadeemacao.com.br\/site\/wp-json\/wp\/v2\/tags?post=10356"},{"taxonomy":"series","embeddable":true,"href":"https:\/\/comunidadeemacao.com.br\/site\/wp-json\/wp\/v2\/series?post=10356"}],"curies":[{"name":"wp","href":"https:\/\/api.w.org\/{rel}","templated":true}]}}