{"id":10352,"date":"2026-08-29T05:28:08","date_gmt":"2026-08-29T08:28:08","guid":{"rendered":"https:\/\/comunidadeemacao.com.br\/site\/?p=10352"},"modified":"2026-08-28T20:44:00","modified_gmt":"2026-08-28T23:44:00","slug":"bh-tera-sabado-de-sol-calor-e-tempo-seco-maxima-pode-chegar-a-32c","status":"publish","type":"post","link":"https:\/\/comunidadeemacao.com.br\/site\/bh-tera-sabado-de-sol-calor-e-tempo-seco-maxima-pode-chegar-a-32c\/","title":{"rendered":"BH ter\u00e1 s\u00e1bado de sol, calor e tempo seco; m\u00e1xima pode chegar a 32\u00b0C"},"content":{"rendered":"<h2 data-section-id=\"3c6p1k\" data-start=\"88\" data-end=\"197\"><span role=\"text\"><strong data-start=\"91\" data-end=\"197\">Previs\u00e3o do tempo para 29 de agosto indica poucas nuvens, baixa chance de chuva e aten\u00e7\u00e3o \u00e0 hidrata\u00e7\u00e3o<\/strong><\/span><\/h2>\n<p data-start=\"199\" data-end=\"648\">Belo Horizonte deve ter um s\u00e1bado (29) com predom\u00ednio de sol, algumas nuvens e pouca possibilidade de chuva. As proje\u00e7\u00f5es meteorol\u00f3gicas consultadas apontam temperaturas elevadas para o per\u00edodo de inverno, com m\u00e1xima variando entre <strong data-start=\"431\" data-end=\"446\">29\u00b0C e 32\u00b0C<\/strong>, dependendo do modelo de previs\u00e3o, e m\u00ednima entre <strong data-start=\"497\" data-end=\"512\">16\u00b0C e 19\u00b0C<\/strong>. A recomenda\u00e7\u00e3o \u00e9 que a popula\u00e7\u00e3o acompanhe as atualiza\u00e7\u00f5es meteorol\u00f3gicas e redobre os cuidados com a hidrata\u00e7\u00e3o ao longo do dia. \u2600\ufe0f\ud83d\udca7<\/p>\n<p data-start=\"650\" data-end=\"1021\">As previs\u00f5es do <span class=\"contents\" data-content-reference-start=\"665\" data-content-reference-end=\"687\"><span class=\"\" data-state=\"closed\"><a class=\"decorated-link\" href=\"https:\/\/portal.inmet.gov.br\/?utm_source=chatgpt.com\" target=\"_blank\" rel=\"noopener nofollow\">INMET<\/a><\/span><\/span>, <span class=\"contents\" data-content-reference-start=\"689\" data-content-reference-end=\"715\"><span class=\"\" data-state=\"closed\"><a class=\"decorated-link\" href=\"https:\/\/www.tempo.com\/amanha\/belo-horizonte.htm?utm_source=chatgpt.com\" target=\"_blank\" rel=\"noopener nofollow\">tempo.com<\/a><\/span><\/span>, <span class=\"contents\" data-content-reference-start=\"717\" data-content-reference-end=\"747\"><span class=\"\" data-state=\"closed\"><a class=\"decorated-link\" href=\"https:\/\/www.climatempo.com.br\/previsao-do-tempo\/fim-de-semana\/cidade\/107\/belohorizonte-mg\/?utm_source=chatgpt.com\" target=\"_blank\" rel=\"noopener nofollow\">Climatempo<\/a><\/span><\/span> e <span class=\"contents\" data-content-reference-start=\"750\" data-content-reference-end=\"781\"><span class=\"\" data-state=\"closed\"><a class=\"decorated-link\" href=\"https:\/\/weather.com\/pt-BR\/clima\/fimdesemana\/l\/e700fb76f5138a2fc1d9befac622f7674926122a837e00fce243fdebb49ce906?utm_source=chatgpt.com\" target=\"_blank\" rel=\"noopener nofollow\">Weather.com<\/a><\/span><\/span> indicam um cen\u00e1rio de tempo predominantemente est\u00e1vel para a capital mineira. A diverg\u00eancia entre os modelos sobre as temperaturas refor\u00e7a a necessidade de acompanhar as atualiza\u00e7\u00f5es ao longo do dia.<\/p>\n<h3 data-section-id=\"1yo3fi9\" data-start=\"1023\" data-end=\"1064\">\ud83c\udf21\ufe0f Calor ganha for\u00e7a durante a tarde<\/h3>\n<p data-start=\"1066\" data-end=\"1542\">A Climatempo prev\u00ea <strong data-start=\"1085\" data-end=\"1120\">m\u00ednima de 15\u00b0C e m\u00e1xima de 29\u00b0C<\/strong>, com <strong data-start=\"1126\" data-end=\"1165\">sol entre algumas nuvens, sem chuva<\/strong> e umidade m\u00ednima inicialmente projetada entre <strong data-start=\"1212\" data-end=\"1225\">41% e 46%<\/strong>, conforme as atualiza\u00e7\u00f5es recentes. J\u00e1 o Weather Channel trabalha com previs\u00e3o mais quente, de at\u00e9 <strong data-start=\"1325\" data-end=\"1333\">32\u00b0C<\/strong>, e apenas <strong data-start=\"1344\" data-end=\"1376\">5% de possibilidade de chuva<\/strong> durante o dia. O tempo.com tamb\u00e9m indica m\u00e1xima de <strong data-start=\"1428\" data-end=\"1436\">29\u00b0C<\/strong>, m\u00ednima de <strong data-start=\"1448\" data-end=\"1456\">16\u00b0C<\/strong> e nuvens dispersas durante boa parte do s\u00e1bado.<\/p>\n<p data-start=\"1544\" data-end=\"1849\">O cen\u00e1rio mant\u00e9m a aten\u00e7\u00e3o voltada para o calor e o ressecamento do ar, especialmente durante a tarde. Mesmo no fim do inverno, Belo Horizonte vem registrando temperaturas elevadas e epis\u00f3dios de baixa umidade, caracter\u00edsticas que exigem cuidados extras da popula\u00e7\u00e3o.<\/p>\n<h3 data-section-id=\"u8amc9\" data-start=\"1851\" data-end=\"1888\">\ud83d\udca7 Hidrata\u00e7\u00e3o deve ser prioridade<\/h3>\n<p data-start=\"1890\" data-end=\"2156\">Com a combina\u00e7\u00e3o de temperaturas elevadas e per\u00edodos mais secos, a recomenda\u00e7\u00e3o \u00e9 <strong data-start=\"1972\" data-end=\"2050\">beber \u00e1gua regularmente ao longo de todo o dia, mesmo antes de sentir sede<\/strong>. Crian\u00e7as, idosos e pessoas com maior sensibilidade \u00e0s condi\u00e7\u00f5es do tempo devem receber aten\u00e7\u00e3o especial.<\/p>\n<p data-start=\"2158\" data-end=\"2438\">Outras medidas importantes incluem evitar exposi\u00e7\u00e3o prolongada ao sol nos hor\u00e1rios mais quentes e proteger-se adequadamente da radia\u00e7\u00e3o ultravioleta. O Weather Channel classifica o \u00edndice UV previsto para o per\u00edodo diurno como <strong data-start=\"2385\" data-end=\"2399\">muito alto<\/strong>.<\/p>\n<h3 data-section-id=\"gv39g3\" data-start=\"2440\" data-end=\"2495\">\u26a0\ufe0f Cadastre-se para receber alertas da Defesa Civil<\/h3>\n<p data-start=\"2497\" data-end=\"2799\">A popula\u00e7\u00e3o de Belo Horizonte deve manter aten\u00e7\u00e3o aos avisos oficiais da <span class=\"contents\" data-content-reference-start=\"2524\" data-content-reference-end=\"2574\"><span class=\"\" data-state=\"closed\"><a class=\"decorated-link\" href=\"https:\/\/prefeitura.pbh.gov.br\/defesa-civil\/alertas-de-risco?utm_source=chatgpt.com\" target=\"_blank\" rel=\"noopener nofollow\">Defesa Civil de Belo Horizonte<\/a><\/span><\/span>. Para receber alertas gratuitos por SMS, basta enviar uma mensagem com o <strong data-start=\"2681\" data-end=\"2747\">CEP da resid\u00eancia ou do local de interesse para o n\u00famero 40199<\/strong>. Ap\u00f3s o cadastro, o usu\u00e1rio recebe uma confirma\u00e7\u00e3o.<\/p>\n<p data-start=\"2801\" data-end=\"2941\">O servi\u00e7o permite o envio de alertas sobre fen\u00f4menos meteorol\u00f3gicos e situa\u00e7\u00f5es de risco e \u00e9 gratuito.<\/p>\n<h3 data-section-id=\"8w2u49\" data-start=\"2943\" data-end=\"2994\">\ud83d\udccc Resumo da previs\u00e3o para s\u00e1bado, 29 de agosto<\/h3>\n<ul data-start=\"2996\" data-end=\"3479\">\n<li data-section-id=\"1vxqbn\" data-start=\"2996\" data-end=\"3063\">\u2600\ufe0f <strong data-start=\"3001\" data-end=\"3011\">Tempo:<\/strong> sol com algumas nuvens ou c\u00e9u parcialmente aberto<\/li>\n<li data-section-id=\"8sop9d\" data-start=\"3064\" data-end=\"3178\">\ud83c\udf21\ufe0f <strong data-start=\"3070\" data-end=\"3086\">Temperatura:<\/strong> entre <strong data-start=\"3093\" data-end=\"3113\">15\u00b0C\/16\u00b0C e 29\u00b0C<\/strong>, com modelos indicando possibilidade de m\u00e1xima de at\u00e9 <strong data-start=\"3168\" data-end=\"3176\">32\u00b0C<\/strong><\/li>\n<li data-section-id=\"9u7389\" data-start=\"3179\" data-end=\"3267\">\ud83c\udf27\ufe0f <strong data-start=\"3185\" data-end=\"3195\">Chuva:<\/strong> baixa probabilidade ou aus\u00eancia de chuva na maior parte das previs\u00f5es<\/li>\n<li data-section-id=\"1rfjgu\" data-start=\"3268\" data-end=\"3360\">\ud83d\udca7 <strong data-start=\"3273\" data-end=\"3285\">Umidade:<\/strong> pode cair para a faixa de <strong data-start=\"3312\" data-end=\"3325\">41% a 46%<\/strong>, segundo proje\u00e7\u00f5es da Climatempo<\/li>\n<li data-section-id=\"ugyh7s\" data-start=\"3361\" data-end=\"3396\">\ud83c\udf2c\ufe0f <strong data-start=\"3367\" data-end=\"3377\">Vento:<\/strong> fraco a moderado<\/li>\n<li data-section-id=\"quyeyt\" data-start=\"3397\" data-end=\"3479\">\u2600\ufe0f <strong data-start=\"3402\" data-end=\"3414\">Aten\u00e7\u00e3o:<\/strong> hidrata\u00e7\u00e3o e prote\u00e7\u00e3o contra o sol devem fazer parte da rotina<\/li>\n<\/ul>\n<p data-start=\"3481\" data-end=\"3671\"><strong data-start=\"3481\" data-end=\"3496\">Importante:<\/strong> previs\u00f5es meteorol\u00f3gicas podem sofrer altera\u00e7\u00f5es. Para informa\u00e7\u00f5es de \u00faltima hora, a popula\u00e7\u00e3o deve priorizar os canais oficiais do INMET e da Defesa Civil de Belo Horizonte.<\/p>\n<h3 data-section-id=\"1j1jxvs\" data-start=\"3673\" data-end=\"3695\">Fontes consultadas<\/h3>\n<ul data-start=\"3696\" data-end=\"3945\">\n<li data-section-id=\"4w1vzp\" data-start=\"3696\" data-end=\"3735\"><span class=\"contents\" data-content-reference-start=\"3657\" data-content-reference-end=\"3716\"><span class=\"\" data-state=\"closed\"><a class=\"decorated-link\" href=\"https:\/\/portal.inmet.gov.br\/?utm_source=chatgpt.com\" target=\"_blank\" rel=\"noopener nofollow\">INMET \u2013 Instituto Nacional de Meteorologia<\/a><\/span><\/span><\/li>\n<li data-section-id=\"yuzy45\" data-start=\"3736\" data-end=\"3777\"><span class=\"contents\" data-content-reference-start=\"3719\" data-content-reference-end=\"3773\"><span class=\"\" data-state=\"closed\"><a class=\"decorated-link\" href=\"https:\/\/previsao.inmet.gov.br\/3106200?utm_source=chatgpt.com\" target=\"_blank\" rel=\"noopener nofollow\">Previs\u00e3o do INMET para Belo Horizonte<\/a><\/span><\/span><\/li>\n<li data-section-id=\"1flqygl\" data-start=\"3778\" data-end=\"3819\"><span class=\"contents\" data-content-reference-start=\"3776\" data-content-reference-end=\"3837\"><span class=\"\" data-state=\"closed\"><a class=\"decorated-link\" href=\"https:\/\/www.climatempo.com.br\/previsao-do-tempo\/fim-de-semana\/cidade\/107\/belohorizonte-mg\/?utm_source=chatgpt.com\" target=\"_blank\" rel=\"noopener nofollow\">Climatempo \u2013 previs\u00e3o para Belo Horizonte<\/a><\/span><\/span><\/li>\n<li data-section-id=\"rwywvp\" data-start=\"3820\" data-end=\"3861\"><span class=\"contents\" data-content-reference-start=\"3840\" data-content-reference-end=\"3897\"><span class=\"\" data-state=\"closed\"><a class=\"decorated-link\" href=\"https:\/\/www.tempo.com\/amanha\/belo-horizonte.htm?utm_source=chatgpt.com\" target=\"_blank\" rel=\"noopener nofollow\">tempo.com \u2013 previs\u00e3o para Belo Horizonte<\/a><\/span><\/span><\/li>\n<li data-section-id=\"18npx85\" data-start=\"3862\" data-end=\"3903\"><span class=\"contents\" data-content-reference-start=\"3900\" data-content-reference-end=\"3966\"><span class=\"\" data-state=\"closed\"><a class=\"decorated-link\" href=\"https:\/\/weather.com\/pt-BR\/clima\/fimdesemana\/l\/e700fb76f5138a2fc1d9befac622f7674926122a837e00fce243fdebb49ce906?utm_source=chatgpt.com\" target=\"_blank\" rel=\"noopener nofollow\">Weather Channel \u2013 previs\u00e3o para Belo Horizonte<\/a><\/span><\/span><\/li>\n<li data-section-id=\"1nw41v9\" data-start=\"3904\" data-end=\"3945\"><span class=\"contents\" data-content-reference-start=\"3969\" data-content-reference-end=\"4052\"><span class=\"\" data-state=\"closed\"><a class=\"decorated-link\" href=\"https:\/\/prefeitura.pbh.gov.br\/defesa-civil\/alertas-de-risco?utm_source=chatgpt.com\" target=\"_blank\" rel=\"noopener nofollow\">Prefeitura de Belo Horizonte \u2013 Alertas de risco da Defesa Civil<\/a><\/span><\/span><\/li>\n<\/ul>\n","protected":false},"excerpt":{"rendered":"Previs\u00e3o do tempo para 29 de agosto indica poucas nuvens, baixa chance de chuva e aten\u00e7\u00e3o \u00e0 hidrata\u00e7\u00e3o Belo Horizonte deve ter um s\u00e1bado (29) [&hellip;]","protected":false},"author":1,"featured_media":10353,"comment_status":"closed","ping_status":"closed","sticky":false,"template":"","format":"standard","meta":{"episode_type":"audio","audio_file":"","podmotor_file_id":"","podmotor_episode_id":"","cover_image":"","cover_image_id":"","duration":"","filesize":"","filesize_raw":"","date_recorded":"","explicit":"","block":"","_jetpack_newsletter_access":"","_jetpack_dont_email_post_to_subs":false,"_jetpack_newsletter_tier_id":0,"_jetpack_memberships_contains_paywalled_content":false,"_jetpack_feature_clip_id":0,"_jetpack_memberships_contains_paid_content":false,"footnotes":"","jetpack_post_was_ever_published":false},"categories":[1],"tags":[2034,2304,1819],"series":[],"class_list":["post-10352","post","type-post","status-publish","format-standard","has-post-thumbnail","hentry","category-noticiasdacomunidaede","tag-climabelohorizontehoje","tag-climaeotempoembh","tag-previsaodotempohoje"],"episode_featured_image":"https:\/\/comunidadeemacao.com.br\/site\/wp-content\/uploads\/2026\/08\/ChatGPT-Image-28-de-ago.-de-2026-20_39_32.png","episode_player_image":"https:\/\/i0.wp.com\/comunidadeemacao.com.br\/site\/wp-content\/uploads\/2025\/07\/Logo-Fala-Zona-Norte-1400-pix1.jpg?fit=1400%2C1400&ssl=1","download_link":"","player_link":"","audio_player":false,"episode_data":{"playerMode":"light","subscribeUrls":{"youtube":{"key":"youtube","url":"","label":"YouTube","class":"youtube","icon":"youtube.png"}},"rssFeedUrl":"https:\/\/comunidadeemacao.com.br\/site\/feed\/podcast\/comunidade-em-acao","embedCode":"<blockquote class=\"wp-embedded-content\" data-secret=\"LR8dsYvUth\"><a href=\"https:\/\/comunidadeemacao.com.br\/site\/bh-tera-sabado-de-sol-calor-e-tempo-seco-maxima-pode-chegar-a-32c\/\">BH ter\u00e1 s\u00e1bado de sol, calor e tempo seco; m\u00e1xima pode chegar a 32\u00b0C<\/a><\/blockquote><iframe sandbox=\"allow-scripts\" security=\"restricted\" src=\"https:\/\/comunidadeemacao.com.br\/site\/bh-tera-sabado-de-sol-calor-e-tempo-seco-maxima-pode-chegar-a-32c\/embed\/#?secret=LR8dsYvUth\" width=\"500\" height=\"350\" title=\"&#8220;BH ter\u00e1 s\u00e1bado de sol, calor e tempo seco; m\u00e1xima pode chegar a 32\u00b0C&#8221; &#8212; COMUNIDADE EM A\u00c7\u00c3O\" data-secret=\"LR8dsYvUth\" frameborder=\"0\" marginwidth=\"0\" marginheight=\"0\" scrolling=\"no\" class=\"wp-embedded-content\"><\/iframe><script>\n\/*! This file is auto-generated *\/\n!function(d,l){\"use strict\";l.querySelector&&d.addEventListener&&\"undefined\"!=typeof URL&&(d.wp=d.wp||{},d.wp.receiveEmbedMessage||(d.wp.receiveEmbedMessage=function(e){var t=e.data;if((t||t.secret||t.message||t.value)&&!\/[^a-zA-Z0-9]\/.test(t.secret)){for(var s,r,n,a=l.querySelectorAll('iframe[data-secret=\"'+t.secret+'\"]'),o=l.querySelectorAll('blockquote[data-secret=\"'+t.secret+'\"]'),c=new RegExp(\"^https?:$\",\"i\"),i=0;i<o.length;i++)o[i].style.display=\"none\";for(i=0;i<a.length;i++)s=a[i],e.source===s.contentWindow&&(s.removeAttribute(\"style\"),\"height\"===t.message?(1e3<(r=parseInt(t.value,10))?r=1e3:~~r<200&&(r=200),s.height=r):\"link\"===t.message&&(r=new URL(s.getAttribute(\"src\")),n=new URL(t.value),c.test(n.protocol))&&n.host===r.host&&l.activeElement===s&&(d.top.location.href=t.value))}},d.addEventListener(\"message\",d.wp.receiveEmbedMessage,!1),l.addEventListener(\"DOMContentLoaded\",function(){for(var e,t,s=l.querySelectorAll(\"iframe.wp-embedded-content\"),r=0;r<s.length;r++)(t=(e=s[r]).getAttribute(\"data-secret\"))||(t=Math.random().toString(36).substring(2,12),e.src+=\"#?secret=\"+t,e.setAttribute(\"data-secret\",t)),e.contentWindow.postMessage({message:\"ready\",secret:t},\"*\")},!1)))}(window,document);\n\/\/# sourceURL=https:\/\/comunidadeemacao.com.br\/site\/wp-includes\/js\/wp-embed.min.js\n<\/script>\n"},"jetpack_sharing_enabled":true,"jetpack_likes_enabled":true,"jetpack-related-posts":[{"id":10085,"url":"https:\/\/comunidadeemacao.com.br\/site\/bh-tera-sexta-feira-quente-e-seca-com-maxima-de-ate-32c-e-atencao-a-umidade\/","url_meta":{"origin":10352,"position":0},"title":"BH ter\u00e1 sexta-feira quente e seca, com m\u00e1xima de at\u00e9 32\u00b0C e aten\u00e7\u00e3o \u00e0 umidade","author":"Marcos Silva","date":"15 de agosto de 2026","format":false,"excerpt":"INMET prev\u00ea eleva\u00e7\u00e3o das temperaturas em BH nesta sexta-feira (14), enquanto Climatempo e tempo.com indicam dia sem chuva; umidade pode cair durante a tarde \ud83c\udf24\ufe0f Belo Horizonte ter\u00e1 uma sexta-feira (14) de temperaturas em eleva\u00e7\u00e3o, pouca chuva e aten\u00e7\u00e3o redobrada com o tempo seco. Segundo a previs\u00e3o divulgada pelo Instituto\u2026","rel":"","context":"Em &quot;Mateorologia&quot;","block_context":{"text":"Mateorologia","link":"https:\/\/comunidadeemacao.com.br\/site\/category\/dia-a-dia\/mateorologia\/"},"img":{"alt_text":"Previs\u00e3o do Tempo em Belo Horizonte","src":"https:\/\/i0.wp.com\/comunidadeemacao.com.br\/site\/wp-content\/uploads\/2026\/08\/ChatGPT-Image-14-de-ago.-de-2026-19_53_20.png?fit=1200%2C600&ssl=1&resize=350%2C200","width":350,"height":200,"srcset":"https:\/\/i0.wp.com\/comunidadeemacao.com.br\/site\/wp-content\/uploads\/2026\/08\/ChatGPT-Image-14-de-ago.-de-2026-19_53_20.png?fit=1200%2C600&ssl=1&resize=350%2C200 1x, https:\/\/i0.wp.com\/comunidadeemacao.com.br\/site\/wp-content\/uploads\/2026\/08\/ChatGPT-Image-14-de-ago.-de-2026-19_53_20.png?fit=1200%2C600&ssl=1&resize=525%2C300 1.5x, https:\/\/i0.wp.com\/comunidadeemacao.com.br\/site\/wp-content\/uploads\/2026\/08\/ChatGPT-Image-14-de-ago.-de-2026-19_53_20.png?fit=1200%2C600&ssl=1&resize=700%2C400 2x, https:\/\/i0.wp.com\/comunidadeemacao.com.br\/site\/wp-content\/uploads\/2026\/08\/ChatGPT-Image-14-de-ago.-de-2026-19_53_20.png?fit=1200%2C600&ssl=1&resize=1050%2C600 3x"},"classes":[]},{"id":10237,"url":"https:\/\/comunidadeemacao.com.br\/site\/previsao-do-tempo-em-bh-domingo-tera-sol-entre-nuvens-e-temperaturas-de-ate-29c\/","url_meta":{"origin":10352,"position":1},"title":"Previs\u00e3o do tempo em BH: domingo ter\u00e1 sol entre nuvens e temperaturas de at\u00e9 29\u00b0C","author":"Marcos Silva","date":"23 de agosto de 2026","format":false,"excerpt":"Domingo, 23 de agosto, ser\u00e1 de tempo mais ameno em BH, com c\u00e9u parcialmente nublado e aten\u00e7\u00e3o \u00e0 umidade do ar durante o inverno \ud83c\udf24\ufe0f Belo Horizonte deve ter um domingo (23\/08) de sol entre nuvens, temperaturas agrad\u00e1veis pela manh\u00e3 e calor durante a tarde. A previs\u00e3o atualizada aponta m\u00ednima\u2026","rel":"","context":"Em &quot;Mateorologia&quot;","block_context":{"text":"Mateorologia","link":"https:\/\/comunidadeemacao.com.br\/site\/category\/dia-a-dia\/mateorologia\/"},"img":{"alt_text":"","src":"https:\/\/i0.wp.com\/comunidadeemacao.com.br\/site\/wp-content\/uploads\/2026\/08\/ChatGPT-Image-22-de-ago.-de-2026-20_13_58.png?fit=1200%2C600&ssl=1&resize=350%2C200","width":350,"height":200,"srcset":"https:\/\/i0.wp.com\/comunidadeemacao.com.br\/site\/wp-content\/uploads\/2026\/08\/ChatGPT-Image-22-de-ago.-de-2026-20_13_58.png?fit=1200%2C600&ssl=1&resize=350%2C200 1x, https:\/\/i0.wp.com\/comunidadeemacao.com.br\/site\/wp-content\/uploads\/2026\/08\/ChatGPT-Image-22-de-ago.-de-2026-20_13_58.png?fit=1200%2C600&ssl=1&resize=525%2C300 1.5x, https:\/\/i0.wp.com\/comunidadeemacao.com.br\/site\/wp-content\/uploads\/2026\/08\/ChatGPT-Image-22-de-ago.-de-2026-20_13_58.png?fit=1200%2C600&ssl=1&resize=700%2C400 2x, https:\/\/i0.wp.com\/comunidadeemacao.com.br\/site\/wp-content\/uploads\/2026\/08\/ChatGPT-Image-22-de-ago.-de-2026-20_13_58.png?fit=1200%2C600&ssl=1&resize=1050%2C600 3x"},"classes":[]},{"id":9873,"url":"https:\/\/comunidadeemacao.com.br\/site\/bh-tera-terca-feira-de-tempo-seco-e-baixa-umidade-do-ar-maxima-chega-a-29c\/","url_meta":{"origin":10352,"position":2},"title":"BH ter\u00e1 ter\u00e7a-feira de tempo seco e baixa umidade do ar; m\u00e1xima chega a 29\u00b0C","author":"Marcos Silva","date":"4 de agosto de 2026","format":false,"excerpt":"Previs\u00e3o para 4 de agosto indica manh\u00e3 amena, tarde mais quente e umidade baixa; popula\u00e7\u00e3o deve refor\u00e7ar a hidrata\u00e7\u00e3o durante o dia Belo Horizonte ter\u00e1 uma ter\u00e7a-feira (4) t\u00edpica do inverno, com tempo firme, pouca possibilidade de chuva e grande varia\u00e7\u00e3o da umidade do ar ao longo do dia. As\u2026","rel":"","context":"Em &quot;Mateorologia&quot;","block_context":{"text":"Mateorologia","link":"https:\/\/comunidadeemacao.com.br\/site\/category\/dia-a-dia\/mateorologia\/"},"img":{"alt_text":"Previs\u00e3o do Tempo em Belo Horizonte","src":"https:\/\/i0.wp.com\/comunidadeemacao.com.br\/site\/wp-content\/uploads\/2026\/08\/ChatGPT-Image-3-de-ago.-de-2026-18_51_33.jpg?fit=1200%2C600&ssl=1&resize=350%2C200","width":350,"height":200,"srcset":"https:\/\/i0.wp.com\/comunidadeemacao.com.br\/site\/wp-content\/uploads\/2026\/08\/ChatGPT-Image-3-de-ago.-de-2026-18_51_33.jpg?fit=1200%2C600&ssl=1&resize=350%2C200 1x, https:\/\/i0.wp.com\/comunidadeemacao.com.br\/site\/wp-content\/uploads\/2026\/08\/ChatGPT-Image-3-de-ago.-de-2026-18_51_33.jpg?fit=1200%2C600&ssl=1&resize=525%2C300 1.5x, https:\/\/i0.wp.com\/comunidadeemacao.com.br\/site\/wp-content\/uploads\/2026\/08\/ChatGPT-Image-3-de-ago.-de-2026-18_51_33.jpg?fit=1200%2C600&ssl=1&resize=700%2C400 2x, https:\/\/i0.wp.com\/comunidadeemacao.com.br\/site\/wp-content\/uploads\/2026\/08\/ChatGPT-Image-3-de-ago.-de-2026-18_51_33.jpg?fit=1200%2C600&ssl=1&resize=1050%2C600 3x"},"classes":[]},{"id":9957,"url":"https:\/\/comunidadeemacao.com.br\/site\/bh-tera-sabado-de-sol-calor-a-tarde-e-baixa-umidade-do-ar\/","url_meta":{"origin":10352,"position":3},"title":"BH ter\u00e1 s\u00e1bado de sol, calor \u00e0 tarde e baixa umidade do ar","author":"Marcos Silva","date":"8 de agosto de 2026","format":false,"excerpt":"Previs\u00e3o do tempo para 8 de agosto indica manh\u00e3 mais amena, tarde quente e pouca possibilidade de chuva na capital mineira Belo Horizonte ter\u00e1 um s\u00e1bado (8) t\u00edpico do per\u00edodo de inverno, com predom\u00ednio de sol, temperaturas em eleva\u00e7\u00e3o ao longo do dia e umidade do ar mais baixa durante\u2026","rel":"","context":"Em &quot;Not\u00edcias&quot;","block_context":{"text":"Not\u00edcias","link":"https:\/\/comunidadeemacao.com.br\/site\/category\/noticiasdacomunidaede\/"},"img":{"alt_text":"Previs\u00e3o do Tempo em Belo Horizonte","src":"https:\/\/i0.wp.com\/comunidadeemacao.com.br\/site\/wp-content\/uploads\/2026\/08\/ChatGPT-Image-7-de-ago.-de-2026-20_12_31.png?fit=1200%2C600&ssl=1&resize=350%2C200","width":350,"height":200,"srcset":"https:\/\/i0.wp.com\/comunidadeemacao.com.br\/site\/wp-content\/uploads\/2026\/08\/ChatGPT-Image-7-de-ago.-de-2026-20_12_31.png?fit=1200%2C600&ssl=1&resize=350%2C200 1x, https:\/\/i0.wp.com\/comunidadeemacao.com.br\/site\/wp-content\/uploads\/2026\/08\/ChatGPT-Image-7-de-ago.-de-2026-20_12_31.png?fit=1200%2C600&ssl=1&resize=525%2C300 1.5x, https:\/\/i0.wp.com\/comunidadeemacao.com.br\/site\/wp-content\/uploads\/2026\/08\/ChatGPT-Image-7-de-ago.-de-2026-20_12_31.png?fit=1200%2C600&ssl=1&resize=700%2C400 2x, https:\/\/i0.wp.com\/comunidadeemacao.com.br\/site\/wp-content\/uploads\/2026\/08\/ChatGPT-Image-7-de-ago.-de-2026-20_12_31.png?fit=1200%2C600&ssl=1&resize=1050%2C600 3x"},"classes":[]},{"id":10148,"url":"https:\/\/comunidadeemacao.com.br\/site\/previsao-do-tempo-em-bh-para-18-de-agosto-sol-e-ate-29c\/","url_meta":{"origin":10352,"position":4},"title":"Previs\u00e3o do tempo em BH para 18 de agosto: sol e at\u00e9 29\u00b0C","author":"Marcos Silva","date":"18 de agosto de 2026","format":false,"excerpt":"\ud83c\udf24\ufe0f Capital mineira ter\u00e1 ter\u00e7a-feira de tempo firme, pouca nebulosidade e temperaturas amenas pela manh\u00e3, com eleva\u00e7\u00e3o durante a tarde; umidade exige aten\u00e7\u00e3o Belo Horizonte ter\u00e1 uma ter\u00e7a-feira (18) de tempo predominantemente firme, com poucas nuvens e eleva\u00e7\u00e3o da temperatura ao longo do dia. A previs\u00e3o indica manh\u00e3 mais amena,\u2026","rel":"","context":"Em &quot;Mateorologia&quot;","block_context":{"text":"Mateorologia","link":"https:\/\/comunidadeemacao.com.br\/site\/category\/dia-a-dia\/mateorologia\/"},"img":{"alt_text":"Previs\u00e3o do Tempo em Belo Horizonte","src":"https:\/\/i0.wp.com\/comunidadeemacao.com.br\/site\/wp-content\/uploads\/2026\/08\/Untitled-1-copy.jpg?fit=1200%2C675&ssl=1&resize=350%2C200","width":350,"height":200,"srcset":"https:\/\/i0.wp.com\/comunidadeemacao.com.br\/site\/wp-content\/uploads\/2026\/08\/Untitled-1-copy.jpg?fit=1200%2C675&ssl=1&resize=350%2C200 1x, https:\/\/i0.wp.com\/comunidadeemacao.com.br\/site\/wp-content\/uploads\/2026\/08\/Untitled-1-copy.jpg?fit=1200%2C675&ssl=1&resize=525%2C300 1.5x, https:\/\/i0.wp.com\/comunidadeemacao.com.br\/site\/wp-content\/uploads\/2026\/08\/Untitled-1-copy.jpg?fit=1200%2C675&ssl=1&resize=700%2C400 2x, https:\/\/i0.wp.com\/comunidadeemacao.com.br\/site\/wp-content\/uploads\/2026\/08\/Untitled-1-copy.jpg?fit=1200%2C675&ssl=1&resize=1050%2C600 3x"},"classes":[]},{"id":6773,"url":"https:\/\/comunidadeemacao.com.br\/site\/%f0%9f%93%b0-previsao-do-tempo-para-belo-horizonte-segunda-feira-29-de-dezembro-de-2025\/","url_meta":{"origin":10352,"position":5},"title":"\ud83d\udcf0 Previs\u00e3o do Tempo para Belo Horizonte \u2013 Segunda-feira, 29 de dezembro de 2025","author":"Marcos Silva","date":"29 de dezembro de 2025","format":false,"excerpt":"\ud83c\udf21\ufe0f Temperaturas elevadas e calor intenso marcam o in\u00edcio da semana em BH. Segundo dados atualizados por plataformas de meteorologia e alertas oficiais, os term\u00f4metros na capital mineira devem registrar m\u00e1ximas pr\u00f3ximas de 35 \u00b0C com m\u00ednima em torno de 20 \u00b0C na segunda-feira (29). O tempo ser\u00e1 de c\u00e9u\u2026","rel":"","context":"Em &quot;Cidade&quot;","block_context":{"text":"Cidade","link":"https:\/\/comunidadeemacao.com.br\/site\/category\/cidade\/"},"img":{"alt_text":"O Clima em BH em 29 de dezembro","src":"https:\/\/i0.wp.com\/comunidadeemacao.com.br\/site\/wp-content\/uploads\/2025\/12\/ChatGPT-Image-27-de-dez.-de-2025-17_40_51.jpg?fit=1200%2C800&ssl=1&resize=350%2C200","width":350,"height":200,"srcset":"https:\/\/i0.wp.com\/comunidadeemacao.com.br\/site\/wp-content\/uploads\/2025\/12\/ChatGPT-Image-27-de-dez.-de-2025-17_40_51.jpg?fit=1200%2C800&ssl=1&resize=350%2C200 1x, https:\/\/i0.wp.com\/comunidadeemacao.com.br\/site\/wp-content\/uploads\/2025\/12\/ChatGPT-Image-27-de-dez.-de-2025-17_40_51.jpg?fit=1200%2C800&ssl=1&resize=525%2C300 1.5x, https:\/\/i0.wp.com\/comunidadeemacao.com.br\/site\/wp-content\/uploads\/2025\/12\/ChatGPT-Image-27-de-dez.-de-2025-17_40_51.jpg?fit=1200%2C800&ssl=1&resize=700%2C400 2x, https:\/\/i0.wp.com\/comunidadeemacao.com.br\/site\/wp-content\/uploads\/2025\/12\/ChatGPT-Image-27-de-dez.-de-2025-17_40_51.jpg?fit=1200%2C800&ssl=1&resize=1050%2C600 3x"},"classes":[]}],"jetpack_featured_media_url":"https:\/\/i0.wp.com\/comunidadeemacao.com.br\/site\/wp-content\/uploads\/2026\/08\/ChatGPT-Image-28-de-ago.-de-2026-20_39_32.png?fit=1774%2C887&ssl=1","_links":{"self":[{"href":"https:\/\/comunidadeemacao.com.br\/site\/wp-json\/wp\/v2\/posts\/10352","targetHints":{"allow":["GET"]}}],"collection":[{"href":"https:\/\/comunidadeemacao.com.br\/site\/wp-json\/wp\/v2\/posts"}],"about":[{"href":"https:\/\/comunidadeemacao.com.br\/site\/wp-json\/wp\/v2\/types\/post"}],"author":[{"embeddable":true,"href":"https:\/\/comunidadeemacao.com.br\/site\/wp-json\/wp\/v2\/users\/1"}],"replies":[{"embeddable":true,"href":"https:\/\/comunidadeemacao.com.br\/site\/wp-json\/wp\/v2\/comments?post=10352"}],"version-history":[{"count":1,"href":"https:\/\/comunidadeemacao.com.br\/site\/wp-json\/wp\/v2\/posts\/10352\/revisions"}],"predecessor-version":[{"id":10354,"href":"https:\/\/comunidadeemacao.com.br\/site\/wp-json\/wp\/v2\/posts\/10352\/revisions\/10354"}],"wp:featuredmedia":[{"embeddable":true,"href":"https:\/\/comunidadeemacao.com.br\/site\/wp-json\/wp\/v2\/media\/10353"}],"wp:attachment":[{"href":"https:\/\/comunidadeemacao.com.br\/site\/wp-json\/wp\/v2\/media?parent=10352"}],"wp:term":[{"taxonomy":"category","embeddable":true,"href":"https:\/\/comunidadeemacao.com.br\/site\/wp-json\/wp\/v2\/categories?post=10352"},{"taxonomy":"post_tag","embeddable":true,"href":"https:\/\/comunidadeemacao.com.br\/site\/wp-json\/wp\/v2\/tags?post=10352"},{"taxonomy":"series","embeddable":true,"href":"https:\/\/comunidadeemacao.com.br\/site\/wp-json\/wp\/v2\/series?post=10352"}],"curies":[{"name":"wp","href":"https:\/\/api.w.org\/{rel}","templated":true}]}}