{"id":10349,"date":"2026-08-29T08:19:19","date_gmt":"2026-08-29T11:19:19","guid":{"rendered":"https:\/\/comunidadeemacao.com.br\/site\/?p=10349"},"modified":"2026-08-28T19:44:30","modified_gmt":"2026-08-28T22:44:30","slug":"unicef-pressiona-candidatos-por-acoes-mais-eficazes-na-prevencao-a-violencia-infantil","status":"publish","type":"post","link":"https:\/\/comunidadeemacao.com.br\/site\/unicef-pressiona-candidatos-por-acoes-mais-eficazes-na-prevencao-a-violencia-infantil\/","title":{"rendered":"Unicef Pressiona Candidatos por A\u00e7\u00f5es Mais Eficazes na Preven\u00e7\u00e3o \u00e0 Viol\u00eancia Infantil"},"content":{"rendered":"\r\n<h2 class=\"wp-block-heading\">Unicef Exige Compromisso com a Inf\u00e2ncia<\/h2>\r\n\r\n\r\n\r\n<p class=\"wp-block-paragraph\">O Fundo das Na\u00e7\u00f5es Unidas para a Inf\u00e2ncia (<a href=\"https:\/\/www.unicef.org\/brazil\/comunicados-de-imprensa\/candidaturas-a-presidencia-tem-propostas-para-responder-a-violencia-contra-criancas\" target=\"_blank\" rel=\"noopener nofollow\"><em><strong>Unicef<\/strong><\/em><\/a>) est\u00e1 convocando os candidatos \u00e0 Presid\u00eancia da Rep\u00fablica do Brasil a incorporarem, em suas plataformas eleitorais, propostas mais eficazes e abrangentes voltadas para a preven\u00e7\u00e3o da viol\u00eancia infantil. Essa solicita\u00e7\u00e3o vem ap\u00f3s uma an\u00e1lise detalhada das propostas de cinco candidaturas principais, que, segundo o Unicef, precisam de uma abordagem mais adaptada \u00e0s vulnerabilidades espec\u00edficas de diferentes grupos de crian\u00e7as e adolescentes.<\/p>\r\n\r\n\r\n\r\n<p class=\"wp-block-paragraph\">Embora todas as principais candidaturas incluam medidas contra a viol\u00eancia, a \u00eanfase ainda \u00e9 predominantemente em pol\u00edticas de resposta, em vez de iniciativas preventivas. Essa abordagem, segundo o Unicef, n\u00e3o \u00e9 suficiente para abordar de maneira eficaz a complexa e persistente quest\u00e3o da viol\u00eancia contra crian\u00e7as no Brasil.<\/p>\r\n\r\n\r\n\r\n<h2 class=\"wp-block-heading\">Viol\u00eancia Infantil no Brasil: Um Cen\u00e1rio Alarmente<\/h2>\r\n\r\n\r\n\r\n<p class=\"wp-block-paragraph\">O Unicef destaca que, apesar de avan\u00e7os significativos em \u00e1reas sociais nas \u00faltimas d\u00e9cadas, a viol\u00eancia contra crian\u00e7as e adolescentes no Brasil permanece um problema grave e urgente. No ano passado, impressionantes 2.079 crian\u00e7as e adolescentes perderam a vida de forma violenta, representando cerca de seis mortes por dia. A maioria dessas v\u00edtimas \u00e9 composta por adolescentes do sexo masculino e de etnia negra.<\/p>\r\n\r\n\r\n\r\n<p class=\"wp-block-paragraph\">Os dados do \u00faltimo Anu\u00e1rio de Seguran\u00e7a P\u00fablica de 2025 revelam um panorama ainda mais preocupante, com mais de 38 mil casos de maus-tratos dom\u00e9sticos contra menores e 61 mil casos de estupro ou estupro de vulner\u00e1vel, muitas vezes cometidos por pessoas pr\u00f3ximas \u00e0s v\u00edtimas. Esses n\u00fameros alarmantes refor\u00e7am a necessidade de pol\u00edticas de preven\u00e7\u00e3o mais robustas e eficazes.<\/p>\r\n\r\n\r\n\r\n<h2 class=\"wp-block-heading\">Propostas dos Candidatos Sob An\u00e1lise<\/h2>\r\n\r\n\r\n\r\n<p class=\"wp-block-paragraph\">No levantamento realizado pelo Unicef, as propostas dos candidatos \u00e0s elei\u00e7\u00f5es foram examinadas quanto \u00e0 abordagem da prote\u00e7\u00e3o infantil. Os candidatos analisados incluem Lula (PT), Fl\u00e1vio Bolsonaro (PL), Ronaldo Caiado (PSD), Romeu Zema (NOVO) e Renan Santos (MISS\u00c3O). Foi observado que, embora todos, exceto Renan Santos, reconhe\u00e7am a import\u00e2ncia do tema, as propostas geralmente se concentram mais em medidas de resposta do que em preven\u00e7\u00e3o integral.<\/p>\r\n\r\n\r\n\r\n<p class=\"wp-block-paragraph\">O Unicef elogia o plano de Lula por sua \u00eanfase em medidas preventivas. Em contrapartida, as propostas de Fl\u00e1vio Bolsonaro e Romeu Zema s\u00e3o criticadas por focarem principalmente em a\u00e7\u00f5es punitivas e de resposta \u00e0 viol\u00eancia. J\u00e1 Ronaldo Caiado, embora tamb\u00e9m d\u00ea destaque \u00e0 puni\u00e7\u00e3o e investiga\u00e7\u00e3o, inclui elementos de preven\u00e7\u00e3o intersetorial em seu plano.<\/p>\r\n\r\n\r\n\r\n<h2 class=\"wp-block-heading\">A Necessidade de Abordagens Diferenciadas<\/h2>\r\n\r\n\r\n\r\n<p class=\"wp-block-paragraph\">Um ponto central da cr\u00edtica do Unicef \u00e9 que as propostas tratam crian\u00e7as e adolescentes como um grupo homog\u00eaneo, sem considerar importantes recortes sociais, como ra\u00e7a, etnia, g\u00eanero, defici\u00eancia ou localiza\u00e7\u00e3o geogr\u00e1fica, que s\u00e3o determinantes na vulnerabilidade \u00e0 viol\u00eancia. Em especial, a entidade lamenta a falta de men\u00e7\u00f5es espec\u00edficas a crian\u00e7as negras e ind\u00edgenas, que enfrentam maiores riscos de exposi\u00e7\u00e3o \u00e0 viol\u00eancia.<\/p>\r\n\r\n\r\n\r\n<p class=\"wp-block-paragraph\">Embora refer\u00eancias a meninas e crian\u00e7as com defici\u00eancia sejam encontradas nas propostas, o Unicef as considera insuficientes. A entidade insiste que pol\u00edticas de preven\u00e7\u00e3o \u00e0 viol\u00eancia devem contemplar a diversidade e as particularidades de cada grupo, assegurando prote\u00e7\u00e3o e oportunidades iguais para todos.<\/p>\r\n\r\n\r\n\r\n<h2 class=\"wp-block-heading\">Propostas do Unicef para um Futuro Melhor<\/h2>\r\n\r\n\r\n\r\n<p class=\"wp-block-paragraph\">Para enfrentar a viol\u00eancia de maneira eficaz, o<strong> Unicef<\/strong> defende a implementa\u00e7\u00e3o de uma <strong>Pol\u00edtica Nacional de Preven\u00e7\u00e3o de Viol\u00eancias contra Adolescentes<\/strong>. Essa pol\u00edtica deve ir al\u00e9m das tradicionais a\u00e7\u00f5es de seguran\u00e7a p\u00fablica, promovendo a coordena\u00e7\u00e3o entre diversas \u00e1reas, como educa\u00e7\u00e3o, trabalho, emprego e assist\u00eancia social, para reduzir os fatores de risco associados \u00e0 viol\u00eancia.<\/p>\r\n\r\n\r\n\r\n<p class=\"wp-block-paragraph\">Outra proposta crucial \u00e9 a incorpora\u00e7\u00e3o da &#8216;parentalidade protetiva&#8217; nas pol\u00edticas de primeira inf\u00e2ncia e assist\u00eancia social j\u00e1 existentes. Isso incluiria a capacita\u00e7\u00e3o de agentes p\u00fablicos que visitam fam\u00edlias, para que possam orientar pais e cuidadores sobre pr\u00e1ticas de educa\u00e7\u00e3o n\u00e3o-violentas e preven\u00e7\u00e3o \u00e0 viol\u00eancia.<\/p>\r\n\r\n\r\n\r\n<p class=\"wp-block-paragraph\">Al\u00e9m disso, o Unicef enfatiza a import\u00e2ncia de sistemas que possam identificar e referenciar casos de viol\u00eancia desde o in\u00edcio, permitindo uma interven\u00e7\u00e3o preventiva eficaz antes que se tornem crises.<\/p>\r\n\r\n\r\n\r\n<blockquote class=\"wp-block-quote is-layout-flow wp-block-quote-is-layout-flow\">\r\n<p><strong><em>Para proteger crian\u00e7as e adolescentes, \u00e9 fundamental tamb\u00e9m agir antes que a viol\u00eancia aconte\u00e7a, por meio de pol\u00edticas de educa\u00e7\u00e3o e oportunidades para jovens, da assist\u00eancia social, da sa\u00fade, do fortalecimento das fam\u00edlias e de sistemas que identifiquem e referenciem situa\u00e7\u00f5es de viol\u00eancia.<\/em><\/strong><\/p>\r\n<\/blockquote>\r\n\r\n\r\n\r\n<p class=\"wp-block-paragraph\">&nbsp;<\/p>\r\n","protected":false},"excerpt":{"rendered":"Unicef Exige Compromisso com a Inf\u00e2ncia O Fundo das Na\u00e7\u00f5es Unidas para a Inf\u00e2ncia (Unicef) est\u00e1 convocando os candidatos \u00e0 Presid\u00eancia da Rep\u00fablica do Brasil [&hellip;]","protected":false},"author":1,"featured_media":10350,"comment_status":"closed","ping_status":"closed","sticky":false,"template":"","format":"standard","meta":{"episode_type":"audio","audio_file":"","podmotor_file_id":"","podmotor_episode_id":"","cover_image":"","cover_image_id":"","duration":"","filesize":"","filesize_raw":"","date_recorded":"","explicit":"","block":"","_jetpack_newsletter_access":"","_jetpack_dont_email_post_to_subs":false,"_jetpack_newsletter_tier_id":0,"_jetpack_memberships_contains_paywalled_content":false,"_jetpack_feature_clip_id":0,"_jetpack_memberships_contains_paid_content":false,"footnotes":"","jetpack_post_was_ever_published":false},"categories":[56],"tags":[374,627,2918,2919,2917],"series":[],"class_list":["post-10349","post","type-post","status-publish","format-standard","has-post-thumbnail","hentry","category-politica","tag-comunidadeemacao","tag-jornaldebairro","tag-unicef","tag-violenciacontraadolescente","tag-violenciainfantil"],"episode_featured_image":"https:\/\/comunidadeemacao.com.br\/site\/wp-content\/uploads\/2026\/08\/Gemini_Generated_Image_ye4bd9ye4bd9ye4b.jpg","episode_player_image":"https:\/\/i0.wp.com\/comunidadeemacao.com.br\/site\/wp-content\/uploads\/2025\/07\/Logo-Fala-Zona-Norte-1400-pix1.jpg?fit=1400%2C1400&ssl=1","download_link":"","player_link":"","audio_player":false,"episode_data":{"playerMode":"light","subscribeUrls":{"youtube":{"key":"youtube","url":"","label":"YouTube","class":"youtube","icon":"youtube.png"}},"rssFeedUrl":"https:\/\/comunidadeemacao.com.br\/site\/feed\/podcast\/comunidade-em-acao","embedCode":"<blockquote class=\"wp-embedded-content\" data-secret=\"WyGCcdzuYN\"><a href=\"https:\/\/comunidadeemacao.com.br\/site\/unicef-pressiona-candidatos-por-acoes-mais-eficazes-na-prevencao-a-violencia-infantil\/\">Unicef Pressiona Candidatos por A\u00e7\u00f5es Mais Eficazes na Preven\u00e7\u00e3o \u00e0 Viol\u00eancia Infantil<\/a><\/blockquote><iframe sandbox=\"allow-scripts\" security=\"restricted\" src=\"https:\/\/comunidadeemacao.com.br\/site\/unicef-pressiona-candidatos-por-acoes-mais-eficazes-na-prevencao-a-violencia-infantil\/embed\/#?secret=WyGCcdzuYN\" width=\"500\" height=\"350\" title=\"&#8220;Unicef Pressiona Candidatos por A\u00e7\u00f5es Mais Eficazes na Preven\u00e7\u00e3o \u00e0 Viol\u00eancia Infantil&#8221; &#8212; COMUNIDADE EM A\u00c7\u00c3O\" data-secret=\"WyGCcdzuYN\" frameborder=\"0\" marginwidth=\"0\" marginheight=\"0\" scrolling=\"no\" class=\"wp-embedded-content\"><\/iframe><script>\n\/*! This file is auto-generated *\/\n!function(d,l){\"use strict\";l.querySelector&&d.addEventListener&&\"undefined\"!=typeof URL&&(d.wp=d.wp||{},d.wp.receiveEmbedMessage||(d.wp.receiveEmbedMessage=function(e){var t=e.data;if((t||t.secret||t.message||t.value)&&!\/[^a-zA-Z0-9]\/.test(t.secret)){for(var s,r,n,a=l.querySelectorAll('iframe[data-secret=\"'+t.secret+'\"]'),o=l.querySelectorAll('blockquote[data-secret=\"'+t.secret+'\"]'),c=new RegExp(\"^https?:$\",\"i\"),i=0;i<o.length;i++)o[i].style.display=\"none\";for(i=0;i<a.length;i++)s=a[i],e.source===s.contentWindow&&(s.removeAttribute(\"style\"),\"height\"===t.message?(1e3<(r=parseInt(t.value,10))?r=1e3:~~r<200&&(r=200),s.height=r):\"link\"===t.message&&(r=new URL(s.getAttribute(\"src\")),n=new URL(t.value),c.test(n.protocol))&&n.host===r.host&&l.activeElement===s&&(d.top.location.href=t.value))}},d.addEventListener(\"message\",d.wp.receiveEmbedMessage,!1),l.addEventListener(\"DOMContentLoaded\",function(){for(var e,t,s=l.querySelectorAll(\"iframe.wp-embedded-content\"),r=0;r<s.length;r++)(t=(e=s[r]).getAttribute(\"data-secret\"))||(t=Math.random().toString(36).substring(2,12),e.src+=\"#?secret=\"+t,e.setAttribute(\"data-secret\",t)),e.contentWindow.postMessage({message:\"ready\",secret:t},\"*\")},!1)))}(window,document);\n\/\/# sourceURL=https:\/\/comunidadeemacao.com.br\/site\/wp-includes\/js\/wp-embed.min.js\n<\/script>\n"},"jetpack_sharing_enabled":true,"jetpack_likes_enabled":true,"jetpack-related-posts":[{"id":9716,"url":"https:\/\/comunidadeemacao.com.br\/site\/onu-e-unicef-lancam-guia-para-proteger-jovens-da-machosfera\/","url_meta":{"origin":10349,"position":0},"title":"ONU e Unicef Lan\u00e7am Guia para Proteger Jovens da &#8216;Machosfera&#8217;","author":"Marcos Silva","date":"26 de julho de 2026","format":false,"excerpt":"Introdu\u00e7\u00e3o ao Perigo da Machosfera Em uma iniciativa conjunta para proteger a juventude dos males da internet, a ONU Mulheres e o Fundo das Na\u00e7\u00f5es Unidas para a Inf\u00e2ncia (Unicef) anunciaram o lan\u00e7amento de um guia voltado para orientar pais e respons\u00e1veis. O foco principal \u00e9 a chamada 'machosfera', um\u2026","rel":"","context":"Em &quot;Comportamento&quot;","block_context":{"text":"Comportamento","link":"https:\/\/comunidadeemacao.com.br\/site\/category\/comportamento\/"},"img":{"alt_text":"Organiza\u00e7\u00f5es defendem di\u00e1logo dentro de casa","src":"https:\/\/i0.wp.com\/comunidadeemacao.com.br\/site\/wp-content\/uploads\/2026\/07\/mg_5844_0.jpg?fit=1170%2C700&ssl=1&resize=350%2C200","width":350,"height":200,"srcset":"https:\/\/i0.wp.com\/comunidadeemacao.com.br\/site\/wp-content\/uploads\/2026\/07\/mg_5844_0.jpg?fit=1170%2C700&ssl=1&resize=350%2C200 1x, https:\/\/i0.wp.com\/comunidadeemacao.com.br\/site\/wp-content\/uploads\/2026\/07\/mg_5844_0.jpg?fit=1170%2C700&ssl=1&resize=525%2C300 1.5x, https:\/\/i0.wp.com\/comunidadeemacao.com.br\/site\/wp-content\/uploads\/2026\/07\/mg_5844_0.jpg?fit=1170%2C700&ssl=1&resize=700%2C400 2x, https:\/\/i0.wp.com\/comunidadeemacao.com.br\/site\/wp-content\/uploads\/2026\/07\/mg_5844_0.jpg?fit=1170%2C700&ssl=1&resize=1050%2C600 3x"},"classes":[]},{"id":3998,"url":"https:\/\/comunidadeemacao.com.br\/site\/conselho-tutelar-de-belo-horizonte-mulheres-sao-eleitas-em-maioria\/","url_meta":{"origin":10349,"position":1},"title":": Conselho Tutelar de Belo Horizonte: Mulheres s\u00e3o eleitas em maioria","author":"Marcos Silva","date":"14 de dezembro de 2023","format":false,"excerpt":"A elei\u00e7\u00e3o que definiu os 45 novos conselheiros tutelares de Belo Horizonte resultou em uma vit\u00f3ria esmagadora para as mulheres em todas as regi\u00f5es da cidade. A posse dos novos conselheiros est\u00e1 marcada para o dia 10 de janeiro. As mulheres alcan\u00e7aram uma vit\u00f3ria esmagadora nas elei\u00e7\u00f5es que definiram os\u2026","rel":"","context":"Em &quot;Dia A Dia&quot;","block_context":{"text":"Dia A Dia","link":"https:\/\/comunidadeemacao.com.br\/site\/category\/dia-a-dia\/"},"img":{"alt_text":"Conselheiras tutelares destacam a\u00e7\u00f5es para enfrentar desafios!","src":"https:\/\/i0.wp.com\/comunidadeemacao.com.br\/site\/wp-content\/uploads\/2023\/12\/Capa-Conselho-Tutelar-A.jpg?fit=1200%2C771&ssl=1&resize=350%2C200","width":350,"height":200,"srcset":"https:\/\/i0.wp.com\/comunidadeemacao.com.br\/site\/wp-content\/uploads\/2023\/12\/Capa-Conselho-Tutelar-A.jpg?fit=1200%2C771&ssl=1&resize=350%2C200 1x, https:\/\/i0.wp.com\/comunidadeemacao.com.br\/site\/wp-content\/uploads\/2023\/12\/Capa-Conselho-Tutelar-A.jpg?fit=1200%2C771&ssl=1&resize=525%2C300 1.5x, https:\/\/i0.wp.com\/comunidadeemacao.com.br\/site\/wp-content\/uploads\/2023\/12\/Capa-Conselho-Tutelar-A.jpg?fit=1200%2C771&ssl=1&resize=700%2C400 2x, https:\/\/i0.wp.com\/comunidadeemacao.com.br\/site\/wp-content\/uploads\/2023\/12\/Capa-Conselho-Tutelar-A.jpg?fit=1200%2C771&ssl=1&resize=1050%2C600 3x"},"classes":[]},{"id":9868,"url":"https:\/\/comunidadeemacao.com.br\/site\/iniciativa-inovadora-facilita-acesso-a-saude-mental-para-jovens-atraves-do-sus-digital\/","url_meta":{"origin":10349,"position":2},"title":"Iniciativa Inovadora Facilita Acesso \u00e0 Sa\u00fade Mental para Jovens atrav\u00e9s do SUS Digital","author":"Marcos Silva","date":"4 de agosto de 2026","format":false,"excerpt":"Nova Plataforma no SUS Digital: Pode Falar Uma nova ferramenta digital surge como esperan\u00e7a para jovens entre 13 e 24 anos que necessitam de apoio em sa\u00fade mental: a plataforma Pode Falar. Acess\u00edvel atrav\u00e9s do aplicativo Meu SUS Digital, dispon\u00edvel na App Store e no Google Play, esta inova\u00e7\u00e3o busca\u2026","rel":"","context":"Em &quot;Sa\u00fade&quot;","block_context":{"text":"Sa\u00fade","link":"https:\/\/comunidadeemacao.com.br\/site\/category\/noticiasdacomunidaede\/saude\/"},"img":{"alt_text":"Servi\u00e7o \u00e9 voltado para pessoas de 13 a 24 anos","src":"https:\/\/i0.wp.com\/comunidadeemacao.com.br\/site\/wp-content\/uploads\/2026\/08\/uso_de_smartphone_e_celular050720211243.webp?fit=1170%2C700&ssl=1&resize=350%2C200","width":350,"height":200,"srcset":"https:\/\/i0.wp.com\/comunidadeemacao.com.br\/site\/wp-content\/uploads\/2026\/08\/uso_de_smartphone_e_celular050720211243.webp?fit=1170%2C700&ssl=1&resize=350%2C200 1x, https:\/\/i0.wp.com\/comunidadeemacao.com.br\/site\/wp-content\/uploads\/2026\/08\/uso_de_smartphone_e_celular050720211243.webp?fit=1170%2C700&ssl=1&resize=525%2C300 1.5x, https:\/\/i0.wp.com\/comunidadeemacao.com.br\/site\/wp-content\/uploads\/2026\/08\/uso_de_smartphone_e_celular050720211243.webp?fit=1170%2C700&ssl=1&resize=700%2C400 2x, https:\/\/i0.wp.com\/comunidadeemacao.com.br\/site\/wp-content\/uploads\/2026\/08\/uso_de_smartphone_e_celular050720211243.webp?fit=1170%2C700&ssl=1&resize=1050%2C600 3x"},"classes":[]},{"id":7324,"url":"https:\/\/comunidadeemacao.com.br\/site\/educar-para-respeitar-como-ensinar-criancas-e-adolescentes-a-cuidar-dos-animais\/","url_meta":{"origin":10349,"position":3},"title":"Educar para Respeitar: Como Ensinar Crian\u00e7as e Adolescentes a Cuidar dos Animais","author":"Marcos Silva","date":"9 de fevereiro de 2026","format":false,"excerpt":"Um Caso de Viol\u00eancia que Gerou Debate Recentemente, o espancamento de um c\u00e3o comunit\u00e1rio chamado Orelha por quatro adolescentes em Florian\u00f3polis (SC) desencadeou um debate nacional sobre a viol\u00eancia contra animais. Este incidente, al\u00e9m de provocar indigna\u00e7\u00e3o, trouxe \u00e0 tona discuss\u00f5es fundamentais sobre puni\u00e7\u00e3o, banaliza\u00e7\u00e3o da viol\u00eancia e a import\u00e2ncia\u2026","rel":"","context":"Em &quot;Comportamento&quot;","block_context":{"text":"Comportamento","link":"https:\/\/comunidadeemacao.com.br\/site\/category\/comportamento\/"},"img":{"alt_text":"Educar animais","src":"https:\/\/i0.wp.com\/comunidadeemacao.com.br\/site\/wp-content\/uploads\/2026\/02\/pets_doacao_34.webp?fit=1170%2C700&ssl=1&resize=350%2C200","width":350,"height":200,"srcset":"https:\/\/i0.wp.com\/comunidadeemacao.com.br\/site\/wp-content\/uploads\/2026\/02\/pets_doacao_34.webp?fit=1170%2C700&ssl=1&resize=350%2C200 1x, https:\/\/i0.wp.com\/comunidadeemacao.com.br\/site\/wp-content\/uploads\/2026\/02\/pets_doacao_34.webp?fit=1170%2C700&ssl=1&resize=525%2C300 1.5x, https:\/\/i0.wp.com\/comunidadeemacao.com.br\/site\/wp-content\/uploads\/2026\/02\/pets_doacao_34.webp?fit=1170%2C700&ssl=1&resize=700%2C400 2x, https:\/\/i0.wp.com\/comunidadeemacao.com.br\/site\/wp-content\/uploads\/2026\/02\/pets_doacao_34.webp?fit=1170%2C700&ssl=1&resize=1050%2C600 3x"},"classes":[]},{"id":8982,"url":"https:\/\/comunidadeemacao.com.br\/site\/desenvolvimento-infantil-projeto-com-musica-transforma-a-vida-de-criancas-em-bh\/","url_meta":{"origin":10349,"position":4},"title":"Desenvolvimento infantil: projeto com m\u00fasica transforma a vida de crian\u00e7as em BH","author":"Marcos Silva","date":"17 de junho de 2026","format":false,"excerpt":"A m\u00fasica como ferramenta para o desenvolvimento infantil tem transformado o atendimento de crian\u00e7as no Centro de Sa\u00fade S\u00e3o Tom\u00e1s, na regi\u00e3o Norte de Belo Horizonte. A unidade desenvolve o projeto Divertidamente Kids Musical, iniciativa criada por uma equipe multiprofissional que utiliza atividades musicais para estimular habilidades cognitivas, motoras, sensoriais,\u2026","rel":"","context":"Em &quot;Not\u00edcias&quot;","block_context":{"text":"Not\u00edcias","link":"https:\/\/comunidadeemacao.com.br\/site\/category\/noticiasdacomunidaede\/"},"img":{"alt_text":"Centro de Sa\u00fade S\u00e3o Tom\u00e1s usa o poder das can\u00e7\u00f5es para impulsionar o desenvolvimento infantil e fortalecer v\u00ednculos","src":"https:\/\/i0.wp.com\/comunidadeemacao.com.br\/site\/wp-content\/uploads\/2026\/06\/grupo-musical-cs-sao-tomaz.jpg?fit=770%2C420&ssl=1&resize=350%2C200","width":350,"height":200,"srcset":"https:\/\/i0.wp.com\/comunidadeemacao.com.br\/site\/wp-content\/uploads\/2026\/06\/grupo-musical-cs-sao-tomaz.jpg?fit=770%2C420&ssl=1&resize=350%2C200 1x, https:\/\/i0.wp.com\/comunidadeemacao.com.br\/site\/wp-content\/uploads\/2026\/06\/grupo-musical-cs-sao-tomaz.jpg?fit=770%2C420&ssl=1&resize=525%2C300 1.5x, https:\/\/i0.wp.com\/comunidadeemacao.com.br\/site\/wp-content\/uploads\/2026\/06\/grupo-musical-cs-sao-tomaz.jpg?fit=770%2C420&ssl=1&resize=700%2C400 2x"},"classes":[]},{"id":6988,"url":"https:\/\/comunidadeemacao.com.br\/site\/pbh-reforca-vacinacao-de-gestantes-para-proteger-recem-nascidos-da-bronquiolite\/","url_meta":{"origin":10349,"position":5},"title":"PBH refor\u00e7a vacina\u00e7\u00e3o de gestantes para proteger rec\u00e9m-nascidos da bronquiolite","author":"Marcos Silva","date":"15 de janeiro de 2026","format":false,"excerpt":"Imuniza\u00e7\u00e3o contra o V\u00edrus Sincicial Respirat\u00f3rio est\u00e1 dispon\u00edvel na rede SUS da capital A Prefeitura de Belo Horizonte (PBH) refor\u00e7ou a convoca\u00e7\u00e3o para que gestantes, a partir da 28\u00aa semana de gravidez, recebam a vacina contra o V\u00edrus Sincicial Respirat\u00f3rio (VSR), principal causador da bronquiolite em rec\u00e9m-nascidos. A iniciativa visa\u2026","rel":"","context":"Em &quot;Sa\u00fade&quot;","block_context":{"text":"Sa\u00fade","link":"https:\/\/comunidadeemacao.com.br\/site\/category\/noticiasdacomunidaede\/saude\/"},"img":{"alt_text":"Vacina-PBH","src":"https:\/\/i0.wp.com\/comunidadeemacao.com.br\/site\/wp-content\/uploads\/2026\/01\/Vacina-PBH.jpg?fit=770%2C420&ssl=1&resize=350%2C200","width":350,"height":200,"srcset":"https:\/\/i0.wp.com\/comunidadeemacao.com.br\/site\/wp-content\/uploads\/2026\/01\/Vacina-PBH.jpg?fit=770%2C420&ssl=1&resize=350%2C200 1x, https:\/\/i0.wp.com\/comunidadeemacao.com.br\/site\/wp-content\/uploads\/2026\/01\/Vacina-PBH.jpg?fit=770%2C420&ssl=1&resize=525%2C300 1.5x, https:\/\/i0.wp.com\/comunidadeemacao.com.br\/site\/wp-content\/uploads\/2026\/01\/Vacina-PBH.jpg?fit=770%2C420&ssl=1&resize=700%2C400 2x"},"classes":[]}],"jetpack_featured_media_url":"https:\/\/i0.wp.com\/comunidadeemacao.com.br\/site\/wp-content\/uploads\/2026\/08\/Gemini_Generated_Image_ye4bd9ye4bd9ye4b.jpg?fit=2752%2C1536&ssl=1","_links":{"self":[{"href":"https:\/\/comunidadeemacao.com.br\/site\/wp-json\/wp\/v2\/posts\/10349","targetHints":{"allow":["GET"]}}],"collection":[{"href":"https:\/\/comunidadeemacao.com.br\/site\/wp-json\/wp\/v2\/posts"}],"about":[{"href":"https:\/\/comunidadeemacao.com.br\/site\/wp-json\/wp\/v2\/types\/post"}],"author":[{"embeddable":true,"href":"https:\/\/comunidadeemacao.com.br\/site\/wp-json\/wp\/v2\/users\/1"}],"replies":[{"embeddable":true,"href":"https:\/\/comunidadeemacao.com.br\/site\/wp-json\/wp\/v2\/comments?post=10349"}],"version-history":[{"count":1,"href":"https:\/\/comunidadeemacao.com.br\/site\/wp-json\/wp\/v2\/posts\/10349\/revisions"}],"predecessor-version":[{"id":10351,"href":"https:\/\/comunidadeemacao.com.br\/site\/wp-json\/wp\/v2\/posts\/10349\/revisions\/10351"}],"wp:featuredmedia":[{"embeddable":true,"href":"https:\/\/comunidadeemacao.com.br\/site\/wp-json\/wp\/v2\/media\/10350"}],"wp:attachment":[{"href":"https:\/\/comunidadeemacao.com.br\/site\/wp-json\/wp\/v2\/media?parent=10349"}],"wp:term":[{"taxonomy":"category","embeddable":true,"href":"https:\/\/comunidadeemacao.com.br\/site\/wp-json\/wp\/v2\/categories?post=10349"},{"taxonomy":"post_tag","embeddable":true,"href":"https:\/\/comunidadeemacao.com.br\/site\/wp-json\/wp\/v2\/tags?post=10349"},{"taxonomy":"series","embeddable":true,"href":"https:\/\/comunidadeemacao.com.br\/site\/wp-json\/wp\/v2\/series?post=10349"}],"curies":[{"name":"wp","href":"https:\/\/api.w.org\/{rel}","templated":true}]}}