{"id":10345,"date":"2026-08-29T07:08:31","date_gmt":"2026-08-29T10:08:31","guid":{"rendered":"https:\/\/comunidadeemacao.com.br\/site\/?p=10345"},"modified":"2026-08-28T19:14:56","modified_gmt":"2026-08-28T22:14:56","slug":"alison-dos-santos-quebra-recorde-mundial-dos-400m-com-barreiras-na-diamond-league","status":"publish","type":"post","link":"https:\/\/comunidadeemacao.com.br\/site\/alison-dos-santos-quebra-recorde-mundial-dos-400m-com-barreiras-na-diamond-league\/","title":{"rendered":"Alison dos Santos quebra recorde mundial dos 400m com barreiras na Diamond League"},"content":{"rendered":"\r\n<h2 class=\"wp-block-heading\">Um feito hist\u00f3rico para o atletismo brasileiro<\/h2>\r\n\r\n\r\n\r\n<p class=\"wp-block-paragraph\">O <strong>atleta brasileiro Alison dos Santos<\/strong>, carinhosamente apelidado de<strong> Piu<\/strong>, alcan\u00e7ou um marco monumental no atletismo mundial. Ele quebrou o recorde mundial dos 400 metros com barreiras ao completar a prova em impressionantes 45s80 durante a Diamond League, realizada em Zurique, Su\u00ed\u00e7a, nesta quinta-feira (27). Este feito n\u00e3o apenas coloca Piu no topo do mundo, mas tamb\u00e9m o insere em uma seleta lista de atletas que conseguiram correr a prova abaixo dos 46 segundos.<\/p>\r\n\r\n\r\n\r\n<p class=\"wp-block-paragraph\">Com esse tempo, Alison superou a marca anterior, de 45s94, estabelecida pelo noruegu\u00eas Karsten Warholm durante a final dos Jogos Ol\u00edmpicos de T\u00f3quio em 2021. A realiza\u00e7\u00e3o de Alison, al\u00e9m de ser um marco pessoal, representa um momento de orgulho para o Brasil no cen\u00e1rio esportivo internacional.<\/p>\r\n\r\n\r\n\r\n<h2 class=\"wp-block-heading\">O novo &#8216;Rei dos 400m com barreiras&#8217;<\/h2>\r\n\r\n\r\n\r\n<p class=\"wp-block-paragraph\">A conquista de Alison dos Santos n\u00e3o passou despercebida pelas entidades esportivas mundiais. A Federa\u00e7\u00e3o Internacional de Atletismo, conhecida como World Athletics, n\u00e3o tardou em reconhecer seu feito nas redes sociais, celebrando-o como o &#8216;Novo Rei dos 400m com barreiras&#8217;. Esta aclama\u00e7\u00e3o ressalta n\u00e3o apenas a velocidade, mas a excel\u00eancia t\u00e9cnica e a determina\u00e7\u00e3o do atleta brasileiro.<\/p>\r\n\r\n\r\n\r\n<p class=\"wp-block-paragraph\">Desde o in\u00edcio da prova, Alison mostrou dom\u00ednio absoluto, liderando com confian\u00e7a e terminando com uma margem confort\u00e1vel de quase um segundo sobre Warholm, que terminou em 46s69. O nigeriano Ezequiel Nathaniel completou o p\u00f3dio com o tempo de 47s50. Outro brasileiro, Matheus Lima, tamb\u00e9m brilhando, chegou em quarto lugar com um tempo de 47s57, mostrando a for\u00e7a da equipe brasileira na competi\u00e7\u00e3o.<\/p>\r\n\r\n\r\n\r\n<h2 class=\"wp-block-heading\">Caminho para o recorde<\/h2>\r\n\r\n\r\n\r\n<p class=\"wp-block-paragraph\">O recorde mundial de Alison \u00e9 fruto de uma s\u00e9rie de desempenhos impressionantes ao longo do ano. Apenas um m\u00eas antes, durante o <em><strong><a href=\"https:\/\/agenciabrasil.ebc.com.br\/esportes\/noticia\/2026-07\/alison-vence-400m-com-barreiras-com-melhor-marca-mundial-em-2026\" target=\"_blank\" rel=\"noopener nofollow\">Trof\u00e9u Brasil em S\u00e3o Paulo<\/a><\/strong><\/em>, ele j\u00e1 havia alcan\u00e7ado o melhor tempo do ano, 46s48, desbancando o pr\u00f3prio Warholm do topo do ranking global.<\/p>\r\n\r\n\r\n\r\n<p class=\"wp-block-paragraph\">Essa conquista n\u00e3o veio por acaso. Alison dos Santos tem sido uma presen\u00e7a constante no p\u00f3dio das competi\u00e7\u00f5es internacionais. Na Diamond League, ele j\u00e1 havia garantido vit\u00f3rias em Xiamen, Oslo e Sil\u00e9sia, sempre com tempos abaixo dos 47 segundos, comprovando sua consist\u00eancia e compromisso com a excel\u00eancia.<\/p>\r\n\r\n\r\n\r\n<h2 class=\"wp-block-heading\">O pr\u00f3ximo desafio: as finais da Diamond League<\/h2>\r\n\r\n\r\n\r\n<p class=\"wp-block-paragraph\">Com a vit\u00f3ria em Zurique, Alison dos Santos se estabelece como um forte candidato para as finais da Diamond League, que ocorrer\u00e3o nos dias 4 e 5 de setembro. Esta competi\u00e7\u00e3o re\u00fane os melhores dos melhores, e Alison est\u00e1 mais do que preparado para enfrentar esse desafio.<\/p>\r\n\r\n\r\n\r\n<p class=\"wp-block-paragraph\">As performances anteriores em etapas da liga, combinadas com seu recente recorde mundial, n\u00e3o apenas solidificam sua posi\u00e7\u00e3o de lideran\u00e7a, mas tamb\u00e9m aumentam as expectativas para seu desempenho nas finais. Os f\u00e3s de atletismo ao redor do mundo est\u00e3o ansiosos para ver como ele se sair\u00e1 contra os outros gigantes da modalidade.<\/p>\r\n\r\n\r\n\r\n<h2 class=\"wp-block-heading\">Alison dos Santos: um \u00edcone em ascens\u00e3o<\/h2>\r\n\r\n\r\n\r\n<p class=\"wp-block-paragraph\">Alison dos Santos, com apenas 26 anos, j\u00e1 conquistou um lugar especial na hist\u00f3ria do atletismo brasileiro e mundial. Sua trajet\u00f3ria de sucesso n\u00e3o s\u00f3 inspira jovens atletas, mas tamb\u00e9m eleva o patamar do esporte no Brasil.<\/p>\r\n\r\n\r\n\r\n<p class=\"wp-block-paragraph\">A determina\u00e7\u00e3o, o talento e a paix\u00e3o de Alison pelo atletismo s\u00e3o evidentes em cada competi\u00e7\u00e3o. Ele n\u00e3o apenas se destaca como um corredor excepcional, mas tamb\u00e9m como um s\u00edmbolo de perseveran\u00e7a e conquista. O feito em Zurique \u00e9 mais uma prova de que ele est\u00e1 apenas come\u00e7ando a deixar sua marca no mundo dos esportes.<\/p>\r\n\r\n\r\n\r\n<blockquote class=\"wp-block-quote is-layout-flow wp-block-quote-is-layout-flow\">\r\n<p><strong><em>Alison dos Santos foi chamado de &#8216;Novo Rei dos 400m com barreiras&#8217; pela Federa\u00e7\u00e3o Internacional de Atletismo.<\/em><\/strong><\/p>\r\n<\/blockquote>\r\n\r\n\r\n\r\n<figure class=\"wp-block-table\">\r\n<table class=\"wp-block-table\">\r\n<tbody>\r\n<tr>\r\n<th>Posi\u00e7\u00e3o<\/th>\r\n<th>Atleta<\/th>\r\n<th>Pa\u00eds<\/th>\r\n<th>Tempo<\/th>\r\n<\/tr>\r\n<tr>\r\n<td>1\u00ba<\/td>\r\n<td>Alison dos Santos<\/td>\r\n<td>Brasil<\/td>\r\n<td>45s80<\/td>\r\n<\/tr>\r\n<tr>\r\n<td>2\u00ba<\/td>\r\n<td>Karsten Warholm<\/td>\r\n<td>Noruega<\/td>\r\n<td>46s69<\/td>\r\n<\/tr>\r\n<tr>\r\n<td>3\u00ba<\/td>\r\n<td>Ezequiel Nathaniel<\/td>\r\n<td>Nig\u00e9ria<\/td>\r\n<td>47s50<\/td>\r\n<\/tr>\r\n<tr>\r\n<td>4\u00ba<\/td>\r\n<td>Matheus Lima<\/td>\r\n<td>Brasil<\/td>\r\n<td>47s57<\/td>\r\n<\/tr>\r\n<\/tbody>\r\n<\/table>\r\n<\/figure>\r\n\r\n\r\n\r\n<p class=\"wp-block-paragraph\">&nbsp;<\/p>\r\n","protected":false},"excerpt":{"rendered":"Um feito hist\u00f3rico para o atletismo brasileiro O atleta brasileiro Alison dos Santos, carinhosamente apelidado de Piu, alcan\u00e7ou um marco monumental no atletismo mundial. Ele [&hellip;]","protected":false},"author":1,"featured_media":10346,"comment_status":"closed","ping_status":"closed","sticky":false,"template":"","format":"standard","meta":{"episode_type":"audio","audio_file":"","podmotor_file_id":"","podmotor_episode_id":"","cover_image":"","cover_image_id":"","duration":"","filesize":"","filesize_raw":"","date_recorded":"","explicit":"","block":"","_jetpack_newsletter_access":"","_jetpack_dont_email_post_to_subs":false,"_jetpack_newsletter_tier_id":0,"_jetpack_memberships_contains_paywalled_content":false,"_jetpack_feature_clip_id":0,"_jetpack_memberships_contains_paid_content":false,"footnotes":"","jetpack_post_was_ever_published":false},"categories":[68],"tags":[],"series":[],"class_list":["post-10345","post","type-post","status-publish","format-standard","has-post-thumbnail","hentry","category-esportes"],"episode_featured_image":"https:\/\/comunidadeemacao.com.br\/site\/wp-content\/uploads\/2026\/08\/alison_dos_santos_recorde_mundial_diamond_league_2026.webp","episode_player_image":"https:\/\/i0.wp.com\/comunidadeemacao.com.br\/site\/wp-content\/uploads\/2025\/07\/Logo-Fala-Zona-Norte-1400-pix1.jpg?fit=1400%2C1400&ssl=1","download_link":"","player_link":"","audio_player":false,"episode_data":{"playerMode":"light","subscribeUrls":{"youtube":{"key":"youtube","url":"","label":"YouTube","class":"youtube","icon":"youtube.png"}},"rssFeedUrl":"https:\/\/comunidadeemacao.com.br\/site\/feed\/podcast\/comunidade-em-acao","embedCode":"<blockquote class=\"wp-embedded-content\" data-secret=\"YO7O9XvPfz\"><a href=\"https:\/\/comunidadeemacao.com.br\/site\/alison-dos-santos-quebra-recorde-mundial-dos-400m-com-barreiras-na-diamond-league\/\">Alison dos Santos quebra recorde mundial dos 400m com barreiras na Diamond League<\/a><\/blockquote><iframe sandbox=\"allow-scripts\" security=\"restricted\" src=\"https:\/\/comunidadeemacao.com.br\/site\/alison-dos-santos-quebra-recorde-mundial-dos-400m-com-barreiras-na-diamond-league\/embed\/#?secret=YO7O9XvPfz\" width=\"500\" height=\"350\" title=\"&#8220;Alison dos Santos quebra recorde mundial dos 400m com barreiras na Diamond League&#8221; &#8212; COMUNIDADE EM A\u00c7\u00c3O\" data-secret=\"YO7O9XvPfz\" frameborder=\"0\" marginwidth=\"0\" marginheight=\"0\" scrolling=\"no\" class=\"wp-embedded-content\"><\/iframe><script>\n\/*! This file is auto-generated *\/\n!function(d,l){\"use strict\";l.querySelector&&d.addEventListener&&\"undefined\"!=typeof URL&&(d.wp=d.wp||{},d.wp.receiveEmbedMessage||(d.wp.receiveEmbedMessage=function(e){var t=e.data;if((t||t.secret||t.message||t.value)&&!\/[^a-zA-Z0-9]\/.test(t.secret)){for(var s,r,n,a=l.querySelectorAll('iframe[data-secret=\"'+t.secret+'\"]'),o=l.querySelectorAll('blockquote[data-secret=\"'+t.secret+'\"]'),c=new RegExp(\"^https?:$\",\"i\"),i=0;i<o.length;i++)o[i].style.display=\"none\";for(i=0;i<a.length;i++)s=a[i],e.source===s.contentWindow&&(s.removeAttribute(\"style\"),\"height\"===t.message?(1e3<(r=parseInt(t.value,10))?r=1e3:~~r<200&&(r=200),s.height=r):\"link\"===t.message&&(r=new URL(s.getAttribute(\"src\")),n=new URL(t.value),c.test(n.protocol))&&n.host===r.host&&l.activeElement===s&&(d.top.location.href=t.value))}},d.addEventListener(\"message\",d.wp.receiveEmbedMessage,!1),l.addEventListener(\"DOMContentLoaded\",function(){for(var e,t,s=l.querySelectorAll(\"iframe.wp-embedded-content\"),r=0;r<s.length;r++)(t=(e=s[r]).getAttribute(\"data-secret\"))||(t=Math.random().toString(36).substring(2,12),e.src+=\"#?secret=\"+t,e.setAttribute(\"data-secret\",t)),e.contentWindow.postMessage({message:\"ready\",secret:t},\"*\")},!1)))}(window,document);\n\/\/# sourceURL=https:\/\/comunidadeemacao.com.br\/site\/wp-includes\/js\/wp-embed.min.js\n<\/script>\n"},"jetpack_sharing_enabled":true,"jetpack_likes_enabled":true,"jetpack-related-posts":[{"id":1932,"url":"https:\/\/comunidadeemacao.com.br\/site\/atleta-garante-vaga-nos-jogos-paralimpicos\/","url_meta":{"origin":10345,"position":0},"title":"Atleta garante vaga nos Jogos Paral\u00edmpicos","author":"Marcos Silva","date":"8 de julho de 2021","format":false,"excerpt":"Da Reda\u00e7\u00e3o | Esporte: esporte@comunidadeemacao.com.br A atleta paral\u00edmpica de lan\u00e7amento de disco Izabela Silva Campos, que integra a equipe do Centro de Treinamento Esportivo da UFMG (CTE\/UFMG), garantiu uma vaga para os Jogos Paral\u00edmpicos de T\u00f3quio. Izabela superou (15\/06), o \u00edndice exigido no lan\u00e7amento de disco, na classe F11 (para\u2026","rel":"","context":"Em &quot;Esportes&quot;","block_context":{"text":"Esportes","link":"https:\/\/comunidadeemacao.com.br\/site\/category\/esportes\/"},"img":{"alt_text":"","src":"https:\/\/i0.wp.com\/comunidadeemacao.com.br\/site\/wp-content\/uploads\/2021\/07\/21.06.21-4-Izabela-Campos-cred.-Ale-Cabral-CPB-2.jpg?fit=1200%2C815&ssl=1&resize=350%2C200","width":350,"height":200,"srcset":"https:\/\/i0.wp.com\/comunidadeemacao.com.br\/site\/wp-content\/uploads\/2021\/07\/21.06.21-4-Izabela-Campos-cred.-Ale-Cabral-CPB-2.jpg?fit=1200%2C815&ssl=1&resize=350%2C200 1x, https:\/\/i0.wp.com\/comunidadeemacao.com.br\/site\/wp-content\/uploads\/2021\/07\/21.06.21-4-Izabela-Campos-cred.-Ale-Cabral-CPB-2.jpg?fit=1200%2C815&ssl=1&resize=525%2C300 1.5x, https:\/\/i0.wp.com\/comunidadeemacao.com.br\/site\/wp-content\/uploads\/2021\/07\/21.06.21-4-Izabela-Campos-cred.-Ale-Cabral-CPB-2.jpg?fit=1200%2C815&ssl=1&resize=700%2C400 2x, https:\/\/i0.wp.com\/comunidadeemacao.com.br\/site\/wp-content\/uploads\/2021\/07\/21.06.21-4-Izabela-Campos-cred.-Ale-Cabral-CPB-2.jpg?fit=1200%2C815&ssl=1&resize=1050%2C600 3x"},"classes":[]},{"id":3081,"url":"https:\/\/comunidadeemacao.com.br\/site\/atleta-da-zn-destaca-no-atletismo\/","url_meta":{"origin":10345,"position":1},"title":"Atleta da ZN destaca no atletismo","author":"Marcos Silva","date":"16 de novembro de 2022","format":false,"excerpt":"As pessoas que circulam pelas Avenidas Saramenha e Risoleta Neves na Zona Norte est\u00e3o habituadas encontrar Omar Santos (57 anos) treinando para participar corridas de rua ou pista. Em plena atividade, o ex. atleta da PMMG e de diversos clubes e equipes n\u00e3o tem a idade como limite. Omar Santos\u2026","rel":"","context":"Em &quot;Esportes&quot;","block_context":{"text":"Esportes","link":"https:\/\/comunidadeemacao.com.br\/site\/category\/esportes\/"},"img":{"alt_text":"","src":"https:\/\/i0.wp.com\/comunidadeemacao.com.br\/site\/wp-content\/uploads\/2022\/11\/Ca08-Esporte-Omar.jpeg?fit=1200%2C900&ssl=1&resize=350%2C200","width":350,"height":200,"srcset":"https:\/\/i0.wp.com\/comunidadeemacao.com.br\/site\/wp-content\/uploads\/2022\/11\/Ca08-Esporte-Omar.jpeg?fit=1200%2C900&ssl=1&resize=350%2C200 1x, https:\/\/i0.wp.com\/comunidadeemacao.com.br\/site\/wp-content\/uploads\/2022\/11\/Ca08-Esporte-Omar.jpeg?fit=1200%2C900&ssl=1&resize=525%2C300 1.5x, https:\/\/i0.wp.com\/comunidadeemacao.com.br\/site\/wp-content\/uploads\/2022\/11\/Ca08-Esporte-Omar.jpeg?fit=1200%2C900&ssl=1&resize=700%2C400 2x, https:\/\/i0.wp.com\/comunidadeemacao.com.br\/site\/wp-content\/uploads\/2022\/11\/Ca08-Esporte-Omar.jpeg?fit=1200%2C900&ssl=1&resize=1050%2C600 3x"},"classes":[]},{"id":7225,"url":"https:\/\/comunidadeemacao.com.br\/site\/inscricoes-para-o-bolsa-atleta-2026-prazos-e-requisitos\/","url_meta":{"origin":10345,"position":2},"title":"Inscri\u00e7\u00f5es para o Bolsa Atleta 2026: prazos e requisitos","author":"Marcos Silva","date":"2 de fevereiro de 2026","format":false,"excerpt":"Prazo final para inscri\u00e7\u00f5es Os interessados em participar do programa Bolsa Atleta 2026 devem ficar atentos ao prazo final para inscri\u00e7\u00f5es, que se encerra em 6 de fevereiro. O programa oferece apoio financeiro essencial para atletas de diversas categorias, com pagamentos mensais durante um ano, ajudando-os a focar em seus\u2026","rel":"","context":"Em &quot;Esportes&quot;","block_context":{"text":"Esportes","link":"https:\/\/comunidadeemacao.com.br\/site\/category\/esportes\/"},"img":{"alt_text":"Bolsa Atleta 2026","src":"https:\/\/i0.wp.com\/comunidadeemacao.com.br\/site\/wp-content\/uploads\/2026\/02\/1080338-tmazs_rj_abr120617437.webp?fit=1170%2C700&ssl=1&resize=350%2C200","width":350,"height":200,"srcset":"https:\/\/i0.wp.com\/comunidadeemacao.com.br\/site\/wp-content\/uploads\/2026\/02\/1080338-tmazs_rj_abr120617437.webp?fit=1170%2C700&ssl=1&resize=350%2C200 1x, https:\/\/i0.wp.com\/comunidadeemacao.com.br\/site\/wp-content\/uploads\/2026\/02\/1080338-tmazs_rj_abr120617437.webp?fit=1170%2C700&ssl=1&resize=525%2C300 1.5x, https:\/\/i0.wp.com\/comunidadeemacao.com.br\/site\/wp-content\/uploads\/2026\/02\/1080338-tmazs_rj_abr120617437.webp?fit=1170%2C700&ssl=1&resize=700%2C400 2x, https:\/\/i0.wp.com\/comunidadeemacao.com.br\/site\/wp-content\/uploads\/2026\/02\/1080338-tmazs_rj_abr120617437.webp?fit=1170%2C700&ssl=1&resize=1050%2C600 3x"},"classes":[]},{"id":3624,"url":"https:\/\/comunidadeemacao.com.br\/site\/futebol-amador-manifesta-contra-racismo-antes-de-partidas\/","url_meta":{"origin":10345,"position":3},"title":"Futebol Amador manifesta contra racismo antes de partidas","author":"Marcos Silva","date":"12 de junho de 2023","format":false,"excerpt":"Depois dos epis\u00f3dios racismo sofrido pelo jogador Vin\u00edcius J\u00fanior, do Real Madrid, durante uma partida contra o Val\u00eancia, na Espanha. Al\u00e9m das ofensas no est\u00e1dio, o atacante da sele\u00e7\u00e3o brasileira vem sofrendo com in\u00fameros ataques dos torcedores espanh\u00f3is em outros locais p\u00fablicos. O futebol amador da Capital Mineira integra a\u2026","rel":"","context":"Em &quot;Esportes&quot;","block_context":{"text":"Esportes","link":"https:\/\/comunidadeemacao.com.br\/site\/category\/esportes\/"},"img":{"alt_text":"Manifesta\u00e7\u00e3o contra o racismo","src":"https:\/\/i0.wp.com\/comunidadeemacao.com.br\/site\/wp-content\/uploads\/2023\/06\/CA-08-esportes-racismo-nao.jpg?fit=770%2C420&ssl=1&resize=350%2C200","width":350,"height":200,"srcset":"https:\/\/i0.wp.com\/comunidadeemacao.com.br\/site\/wp-content\/uploads\/2023\/06\/CA-08-esportes-racismo-nao.jpg?fit=770%2C420&ssl=1&resize=350%2C200 1x, https:\/\/i0.wp.com\/comunidadeemacao.com.br\/site\/wp-content\/uploads\/2023\/06\/CA-08-esportes-racismo-nao.jpg?fit=770%2C420&ssl=1&resize=525%2C300 1.5x, https:\/\/i0.wp.com\/comunidadeemacao.com.br\/site\/wp-content\/uploads\/2023\/06\/CA-08-esportes-racismo-nao.jpg?fit=770%2C420&ssl=1&resize=700%2C400 2x"},"classes":[]},{"id":3416,"url":"https:\/\/comunidadeemacao.com.br\/site\/cbf-regulamenta-futebol-misto-e-bh-sai-na-frente\/","url_meta":{"origin":10345,"position":4},"title":"CBF regulamenta futebol misto e BH sai na frente","author":"Marcos Silva","date":"15 de abril de 2023","format":false,"excerpt":"No Dia Internacional da Mulher, data hist\u00f3rica pela equipara\u00e7\u00e3o de direitos, as mulheres conquistaram mais um marco em prol da inclus\u00e3o \u00e0 igualdade de g\u00eanero. Em 8 de mar\u00e7o no futebol brasileiro \u00e9 permitido que as competi\u00e7\u00f5es amadoras os times possam ser misto. S\u00e3o duas situa\u00e7\u00f5es permitidas de equipes nas\u2026","rel":"","context":"Em &quot;Esportes&quot;","block_context":{"text":"Esportes","link":"https:\/\/comunidadeemacao.com.br\/site\/category\/esportes\/"},"img":{"alt_text":"","src":"https:\/\/i0.wp.com\/comunidadeemacao.com.br\/site\/wp-content\/uploads\/2023\/04\/Esporte-CBF.jpg?fit=910%2C607&ssl=1&resize=350%2C200","width":350,"height":200,"srcset":"https:\/\/i0.wp.com\/comunidadeemacao.com.br\/site\/wp-content\/uploads\/2023\/04\/Esporte-CBF.jpg?fit=910%2C607&ssl=1&resize=350%2C200 1x, https:\/\/i0.wp.com\/comunidadeemacao.com.br\/site\/wp-content\/uploads\/2023\/04\/Esporte-CBF.jpg?fit=910%2C607&ssl=1&resize=525%2C300 1.5x, https:\/\/i0.wp.com\/comunidadeemacao.com.br\/site\/wp-content\/uploads\/2023\/04\/Esporte-CBF.jpg?fit=910%2C607&ssl=1&resize=700%2C400 2x"},"classes":[]},{"id":2893,"url":"https:\/\/comunidadeemacao.com.br\/site\/gabriel-gilbert-jovem-talento-destaca-no-atletismo\/","url_meta":{"origin":10345,"position":5},"title":"Gabriel Gilbert, jovem talento destaca no atletismo","author":"Marcos Silva","date":"14 de setembro de 2022","format":false,"excerpt":"O maratonista e treinador Omar Santos atesta potencial em jovem talento para o atletismo. Gabriel das Gilbert Moreira Severino , 14 anos, vem despertando olhares de quem acompanha sua carreira no atletismo. O jovem que possui uma biomec\u00e2nica corporal como de atletas quenianos, na avalia\u00e7\u00e3o do t\u00e9cnico Omar Santos, vem\u2026","rel":"","context":"Em &quot;Esportes&quot;","block_context":{"text":"Esportes","link":"https:\/\/comunidadeemacao.com.br\/site\/category\/esportes\/"},"img":{"alt_text":"Gabriel ao lado do pai","src":"https:\/\/i0.wp.com\/comunidadeemacao.com.br\/site\/wp-content\/uploads\/2022\/09\/Gabriel-Site.jpeg?fit=1200%2C900&ssl=1&resize=350%2C200","width":350,"height":200,"srcset":"https:\/\/i0.wp.com\/comunidadeemacao.com.br\/site\/wp-content\/uploads\/2022\/09\/Gabriel-Site.jpeg?fit=1200%2C900&ssl=1&resize=350%2C200 1x, https:\/\/i0.wp.com\/comunidadeemacao.com.br\/site\/wp-content\/uploads\/2022\/09\/Gabriel-Site.jpeg?fit=1200%2C900&ssl=1&resize=525%2C300 1.5x, https:\/\/i0.wp.com\/comunidadeemacao.com.br\/site\/wp-content\/uploads\/2022\/09\/Gabriel-Site.jpeg?fit=1200%2C900&ssl=1&resize=700%2C400 2x, https:\/\/i0.wp.com\/comunidadeemacao.com.br\/site\/wp-content\/uploads\/2022\/09\/Gabriel-Site.jpeg?fit=1200%2C900&ssl=1&resize=1050%2C600 3x"},"classes":[]}],"jetpack_featured_media_url":"https:\/\/i0.wp.com\/comunidadeemacao.com.br\/site\/wp-content\/uploads\/2026\/08\/alison_dos_santos_recorde_mundial_diamond_league_2026.webp?fit=1170%2C700&ssl=1","_links":{"self":[{"href":"https:\/\/comunidadeemacao.com.br\/site\/wp-json\/wp\/v2\/posts\/10345","targetHints":{"allow":["GET"]}}],"collection":[{"href":"https:\/\/comunidadeemacao.com.br\/site\/wp-json\/wp\/v2\/posts"}],"about":[{"href":"https:\/\/comunidadeemacao.com.br\/site\/wp-json\/wp\/v2\/types\/post"}],"author":[{"embeddable":true,"href":"https:\/\/comunidadeemacao.com.br\/site\/wp-json\/wp\/v2\/users\/1"}],"replies":[{"embeddable":true,"href":"https:\/\/comunidadeemacao.com.br\/site\/wp-json\/wp\/v2\/comments?post=10345"}],"version-history":[{"count":1,"href":"https:\/\/comunidadeemacao.com.br\/site\/wp-json\/wp\/v2\/posts\/10345\/revisions"}],"predecessor-version":[{"id":10347,"href":"https:\/\/comunidadeemacao.com.br\/site\/wp-json\/wp\/v2\/posts\/10345\/revisions\/10347"}],"wp:featuredmedia":[{"embeddable":true,"href":"https:\/\/comunidadeemacao.com.br\/site\/wp-json\/wp\/v2\/media\/10346"}],"wp:attachment":[{"href":"https:\/\/comunidadeemacao.com.br\/site\/wp-json\/wp\/v2\/media?parent=10345"}],"wp:term":[{"taxonomy":"category","embeddable":true,"href":"https:\/\/comunidadeemacao.com.br\/site\/wp-json\/wp\/v2\/categories?post=10345"},{"taxonomy":"post_tag","embeddable":true,"href":"https:\/\/comunidadeemacao.com.br\/site\/wp-json\/wp\/v2\/tags?post=10345"},{"taxonomy":"series","embeddable":true,"href":"https:\/\/comunidadeemacao.com.br\/site\/wp-json\/wp\/v2\/series?post=10345"}],"curies":[{"name":"wp","href":"https:\/\/api.w.org\/{rel}","templated":true}]}}